{"id":19381,"date":"2024-03-07T15:54:12","date_gmt":"2024-03-07T13:54:12","guid":{"rendered":"https:\/\/iraurgiberritzen.eus\/?p=19381"},"modified":"2024-03-07T15:54:12","modified_gmt":"2024-03-07T13:54:12","slug":"celebrada-la-primera-feria-de-formacion-profesional-y-empleo-de-urola-kosta-y-urola-erdia","status":"publish","type":"post","link":"https:\/\/iraurgiberritzen.eus\/es\/celebrada-la-primera-feria-de-formacion-profesional-y-empleo-de-urola-kosta-y-urola-erdia\/","title":{"rendered":"Celebrada la primera Feria de Formaci\u00f3n Profesional y Empleo de Urola Kosta y Urola Erdia"},"content":{"rendered":"<p>Ayer, la Plaza Munoa de Zarautz se convirti\u00f3 en escenario de la Formaci\u00f3n Profesional y el Empleo, recibiendo la primera edici\u00f3n de ZATOZ! Lanbide Heziketa eta Enplegu Azoka.<\/p>\n<p>Esta feria ha sido organizada por los centros de Formaci\u00f3n Profesional y las Agencias de Desarrollo de Urola Kosta y Urola Erdia, junto con Lanbide-Servicio Vasco de Empleo, con el objetivo de fomentar en colaboraci\u00f3n, la creaci\u00f3n, captaci\u00f3n y mantenimiento del talento.<\/p>\n<p>La feria abri\u00f3 sus puertas a las 10:00 horas, y hasta las 18:00 horas los asistentes pudieron conocer la oferta de Formaci\u00f3n Profesional y empleo de las comarcas de Urola Kosta y Urola Erdia. Para ello hubo 9 stands diferentes en los que, junto con la oferta de Formaci\u00f3n Profesional, los asistentes pudieron obtener informaci\u00f3n sobre la oferta de formaci\u00f3n para el empleo de los centros de Formaci\u00f3n Profesional, y los recursos para el empleo de las Agencias de Desarrollo y Lanbide.<\/p>\n<p>La feria tuvo buena acogida y desde primera hora de la ma\u00f1ana se acercaron a la carpa los alumnos\/as de ESO y Bachillerato de ambas comarcas. As\u00ed, cerca de 950 alumno\/as tuvieron la oportunidad de conocer de cerca la oferta de las escuelas de ambas comarca (Antoniano Ikastetxea, IES Azkoitia, Floreaga Salestar Ikastetxea, Ikasberri Azpeitiko Ikastola, Iraurgi Ikastetxea, La Salle Ikastetxea, Lizardi BHI, Orioko Herri Ikastola, Oteitza Lizeo Politeknikoa, Salbatore Mitxelena Ikastola, Zaragueta Herri Eskola, Zumaiena Ikastetxea, Zumaia BHI, Urola BHI).<\/p>\n<p>Adem\u00e1s de los estudiantes, la feria estaba abierta a toda la ciudadan\u00eda, por lo que tambi\u00e9n se acercaron a la misma personas que actualmente se encuentran en paro, trabajan o quer\u00edan obtener m\u00e1s informaci\u00f3n, ya fueran j\u00f3venes, adultos o padres.<\/p>\n<p>M\u00e1s all\u00e1 de los stands y de la informaci\u00f3n ofrecida en los mismos, a lo largo de la ma\u00f1ana tambi\u00e9n hubo tres coloquios, en cada uno de los cuales participaron el director de un centro, un alumno\/a y el\/la representante de una empresa, para exponer su opini\u00f3n y dar a conocer la situaci\u00f3n y tendencias actuales de la Formaci\u00f3n Profesional.<\/p>\n<p>Participantes en la feria:<\/p>\n<ul>\n<li>Iraurgi Berritzen Urola Erdiko Garapen eta Berrikuntza Agentzia<\/li>\n<li>Urola Kostako Udal Elkarteko Garapen Agentzia<\/li>\n<li>Lanbide- Euskal Enplegu Zerbitzua<\/li>\n<li>Monte Albertia LHII<\/li>\n<li>Oteitza Lizeo Politeknikoa<\/li>\n<li>Zumaia BHI<\/li>\n<li>Oinarrizko Lanbide Heziketa: soldadura<\/li>\n<li>Izarraitz Lanbide Heziketa<\/li>\n<li>Aiala Sukaldaritza ikastetxea<\/li>\n<\/ul>\n<p>A pesar de que la feria de este a\u00f1o se ha celebrado en Zarautz, la idea es dar continuidad a la iniciativa en los pr\u00f3ximos a\u00f1os y que la iniciativa se desarrolle, rotando de comarca a comarca. Por lo tanto, est\u00e1 previsto que el a\u00f1o que viene se celebre en Urola Erdia.<\/p>\n<img loading=\"lazy\" decoding=\"async\" class=\"alignnone wp-image-19377 aligncenter\" src=\"https:\/\/iraurgiberritzen.eus\/wp-content\/uploads\/2024\/03\/2-1-300x206.png\" alt=\"\" width=\"801\" height=\"550\" srcset=\"https:\/\/iraurgiberritzen.eus\/wp-content\/uploads\/2024\/03\/2-1-300x206.png 300w, https:\/\/iraurgiberritzen.eus\/wp-content\/uploads\/2024\/03\/2-1-768x528.png 768w, https:\/\/iraurgiberritzen.eus\/wp-content\/uploads\/2024\/03\/2-1.png 800w\" sizes=\"auto, (max-width: 801px) 100vw, 801px\" \/>\n<p style=\"text-align: center;\"><img loading=\"lazy\" decoding=\"async\" class=\"alignnone wp-image-19371\" src=\"https:\/\/iraurgiberritzen.eus\/wp-content\/uploads\/2024\/03\/3-2-300x206.png\" alt=\"\" width=\"800\" height=\"549\" srcset=\"https:\/\/iraurgiberritzen.eus\/wp-content\/uploads\/2024\/03\/3-2-300x206.png 300w, https:\/\/iraurgiberritzen.eus\/wp-content\/uploads\/2024\/03\/3-2-768x528.png 768w, https:\/\/iraurgiberritzen.eus\/wp-content\/uploads\/2024\/03\/3-2.png 800w\" sizes=\"auto, (max-width: 800px) 100vw, 800px\" \/><\/p>\n<p style=\"text-align: center;\"><img loading=\"lazy\" decoding=\"async\" class=\"alignnone wp-image-19369\" src=\"https:\/\/iraurgiberritzen.eus\/wp-content\/uploads\/2024\/03\/4-2-300x206.png\" alt=\"\" width=\"800\" height=\"549\" srcset=\"https:\/\/iraurgiberritzen.eus\/wp-content\/uploads\/2024\/03\/4-2-300x206.png 300w, https:\/\/iraurgiberritzen.eus\/wp-content\/uploads\/2024\/03\/4-2-768x528.png 768w, https:\/\/iraurgiberritzen.eus\/wp-content\/uploads\/2024\/03\/4-2.png 800w\" sizes=\"auto, (max-width: 800px) 100vw, 800px\" \/><\/p>\n<p style=\"text-align: center;\"><img loading=\"lazy\" decoding=\"async\" class=\"alignnone wp-image-19367\" src=\"https:\/\/iraurgiberritzen.eus\/wp-content\/uploads\/2024\/03\/5-300x206.png\" alt=\"\" width=\"800\" height=\"549\" srcset=\"https:\/\/iraurgiberritzen.eus\/wp-content\/uploads\/2024\/03\/5-300x206.png 300w, https:\/\/iraurgiberritzen.eus\/wp-content\/uploads\/2024\/03\/5-768x528.png 768w, https:\/\/iraurgiberritzen.eus\/wp-content\/uploads\/2024\/03\/5.png 800w\" sizes=\"auto, (max-width: 800px) 100vw, 800px\" \/><\/p>\n<p style=\"text-align: center;\"><img loading=\"lazy\" decoding=\"async\" class=\"alignnone wp-image-19365\" src=\"https:\/\/iraurgiberritzen.eus\/wp-content\/uploads\/2024\/03\/6-300x206.png\" alt=\"\" width=\"800\" height=\"549\" srcset=\"https:\/\/iraurgiberritzen.eus\/wp-content\/uploads\/2024\/03\/6-300x206.png 300w, https:\/\/iraurgiberritzen.eus\/wp-content\/uploads\/2024\/03\/6-768x528.png 768w, https:\/\/iraurgiberritzen.eus\/wp-content\/uploads\/2024\/03\/6.png 800w\" sizes=\"auto, (max-width: 800px) 100vw, 800px\" \/><\/p>\n<p style=\"text-align: center;\"><img loading=\"lazy\" decoding=\"async\" class=\"alignnone wp-image-19363\" src=\"https:\/\/iraurgiberritzen.eus\/wp-content\/uploads\/2024\/03\/7-300x206.png\" alt=\"\" width=\"800\" height=\"549\" srcset=\"https:\/\/iraurgiberritzen.eus\/wp-content\/uploads\/2024\/03\/7-300x206.png 300w, https:\/\/iraurgiberritzen.eus\/wp-content\/uploads\/2024\/03\/7-768x528.png 768w, https:\/\/iraurgiberritzen.eus\/wp-content\/uploads\/2024\/03\/7.png 800w\" sizes=\"auto, (max-width: 800px) 100vw, 800px\" \/><\/p>\n<img loading=\"lazy\" decoding=\"async\" class=\"alignnone wp-image-19361 aligncenter\" src=\"https:\/\/iraurgiberritzen.eus\/wp-content\/uploads\/2024\/03\/8-300x206.png\" alt=\"\" width=\"800\" height=\"549\" srcset=\"https:\/\/iraurgiberritzen.eus\/wp-content\/uploads\/2024\/03\/8-300x206.png 300w, https:\/\/iraurgiberritzen.eus\/wp-content\/uploads\/2024\/03\/8-768x528.png 768w, https:\/\/iraurgiberritzen.eus\/wp-content\/uploads\/2024\/03\/8.png 800w\" sizes=\"auto, (max-width: 800px) 100vw, 800px\" \/>\n","protected":false},"excerpt":{"rendered":"<p>Ayer, la Plaza Munoa de Zarautz se convirti\u00f3 en escenario de la Formaci\u00f3n Profesional y el Empleo, recibiendo la primera edici\u00f3n de ZATOZ! Lanbide Heziketa eta Enplegu Azoka. Esta feria ha sido organizada por los centros de Formaci\u00f3n Profesional y las Agencias de Desarrollo de Urola Kosta y Urola Erdia, junto con Lanbide-Servicio Vasco de [&hellip;]<\/p>\n","protected":false},"author":4,"featured_media":19376,"comment_status":"closed","ping_status":"closed","sticky":false,"template":"","format":"standard","meta":{"_acf_changed":false,"footnotes":""},"categories":[4],"tags":[],"class_list":["post-19381","post","type-post","status-publish","format-standard","has-post-thumbnail","hentry","category-noticias","arloak-gerolan-es"],"acf":[],"yoast_head":"<!-- This site is optimized with the Yoast SEO plugin v27.4 - https:\/\/yoast.com\/product\/yoast-seo-wordpress\/ -->\n<title>Celebrada la primera Feria de Formaci\u00f3n Profesional y Empleo de Urola Kosta y Urola Erdia - Iraurgi Berritzen<\/title>\n<meta name=\"robots\" content=\"index, follow, max-snippet:-1, max-image-preview:large, max-video-preview:-1\" \/>\n<link rel=\"canonical\" href=\"https:\/\/iraurgiberritzen.eus\/es\/celebrada-la-primera-feria-de-formacion-profesional-y-empleo-de-urola-kosta-y-urola-erdia\/\" \/>\n<meta property=\"og:locale\" content=\"es_ES\" \/>\n<meta property=\"og:type\" content=\"article\" \/>\n<meta property=\"og:title\" content=\"Celebrada la primera Feria de Formaci\u00f3n Profesional y Empleo de Urola Kosta y Urola Erdia - Iraurgi Berritzen\" \/>\n<meta property=\"og:description\" content=\"Ayer, la Plaza Munoa de Zarautz se convirti\u00f3 en escenario de la Formaci\u00f3n Profesional y el Empleo, recibiendo la primera edici\u00f3n de ZATOZ! Lanbide Heziketa eta Enplegu Azoka. Esta feria ha sido organizada por los centros de Formaci\u00f3n Profesional y las Agencias de Desarrollo de Urola Kosta y Urola Erdia, junto con Lanbide-Servicio Vasco de [&hellip;]\" \/>\n<meta property=\"og:url\" content=\"https:\/\/iraurgiberritzen.eus\/es\/celebrada-la-primera-feria-de-formacion-profesional-y-empleo-de-urola-kosta-y-urola-erdia\/\" \/>\n<meta property=\"og:site_name\" content=\"Iraurgi Berritzen\" \/>\n<meta property=\"article:published_time\" content=\"2024-03-07T13:54:12+00:00\" \/>\n<meta property=\"og:image\" content=\"https:\/\/iraurgiberritzen.eus\/wp-content\/uploads\/2024\/03\/1.png\" \/>\n\t<meta property=\"og:image:width\" content=\"800\" \/>\n\t<meta property=\"og:image:height\" content=\"550\" \/>\n\t<meta property=\"og:image:type\" content=\"image\/png\" \/>\n<meta name=\"author\" content=\"ainara\" \/>\n<meta name=\"twitter:card\" content=\"summary_large_image\" \/>\n<meta name=\"twitter:label1\" content=\"Escrito por\" \/>\n\t<meta name=\"twitter:data1\" content=\"ainara\" \/>\n\t<meta name=\"twitter:label2\" content=\"Tiempo de lectura\" \/>\n\t<meta name=\"twitter:data2\" content=\"4 minutos\" \/>\n<script type=\"application\/ld+json\" class=\"yoast-schema-graph\">{\"@context\":\"https:\\\/\\\/schema.org\",\"@graph\":[{\"@type\":\"Article\",\"@id\":\"https:\\\/\\\/iraurgiberritzen.eus\\\/es\\\/celebrada-la-primera-feria-de-formacion-profesional-y-empleo-de-urola-kosta-y-urola-erdia\\\/#article\",\"isPartOf\":{\"@id\":\"https:\\\/\\\/iraurgiberritzen.eus\\\/es\\\/celebrada-la-primera-feria-de-formacion-profesional-y-empleo-de-urola-kosta-y-urola-erdia\\\/\"},\"author\":{\"name\":\"ainara\",\"@id\":\"https:\\\/\\\/iraurgiberritzen.eus\\\/es\\\/#\\\/schema\\\/person\\\/a32c9825b3e2bfcbe757a97f6a15c8a5\"},\"headline\":\"Celebrada la primera Feria de Formaci\u00f3n Profesional y Empleo de Urola Kosta y Urola Erdia\",\"datePublished\":\"2024-03-07T13:54:12+00:00\",\"mainEntityOfPage\":{\"@id\":\"https:\\\/\\\/iraurgiberritzen.eus\\\/es\\\/celebrada-la-primera-feria-de-formacion-profesional-y-empleo-de-urola-kosta-y-urola-erdia\\\/\"},\"wordCount\":471,\"publisher\":{\"@id\":\"https:\\\/\\\/iraurgiberritzen.eus\\\/es\\\/#organization\"},\"image\":{\"@id\":\"https:\\\/\\\/iraurgiberritzen.eus\\\/es\\\/celebrada-la-primera-feria-de-formacion-profesional-y-empleo-de-urola-kosta-y-urola-erdia\\\/#primaryimage\"},\"thumbnailUrl\":\"https:\\\/\\\/iraurgiberritzen.eus\\\/wp-content\\\/uploads\\\/2024\\\/03\\\/1.png\",\"articleSection\":[\"Noticias\"],\"inLanguage\":\"es\"},{\"@type\":\"WebPage\",\"@id\":\"https:\\\/\\\/iraurgiberritzen.eus\\\/es\\\/celebrada-la-primera-feria-de-formacion-profesional-y-empleo-de-urola-kosta-y-urola-erdia\\\/\",\"url\":\"https:\\\/\\\/iraurgiberritzen.eus\\\/es\\\/celebrada-la-primera-feria-de-formacion-profesional-y-empleo-de-urola-kosta-y-urola-erdia\\\/\",\"name\":\"Celebrada la primera Feria de Formaci\u00f3n Profesional y Empleo de Urola Kosta y Urola Erdia - Iraurgi Berritzen\",\"isPartOf\":{\"@id\":\"https:\\\/\\\/iraurgiberritzen.eus\\\/es\\\/#website\"},\"primaryImageOfPage\":{\"@id\":\"https:\\\/\\\/iraurgiberritzen.eus\\\/es\\\/celebrada-la-primera-feria-de-formacion-profesional-y-empleo-de-urola-kosta-y-urola-erdia\\\/#primaryimage\"},\"image\":{\"@id\":\"https:\\\/\\\/iraurgiberritzen.eus\\\/es\\\/celebrada-la-primera-feria-de-formacion-profesional-y-empleo-de-urola-kosta-y-urola-erdia\\\/#primaryimage\"},\"thumbnailUrl\":\"https:\\\/\\\/iraurgiberritzen.eus\\\/wp-content\\\/uploads\\\/2024\\\/03\\\/1.png\",\"datePublished\":\"2024-03-07T13:54:12+00:00\",\"breadcrumb\":{\"@id\":\"https:\\\/\\\/iraurgiberritzen.eus\\\/es\\\/celebrada-la-primera-feria-de-formacion-profesional-y-empleo-de-urola-kosta-y-urola-erdia\\\/#breadcrumb\"},\"inLanguage\":\"es\",\"potentialAction\":[{\"@type\":\"ReadAction\",\"target\":[\"https:\\\/\\\/iraurgiberritzen.eus\\\/es\\\/celebrada-la-primera-feria-de-formacion-profesional-y-empleo-de-urola-kosta-y-urola-erdia\\\/\"]}]},{\"@type\":\"ImageObject\",\"inLanguage\":\"es\",\"@id\":\"https:\\\/\\\/iraurgiberritzen.eus\\\/es\\\/celebrada-la-primera-feria-de-formacion-profesional-y-empleo-de-urola-kosta-y-urola-erdia\\\/#primaryimage\",\"url\":\"https:\\\/\\\/iraurgiberritzen.eus\\\/wp-content\\\/uploads\\\/2024\\\/03\\\/1.png\",\"contentUrl\":\"https:\\\/\\\/iraurgiberritzen.eus\\\/wp-content\\\/uploads\\\/2024\\\/03\\\/1.png\",\"width\":800,\"height\":550},{\"@type\":\"BreadcrumbList\",\"@id\":\"https:\\\/\\\/iraurgiberritzen.eus\\\/es\\\/celebrada-la-primera-feria-de-formacion-profesional-y-empleo-de-urola-kosta-y-urola-erdia\\\/#breadcrumb\",\"itemListElement\":[{\"@type\":\"ListItem\",\"position\":1,\"name\":\"Home\",\"item\":\"https:\\\/\\\/iraurgiberritzen.eus\\\/es\\\/\"},{\"@type\":\"ListItem\",\"position\":2,\"name\":\"Celebrada la primera Feria de Formaci\u00f3n Profesional y Empleo de Urola Kosta y Urola Erdia\"}]},{\"@type\":\"WebSite\",\"@id\":\"https:\\\/\\\/iraurgiberritzen.eus\\\/es\\\/#website\",\"url\":\"https:\\\/\\\/iraurgiberritzen.eus\\\/es\\\/\",\"name\":\"Iraurgi Berritzen\",\"description\":\"Urola Erdiko Garapen Agentzia\",\"publisher\":{\"@id\":\"https:\\\/\\\/iraurgiberritzen.eus\\\/es\\\/#organization\"},\"potentialAction\":[{\"@type\":\"SearchAction\",\"target\":{\"@type\":\"EntryPoint\",\"urlTemplate\":\"https:\\\/\\\/iraurgiberritzen.eus\\\/es\\\/?s={search_term_string}\"},\"query-input\":{\"@type\":\"PropertyValueSpecification\",\"valueRequired\":true,\"valueName\":\"search_term_string\"}}],\"inLanguage\":\"es\"},{\"@type\":\"Organization\",\"@id\":\"https:\\\/\\\/iraurgiberritzen.eus\\\/es\\\/#organization\",\"name\":\"Iraurgi Berritzen\",\"url\":\"https:\\\/\\\/iraurgiberritzen.eus\\\/es\\\/\",\"logo\":{\"@type\":\"ImageObject\",\"inLanguage\":\"es\",\"@id\":\"https:\\\/\\\/iraurgiberritzen.eus\\\/es\\\/#\\\/schema\\\/logo\\\/image\\\/\",\"url\":\"https:\\\/\\\/iraurgiberritzen.eus\\\/wp-content\\\/uploads\\\/2024\\\/02\\\/IRAURGI-BERRITZEN-logotipoa_2.png\",\"contentUrl\":\"https:\\\/\\\/iraurgiberritzen.eus\\\/wp-content\\\/uploads\\\/2024\\\/02\\\/IRAURGI-BERRITZEN-logotipoa_2.png\",\"width\":496,\"height\":190,\"caption\":\"Iraurgi Berritzen\"},\"image\":{\"@id\":\"https:\\\/\\\/iraurgiberritzen.eus\\\/es\\\/#\\\/schema\\\/logo\\\/image\\\/\"}},{\"@type\":\"Person\",\"@id\":\"https:\\\/\\\/iraurgiberritzen.eus\\\/es\\\/#\\\/schema\\\/person\\\/a32c9825b3e2bfcbe757a97f6a15c8a5\",\"name\":\"ainara\"}]}<\/script>\n<!-- \/ Yoast SEO plugin. -->","yoast_head_json":{"title":"Celebrada la primera Feria de Formaci\u00f3n Profesional y Empleo de Urola Kosta y Urola Erdia - Iraurgi Berritzen","robots":{"index":"index","follow":"follow","max-snippet":"max-snippet:-1","max-image-preview":"max-image-preview:large","max-video-preview":"max-video-preview:-1"},"canonical":"https:\/\/iraurgiberritzen.eus\/es\/celebrada-la-primera-feria-de-formacion-profesional-y-empleo-de-urola-kosta-y-urola-erdia\/","og_locale":"es_ES","og_type":"article","og_title":"Celebrada la primera Feria de Formaci\u00f3n Profesional y Empleo de Urola Kosta y Urola Erdia - Iraurgi Berritzen","og_description":"Ayer, la Plaza Munoa de Zarautz se convirti\u00f3 en escenario de la Formaci\u00f3n Profesional y el Empleo, recibiendo la primera edici\u00f3n de ZATOZ! Lanbide Heziketa eta Enplegu Azoka. Esta feria ha sido organizada por los centros de Formaci\u00f3n Profesional y las Agencias de Desarrollo de Urola Kosta y Urola Erdia, junto con Lanbide-Servicio Vasco de [&hellip;]","og_url":"https:\/\/iraurgiberritzen.eus\/es\/celebrada-la-primera-feria-de-formacion-profesional-y-empleo-de-urola-kosta-y-urola-erdia\/","og_site_name":"Iraurgi Berritzen","article_published_time":"2024-03-07T13:54:12+00:00","og_image":[{"width":800,"height":550,"url":"https:\/\/iraurgiberritzen.eus\/wp-content\/uploads\/2024\/03\/1.png","type":"image\/png"}],"author":"ainara","twitter_card":"summary_large_image","twitter_misc":{"Escrito por":"ainara","Tiempo de lectura":"4 minutos"},"schema":{"@context":"https:\/\/schema.org","@graph":[{"@type":"Article","@id":"https:\/\/iraurgiberritzen.eus\/es\/celebrada-la-primera-feria-de-formacion-profesional-y-empleo-de-urola-kosta-y-urola-erdia\/#article","isPartOf":{"@id":"https:\/\/iraurgiberritzen.eus\/es\/celebrada-la-primera-feria-de-formacion-profesional-y-empleo-de-urola-kosta-y-urola-erdia\/"},"author":{"name":"ainara","@id":"https:\/\/iraurgiberritzen.eus\/es\/#\/schema\/person\/a32c9825b3e2bfcbe757a97f6a15c8a5"},"headline":"Celebrada la primera Feria de Formaci\u00f3n Profesional y Empleo de Urola Kosta y Urola Erdia","datePublished":"2024-03-07T13:54:12+00:00","mainEntityOfPage":{"@id":"https:\/\/iraurgiberritzen.eus\/es\/celebrada-la-primera-feria-de-formacion-profesional-y-empleo-de-urola-kosta-y-urola-erdia\/"},"wordCount":471,"publisher":{"@id":"https:\/\/iraurgiberritzen.eus\/es\/#organization"},"image":{"@id":"https:\/\/iraurgiberritzen.eus\/es\/celebrada-la-primera-feria-de-formacion-profesional-y-empleo-de-urola-kosta-y-urola-erdia\/#primaryimage"},"thumbnailUrl":"https:\/\/iraurgiberritzen.eus\/wp-content\/uploads\/2024\/03\/1.png","articleSection":["Noticias"],"inLanguage":"es"},{"@type":"WebPage","@id":"https:\/\/iraurgiberritzen.eus\/es\/celebrada-la-primera-feria-de-formacion-profesional-y-empleo-de-urola-kosta-y-urola-erdia\/","url":"https:\/\/iraurgiberritzen.eus\/es\/celebrada-la-primera-feria-de-formacion-profesional-y-empleo-de-urola-kosta-y-urola-erdia\/","name":"Celebrada la primera Feria de Formaci\u00f3n Profesional y Empleo de Urola Kosta y Urola Erdia - Iraurgi Berritzen","isPartOf":{"@id":"https:\/\/iraurgiberritzen.eus\/es\/#website"},"primaryImageOfPage":{"@id":"https:\/\/iraurgiberritzen.eus\/es\/celebrada-la-primera-feria-de-formacion-profesional-y-empleo-de-urola-kosta-y-urola-erdia\/#primaryimage"},"image":{"@id":"https:\/\/iraurgiberritzen.eus\/es\/celebrada-la-primera-feria-de-formacion-profesional-y-empleo-de-urola-kosta-y-urola-erdia\/#primaryimage"},"thumbnailUrl":"https:\/\/iraurgiberritzen.eus\/wp-content\/uploads\/2024\/03\/1.png","datePublished":"2024-03-07T13:54:12+00:00","breadcrumb":{"@id":"https:\/\/iraurgiberritzen.eus\/es\/celebrada-la-primera-feria-de-formacion-profesional-y-empleo-de-urola-kosta-y-urola-erdia\/#breadcrumb"},"inLanguage":"es","potentialAction":[{"@type":"ReadAction","target":["https:\/\/iraurgiberritzen.eus\/es\/celebrada-la-primera-feria-de-formacion-profesional-y-empleo-de-urola-kosta-y-urola-erdia\/"]}]},{"@type":"ImageObject","inLanguage":"es","@id":"https:\/\/iraurgiberritzen.eus\/es\/celebrada-la-primera-feria-de-formacion-profesional-y-empleo-de-urola-kosta-y-urola-erdia\/#primaryimage","url":"https:\/\/iraurgiberritzen.eus\/wp-content\/uploads\/2024\/03\/1.png","contentUrl":"https:\/\/iraurgiberritzen.eus\/wp-content\/uploads\/2024\/03\/1.png","width":800,"height":550},{"@type":"BreadcrumbList","@id":"https:\/\/iraurgiberritzen.eus\/es\/celebrada-la-primera-feria-de-formacion-profesional-y-empleo-de-urola-kosta-y-urola-erdia\/#breadcrumb","itemListElement":[{"@type":"ListItem","position":1,"name":"Home","item":"https:\/\/iraurgiberritzen.eus\/es\/"},{"@type":"ListItem","position":2,"name":"Celebrada la primera Feria de Formaci\u00f3n Profesional y Empleo de Urola Kosta y Urola Erdia"}]},{"@type":"WebSite","@id":"https:\/\/iraurgiberritzen.eus\/es\/#website","url":"https:\/\/iraurgiberritzen.eus\/es\/","name":"Iraurgi Berritzen","description":"Urola Erdiko Garapen Agentzia","publisher":{"@id":"https:\/\/iraurgiberritzen.eus\/es\/#organization"},"potentialAction":[{"@type":"SearchAction","target":{"@type":"EntryPoint","urlTemplate":"https:\/\/iraurgiberritzen.eus\/es\/?s={search_term_string}"},"query-input":{"@type":"PropertyValueSpecification","valueRequired":true,"valueName":"search_term_string"}}],"inLanguage":"es"},{"@type":"Organization","@id":"https:\/\/iraurgiberritzen.eus\/es\/#organization","name":"Iraurgi Berritzen","url":"https:\/\/iraurgiberritzen.eus\/es\/","logo":{"@type":"ImageObject","inLanguage":"es","@id":"https:\/\/iraurgiberritzen.eus\/es\/#\/schema\/logo\/image\/","url":"https:\/\/iraurgiberritzen.eus\/wp-content\/uploads\/2024\/02\/IRAURGI-BERRITZEN-logotipoa_2.png","contentUrl":"https:\/\/iraurgiberritzen.eus\/wp-content\/uploads\/2024\/02\/IRAURGI-BERRITZEN-logotipoa_2.png","width":496,"height":190,"caption":"Iraurgi Berritzen"},"image":{"@id":"https:\/\/iraurgiberritzen.eus\/es\/#\/schema\/logo\/image\/"}},{"@type":"Person","@id":"https:\/\/iraurgiberritzen.eus\/es\/#\/schema\/person\/a32c9825b3e2bfcbe757a97f6a15c8a5","name":"ainara"}]}},"_links":{"self":[{"href":"https:\/\/iraurgiberritzen.eus\/es\/wp-json\/wp\/v2\/posts\/19381","targetHints":{"allow":["GET"]}}],"collection":[{"href":"https:\/\/iraurgiberritzen.eus\/es\/wp-json\/wp\/v2\/posts"}],"about":[{"href":"https:\/\/iraurgiberritzen.eus\/es\/wp-json\/wp\/v2\/types\/post"}],"author":[{"embeddable":true,"href":"https:\/\/iraurgiberritzen.eus\/es\/wp-json\/wp\/v2\/users\/4"}],"replies":[{"embeddable":true,"href":"https:\/\/iraurgiberritzen.eus\/es\/wp-json\/wp\/v2\/comments?post=19381"}],"version-history":[{"count":1,"href":"https:\/\/iraurgiberritzen.eus\/es\/wp-json\/wp\/v2\/posts\/19381\/revisions"}],"predecessor-version":[{"id":19382,"href":"https:\/\/iraurgiberritzen.eus\/es\/wp-json\/wp\/v2\/posts\/19381\/revisions\/19382"}],"wp:featuredmedia":[{"embeddable":true,"href":"https:\/\/iraurgiberritzen.eus\/es\/wp-json\/wp\/v2\/media\/19376"}],"wp:attachment":[{"href":"https:\/\/iraurgiberritzen.eus\/es\/wp-json\/wp\/v2\/media?parent=19381"}],"wp:term":[{"taxonomy":"category","embeddable":true,"href":"https:\/\/iraurgiberritzen.eus\/es\/wp-json\/wp\/v2\/categories?post=19381"},{"taxonomy":"post_tag","embeddable":true,"href":"https:\/\/iraurgiberritzen.eus\/es\/wp-json\/wp\/v2\/tags?post=19381"}],"curies":[{"name":"wp","href":"https:\/\/api.w.org\/{rel}","templated":true}]}}