{"id":19409,"date":"2024-03-09T00:34:57","date_gmt":"2024-03-08T22:34:57","guid":{"rendered":"https:\/\/iraurgiberritzen.eus\/?p=19409"},"modified":"2024-03-09T00:38:00","modified_gmt":"2024-03-08T22:38:00","slug":"saltokitik-enpresara-2024-el-comercio-que-vanza","status":"publish","type":"post","link":"https:\/\/iraurgiberritzen.eus\/es\/saltokitik-enpresara-2024-el-comercio-que-vanza\/","title":{"rendered":"Saltokitik Enpresara 2024: el comercio que vanza"},"content":{"rendered":"<p>Este a\u00f1o vuelve Saltokitik Enpresara. Programa impulsado por el Departamento de Comercio, Consumo y Turismo del Gobierno Vasco y financiado al 100% (Servicio sin coste para los comercios) . El objetivo del programa es el <strong>asesoramiento experto<\/strong> dirigido a establecimientos con actividad comercial. Pero \u00bfen qu\u00e9 se basa el programa? Asesoramiento experto en la introducci\u00f3n de mejoras en la gesti\u00f3n y competitividad del comercio, con aplicaciones reales. \u00bfQu\u00e9 se trabaja en \u00e9l? Fotograf\u00eda del establecimiento con respecto a la clientela, la competencia, el mercado, herramientas de gesti\u00f3n (gesti\u00f3n econ\u00f3mica, compras) y planificaci\u00f3n.<\/p>\n<p>\u00bfC\u00f3mo se estructura el programa? Sesiones individuales en cada establecimiento y sesiones de trabajo grupales, adaptadas al horario de los comercios.<\/p>\n<p>Si quieres conocerlo, ac\u00e9rcate a la presentaci\u00f3n que se realizar\u00e1 el 13 de marzo en la primera planta de la plaza del mercado de Azpeitia. La sesi\u00f3n comenzar\u00e1 a las 15:00 horas y se estructurar\u00e1 de la siguiente manera:<\/p>\n<ul>\n<li>15:00 \u2013 15:30 Presentaci\u00f3n de EUSKALIT. Programa \u00abSaltokitik enpresara\u201d.<\/li>\n<li>15:30 a 16:00 horas. Buenas pr\u00e1cticas.\n<ul>\n<li>Koket, tienda de ropa. Karmele Zabaleta.<\/li>\n<li>Makibar, tienda de alimentaci\u00f3n. Edurne S\u00e1enz de Samaniego.<\/li>\n<li>Prest tintorer\u00eda, Ana Bastida.<\/li>\n<\/ul>\n<\/li>\n<\/ul>\n<p>Esta acci\u00f3n se llevar\u00e1 a cabo gracias a la colaboraci\u00f3n de Herrixen, Asociaci\u00f3n de comerciantes de Azkoitia, Bertan, Asociacion de comerciantes de Azpeitia, Iraurgi Berritzen, agencia de desarrollo comarcal y el apoyo de los Ayuntamientos de Azkoitia y Azpeitia.<\/p>\n<p>Si est\u00e1s interesado en participar, contacta con tu asociaci\u00f3n o si no eres miembro, con Iraurgi Berritzen. Personas de contacto: Herrixen, Asociaci\u00f3n de comerciantes de Azkoitia &#8211; Sara Rodriguez 608313024, Bertan, Asociaci\u00f3n de comerciantes de Azpeitia- Xabier Aldalur 68823944, Iraurgi Berritzen, Agencia de desarrollo comarcal &#8211; Alazne Larra\u00f1aga 688718777.<\/p>\n","protected":false},"excerpt":{"rendered":"<p>Este a\u00f1o vuelve Saltokitik Enpresara. Programa impulsado por el Departamento de Comercio, Consumo y Turismo del Gobierno Vasco y financiado al 100% (Servicio sin coste para los comercios) . El objetivo del programa es el asesoramiento experto dirigido a establecimientos con actividad comercial. Pero \u00bfen qu\u00e9 se basa el programa? Asesoramiento experto en la introducci\u00f3n [&hellip;]<\/p>\n","protected":false},"author":4,"featured_media":19406,"comment_status":"closed","ping_status":"closed","sticky":false,"template":"","format":"standard","meta":{"_acf_changed":false,"footnotes":""},"categories":[4],"tags":[],"class_list":["post-19409","post","type-post","status-publish","format-standard","has-post-thumbnail","hentry","category-noticias","arloak-comercio"],"acf":[],"yoast_head":"<!-- This site is optimized with the Yoast SEO plugin v27.4 - https:\/\/yoast.com\/product\/yoast-seo-wordpress\/ -->\n<title>Saltokitik Enpresara 2024: el comercio que vanza - Iraurgi Berritzen<\/title>\n<meta name=\"robots\" content=\"index, follow, max-snippet:-1, max-image-preview:large, max-video-preview:-1\" \/>\n<link rel=\"canonical\" href=\"https:\/\/iraurgiberritzen.eus\/es\/saltokitik-enpresara-2024-el-comercio-que-vanza\/\" \/>\n<meta property=\"og:locale\" content=\"es_ES\" \/>\n<meta property=\"og:type\" content=\"article\" \/>\n<meta property=\"og:title\" content=\"Saltokitik Enpresara 2024: el comercio que vanza - Iraurgi Berritzen\" \/>\n<meta property=\"og:description\" content=\"Este a\u00f1o vuelve Saltokitik Enpresara. Programa impulsado por el Departamento de Comercio, Consumo y Turismo del Gobierno Vasco y financiado al 100% (Servicio sin coste para los comercios) . El objetivo del programa es el asesoramiento experto dirigido a establecimientos con actividad comercial. Pero \u00bfen qu\u00e9 se basa el programa? Asesoramiento experto en la introducci\u00f3n [&hellip;]\" \/>\n<meta property=\"og:url\" content=\"https:\/\/iraurgiberritzen.eus\/es\/saltokitik-enpresara-2024-el-comercio-que-vanza\/\" \/>\n<meta property=\"og:site_name\" content=\"Iraurgi Berritzen\" \/>\n<meta property=\"article:published_time\" content=\"2024-03-08T22:34:57+00:00\" \/>\n<meta property=\"article:modified_time\" content=\"2024-03-08T22:38:00+00:00\" \/>\n<meta property=\"og:image\" content=\"https:\/\/iraurgiberritzen.eus\/wp-content\/uploads\/2024\/03\/saltokitik-enpresara.png\" \/>\n\t<meta property=\"og:image:width\" content=\"700\" \/>\n\t<meta property=\"og:image:height\" content=\"500\" \/>\n\t<meta property=\"og:image:type\" content=\"image\/png\" \/>\n<meta name=\"author\" content=\"ainara\" \/>\n<meta name=\"twitter:card\" content=\"summary_large_image\" \/>\n<meta name=\"twitter:label1\" content=\"Escrito por\" \/>\n\t<meta name=\"twitter:data1\" content=\"ainara\" \/>\n\t<meta name=\"twitter:label2\" content=\"Tiempo de lectura\" \/>\n\t<meta name=\"twitter:data2\" content=\"2 minutos\" \/>\n<script type=\"application\/ld+json\" class=\"yoast-schema-graph\">{\"@context\":\"https:\\\/\\\/schema.org\",\"@graph\":[{\"@type\":\"Article\",\"@id\":\"https:\\\/\\\/iraurgiberritzen.eus\\\/es\\\/saltokitik-enpresara-2024-el-comercio-que-vanza\\\/#article\",\"isPartOf\":{\"@id\":\"https:\\\/\\\/iraurgiberritzen.eus\\\/es\\\/saltokitik-enpresara-2024-el-comercio-que-vanza\\\/\"},\"author\":{\"name\":\"ainara\",\"@id\":\"https:\\\/\\\/iraurgiberritzen.eus\\\/es\\\/#\\\/schema\\\/person\\\/a32c9825b3e2bfcbe757a97f6a15c8a5\"},\"headline\":\"Saltokitik Enpresara 2024: el comercio que vanza\",\"datePublished\":\"2024-03-08T22:34:57+00:00\",\"dateModified\":\"2024-03-08T22:38:00+00:00\",\"mainEntityOfPage\":{\"@id\":\"https:\\\/\\\/iraurgiberritzen.eus\\\/es\\\/saltokitik-enpresara-2024-el-comercio-que-vanza\\\/\"},\"wordCount\":292,\"publisher\":{\"@id\":\"https:\\\/\\\/iraurgiberritzen.eus\\\/es\\\/#organization\"},\"image\":{\"@id\":\"https:\\\/\\\/iraurgiberritzen.eus\\\/es\\\/saltokitik-enpresara-2024-el-comercio-que-vanza\\\/#primaryimage\"},\"thumbnailUrl\":\"https:\\\/\\\/iraurgiberritzen.eus\\\/wp-content\\\/uploads\\\/2024\\\/03\\\/saltokitik-enpresara.png\",\"articleSection\":[\"Noticias\"],\"inLanguage\":\"es\"},{\"@type\":\"WebPage\",\"@id\":\"https:\\\/\\\/iraurgiberritzen.eus\\\/es\\\/saltokitik-enpresara-2024-el-comercio-que-vanza\\\/\",\"url\":\"https:\\\/\\\/iraurgiberritzen.eus\\\/es\\\/saltokitik-enpresara-2024-el-comercio-que-vanza\\\/\",\"name\":\"Saltokitik Enpresara 2024: el comercio que vanza - Iraurgi Berritzen\",\"isPartOf\":{\"@id\":\"https:\\\/\\\/iraurgiberritzen.eus\\\/es\\\/#website\"},\"primaryImageOfPage\":{\"@id\":\"https:\\\/\\\/iraurgiberritzen.eus\\\/es\\\/saltokitik-enpresara-2024-el-comercio-que-vanza\\\/#primaryimage\"},\"image\":{\"@id\":\"https:\\\/\\\/iraurgiberritzen.eus\\\/es\\\/saltokitik-enpresara-2024-el-comercio-que-vanza\\\/#primaryimage\"},\"thumbnailUrl\":\"https:\\\/\\\/iraurgiberritzen.eus\\\/wp-content\\\/uploads\\\/2024\\\/03\\\/saltokitik-enpresara.png\",\"datePublished\":\"2024-03-08T22:34:57+00:00\",\"dateModified\":\"2024-03-08T22:38:00+00:00\",\"breadcrumb\":{\"@id\":\"https:\\\/\\\/iraurgiberritzen.eus\\\/es\\\/saltokitik-enpresara-2024-el-comercio-que-vanza\\\/#breadcrumb\"},\"inLanguage\":\"es\",\"potentialAction\":[{\"@type\":\"ReadAction\",\"target\":[\"https:\\\/\\\/iraurgiberritzen.eus\\\/es\\\/saltokitik-enpresara-2024-el-comercio-que-vanza\\\/\"]}]},{\"@type\":\"ImageObject\",\"inLanguage\":\"es\",\"@id\":\"https:\\\/\\\/iraurgiberritzen.eus\\\/es\\\/saltokitik-enpresara-2024-el-comercio-que-vanza\\\/#primaryimage\",\"url\":\"https:\\\/\\\/iraurgiberritzen.eus\\\/wp-content\\\/uploads\\\/2024\\\/03\\\/saltokitik-enpresara.png\",\"contentUrl\":\"https:\\\/\\\/iraurgiberritzen.eus\\\/wp-content\\\/uploads\\\/2024\\\/03\\\/saltokitik-enpresara.png\",\"width\":700,\"height\":500},{\"@type\":\"BreadcrumbList\",\"@id\":\"https:\\\/\\\/iraurgiberritzen.eus\\\/es\\\/saltokitik-enpresara-2024-el-comercio-que-vanza\\\/#breadcrumb\",\"itemListElement\":[{\"@type\":\"ListItem\",\"position\":1,\"name\":\"Home\",\"item\":\"https:\\\/\\\/iraurgiberritzen.eus\\\/es\\\/\"},{\"@type\":\"ListItem\",\"position\":2,\"name\":\"Saltokitik Enpresara 2024: el comercio que vanza\"}]},{\"@type\":\"WebSite\",\"@id\":\"https:\\\/\\\/iraurgiberritzen.eus\\\/es\\\/#website\",\"url\":\"https:\\\/\\\/iraurgiberritzen.eus\\\/es\\\/\",\"name\":\"Iraurgi Berritzen\",\"description\":\"Urola Erdiko Garapen Agentzia\",\"publisher\":{\"@id\":\"https:\\\/\\\/iraurgiberritzen.eus\\\/es\\\/#organization\"},\"potentialAction\":[{\"@type\":\"SearchAction\",\"target\":{\"@type\":\"EntryPoint\",\"urlTemplate\":\"https:\\\/\\\/iraurgiberritzen.eus\\\/es\\\/?s={search_term_string}\"},\"query-input\":{\"@type\":\"PropertyValueSpecification\",\"valueRequired\":true,\"valueName\":\"search_term_string\"}}],\"inLanguage\":\"es\"},{\"@type\":\"Organization\",\"@id\":\"https:\\\/\\\/iraurgiberritzen.eus\\\/es\\\/#organization\",\"name\":\"Iraurgi Berritzen\",\"url\":\"https:\\\/\\\/iraurgiberritzen.eus\\\/es\\\/\",\"logo\":{\"@type\":\"ImageObject\",\"inLanguage\":\"es\",\"@id\":\"https:\\\/\\\/iraurgiberritzen.eus\\\/es\\\/#\\\/schema\\\/logo\\\/image\\\/\",\"url\":\"https:\\\/\\\/iraurgiberritzen.eus\\\/wp-content\\\/uploads\\\/2024\\\/02\\\/IRAURGI-BERRITZEN-logotipoa_2.png\",\"contentUrl\":\"https:\\\/\\\/iraurgiberritzen.eus\\\/wp-content\\\/uploads\\\/2024\\\/02\\\/IRAURGI-BERRITZEN-logotipoa_2.png\",\"width\":496,\"height\":190,\"caption\":\"Iraurgi Berritzen\"},\"image\":{\"@id\":\"https:\\\/\\\/iraurgiberritzen.eus\\\/es\\\/#\\\/schema\\\/logo\\\/image\\\/\"}},{\"@type\":\"Person\",\"@id\":\"https:\\\/\\\/iraurgiberritzen.eus\\\/es\\\/#\\\/schema\\\/person\\\/a32c9825b3e2bfcbe757a97f6a15c8a5\",\"name\":\"ainara\"}]}<\/script>\n<!-- \/ Yoast SEO plugin. -->","yoast_head_json":{"title":"Saltokitik Enpresara 2024: el comercio que vanza - Iraurgi Berritzen","robots":{"index":"index","follow":"follow","max-snippet":"max-snippet:-1","max-image-preview":"max-image-preview:large","max-video-preview":"max-video-preview:-1"},"canonical":"https:\/\/iraurgiberritzen.eus\/es\/saltokitik-enpresara-2024-el-comercio-que-vanza\/","og_locale":"es_ES","og_type":"article","og_title":"Saltokitik Enpresara 2024: el comercio que vanza - Iraurgi Berritzen","og_description":"Este a\u00f1o vuelve Saltokitik Enpresara. Programa impulsado por el Departamento de Comercio, Consumo y Turismo del Gobierno Vasco y financiado al 100% (Servicio sin coste para los comercios) . El objetivo del programa es el asesoramiento experto dirigido a establecimientos con actividad comercial. Pero \u00bfen qu\u00e9 se basa el programa? Asesoramiento experto en la introducci\u00f3n [&hellip;]","og_url":"https:\/\/iraurgiberritzen.eus\/es\/saltokitik-enpresara-2024-el-comercio-que-vanza\/","og_site_name":"Iraurgi Berritzen","article_published_time":"2024-03-08T22:34:57+00:00","article_modified_time":"2024-03-08T22:38:00+00:00","og_image":[{"width":700,"height":500,"url":"https:\/\/iraurgiberritzen.eus\/wp-content\/uploads\/2024\/03\/saltokitik-enpresara.png","type":"image\/png"}],"author":"ainara","twitter_card":"summary_large_image","twitter_misc":{"Escrito por":"ainara","Tiempo de lectura":"2 minutos"},"schema":{"@context":"https:\/\/schema.org","@graph":[{"@type":"Article","@id":"https:\/\/iraurgiberritzen.eus\/es\/saltokitik-enpresara-2024-el-comercio-que-vanza\/#article","isPartOf":{"@id":"https:\/\/iraurgiberritzen.eus\/es\/saltokitik-enpresara-2024-el-comercio-que-vanza\/"},"author":{"name":"ainara","@id":"https:\/\/iraurgiberritzen.eus\/es\/#\/schema\/person\/a32c9825b3e2bfcbe757a97f6a15c8a5"},"headline":"Saltokitik Enpresara 2024: el comercio que vanza","datePublished":"2024-03-08T22:34:57+00:00","dateModified":"2024-03-08T22:38:00+00:00","mainEntityOfPage":{"@id":"https:\/\/iraurgiberritzen.eus\/es\/saltokitik-enpresara-2024-el-comercio-que-vanza\/"},"wordCount":292,"publisher":{"@id":"https:\/\/iraurgiberritzen.eus\/es\/#organization"},"image":{"@id":"https:\/\/iraurgiberritzen.eus\/es\/saltokitik-enpresara-2024-el-comercio-que-vanza\/#primaryimage"},"thumbnailUrl":"https:\/\/iraurgiberritzen.eus\/wp-content\/uploads\/2024\/03\/saltokitik-enpresara.png","articleSection":["Noticias"],"inLanguage":"es"},{"@type":"WebPage","@id":"https:\/\/iraurgiberritzen.eus\/es\/saltokitik-enpresara-2024-el-comercio-que-vanza\/","url":"https:\/\/iraurgiberritzen.eus\/es\/saltokitik-enpresara-2024-el-comercio-que-vanza\/","name":"Saltokitik Enpresara 2024: el comercio que vanza - Iraurgi Berritzen","isPartOf":{"@id":"https:\/\/iraurgiberritzen.eus\/es\/#website"},"primaryImageOfPage":{"@id":"https:\/\/iraurgiberritzen.eus\/es\/saltokitik-enpresara-2024-el-comercio-que-vanza\/#primaryimage"},"image":{"@id":"https:\/\/iraurgiberritzen.eus\/es\/saltokitik-enpresara-2024-el-comercio-que-vanza\/#primaryimage"},"thumbnailUrl":"https:\/\/iraurgiberritzen.eus\/wp-content\/uploads\/2024\/03\/saltokitik-enpresara.png","datePublished":"2024-03-08T22:34:57+00:00","dateModified":"2024-03-08T22:38:00+00:00","breadcrumb":{"@id":"https:\/\/iraurgiberritzen.eus\/es\/saltokitik-enpresara-2024-el-comercio-que-vanza\/#breadcrumb"},"inLanguage":"es","potentialAction":[{"@type":"ReadAction","target":["https:\/\/iraurgiberritzen.eus\/es\/saltokitik-enpresara-2024-el-comercio-que-vanza\/"]}]},{"@type":"ImageObject","inLanguage":"es","@id":"https:\/\/iraurgiberritzen.eus\/es\/saltokitik-enpresara-2024-el-comercio-que-vanza\/#primaryimage","url":"https:\/\/iraurgiberritzen.eus\/wp-content\/uploads\/2024\/03\/saltokitik-enpresara.png","contentUrl":"https:\/\/iraurgiberritzen.eus\/wp-content\/uploads\/2024\/03\/saltokitik-enpresara.png","width":700,"height":500},{"@type":"BreadcrumbList","@id":"https:\/\/iraurgiberritzen.eus\/es\/saltokitik-enpresara-2024-el-comercio-que-vanza\/#breadcrumb","itemListElement":[{"@type":"ListItem","position":1,"name":"Home","item":"https:\/\/iraurgiberritzen.eus\/es\/"},{"@type":"ListItem","position":2,"name":"Saltokitik Enpresara 2024: el comercio que vanza"}]},{"@type":"WebSite","@id":"https:\/\/iraurgiberritzen.eus\/es\/#website","url":"https:\/\/iraurgiberritzen.eus\/es\/","name":"Iraurgi Berritzen","description":"Urola Erdiko Garapen Agentzia","publisher":{"@id":"https:\/\/iraurgiberritzen.eus\/es\/#organization"},"potentialAction":[{"@type":"SearchAction","target":{"@type":"EntryPoint","urlTemplate":"https:\/\/iraurgiberritzen.eus\/es\/?s={search_term_string}"},"query-input":{"@type":"PropertyValueSpecification","valueRequired":true,"valueName":"search_term_string"}}],"inLanguage":"es"},{"@type":"Organization","@id":"https:\/\/iraurgiberritzen.eus\/es\/#organization","name":"Iraurgi Berritzen","url":"https:\/\/iraurgiberritzen.eus\/es\/","logo":{"@type":"ImageObject","inLanguage":"es","@id":"https:\/\/iraurgiberritzen.eus\/es\/#\/schema\/logo\/image\/","url":"https:\/\/iraurgiberritzen.eus\/wp-content\/uploads\/2024\/02\/IRAURGI-BERRITZEN-logotipoa_2.png","contentUrl":"https:\/\/iraurgiberritzen.eus\/wp-content\/uploads\/2024\/02\/IRAURGI-BERRITZEN-logotipoa_2.png","width":496,"height":190,"caption":"Iraurgi Berritzen"},"image":{"@id":"https:\/\/iraurgiberritzen.eus\/es\/#\/schema\/logo\/image\/"}},{"@type":"Person","@id":"https:\/\/iraurgiberritzen.eus\/es\/#\/schema\/person\/a32c9825b3e2bfcbe757a97f6a15c8a5","name":"ainara"}]}},"_links":{"self":[{"href":"https:\/\/iraurgiberritzen.eus\/es\/wp-json\/wp\/v2\/posts\/19409","targetHints":{"allow":["GET"]}}],"collection":[{"href":"https:\/\/iraurgiberritzen.eus\/es\/wp-json\/wp\/v2\/posts"}],"about":[{"href":"https:\/\/iraurgiberritzen.eus\/es\/wp-json\/wp\/v2\/types\/post"}],"author":[{"embeddable":true,"href":"https:\/\/iraurgiberritzen.eus\/es\/wp-json\/wp\/v2\/users\/4"}],"replies":[{"embeddable":true,"href":"https:\/\/iraurgiberritzen.eus\/es\/wp-json\/wp\/v2\/comments?post=19409"}],"version-history":[{"count":2,"href":"https:\/\/iraurgiberritzen.eus\/es\/wp-json\/wp\/v2\/posts\/19409\/revisions"}],"predecessor-version":[{"id":19411,"href":"https:\/\/iraurgiberritzen.eus\/es\/wp-json\/wp\/v2\/posts\/19409\/revisions\/19411"}],"wp:featuredmedia":[{"embeddable":true,"href":"https:\/\/iraurgiberritzen.eus\/es\/wp-json\/wp\/v2\/media\/19406"}],"wp:attachment":[{"href":"https:\/\/iraurgiberritzen.eus\/es\/wp-json\/wp\/v2\/media?parent=19409"}],"wp:term":[{"taxonomy":"category","embeddable":true,"href":"https:\/\/iraurgiberritzen.eus\/es\/wp-json\/wp\/v2\/categories?post=19409"},{"taxonomy":"post_tag","embeddable":true,"href":"https:\/\/iraurgiberritzen.eus\/es\/wp-json\/wp\/v2\/tags?post=19409"}],"curies":[{"name":"wp","href":"https:\/\/api.w.org\/{rel}","templated":true}]}}