{"id":19442,"date":"2024-03-14T10:22:49","date_gmt":"2024-03-14T08:22:49","guid":{"rendered":"https:\/\/iraurgiberritzen.eus\/?p=19442"},"modified":"2024-03-14T17:13:42","modified_gmt":"2024-03-14T15:13:42","slug":"situacion-y-retos-del-tejido-industrial-de-urola-erdia-objeto-de-analisis-en-el-encuentro-celebrado-entre-enpresa-gunea-y-la-diputacion-foral-de-gipuzkoa","status":"publish","type":"post","link":"https:\/\/iraurgiberritzen.eus\/es\/situacion-y-retos-del-tejido-industrial-de-urola-erdia-objeto-de-analisis-en-el-encuentro-celebrado-entre-enpresa-gunea-y-la-diputacion-foral-de-gipuzkoa\/","title":{"rendered":"\u00abSituaci\u00f3n y retos del tejido industrial de Urola Erdia\u00bb objeto de an\u00e1lisis en el encuentro celebrado entre Enpresa Gunea y la Diputaci\u00f3n Foral de Gipuzkoa"},"content":{"rendered":"<p><span data-contrast=\"auto\">El pasado 13 de marzo se celebr\u00f3 en el Palacio Basazabal de Azpeitia la primera reuni\u00f3n anual entre representantes de <strong><a href=\"https:\/\/iraurgiberritzen.eus\/es\/gobernanza-colaborativa\/#enpresa-gunea\">Enpresa Gunea<\/a><\/strong> de Urola Erdia, en el marco del \u00c1rea de Empresas de Iraurgi Berritzen,\u00a0 con la participaci\u00f3n de Unai Andueza, Director de Promoci\u00f3n Econ\u00f3mica de la Diputaci\u00f3n Foral de Gipuzkoa.<\/span><span data-ccp-props=\"{&quot;134233117&quot;:false,&quot;134233118&quot;:false,&quot;335551550&quot;:6,&quot;335551620&quot;:6,&quot;335557856&quot;:16777215,&quot;335559738&quot;:0,&quot;335559739&quot;:0}\">\u00a0<\/span><\/p>\n<p><span data-contrast=\"auto\">Los objetivos del encuentro han sido conocer de primera mano la<\/span><b><span data-contrast=\"auto\"> situaci\u00f3n y prioridades de las empresas de la comarca<\/span><\/b><span data-contrast=\"auto\">, <strong>iniciativas desarrolladas por las agencias hacia las empresas<\/strong>, as\u00ed como <strong>las l\u00edneas estrat\u00e9gicas de trabajo por parte de la Diputaci\u00f3n Foral<\/strong>, para compartir en un coloquio posibles nuevas propuestas de colaboraci\u00f3n.<\/span><span data-ccp-props=\"{&quot;134233117&quot;:false,&quot;134233118&quot;:false,&quot;335551550&quot;:6,&quot;335551620&quot;:6,&quot;335557856&quot;:16777215,&quot;335559738&quot;:0,&quot;335559739&quot;:0}\">\u00a0<\/span><\/p>\n<p><span data-contrast=\"auto\">En el encuentro se ha presentado el modelo de trabajo de la agencia de Desarrollo e Innovaci\u00f3n IB con las empresas, un resumen de las acciones desarrolladas con las empresas en 2023, resultados del diagn\u00f3stico del tejido empresarial en 2024, as\u00ed como las principales l\u00edneas de trabajo de este a\u00f1o 2024.\u00a0<\/span><span data-ccp-props=\"{&quot;134233117&quot;:false,&quot;134233118&quot;:false,&quot;335551550&quot;:6,&quot;335551620&quot;:6,&quot;335557856&quot;:16777215,&quot;335559738&quot;:0,&quot;335559739&quot;:0}\">\u00a0<\/span><\/p>\n","protected":false},"excerpt":{"rendered":"<p>El pasado 13 de marzo se celebr\u00f3 en el Palacio Basazabal de Azpeitia la primera reuni\u00f3n anual entre representantes de Enpresa Gunea de Urola Erdia, en el marco del \u00c1rea de Empresas de Iraurgi Berritzen,\u00a0 con la participaci\u00f3n de Unai Andueza, Director de Promoci\u00f3n Econ\u00f3mica de la Diputaci\u00f3n Foral de Gipuzkoa.\u00a0 Los objetivos del encuentro [&hellip;]<\/p>\n","protected":false},"author":4,"featured_media":19459,"comment_status":"closed","ping_status":"closed","sticky":false,"template":"","format":"standard","meta":{"_acf_changed":false,"footnotes":""},"categories":[4],"tags":[],"class_list":["post-19442","post","type-post","status-publish","format-standard","has-post-thumbnail","hentry","category-noticias","arloak-enpresa"],"acf":[],"yoast_head":"<!-- This site is optimized with the Yoast SEO plugin v27.4 - https:\/\/yoast.com\/product\/yoast-seo-wordpress\/ -->\n<title>&quot;Situaci\u00f3n y retos del tejido industrial de Urola Erdia&quot; objeto de an\u00e1lisis en el encuentro celebrado entre Enpresa Gunea y la Diputaci\u00f3n Foral de Gipuzkoa - Iraurgi Berritzen<\/title>\n<meta name=\"robots\" content=\"index, follow, max-snippet:-1, max-image-preview:large, max-video-preview:-1\" \/>\n<link rel=\"canonical\" href=\"https:\/\/iraurgiberritzen.eus\/es\/situacion-y-retos-del-tejido-industrial-de-urola-erdia-objeto-de-analisis-en-el-encuentro-celebrado-entre-enpresa-gunea-y-la-diputacion-foral-de-gipuzkoa\/\" \/>\n<meta property=\"og:locale\" content=\"es_ES\" \/>\n<meta property=\"og:type\" content=\"article\" \/>\n<meta property=\"og:title\" content=\"&quot;Situaci\u00f3n y retos del tejido industrial de Urola Erdia&quot; objeto de an\u00e1lisis en el encuentro celebrado entre Enpresa Gunea y la Diputaci\u00f3n Foral de Gipuzkoa - Iraurgi Berritzen\" \/>\n<meta property=\"og:description\" content=\"El pasado 13 de marzo se celebr\u00f3 en el Palacio Basazabal de Azpeitia la primera reuni\u00f3n anual entre representantes de Enpresa Gunea de Urola Erdia, en el marco del \u00c1rea de Empresas de Iraurgi Berritzen,\u00a0 con la participaci\u00f3n de Unai Andueza, Director de Promoci\u00f3n Econ\u00f3mica de la Diputaci\u00f3n Foral de Gipuzkoa.\u00a0 Los objetivos del encuentro [&hellip;]\" \/>\n<meta property=\"og:url\" content=\"https:\/\/iraurgiberritzen.eus\/es\/situacion-y-retos-del-tejido-industrial-de-urola-erdia-objeto-de-analisis-en-el-encuentro-celebrado-entre-enpresa-gunea-y-la-diputacion-foral-de-gipuzkoa\/\" \/>\n<meta property=\"og:site_name\" content=\"Iraurgi Berritzen\" \/>\n<meta property=\"article:published_time\" content=\"2024-03-14T08:22:49+00:00\" \/>\n<meta property=\"article:modified_time\" content=\"2024-03-14T15:13:42+00:00\" \/>\n<meta property=\"og:image\" content=\"https:\/\/iraurgiberritzen.eus\/wp-content\/uploads\/2024\/03\/PORTADA-IB-WEB-800-x-550-px-24.png\" \/>\n\t<meta property=\"og:image:width\" content=\"800\" \/>\n\t<meta property=\"og:image:height\" content=\"550\" \/>\n\t<meta property=\"og:image:type\" content=\"image\/png\" \/>\n<meta name=\"author\" content=\"ainara\" \/>\n<meta name=\"twitter:card\" content=\"summary_large_image\" \/>\n<meta name=\"twitter:label1\" content=\"Escrito por\" \/>\n\t<meta name=\"twitter:data1\" content=\"ainara\" \/>\n\t<meta name=\"twitter:label2\" content=\"Tiempo de lectura\" \/>\n\t<meta name=\"twitter:data2\" content=\"2 minutos\" \/>\n<script type=\"application\/ld+json\" class=\"yoast-schema-graph\">{\"@context\":\"https:\\\/\\\/schema.org\",\"@graph\":[{\"@type\":\"Article\",\"@id\":\"https:\\\/\\\/iraurgiberritzen.eus\\\/es\\\/situacion-y-retos-del-tejido-industrial-de-urola-erdia-objeto-de-analisis-en-el-encuentro-celebrado-entre-enpresa-gunea-y-la-diputacion-foral-de-gipuzkoa\\\/#article\",\"isPartOf\":{\"@id\":\"https:\\\/\\\/iraurgiberritzen.eus\\\/es\\\/situacion-y-retos-del-tejido-industrial-de-urola-erdia-objeto-de-analisis-en-el-encuentro-celebrado-entre-enpresa-gunea-y-la-diputacion-foral-de-gipuzkoa\\\/\"},\"author\":{\"name\":\"ainara\",\"@id\":\"https:\\\/\\\/iraurgiberritzen.eus\\\/es\\\/#\\\/schema\\\/person\\\/a32c9825b3e2bfcbe757a97f6a15c8a5\"},\"headline\":\"\u00abSituaci\u00f3n y retos del tejido industrial de Urola Erdia\u00bb objeto de an\u00e1lisis en el encuentro celebrado entre Enpresa Gunea y la Diputaci\u00f3n Foral de Gipuzkoa\",\"datePublished\":\"2024-03-14T08:22:49+00:00\",\"dateModified\":\"2024-03-14T15:13:42+00:00\",\"mainEntityOfPage\":{\"@id\":\"https:\\\/\\\/iraurgiberritzen.eus\\\/es\\\/situacion-y-retos-del-tejido-industrial-de-urola-erdia-objeto-de-analisis-en-el-encuentro-celebrado-entre-enpresa-gunea-y-la-diputacion-foral-de-gipuzkoa\\\/\"},\"wordCount\":191,\"publisher\":{\"@id\":\"https:\\\/\\\/iraurgiberritzen.eus\\\/es\\\/#organization\"},\"image\":{\"@id\":\"https:\\\/\\\/iraurgiberritzen.eus\\\/es\\\/situacion-y-retos-del-tejido-industrial-de-urola-erdia-objeto-de-analisis-en-el-encuentro-celebrado-entre-enpresa-gunea-y-la-diputacion-foral-de-gipuzkoa\\\/#primaryimage\"},\"thumbnailUrl\":\"https:\\\/\\\/iraurgiberritzen.eus\\\/wp-content\\\/uploads\\\/2024\\\/03\\\/PORTADA-IB-WEB-800-x-550-px-24.png\",\"articleSection\":[\"Noticias\"],\"inLanguage\":\"es\"},{\"@type\":\"WebPage\",\"@id\":\"https:\\\/\\\/iraurgiberritzen.eus\\\/es\\\/situacion-y-retos-del-tejido-industrial-de-urola-erdia-objeto-de-analisis-en-el-encuentro-celebrado-entre-enpresa-gunea-y-la-diputacion-foral-de-gipuzkoa\\\/\",\"url\":\"https:\\\/\\\/iraurgiberritzen.eus\\\/es\\\/situacion-y-retos-del-tejido-industrial-de-urola-erdia-objeto-de-analisis-en-el-encuentro-celebrado-entre-enpresa-gunea-y-la-diputacion-foral-de-gipuzkoa\\\/\",\"name\":\"\\\"Situaci\u00f3n y retos del tejido industrial de Urola Erdia\\\" objeto de an\u00e1lisis en el encuentro celebrado entre Enpresa Gunea y la Diputaci\u00f3n Foral de Gipuzkoa - Iraurgi Berritzen\",\"isPartOf\":{\"@id\":\"https:\\\/\\\/iraurgiberritzen.eus\\\/es\\\/#website\"},\"primaryImageOfPage\":{\"@id\":\"https:\\\/\\\/iraurgiberritzen.eus\\\/es\\\/situacion-y-retos-del-tejido-industrial-de-urola-erdia-objeto-de-analisis-en-el-encuentro-celebrado-entre-enpresa-gunea-y-la-diputacion-foral-de-gipuzkoa\\\/#primaryimage\"},\"image\":{\"@id\":\"https:\\\/\\\/iraurgiberritzen.eus\\\/es\\\/situacion-y-retos-del-tejido-industrial-de-urola-erdia-objeto-de-analisis-en-el-encuentro-celebrado-entre-enpresa-gunea-y-la-diputacion-foral-de-gipuzkoa\\\/#primaryimage\"},\"thumbnailUrl\":\"https:\\\/\\\/iraurgiberritzen.eus\\\/wp-content\\\/uploads\\\/2024\\\/03\\\/PORTADA-IB-WEB-800-x-550-px-24.png\",\"datePublished\":\"2024-03-14T08:22:49+00:00\",\"dateModified\":\"2024-03-14T15:13:42+00:00\",\"breadcrumb\":{\"@id\":\"https:\\\/\\\/iraurgiberritzen.eus\\\/es\\\/situacion-y-retos-del-tejido-industrial-de-urola-erdia-objeto-de-analisis-en-el-encuentro-celebrado-entre-enpresa-gunea-y-la-diputacion-foral-de-gipuzkoa\\\/#breadcrumb\"},\"inLanguage\":\"es\",\"potentialAction\":[{\"@type\":\"ReadAction\",\"target\":[\"https:\\\/\\\/iraurgiberritzen.eus\\\/es\\\/situacion-y-retos-del-tejido-industrial-de-urola-erdia-objeto-de-analisis-en-el-encuentro-celebrado-entre-enpresa-gunea-y-la-diputacion-foral-de-gipuzkoa\\\/\"]}]},{\"@type\":\"ImageObject\",\"inLanguage\":\"es\",\"@id\":\"https:\\\/\\\/iraurgiberritzen.eus\\\/es\\\/situacion-y-retos-del-tejido-industrial-de-urola-erdia-objeto-de-analisis-en-el-encuentro-celebrado-entre-enpresa-gunea-y-la-diputacion-foral-de-gipuzkoa\\\/#primaryimage\",\"url\":\"https:\\\/\\\/iraurgiberritzen.eus\\\/wp-content\\\/uploads\\\/2024\\\/03\\\/PORTADA-IB-WEB-800-x-550-px-24.png\",\"contentUrl\":\"https:\\\/\\\/iraurgiberritzen.eus\\\/wp-content\\\/uploads\\\/2024\\\/03\\\/PORTADA-IB-WEB-800-x-550-px-24.png\",\"width\":800,\"height\":550},{\"@type\":\"BreadcrumbList\",\"@id\":\"https:\\\/\\\/iraurgiberritzen.eus\\\/es\\\/situacion-y-retos-del-tejido-industrial-de-urola-erdia-objeto-de-analisis-en-el-encuentro-celebrado-entre-enpresa-gunea-y-la-diputacion-foral-de-gipuzkoa\\\/#breadcrumb\",\"itemListElement\":[{\"@type\":\"ListItem\",\"position\":1,\"name\":\"Home\",\"item\":\"https:\\\/\\\/iraurgiberritzen.eus\\\/es\\\/\"},{\"@type\":\"ListItem\",\"position\":2,\"name\":\"&#8220;Situaci\u00f3n y retos del tejido industrial de Urola Erdia&#8221; objeto de an\u00e1lisis en el encuentro celebrado entre Enpresa Gunea y la Diputaci\u00f3n Foral de Gipuzkoa\"}]},{\"@type\":\"WebSite\",\"@id\":\"https:\\\/\\\/iraurgiberritzen.eus\\\/es\\\/#website\",\"url\":\"https:\\\/\\\/iraurgiberritzen.eus\\\/es\\\/\",\"name\":\"Iraurgi Berritzen\",\"description\":\"Urola Erdiko Garapen Agentzia\",\"publisher\":{\"@id\":\"https:\\\/\\\/iraurgiberritzen.eus\\\/es\\\/#organization\"},\"potentialAction\":[{\"@type\":\"SearchAction\",\"target\":{\"@type\":\"EntryPoint\",\"urlTemplate\":\"https:\\\/\\\/iraurgiberritzen.eus\\\/es\\\/?s={search_term_string}\"},\"query-input\":{\"@type\":\"PropertyValueSpecification\",\"valueRequired\":true,\"valueName\":\"search_term_string\"}}],\"inLanguage\":\"es\"},{\"@type\":\"Organization\",\"@id\":\"https:\\\/\\\/iraurgiberritzen.eus\\\/es\\\/#organization\",\"name\":\"Iraurgi Berritzen\",\"url\":\"https:\\\/\\\/iraurgiberritzen.eus\\\/es\\\/\",\"logo\":{\"@type\":\"ImageObject\",\"inLanguage\":\"es\",\"@id\":\"https:\\\/\\\/iraurgiberritzen.eus\\\/es\\\/#\\\/schema\\\/logo\\\/image\\\/\",\"url\":\"https:\\\/\\\/iraurgiberritzen.eus\\\/wp-content\\\/uploads\\\/2024\\\/02\\\/IRAURGI-BERRITZEN-logotipoa_2.png\",\"contentUrl\":\"https:\\\/\\\/iraurgiberritzen.eus\\\/wp-content\\\/uploads\\\/2024\\\/02\\\/IRAURGI-BERRITZEN-logotipoa_2.png\",\"width\":496,\"height\":190,\"caption\":\"Iraurgi Berritzen\"},\"image\":{\"@id\":\"https:\\\/\\\/iraurgiberritzen.eus\\\/es\\\/#\\\/schema\\\/logo\\\/image\\\/\"}},{\"@type\":\"Person\",\"@id\":\"https:\\\/\\\/iraurgiberritzen.eus\\\/es\\\/#\\\/schema\\\/person\\\/a32c9825b3e2bfcbe757a97f6a15c8a5\",\"name\":\"ainara\"}]}<\/script>\n<!-- \/ Yoast SEO plugin. -->","yoast_head_json":{"title":"\"Situaci\u00f3n y retos del tejido industrial de Urola Erdia\" objeto de an\u00e1lisis en el encuentro celebrado entre Enpresa Gunea y la Diputaci\u00f3n Foral de Gipuzkoa - Iraurgi Berritzen","robots":{"index":"index","follow":"follow","max-snippet":"max-snippet:-1","max-image-preview":"max-image-preview:large","max-video-preview":"max-video-preview:-1"},"canonical":"https:\/\/iraurgiberritzen.eus\/es\/situacion-y-retos-del-tejido-industrial-de-urola-erdia-objeto-de-analisis-en-el-encuentro-celebrado-entre-enpresa-gunea-y-la-diputacion-foral-de-gipuzkoa\/","og_locale":"es_ES","og_type":"article","og_title":"\"Situaci\u00f3n y retos del tejido industrial de Urola Erdia\" objeto de an\u00e1lisis en el encuentro celebrado entre Enpresa Gunea y la Diputaci\u00f3n Foral de Gipuzkoa - Iraurgi Berritzen","og_description":"El pasado 13 de marzo se celebr\u00f3 en el Palacio Basazabal de Azpeitia la primera reuni\u00f3n anual entre representantes de Enpresa Gunea de Urola Erdia, en el marco del \u00c1rea de Empresas de Iraurgi Berritzen,\u00a0 con la participaci\u00f3n de Unai Andueza, Director de Promoci\u00f3n Econ\u00f3mica de la Diputaci\u00f3n Foral de Gipuzkoa.\u00a0 Los objetivos del encuentro [&hellip;]","og_url":"https:\/\/iraurgiberritzen.eus\/es\/situacion-y-retos-del-tejido-industrial-de-urola-erdia-objeto-de-analisis-en-el-encuentro-celebrado-entre-enpresa-gunea-y-la-diputacion-foral-de-gipuzkoa\/","og_site_name":"Iraurgi Berritzen","article_published_time":"2024-03-14T08:22:49+00:00","article_modified_time":"2024-03-14T15:13:42+00:00","og_image":[{"width":800,"height":550,"url":"https:\/\/iraurgiberritzen.eus\/wp-content\/uploads\/2024\/03\/PORTADA-IB-WEB-800-x-550-px-24.png","type":"image\/png"}],"author":"ainara","twitter_card":"summary_large_image","twitter_misc":{"Escrito por":"ainara","Tiempo de lectura":"2 minutos"},"schema":{"@context":"https:\/\/schema.org","@graph":[{"@type":"Article","@id":"https:\/\/iraurgiberritzen.eus\/es\/situacion-y-retos-del-tejido-industrial-de-urola-erdia-objeto-de-analisis-en-el-encuentro-celebrado-entre-enpresa-gunea-y-la-diputacion-foral-de-gipuzkoa\/#article","isPartOf":{"@id":"https:\/\/iraurgiberritzen.eus\/es\/situacion-y-retos-del-tejido-industrial-de-urola-erdia-objeto-de-analisis-en-el-encuentro-celebrado-entre-enpresa-gunea-y-la-diputacion-foral-de-gipuzkoa\/"},"author":{"name":"ainara","@id":"https:\/\/iraurgiberritzen.eus\/es\/#\/schema\/person\/a32c9825b3e2bfcbe757a97f6a15c8a5"},"headline":"\u00abSituaci\u00f3n y retos del tejido industrial de Urola Erdia\u00bb objeto de an\u00e1lisis en el encuentro celebrado entre Enpresa Gunea y la Diputaci\u00f3n Foral de Gipuzkoa","datePublished":"2024-03-14T08:22:49+00:00","dateModified":"2024-03-14T15:13:42+00:00","mainEntityOfPage":{"@id":"https:\/\/iraurgiberritzen.eus\/es\/situacion-y-retos-del-tejido-industrial-de-urola-erdia-objeto-de-analisis-en-el-encuentro-celebrado-entre-enpresa-gunea-y-la-diputacion-foral-de-gipuzkoa\/"},"wordCount":191,"publisher":{"@id":"https:\/\/iraurgiberritzen.eus\/es\/#organization"},"image":{"@id":"https:\/\/iraurgiberritzen.eus\/es\/situacion-y-retos-del-tejido-industrial-de-urola-erdia-objeto-de-analisis-en-el-encuentro-celebrado-entre-enpresa-gunea-y-la-diputacion-foral-de-gipuzkoa\/#primaryimage"},"thumbnailUrl":"https:\/\/iraurgiberritzen.eus\/wp-content\/uploads\/2024\/03\/PORTADA-IB-WEB-800-x-550-px-24.png","articleSection":["Noticias"],"inLanguage":"es"},{"@type":"WebPage","@id":"https:\/\/iraurgiberritzen.eus\/es\/situacion-y-retos-del-tejido-industrial-de-urola-erdia-objeto-de-analisis-en-el-encuentro-celebrado-entre-enpresa-gunea-y-la-diputacion-foral-de-gipuzkoa\/","url":"https:\/\/iraurgiberritzen.eus\/es\/situacion-y-retos-del-tejido-industrial-de-urola-erdia-objeto-de-analisis-en-el-encuentro-celebrado-entre-enpresa-gunea-y-la-diputacion-foral-de-gipuzkoa\/","name":"\"Situaci\u00f3n y retos del tejido industrial de Urola Erdia\" objeto de an\u00e1lisis en el encuentro celebrado entre Enpresa Gunea y la Diputaci\u00f3n Foral de Gipuzkoa - Iraurgi Berritzen","isPartOf":{"@id":"https:\/\/iraurgiberritzen.eus\/es\/#website"},"primaryImageOfPage":{"@id":"https:\/\/iraurgiberritzen.eus\/es\/situacion-y-retos-del-tejido-industrial-de-urola-erdia-objeto-de-analisis-en-el-encuentro-celebrado-entre-enpresa-gunea-y-la-diputacion-foral-de-gipuzkoa\/#primaryimage"},"image":{"@id":"https:\/\/iraurgiberritzen.eus\/es\/situacion-y-retos-del-tejido-industrial-de-urola-erdia-objeto-de-analisis-en-el-encuentro-celebrado-entre-enpresa-gunea-y-la-diputacion-foral-de-gipuzkoa\/#primaryimage"},"thumbnailUrl":"https:\/\/iraurgiberritzen.eus\/wp-content\/uploads\/2024\/03\/PORTADA-IB-WEB-800-x-550-px-24.png","datePublished":"2024-03-14T08:22:49+00:00","dateModified":"2024-03-14T15:13:42+00:00","breadcrumb":{"@id":"https:\/\/iraurgiberritzen.eus\/es\/situacion-y-retos-del-tejido-industrial-de-urola-erdia-objeto-de-analisis-en-el-encuentro-celebrado-entre-enpresa-gunea-y-la-diputacion-foral-de-gipuzkoa\/#breadcrumb"},"inLanguage":"es","potentialAction":[{"@type":"ReadAction","target":["https:\/\/iraurgiberritzen.eus\/es\/situacion-y-retos-del-tejido-industrial-de-urola-erdia-objeto-de-analisis-en-el-encuentro-celebrado-entre-enpresa-gunea-y-la-diputacion-foral-de-gipuzkoa\/"]}]},{"@type":"ImageObject","inLanguage":"es","@id":"https:\/\/iraurgiberritzen.eus\/es\/situacion-y-retos-del-tejido-industrial-de-urola-erdia-objeto-de-analisis-en-el-encuentro-celebrado-entre-enpresa-gunea-y-la-diputacion-foral-de-gipuzkoa\/#primaryimage","url":"https:\/\/iraurgiberritzen.eus\/wp-content\/uploads\/2024\/03\/PORTADA-IB-WEB-800-x-550-px-24.png","contentUrl":"https:\/\/iraurgiberritzen.eus\/wp-content\/uploads\/2024\/03\/PORTADA-IB-WEB-800-x-550-px-24.png","width":800,"height":550},{"@type":"BreadcrumbList","@id":"https:\/\/iraurgiberritzen.eus\/es\/situacion-y-retos-del-tejido-industrial-de-urola-erdia-objeto-de-analisis-en-el-encuentro-celebrado-entre-enpresa-gunea-y-la-diputacion-foral-de-gipuzkoa\/#breadcrumb","itemListElement":[{"@type":"ListItem","position":1,"name":"Home","item":"https:\/\/iraurgiberritzen.eus\/es\/"},{"@type":"ListItem","position":2,"name":"&#8220;Situaci\u00f3n y retos del tejido industrial de Urola Erdia&#8221; objeto de an\u00e1lisis en el encuentro celebrado entre Enpresa Gunea y la Diputaci\u00f3n Foral de Gipuzkoa"}]},{"@type":"WebSite","@id":"https:\/\/iraurgiberritzen.eus\/es\/#website","url":"https:\/\/iraurgiberritzen.eus\/es\/","name":"Iraurgi Berritzen","description":"Urola Erdiko Garapen Agentzia","publisher":{"@id":"https:\/\/iraurgiberritzen.eus\/es\/#organization"},"potentialAction":[{"@type":"SearchAction","target":{"@type":"EntryPoint","urlTemplate":"https:\/\/iraurgiberritzen.eus\/es\/?s={search_term_string}"},"query-input":{"@type":"PropertyValueSpecification","valueRequired":true,"valueName":"search_term_string"}}],"inLanguage":"es"},{"@type":"Organization","@id":"https:\/\/iraurgiberritzen.eus\/es\/#organization","name":"Iraurgi Berritzen","url":"https:\/\/iraurgiberritzen.eus\/es\/","logo":{"@type":"ImageObject","inLanguage":"es","@id":"https:\/\/iraurgiberritzen.eus\/es\/#\/schema\/logo\/image\/","url":"https:\/\/iraurgiberritzen.eus\/wp-content\/uploads\/2024\/02\/IRAURGI-BERRITZEN-logotipoa_2.png","contentUrl":"https:\/\/iraurgiberritzen.eus\/wp-content\/uploads\/2024\/02\/IRAURGI-BERRITZEN-logotipoa_2.png","width":496,"height":190,"caption":"Iraurgi Berritzen"},"image":{"@id":"https:\/\/iraurgiberritzen.eus\/es\/#\/schema\/logo\/image\/"}},{"@type":"Person","@id":"https:\/\/iraurgiberritzen.eus\/es\/#\/schema\/person\/a32c9825b3e2bfcbe757a97f6a15c8a5","name":"ainara"}]}},"_links":{"self":[{"href":"https:\/\/iraurgiberritzen.eus\/es\/wp-json\/wp\/v2\/posts\/19442","targetHints":{"allow":["GET"]}}],"collection":[{"href":"https:\/\/iraurgiberritzen.eus\/es\/wp-json\/wp\/v2\/posts"}],"about":[{"href":"https:\/\/iraurgiberritzen.eus\/es\/wp-json\/wp\/v2\/types\/post"}],"author":[{"embeddable":true,"href":"https:\/\/iraurgiberritzen.eus\/es\/wp-json\/wp\/v2\/users\/4"}],"replies":[{"embeddable":true,"href":"https:\/\/iraurgiberritzen.eus\/es\/wp-json\/wp\/v2\/comments?post=19442"}],"version-history":[{"count":5,"href":"https:\/\/iraurgiberritzen.eus\/es\/wp-json\/wp\/v2\/posts\/19442\/revisions"}],"predecessor-version":[{"id":19467,"href":"https:\/\/iraurgiberritzen.eus\/es\/wp-json\/wp\/v2\/posts\/19442\/revisions\/19467"}],"wp:featuredmedia":[{"embeddable":true,"href":"https:\/\/iraurgiberritzen.eus\/es\/wp-json\/wp\/v2\/media\/19459"}],"wp:attachment":[{"href":"https:\/\/iraurgiberritzen.eus\/es\/wp-json\/wp\/v2\/media?parent=19442"}],"wp:term":[{"taxonomy":"category","embeddable":true,"href":"https:\/\/iraurgiberritzen.eus\/es\/wp-json\/wp\/v2\/categories?post=19442"},{"taxonomy":"post_tag","embeddable":true,"href":"https:\/\/iraurgiberritzen.eus\/es\/wp-json\/wp\/v2\/tags?post=19442"}],"curies":[{"name":"wp","href":"https:\/\/api.w.org\/{rel}","templated":true}]}}