{"id":19474,"date":"2024-03-15T11:41:24","date_gmt":"2024-03-15T09:41:24","guid":{"rendered":"https:\/\/iraurgiberritzen.eus\/?p=19474"},"modified":"2024-03-15T12:16:08","modified_gmt":"2024-03-15T10:16:08","slug":"en-marcha-las-jornadas-juridicas-informativas-dirigidas-a-empresas-industriales-de-la-comarca","status":"publish","type":"post","link":"https:\/\/iraurgiberritzen.eus\/es\/en-marcha-las-jornadas-juridicas-informativas-dirigidas-a-empresas-industriales-de-la-comarca\/","title":{"rendered":"En marcha las jornadas jur\u00eddicas informativas dirigidas a empresas industriales de la comarca"},"content":{"rendered":"<p>En base a las propuestas de <strong><a href=\"https:\/\/iraurgiberritzen.eus\/es\/gobernanza-colaborativa\/#enpresa-gunea\">Enpresa Gunea<\/a><\/strong> de Iraurgi Berritzen, dentro del Programa IKASIZ 2024, se han organizado en los pr\u00f3ximos meses, con el apoyo de la Diputaci\u00f3n Foral de Gipuzkoa, varias jornadas informativas dirigidas a las empresas industriales de la comarca, desde un enfoque jur\u00eddico.<\/p>\n<p>Hoy, 14 de marzo, se ha celebrado la primera jornada de este a\u00f1o sobre \u00abEl Sistema interno de informaci\u00f3n por exigencia de la ley 2\/2023 de protecci\u00f3n del informante\u00bb.<\/p>\n<p>En ella, de la mano de la Consultora LKS NEXT LEGAL, empresas de la comarca han conocido las obligaciones que la Ley de Protecci\u00f3n del Informante establece para las empresas en relaci\u00f3n al sistema interno del informante. Adem\u00e1s, se ha realizado la implantaci\u00f3n pr\u00e1ctica del dise\u00f1o, implantaci\u00f3n y gesti\u00f3n del Sistema Interno de Informaci\u00f3n exigido por la Ley 2\/2023. A su vez, las empresas participantes han tenido la oportunidad de resolver sus dudas y preguntas.<\/p>\n<p>El objetivo del Programa Ikasiz, es fomentar la capacitaci\u00f3n de las empresas mediante jornadas informativas, de sensibilizaci\u00f3n y de buenas pr\u00e1cticas, como procesos de aprendizaje, en diferentes \u00e1mbitos de gesti\u00f3n empresarial (tecnol\u00f3gico, personas, producci\u00f3n, innovaci\u00f3n en gesti\u00f3n\u2026) en base a propuestas de las empresas.<\/p>\n<p><span class=\"TextRun SCXW41377934 BCX0\" lang=\"EU-ES\" xml:lang=\"EU-ES\" data-contrast=\"none\"><span class=\"NormalTextRun SCXW41377934 BCX0\">Las <\/span><span class=\"NormalTextRun SpellingErrorV2Themed SCXW41377934 BCX0\">empresas<\/span> <span class=\"NormalTextRun SpellingErrorV2Themed SCXW41377934 BCX0\">interesadas<\/span> <span class=\"NormalTextRun SpellingErrorV2Themed SCXW41377934 BCX0\">en<\/span> <span class=\"NormalTextRun SpellingErrorV2Themed SCXW41377934 BCX0\">participar<\/span> <span class=\"NormalTextRun SpellingErrorV2Themed SCXW41377934 BCX0\">en<\/span> <span class=\"NormalTextRun SpellingErrorV2Themed SCXW41377934 BCX0\">las<\/span> <span class=\"NormalTextRun SpellingErrorV2Themed SCXW41377934 BCX0\">jornadas<\/span> <span class=\"NormalTextRun SpellingErrorV2Themed SCXW41377934 BCX0\">que<\/span> <span class=\"NormalTextRun SpellingErrorV2Themed SCXW41377934 BCX0\">se<\/span> <span class=\"NormalTextRun SpellingErrorV2Themed SCXW41377934 BCX0\">celebrar\u00e1n<\/span> <span class=\"NormalTextRun SpellingErrorV2Themed SCXW41377934 BCX0\">pr\u00f3ximamente<\/span><span class=\"NormalTextRun SCXW41377934 BCX0\">, <\/span><span class=\"NormalTextRun SpellingErrorV2Themed SCXW41377934 BCX0\">deber\u00e1n<\/span> <span class=\"NormalTextRun SpellingErrorV2Themed SCXW41377934 BCX0\">inscribirse<\/span><span class=\"NormalTextRun SCXW41377934 BCX0\"> a <\/span><span class=\"NormalTextRun SpellingErrorV2Themed SCXW41377934 BCX0\">trav\u00e9s<\/span><span class=\"NormalTextRun SCXW41377934 BCX0\"> del <\/span><span class=\"NormalTextRun SpellingErrorV2Themed SCXW41377934 BCX0\">siguiente<\/span> <\/span><a class=\"Hyperlink SCXW41377934 BCX0\" href=\"https:\/\/forms.office.com\/Pages\/ResponsePage.aspx?id=S5DeT3Jq90W0WLjBrBndp1jySGu9zxtIpCkBAthDUWpUQ1pPQUI5V1EyVUpZN00yODNHSkgxUVc3SSQlQCN0PWcu\" target=\"_blank\" rel=\"noreferrer noopener\"><span class=\"TextRun Underlined MacChromeBold SCXW41377934 BCX0\" lang=\"EU-ES\" xml:lang=\"EU-ES\" data-contrast=\"none\"><span class=\"NormalTextRun SCXW41377934 BCX0\" data-ccp-charstyle=\"Hyperlink\"><strong>enlace<\/strong><\/span><\/span><\/a><span class=\"TextRun SCXW41377934 BCX0\" lang=\"EU-ES\" xml:lang=\"EU-ES\" data-contrast=\"none\"><span class=\"NormalTextRun SCXW41377934 BCX0\">:<\/span><span class=\"NormalTextRun SCXW41377934 BCX0\">\u00a0<\/span><\/span><\/p>\n<p style=\"text-align: center;\"><img loading=\"lazy\" decoding=\"async\" class=\"alignnone wp-image-19478\" src=\"https:\/\/iraurgiberritzen.eus\/wp-content\/uploads\/2024\/03\/Ikasiz-Legala_Proximas-jornadas-300x206.png\" alt=\"\" width=\"800\" height=\"549\" srcset=\"https:\/\/iraurgiberritzen.eus\/wp-content\/uploads\/2024\/03\/Ikasiz-Legala_Proximas-jornadas-300x206.png 300w, https:\/\/iraurgiberritzen.eus\/wp-content\/uploads\/2024\/03\/Ikasiz-Legala_Proximas-jornadas-768x528.png 768w, https:\/\/iraurgiberritzen.eus\/wp-content\/uploads\/2024\/03\/Ikasiz-Legala_Proximas-jornadas.png 800w\" sizes=\"auto, (max-width: 800px) 100vw, 800px\" \/><\/p>\n<p style=\"text-align: center;\">\n","protected":false},"excerpt":{"rendered":"<p>En base a las propuestas de Enpresa Gunea de Iraurgi Berritzen, dentro del Programa IKASIZ 2024, se han organizado en los pr\u00f3ximos meses, con el apoyo de la Diputaci\u00f3n Foral de Gipuzkoa, varias jornadas informativas dirigidas a las empresas industriales de la comarca, desde un enfoque jur\u00eddico. Hoy, 14 de marzo, se ha celebrado la [&hellip;]<\/p>\n","protected":false},"author":4,"featured_media":19472,"comment_status":"closed","ping_status":"closed","sticky":false,"template":"","format":"standard","meta":{"_acf_changed":false,"footnotes":""},"categories":[4],"tags":[],"class_list":["post-19474","post","type-post","status-publish","format-standard","has-post-thumbnail","hentry","category-noticias","arloak-enpresa"],"acf":[],"yoast_head":"<!-- This site is optimized with the Yoast SEO plugin v27.4 - https:\/\/yoast.com\/product\/yoast-seo-wordpress\/ -->\n<title>En marcha las jornadas jur\u00eddicas informativas dirigidas a empresas industriales de la comarca - Iraurgi Berritzen<\/title>\n<meta name=\"robots\" content=\"index, follow, max-snippet:-1, max-image-preview:large, max-video-preview:-1\" \/>\n<link rel=\"canonical\" href=\"https:\/\/iraurgiberritzen.eus\/es\/en-marcha-las-jornadas-juridicas-informativas-dirigidas-a-empresas-industriales-de-la-comarca\/\" \/>\n<meta property=\"og:locale\" content=\"es_ES\" \/>\n<meta property=\"og:type\" content=\"article\" \/>\n<meta property=\"og:title\" content=\"En marcha las jornadas jur\u00eddicas informativas dirigidas a empresas industriales de la comarca - Iraurgi Berritzen\" \/>\n<meta property=\"og:description\" content=\"En base a las propuestas de Enpresa Gunea de Iraurgi Berritzen, dentro del Programa IKASIZ 2024, se han organizado en los pr\u00f3ximos meses, con el apoyo de la Diputaci\u00f3n Foral de Gipuzkoa, varias jornadas informativas dirigidas a las empresas industriales de la comarca, desde un enfoque jur\u00eddico. Hoy, 14 de marzo, se ha celebrado la [&hellip;]\" \/>\n<meta property=\"og:url\" content=\"https:\/\/iraurgiberritzen.eus\/es\/en-marcha-las-jornadas-juridicas-informativas-dirigidas-a-empresas-industriales-de-la-comarca\/\" \/>\n<meta property=\"og:site_name\" content=\"Iraurgi Berritzen\" \/>\n<meta property=\"article:published_time\" content=\"2024-03-15T09:41:24+00:00\" \/>\n<meta property=\"article:modified_time\" content=\"2024-03-15T10:16:08+00:00\" \/>\n<meta property=\"og:image\" content=\"https:\/\/iraurgiberritzen.eus\/wp-content\/uploads\/2024\/03\/IKASIZ-LEGALA_1.JARDUNALDIA.png\" \/>\n\t<meta property=\"og:image:width\" content=\"800\" \/>\n\t<meta property=\"og:image:height\" content=\"550\" \/>\n\t<meta property=\"og:image:type\" content=\"image\/png\" \/>\n<meta name=\"author\" content=\"ainara\" \/>\n<meta name=\"twitter:card\" content=\"summary_large_image\" \/>\n<meta name=\"twitter:label1\" content=\"Escrito por\" \/>\n\t<meta name=\"twitter:data1\" content=\"ainara\" \/>\n\t<meta name=\"twitter:label2\" content=\"Tiempo de lectura\" \/>\n\t<meta name=\"twitter:data2\" content=\"2 minutos\" \/>\n<script type=\"application\/ld+json\" class=\"yoast-schema-graph\">{\"@context\":\"https:\\\/\\\/schema.org\",\"@graph\":[{\"@type\":\"Article\",\"@id\":\"https:\\\/\\\/iraurgiberritzen.eus\\\/es\\\/en-marcha-las-jornadas-juridicas-informativas-dirigidas-a-empresas-industriales-de-la-comarca\\\/#article\",\"isPartOf\":{\"@id\":\"https:\\\/\\\/iraurgiberritzen.eus\\\/es\\\/en-marcha-las-jornadas-juridicas-informativas-dirigidas-a-empresas-industriales-de-la-comarca\\\/\"},\"author\":{\"name\":\"ainara\",\"@id\":\"https:\\\/\\\/iraurgiberritzen.eus\\\/es\\\/#\\\/schema\\\/person\\\/a32c9825b3e2bfcbe757a97f6a15c8a5\"},\"headline\":\"En marcha las jornadas jur\u00eddicas informativas dirigidas a empresas industriales de la comarca\",\"datePublished\":\"2024-03-15T09:41:24+00:00\",\"dateModified\":\"2024-03-15T10:16:08+00:00\",\"mainEntityOfPage\":{\"@id\":\"https:\\\/\\\/iraurgiberritzen.eus\\\/es\\\/en-marcha-las-jornadas-juridicas-informativas-dirigidas-a-empresas-industriales-de-la-comarca\\\/\"},\"wordCount\":251,\"publisher\":{\"@id\":\"https:\\\/\\\/iraurgiberritzen.eus\\\/es\\\/#organization\"},\"image\":{\"@id\":\"https:\\\/\\\/iraurgiberritzen.eus\\\/es\\\/en-marcha-las-jornadas-juridicas-informativas-dirigidas-a-empresas-industriales-de-la-comarca\\\/#primaryimage\"},\"thumbnailUrl\":\"https:\\\/\\\/iraurgiberritzen.eus\\\/wp-content\\\/uploads\\\/2024\\\/03\\\/IKASIZ-LEGALA_1.JARDUNALDIA.png\",\"articleSection\":[\"Noticias\"],\"inLanguage\":\"es\"},{\"@type\":\"WebPage\",\"@id\":\"https:\\\/\\\/iraurgiberritzen.eus\\\/es\\\/en-marcha-las-jornadas-juridicas-informativas-dirigidas-a-empresas-industriales-de-la-comarca\\\/\",\"url\":\"https:\\\/\\\/iraurgiberritzen.eus\\\/es\\\/en-marcha-las-jornadas-juridicas-informativas-dirigidas-a-empresas-industriales-de-la-comarca\\\/\",\"name\":\"En marcha las jornadas jur\u00eddicas informativas dirigidas a empresas industriales de la comarca - Iraurgi Berritzen\",\"isPartOf\":{\"@id\":\"https:\\\/\\\/iraurgiberritzen.eus\\\/es\\\/#website\"},\"primaryImageOfPage\":{\"@id\":\"https:\\\/\\\/iraurgiberritzen.eus\\\/es\\\/en-marcha-las-jornadas-juridicas-informativas-dirigidas-a-empresas-industriales-de-la-comarca\\\/#primaryimage\"},\"image\":{\"@id\":\"https:\\\/\\\/iraurgiberritzen.eus\\\/es\\\/en-marcha-las-jornadas-juridicas-informativas-dirigidas-a-empresas-industriales-de-la-comarca\\\/#primaryimage\"},\"thumbnailUrl\":\"https:\\\/\\\/iraurgiberritzen.eus\\\/wp-content\\\/uploads\\\/2024\\\/03\\\/IKASIZ-LEGALA_1.JARDUNALDIA.png\",\"datePublished\":\"2024-03-15T09:41:24+00:00\",\"dateModified\":\"2024-03-15T10:16:08+00:00\",\"breadcrumb\":{\"@id\":\"https:\\\/\\\/iraurgiberritzen.eus\\\/es\\\/en-marcha-las-jornadas-juridicas-informativas-dirigidas-a-empresas-industriales-de-la-comarca\\\/#breadcrumb\"},\"inLanguage\":\"es\",\"potentialAction\":[{\"@type\":\"ReadAction\",\"target\":[\"https:\\\/\\\/iraurgiberritzen.eus\\\/es\\\/en-marcha-las-jornadas-juridicas-informativas-dirigidas-a-empresas-industriales-de-la-comarca\\\/\"]}]},{\"@type\":\"ImageObject\",\"inLanguage\":\"es\",\"@id\":\"https:\\\/\\\/iraurgiberritzen.eus\\\/es\\\/en-marcha-las-jornadas-juridicas-informativas-dirigidas-a-empresas-industriales-de-la-comarca\\\/#primaryimage\",\"url\":\"https:\\\/\\\/iraurgiberritzen.eus\\\/wp-content\\\/uploads\\\/2024\\\/03\\\/IKASIZ-LEGALA_1.JARDUNALDIA.png\",\"contentUrl\":\"https:\\\/\\\/iraurgiberritzen.eus\\\/wp-content\\\/uploads\\\/2024\\\/03\\\/IKASIZ-LEGALA_1.JARDUNALDIA.png\",\"width\":800,\"height\":550},{\"@type\":\"BreadcrumbList\",\"@id\":\"https:\\\/\\\/iraurgiberritzen.eus\\\/es\\\/en-marcha-las-jornadas-juridicas-informativas-dirigidas-a-empresas-industriales-de-la-comarca\\\/#breadcrumb\",\"itemListElement\":[{\"@type\":\"ListItem\",\"position\":1,\"name\":\"Home\",\"item\":\"https:\\\/\\\/iraurgiberritzen.eus\\\/es\\\/\"},{\"@type\":\"ListItem\",\"position\":2,\"name\":\"En marcha las jornadas jur\u00eddicas informativas dirigidas a empresas industriales de la comarca\"}]},{\"@type\":\"WebSite\",\"@id\":\"https:\\\/\\\/iraurgiberritzen.eus\\\/es\\\/#website\",\"url\":\"https:\\\/\\\/iraurgiberritzen.eus\\\/es\\\/\",\"name\":\"Iraurgi Berritzen\",\"description\":\"Urola Erdiko Garapen Agentzia\",\"publisher\":{\"@id\":\"https:\\\/\\\/iraurgiberritzen.eus\\\/es\\\/#organization\"},\"potentialAction\":[{\"@type\":\"SearchAction\",\"target\":{\"@type\":\"EntryPoint\",\"urlTemplate\":\"https:\\\/\\\/iraurgiberritzen.eus\\\/es\\\/?s={search_term_string}\"},\"query-input\":{\"@type\":\"PropertyValueSpecification\",\"valueRequired\":true,\"valueName\":\"search_term_string\"}}],\"inLanguage\":\"es\"},{\"@type\":\"Organization\",\"@id\":\"https:\\\/\\\/iraurgiberritzen.eus\\\/es\\\/#organization\",\"name\":\"Iraurgi Berritzen\",\"url\":\"https:\\\/\\\/iraurgiberritzen.eus\\\/es\\\/\",\"logo\":{\"@type\":\"ImageObject\",\"inLanguage\":\"es\",\"@id\":\"https:\\\/\\\/iraurgiberritzen.eus\\\/es\\\/#\\\/schema\\\/logo\\\/image\\\/\",\"url\":\"https:\\\/\\\/iraurgiberritzen.eus\\\/wp-content\\\/uploads\\\/2024\\\/02\\\/IRAURGI-BERRITZEN-logotipoa_2.png\",\"contentUrl\":\"https:\\\/\\\/iraurgiberritzen.eus\\\/wp-content\\\/uploads\\\/2024\\\/02\\\/IRAURGI-BERRITZEN-logotipoa_2.png\",\"width\":496,\"height\":190,\"caption\":\"Iraurgi Berritzen\"},\"image\":{\"@id\":\"https:\\\/\\\/iraurgiberritzen.eus\\\/es\\\/#\\\/schema\\\/logo\\\/image\\\/\"}},{\"@type\":\"Person\",\"@id\":\"https:\\\/\\\/iraurgiberritzen.eus\\\/es\\\/#\\\/schema\\\/person\\\/a32c9825b3e2bfcbe757a97f6a15c8a5\",\"name\":\"ainara\"}]}<\/script>\n<!-- \/ Yoast SEO plugin. -->","yoast_head_json":{"title":"En marcha las jornadas jur\u00eddicas informativas dirigidas a empresas industriales de la comarca - Iraurgi Berritzen","robots":{"index":"index","follow":"follow","max-snippet":"max-snippet:-1","max-image-preview":"max-image-preview:large","max-video-preview":"max-video-preview:-1"},"canonical":"https:\/\/iraurgiberritzen.eus\/es\/en-marcha-las-jornadas-juridicas-informativas-dirigidas-a-empresas-industriales-de-la-comarca\/","og_locale":"es_ES","og_type":"article","og_title":"En marcha las jornadas jur\u00eddicas informativas dirigidas a empresas industriales de la comarca - Iraurgi Berritzen","og_description":"En base a las propuestas de Enpresa Gunea de Iraurgi Berritzen, dentro del Programa IKASIZ 2024, se han organizado en los pr\u00f3ximos meses, con el apoyo de la Diputaci\u00f3n Foral de Gipuzkoa, varias jornadas informativas dirigidas a las empresas industriales de la comarca, desde un enfoque jur\u00eddico. Hoy, 14 de marzo, se ha celebrado la [&hellip;]","og_url":"https:\/\/iraurgiberritzen.eus\/es\/en-marcha-las-jornadas-juridicas-informativas-dirigidas-a-empresas-industriales-de-la-comarca\/","og_site_name":"Iraurgi Berritzen","article_published_time":"2024-03-15T09:41:24+00:00","article_modified_time":"2024-03-15T10:16:08+00:00","og_image":[{"width":800,"height":550,"url":"https:\/\/iraurgiberritzen.eus\/wp-content\/uploads\/2024\/03\/IKASIZ-LEGALA_1.JARDUNALDIA.png","type":"image\/png"}],"author":"ainara","twitter_card":"summary_large_image","twitter_misc":{"Escrito por":"ainara","Tiempo de lectura":"2 minutos"},"schema":{"@context":"https:\/\/schema.org","@graph":[{"@type":"Article","@id":"https:\/\/iraurgiberritzen.eus\/es\/en-marcha-las-jornadas-juridicas-informativas-dirigidas-a-empresas-industriales-de-la-comarca\/#article","isPartOf":{"@id":"https:\/\/iraurgiberritzen.eus\/es\/en-marcha-las-jornadas-juridicas-informativas-dirigidas-a-empresas-industriales-de-la-comarca\/"},"author":{"name":"ainara","@id":"https:\/\/iraurgiberritzen.eus\/es\/#\/schema\/person\/a32c9825b3e2bfcbe757a97f6a15c8a5"},"headline":"En marcha las jornadas jur\u00eddicas informativas dirigidas a empresas industriales de la comarca","datePublished":"2024-03-15T09:41:24+00:00","dateModified":"2024-03-15T10:16:08+00:00","mainEntityOfPage":{"@id":"https:\/\/iraurgiberritzen.eus\/es\/en-marcha-las-jornadas-juridicas-informativas-dirigidas-a-empresas-industriales-de-la-comarca\/"},"wordCount":251,"publisher":{"@id":"https:\/\/iraurgiberritzen.eus\/es\/#organization"},"image":{"@id":"https:\/\/iraurgiberritzen.eus\/es\/en-marcha-las-jornadas-juridicas-informativas-dirigidas-a-empresas-industriales-de-la-comarca\/#primaryimage"},"thumbnailUrl":"https:\/\/iraurgiberritzen.eus\/wp-content\/uploads\/2024\/03\/IKASIZ-LEGALA_1.JARDUNALDIA.png","articleSection":["Noticias"],"inLanguage":"es"},{"@type":"WebPage","@id":"https:\/\/iraurgiberritzen.eus\/es\/en-marcha-las-jornadas-juridicas-informativas-dirigidas-a-empresas-industriales-de-la-comarca\/","url":"https:\/\/iraurgiberritzen.eus\/es\/en-marcha-las-jornadas-juridicas-informativas-dirigidas-a-empresas-industriales-de-la-comarca\/","name":"En marcha las jornadas jur\u00eddicas informativas dirigidas a empresas industriales de la comarca - Iraurgi Berritzen","isPartOf":{"@id":"https:\/\/iraurgiberritzen.eus\/es\/#website"},"primaryImageOfPage":{"@id":"https:\/\/iraurgiberritzen.eus\/es\/en-marcha-las-jornadas-juridicas-informativas-dirigidas-a-empresas-industriales-de-la-comarca\/#primaryimage"},"image":{"@id":"https:\/\/iraurgiberritzen.eus\/es\/en-marcha-las-jornadas-juridicas-informativas-dirigidas-a-empresas-industriales-de-la-comarca\/#primaryimage"},"thumbnailUrl":"https:\/\/iraurgiberritzen.eus\/wp-content\/uploads\/2024\/03\/IKASIZ-LEGALA_1.JARDUNALDIA.png","datePublished":"2024-03-15T09:41:24+00:00","dateModified":"2024-03-15T10:16:08+00:00","breadcrumb":{"@id":"https:\/\/iraurgiberritzen.eus\/es\/en-marcha-las-jornadas-juridicas-informativas-dirigidas-a-empresas-industriales-de-la-comarca\/#breadcrumb"},"inLanguage":"es","potentialAction":[{"@type":"ReadAction","target":["https:\/\/iraurgiberritzen.eus\/es\/en-marcha-las-jornadas-juridicas-informativas-dirigidas-a-empresas-industriales-de-la-comarca\/"]}]},{"@type":"ImageObject","inLanguage":"es","@id":"https:\/\/iraurgiberritzen.eus\/es\/en-marcha-las-jornadas-juridicas-informativas-dirigidas-a-empresas-industriales-de-la-comarca\/#primaryimage","url":"https:\/\/iraurgiberritzen.eus\/wp-content\/uploads\/2024\/03\/IKASIZ-LEGALA_1.JARDUNALDIA.png","contentUrl":"https:\/\/iraurgiberritzen.eus\/wp-content\/uploads\/2024\/03\/IKASIZ-LEGALA_1.JARDUNALDIA.png","width":800,"height":550},{"@type":"BreadcrumbList","@id":"https:\/\/iraurgiberritzen.eus\/es\/en-marcha-las-jornadas-juridicas-informativas-dirigidas-a-empresas-industriales-de-la-comarca\/#breadcrumb","itemListElement":[{"@type":"ListItem","position":1,"name":"Home","item":"https:\/\/iraurgiberritzen.eus\/es\/"},{"@type":"ListItem","position":2,"name":"En marcha las jornadas jur\u00eddicas informativas dirigidas a empresas industriales de la comarca"}]},{"@type":"WebSite","@id":"https:\/\/iraurgiberritzen.eus\/es\/#website","url":"https:\/\/iraurgiberritzen.eus\/es\/","name":"Iraurgi Berritzen","description":"Urola Erdiko Garapen Agentzia","publisher":{"@id":"https:\/\/iraurgiberritzen.eus\/es\/#organization"},"potentialAction":[{"@type":"SearchAction","target":{"@type":"EntryPoint","urlTemplate":"https:\/\/iraurgiberritzen.eus\/es\/?s={search_term_string}"},"query-input":{"@type":"PropertyValueSpecification","valueRequired":true,"valueName":"search_term_string"}}],"inLanguage":"es"},{"@type":"Organization","@id":"https:\/\/iraurgiberritzen.eus\/es\/#organization","name":"Iraurgi Berritzen","url":"https:\/\/iraurgiberritzen.eus\/es\/","logo":{"@type":"ImageObject","inLanguage":"es","@id":"https:\/\/iraurgiberritzen.eus\/es\/#\/schema\/logo\/image\/","url":"https:\/\/iraurgiberritzen.eus\/wp-content\/uploads\/2024\/02\/IRAURGI-BERRITZEN-logotipoa_2.png","contentUrl":"https:\/\/iraurgiberritzen.eus\/wp-content\/uploads\/2024\/02\/IRAURGI-BERRITZEN-logotipoa_2.png","width":496,"height":190,"caption":"Iraurgi Berritzen"},"image":{"@id":"https:\/\/iraurgiberritzen.eus\/es\/#\/schema\/logo\/image\/"}},{"@type":"Person","@id":"https:\/\/iraurgiberritzen.eus\/es\/#\/schema\/person\/a32c9825b3e2bfcbe757a97f6a15c8a5","name":"ainara"}]}},"_links":{"self":[{"href":"https:\/\/iraurgiberritzen.eus\/es\/wp-json\/wp\/v2\/posts\/19474","targetHints":{"allow":["GET"]}}],"collection":[{"href":"https:\/\/iraurgiberritzen.eus\/es\/wp-json\/wp\/v2\/posts"}],"about":[{"href":"https:\/\/iraurgiberritzen.eus\/es\/wp-json\/wp\/v2\/types\/post"}],"author":[{"embeddable":true,"href":"https:\/\/iraurgiberritzen.eus\/es\/wp-json\/wp\/v2\/users\/4"}],"replies":[{"embeddable":true,"href":"https:\/\/iraurgiberritzen.eus\/es\/wp-json\/wp\/v2\/comments?post=19474"}],"version-history":[{"count":2,"href":"https:\/\/iraurgiberritzen.eus\/es\/wp-json\/wp\/v2\/posts\/19474\/revisions"}],"predecessor-version":[{"id":19482,"href":"https:\/\/iraurgiberritzen.eus\/es\/wp-json\/wp\/v2\/posts\/19474\/revisions\/19482"}],"wp:featuredmedia":[{"embeddable":true,"href":"https:\/\/iraurgiberritzen.eus\/es\/wp-json\/wp\/v2\/media\/19472"}],"wp:attachment":[{"href":"https:\/\/iraurgiberritzen.eus\/es\/wp-json\/wp\/v2\/media?parent=19474"}],"wp:term":[{"taxonomy":"category","embeddable":true,"href":"https:\/\/iraurgiberritzen.eus\/es\/wp-json\/wp\/v2\/categories?post=19474"},{"taxonomy":"post_tag","embeddable":true,"href":"https:\/\/iraurgiberritzen.eus\/es\/wp-json\/wp\/v2\/tags?post=19474"}],"curies":[{"name":"wp","href":"https:\/\/api.w.org\/{rel}","templated":true}]}}