{"id":19488,"date":"2024-03-15T13:05:35","date_gmt":"2024-03-15T11:05:35","guid":{"rendered":"https:\/\/iraurgiberritzen.eus\/?p=19488"},"modified":"2024-03-15T13:05:35","modified_gmt":"2024-03-15T11:05:35","slug":"las-personas-emprendedoras-de-la-comarca-han-dado-los-primeros-pasos-para-crear-un-espacio-de-colaboracion","status":"publish","type":"post","link":"https:\/\/iraurgiberritzen.eus\/es\/las-personas-emprendedoras-de-la-comarca-han-dado-los-primeros-pasos-para-crear-un-espacio-de-colaboracion\/","title":{"rendered":"Las personas emprendedoras de la comarca han dado los primeros pasos para crear un espacio de colaboraci\u00f3n"},"content":{"rendered":"<p>En 2017, los agentes que trabajan en el \u00e1mbito del emprendimiento y las personas emprendedoras de la comarca crearon KLINK, un proyecto que tiene como objetivo fomentar el emprendimiento en Urola Erdia. En el proyecto se definieron 3 l\u00edneas de trabajo; KLINK BIDE que tiene como objetivo ofrecer recursos, KLINK ATARI para dar visibilidad al emprendimiento y KLINK GUNE con el fin convertirse en un punto de encuentro de las personas emprendedoras.<\/p>\n<p>En los \u00faltimos a\u00f1os, el proyecto se ha ido afianzando, ofreciendo diferentes formaciones a lo largo del a\u00f1o, llevando a cabo acciones para dar visibilidad y organizando tertulias de caf\u00e9 para reunir a las personas emprendedoras. En \u00e9stas \u00faltimas sesiones se ha ido detectando el deseo de conocerse mutuamente y de establecer v\u00ednculos de colaboraci\u00f3n, y tras contrastar con un grupo de personas emprendedoras, se ha identificado la necesidasd de trabajar sobre dos nuevas propuestas.<\/p>\n<p>Por un lado, se crear\u00e1 y se expondr\u00e1 en la p\u00e1gina <a href=\"http:\/\/www.klink.eus\/\"><strong>klink.eus<\/strong> <\/a>el cat\u00e1logo de empresas que han creado diferentes personas emprendedoras de la comarca en los \u00faltimos a\u00f1os. En el cat\u00e1logo, las empresas podr\u00e1n dar a conocer sus productos y servicios. Y por otro, se dar\u00e1n los primeros pasos para formar una red de personas emprendedoras. Las que deseen participar en la misma tendr\u00e1n la oportunidad de intercambiar apredizajes obtenidos en su trayectoria emprendedora y de estudiar las posibilidades de colaboraci\u00f3n con las dem\u00e1s.<\/p>\n<p>La iniciativa, cuyo objetivo es fomentar el emprendimiento en la comarca, est\u00e1 dando pasos mediante acciones de valorizaci\u00f3n y visibilidad del emprendiento y reuniendo a su vez a las personas emprendedoras de la comarca.<\/p>\n","protected":false},"excerpt":{"rendered":"<p>En 2017, los agentes que trabajan en el \u00e1mbito del emprendimiento y las personas emprendedoras de la comarca crearon KLINK, un proyecto que tiene como objetivo fomentar el emprendimiento en Urola Erdia. En el proyecto se definieron 3 l\u00edneas de trabajo; KLINK BIDE que tiene como objetivo ofrecer recursos, KLINK ATARI para dar visibilidad al [&hellip;]<\/p>\n","protected":false},"author":4,"featured_media":19486,"comment_status":"closed","ping_status":"closed","sticky":false,"template":"","format":"standard","meta":{"_acf_changed":false,"footnotes":""},"categories":[4],"tags":[],"class_list":["post-19488","post","type-post","status-publish","format-standard","has-post-thumbnail","hentry","category-noticias","arloak-emprendimiento"],"acf":[],"yoast_head":"<!-- This site is optimized with the Yoast SEO plugin v27.4 - https:\/\/yoast.com\/product\/yoast-seo-wordpress\/ -->\n<title>Las personas emprendedoras de la comarca han dado los primeros pasos para crear un espacio de colaboraci\u00f3n - Iraurgi Berritzen<\/title>\n<meta name=\"robots\" content=\"index, follow, max-snippet:-1, max-image-preview:large, max-video-preview:-1\" \/>\n<link rel=\"canonical\" href=\"https:\/\/iraurgiberritzen.eus\/es\/las-personas-emprendedoras-de-la-comarca-han-dado-los-primeros-pasos-para-crear-un-espacio-de-colaboracion\/\" \/>\n<meta property=\"og:locale\" content=\"es_ES\" \/>\n<meta property=\"og:type\" content=\"article\" \/>\n<meta property=\"og:title\" content=\"Las personas emprendedoras de la comarca han dado los primeros pasos para crear un espacio de colaboraci\u00f3n - Iraurgi Berritzen\" \/>\n<meta property=\"og:description\" content=\"En 2017, los agentes que trabajan en el \u00e1mbito del emprendimiento y las personas emprendedoras de la comarca crearon KLINK, un proyecto que tiene como objetivo fomentar el emprendimiento en Urola Erdia. En el proyecto se definieron 3 l\u00edneas de trabajo; KLINK BIDE que tiene como objetivo ofrecer recursos, KLINK ATARI para dar visibilidad al [&hellip;]\" \/>\n<meta property=\"og:url\" content=\"https:\/\/iraurgiberritzen.eus\/es\/las-personas-emprendedoras-de-la-comarca-han-dado-los-primeros-pasos-para-crear-un-espacio-de-colaboracion\/\" \/>\n<meta property=\"og:site_name\" content=\"Iraurgi Berritzen\" \/>\n<meta property=\"article:published_time\" content=\"2024-03-15T11:05:35+00:00\" \/>\n<meta property=\"og:image\" content=\"https:\/\/iraurgiberritzen.eus\/wp-content\/uploads\/2024\/03\/2024_03_12_KLINK-GUNE_-Kafe-Tertulia.png\" \/>\n\t<meta property=\"og:image:width\" content=\"800\" \/>\n\t<meta property=\"og:image:height\" content=\"550\" \/>\n\t<meta property=\"og:image:type\" content=\"image\/png\" \/>\n<meta name=\"author\" content=\"ainara\" \/>\n<meta name=\"twitter:card\" content=\"summary_large_image\" \/>\n<meta name=\"twitter:label1\" content=\"Escrito por\" \/>\n\t<meta name=\"twitter:data1\" content=\"ainara\" \/>\n\t<meta name=\"twitter:label2\" content=\"Tiempo de lectura\" \/>\n\t<meta name=\"twitter:data2\" content=\"2 minutos\" \/>\n<script type=\"application\/ld+json\" class=\"yoast-schema-graph\">{\"@context\":\"https:\\\/\\\/schema.org\",\"@graph\":[{\"@type\":\"Article\",\"@id\":\"https:\\\/\\\/iraurgiberritzen.eus\\\/es\\\/las-personas-emprendedoras-de-la-comarca-han-dado-los-primeros-pasos-para-crear-un-espacio-de-colaboracion\\\/#article\",\"isPartOf\":{\"@id\":\"https:\\\/\\\/iraurgiberritzen.eus\\\/es\\\/las-personas-emprendedoras-de-la-comarca-han-dado-los-primeros-pasos-para-crear-un-espacio-de-colaboracion\\\/\"},\"author\":{\"name\":\"ainara\",\"@id\":\"https:\\\/\\\/iraurgiberritzen.eus\\\/es\\\/#\\\/schema\\\/person\\\/a32c9825b3e2bfcbe757a97f6a15c8a5\"},\"headline\":\"Las personas emprendedoras de la comarca han dado los primeros pasos para crear un espacio de colaboraci\u00f3n\",\"datePublished\":\"2024-03-15T11:05:35+00:00\",\"mainEntityOfPage\":{\"@id\":\"https:\\\/\\\/iraurgiberritzen.eus\\\/es\\\/las-personas-emprendedoras-de-la-comarca-han-dado-los-primeros-pasos-para-crear-un-espacio-de-colaboracion\\\/\"},\"wordCount\":298,\"publisher\":{\"@id\":\"https:\\\/\\\/iraurgiberritzen.eus\\\/es\\\/#organization\"},\"image\":{\"@id\":\"https:\\\/\\\/iraurgiberritzen.eus\\\/es\\\/las-personas-emprendedoras-de-la-comarca-han-dado-los-primeros-pasos-para-crear-un-espacio-de-colaboracion\\\/#primaryimage\"},\"thumbnailUrl\":\"https:\\\/\\\/iraurgiberritzen.eus\\\/wp-content\\\/uploads\\\/2024\\\/03\\\/2024_03_12_KLINK-GUNE_-Kafe-Tertulia.png\",\"articleSection\":[\"Noticias\"],\"inLanguage\":\"es\"},{\"@type\":\"WebPage\",\"@id\":\"https:\\\/\\\/iraurgiberritzen.eus\\\/es\\\/las-personas-emprendedoras-de-la-comarca-han-dado-los-primeros-pasos-para-crear-un-espacio-de-colaboracion\\\/\",\"url\":\"https:\\\/\\\/iraurgiberritzen.eus\\\/es\\\/las-personas-emprendedoras-de-la-comarca-han-dado-los-primeros-pasos-para-crear-un-espacio-de-colaboracion\\\/\",\"name\":\"Las personas emprendedoras de la comarca han dado los primeros pasos para crear un espacio de colaboraci\u00f3n - Iraurgi Berritzen\",\"isPartOf\":{\"@id\":\"https:\\\/\\\/iraurgiberritzen.eus\\\/es\\\/#website\"},\"primaryImageOfPage\":{\"@id\":\"https:\\\/\\\/iraurgiberritzen.eus\\\/es\\\/las-personas-emprendedoras-de-la-comarca-han-dado-los-primeros-pasos-para-crear-un-espacio-de-colaboracion\\\/#primaryimage\"},\"image\":{\"@id\":\"https:\\\/\\\/iraurgiberritzen.eus\\\/es\\\/las-personas-emprendedoras-de-la-comarca-han-dado-los-primeros-pasos-para-crear-un-espacio-de-colaboracion\\\/#primaryimage\"},\"thumbnailUrl\":\"https:\\\/\\\/iraurgiberritzen.eus\\\/wp-content\\\/uploads\\\/2024\\\/03\\\/2024_03_12_KLINK-GUNE_-Kafe-Tertulia.png\",\"datePublished\":\"2024-03-15T11:05:35+00:00\",\"breadcrumb\":{\"@id\":\"https:\\\/\\\/iraurgiberritzen.eus\\\/es\\\/las-personas-emprendedoras-de-la-comarca-han-dado-los-primeros-pasos-para-crear-un-espacio-de-colaboracion\\\/#breadcrumb\"},\"inLanguage\":\"es\",\"potentialAction\":[{\"@type\":\"ReadAction\",\"target\":[\"https:\\\/\\\/iraurgiberritzen.eus\\\/es\\\/las-personas-emprendedoras-de-la-comarca-han-dado-los-primeros-pasos-para-crear-un-espacio-de-colaboracion\\\/\"]}]},{\"@type\":\"ImageObject\",\"inLanguage\":\"es\",\"@id\":\"https:\\\/\\\/iraurgiberritzen.eus\\\/es\\\/las-personas-emprendedoras-de-la-comarca-han-dado-los-primeros-pasos-para-crear-un-espacio-de-colaboracion\\\/#primaryimage\",\"url\":\"https:\\\/\\\/iraurgiberritzen.eus\\\/wp-content\\\/uploads\\\/2024\\\/03\\\/2024_03_12_KLINK-GUNE_-Kafe-Tertulia.png\",\"contentUrl\":\"https:\\\/\\\/iraurgiberritzen.eus\\\/wp-content\\\/uploads\\\/2024\\\/03\\\/2024_03_12_KLINK-GUNE_-Kafe-Tertulia.png\",\"width\":800,\"height\":550},{\"@type\":\"BreadcrumbList\",\"@id\":\"https:\\\/\\\/iraurgiberritzen.eus\\\/es\\\/las-personas-emprendedoras-de-la-comarca-han-dado-los-primeros-pasos-para-crear-un-espacio-de-colaboracion\\\/#breadcrumb\",\"itemListElement\":[{\"@type\":\"ListItem\",\"position\":1,\"name\":\"Home\",\"item\":\"https:\\\/\\\/iraurgiberritzen.eus\\\/es\\\/\"},{\"@type\":\"ListItem\",\"position\":2,\"name\":\"Las personas emprendedoras de la comarca han dado los primeros pasos para crear un espacio de colaboraci\u00f3n\"}]},{\"@type\":\"WebSite\",\"@id\":\"https:\\\/\\\/iraurgiberritzen.eus\\\/es\\\/#website\",\"url\":\"https:\\\/\\\/iraurgiberritzen.eus\\\/es\\\/\",\"name\":\"Iraurgi Berritzen\",\"description\":\"Urola Erdiko Garapen Agentzia\",\"publisher\":{\"@id\":\"https:\\\/\\\/iraurgiberritzen.eus\\\/es\\\/#organization\"},\"potentialAction\":[{\"@type\":\"SearchAction\",\"target\":{\"@type\":\"EntryPoint\",\"urlTemplate\":\"https:\\\/\\\/iraurgiberritzen.eus\\\/es\\\/?s={search_term_string}\"},\"query-input\":{\"@type\":\"PropertyValueSpecification\",\"valueRequired\":true,\"valueName\":\"search_term_string\"}}],\"inLanguage\":\"es\"},{\"@type\":\"Organization\",\"@id\":\"https:\\\/\\\/iraurgiberritzen.eus\\\/es\\\/#organization\",\"name\":\"Iraurgi Berritzen\",\"url\":\"https:\\\/\\\/iraurgiberritzen.eus\\\/es\\\/\",\"logo\":{\"@type\":\"ImageObject\",\"inLanguage\":\"es\",\"@id\":\"https:\\\/\\\/iraurgiberritzen.eus\\\/es\\\/#\\\/schema\\\/logo\\\/image\\\/\",\"url\":\"https:\\\/\\\/iraurgiberritzen.eus\\\/wp-content\\\/uploads\\\/2024\\\/02\\\/IRAURGI-BERRITZEN-logotipoa_2.png\",\"contentUrl\":\"https:\\\/\\\/iraurgiberritzen.eus\\\/wp-content\\\/uploads\\\/2024\\\/02\\\/IRAURGI-BERRITZEN-logotipoa_2.png\",\"width\":496,\"height\":190,\"caption\":\"Iraurgi Berritzen\"},\"image\":{\"@id\":\"https:\\\/\\\/iraurgiberritzen.eus\\\/es\\\/#\\\/schema\\\/logo\\\/image\\\/\"}},{\"@type\":\"Person\",\"@id\":\"https:\\\/\\\/iraurgiberritzen.eus\\\/es\\\/#\\\/schema\\\/person\\\/a32c9825b3e2bfcbe757a97f6a15c8a5\",\"name\":\"ainara\"}]}<\/script>\n<!-- \/ Yoast SEO plugin. -->","yoast_head_json":{"title":"Las personas emprendedoras de la comarca han dado los primeros pasos para crear un espacio de colaboraci\u00f3n - Iraurgi Berritzen","robots":{"index":"index","follow":"follow","max-snippet":"max-snippet:-1","max-image-preview":"max-image-preview:large","max-video-preview":"max-video-preview:-1"},"canonical":"https:\/\/iraurgiberritzen.eus\/es\/las-personas-emprendedoras-de-la-comarca-han-dado-los-primeros-pasos-para-crear-un-espacio-de-colaboracion\/","og_locale":"es_ES","og_type":"article","og_title":"Las personas emprendedoras de la comarca han dado los primeros pasos para crear un espacio de colaboraci\u00f3n - Iraurgi Berritzen","og_description":"En 2017, los agentes que trabajan en el \u00e1mbito del emprendimiento y las personas emprendedoras de la comarca crearon KLINK, un proyecto que tiene como objetivo fomentar el emprendimiento en Urola Erdia. En el proyecto se definieron 3 l\u00edneas de trabajo; KLINK BIDE que tiene como objetivo ofrecer recursos, KLINK ATARI para dar visibilidad al [&hellip;]","og_url":"https:\/\/iraurgiberritzen.eus\/es\/las-personas-emprendedoras-de-la-comarca-han-dado-los-primeros-pasos-para-crear-un-espacio-de-colaboracion\/","og_site_name":"Iraurgi Berritzen","article_published_time":"2024-03-15T11:05:35+00:00","og_image":[{"width":800,"height":550,"url":"https:\/\/iraurgiberritzen.eus\/wp-content\/uploads\/2024\/03\/2024_03_12_KLINK-GUNE_-Kafe-Tertulia.png","type":"image\/png"}],"author":"ainara","twitter_card":"summary_large_image","twitter_misc":{"Escrito por":"ainara","Tiempo de lectura":"2 minutos"},"schema":{"@context":"https:\/\/schema.org","@graph":[{"@type":"Article","@id":"https:\/\/iraurgiberritzen.eus\/es\/las-personas-emprendedoras-de-la-comarca-han-dado-los-primeros-pasos-para-crear-un-espacio-de-colaboracion\/#article","isPartOf":{"@id":"https:\/\/iraurgiberritzen.eus\/es\/las-personas-emprendedoras-de-la-comarca-han-dado-los-primeros-pasos-para-crear-un-espacio-de-colaboracion\/"},"author":{"name":"ainara","@id":"https:\/\/iraurgiberritzen.eus\/es\/#\/schema\/person\/a32c9825b3e2bfcbe757a97f6a15c8a5"},"headline":"Las personas emprendedoras de la comarca han dado los primeros pasos para crear un espacio de colaboraci\u00f3n","datePublished":"2024-03-15T11:05:35+00:00","mainEntityOfPage":{"@id":"https:\/\/iraurgiberritzen.eus\/es\/las-personas-emprendedoras-de-la-comarca-han-dado-los-primeros-pasos-para-crear-un-espacio-de-colaboracion\/"},"wordCount":298,"publisher":{"@id":"https:\/\/iraurgiberritzen.eus\/es\/#organization"},"image":{"@id":"https:\/\/iraurgiberritzen.eus\/es\/las-personas-emprendedoras-de-la-comarca-han-dado-los-primeros-pasos-para-crear-un-espacio-de-colaboracion\/#primaryimage"},"thumbnailUrl":"https:\/\/iraurgiberritzen.eus\/wp-content\/uploads\/2024\/03\/2024_03_12_KLINK-GUNE_-Kafe-Tertulia.png","articleSection":["Noticias"],"inLanguage":"es"},{"@type":"WebPage","@id":"https:\/\/iraurgiberritzen.eus\/es\/las-personas-emprendedoras-de-la-comarca-han-dado-los-primeros-pasos-para-crear-un-espacio-de-colaboracion\/","url":"https:\/\/iraurgiberritzen.eus\/es\/las-personas-emprendedoras-de-la-comarca-han-dado-los-primeros-pasos-para-crear-un-espacio-de-colaboracion\/","name":"Las personas emprendedoras de la comarca han dado los primeros pasos para crear un espacio de colaboraci\u00f3n - Iraurgi Berritzen","isPartOf":{"@id":"https:\/\/iraurgiberritzen.eus\/es\/#website"},"primaryImageOfPage":{"@id":"https:\/\/iraurgiberritzen.eus\/es\/las-personas-emprendedoras-de-la-comarca-han-dado-los-primeros-pasos-para-crear-un-espacio-de-colaboracion\/#primaryimage"},"image":{"@id":"https:\/\/iraurgiberritzen.eus\/es\/las-personas-emprendedoras-de-la-comarca-han-dado-los-primeros-pasos-para-crear-un-espacio-de-colaboracion\/#primaryimage"},"thumbnailUrl":"https:\/\/iraurgiberritzen.eus\/wp-content\/uploads\/2024\/03\/2024_03_12_KLINK-GUNE_-Kafe-Tertulia.png","datePublished":"2024-03-15T11:05:35+00:00","breadcrumb":{"@id":"https:\/\/iraurgiberritzen.eus\/es\/las-personas-emprendedoras-de-la-comarca-han-dado-los-primeros-pasos-para-crear-un-espacio-de-colaboracion\/#breadcrumb"},"inLanguage":"es","potentialAction":[{"@type":"ReadAction","target":["https:\/\/iraurgiberritzen.eus\/es\/las-personas-emprendedoras-de-la-comarca-han-dado-los-primeros-pasos-para-crear-un-espacio-de-colaboracion\/"]}]},{"@type":"ImageObject","inLanguage":"es","@id":"https:\/\/iraurgiberritzen.eus\/es\/las-personas-emprendedoras-de-la-comarca-han-dado-los-primeros-pasos-para-crear-un-espacio-de-colaboracion\/#primaryimage","url":"https:\/\/iraurgiberritzen.eus\/wp-content\/uploads\/2024\/03\/2024_03_12_KLINK-GUNE_-Kafe-Tertulia.png","contentUrl":"https:\/\/iraurgiberritzen.eus\/wp-content\/uploads\/2024\/03\/2024_03_12_KLINK-GUNE_-Kafe-Tertulia.png","width":800,"height":550},{"@type":"BreadcrumbList","@id":"https:\/\/iraurgiberritzen.eus\/es\/las-personas-emprendedoras-de-la-comarca-han-dado-los-primeros-pasos-para-crear-un-espacio-de-colaboracion\/#breadcrumb","itemListElement":[{"@type":"ListItem","position":1,"name":"Home","item":"https:\/\/iraurgiberritzen.eus\/es\/"},{"@type":"ListItem","position":2,"name":"Las personas emprendedoras de la comarca han dado los primeros pasos para crear un espacio de colaboraci\u00f3n"}]},{"@type":"WebSite","@id":"https:\/\/iraurgiberritzen.eus\/es\/#website","url":"https:\/\/iraurgiberritzen.eus\/es\/","name":"Iraurgi Berritzen","description":"Urola Erdiko Garapen Agentzia","publisher":{"@id":"https:\/\/iraurgiberritzen.eus\/es\/#organization"},"potentialAction":[{"@type":"SearchAction","target":{"@type":"EntryPoint","urlTemplate":"https:\/\/iraurgiberritzen.eus\/es\/?s={search_term_string}"},"query-input":{"@type":"PropertyValueSpecification","valueRequired":true,"valueName":"search_term_string"}}],"inLanguage":"es"},{"@type":"Organization","@id":"https:\/\/iraurgiberritzen.eus\/es\/#organization","name":"Iraurgi Berritzen","url":"https:\/\/iraurgiberritzen.eus\/es\/","logo":{"@type":"ImageObject","inLanguage":"es","@id":"https:\/\/iraurgiberritzen.eus\/es\/#\/schema\/logo\/image\/","url":"https:\/\/iraurgiberritzen.eus\/wp-content\/uploads\/2024\/02\/IRAURGI-BERRITZEN-logotipoa_2.png","contentUrl":"https:\/\/iraurgiberritzen.eus\/wp-content\/uploads\/2024\/02\/IRAURGI-BERRITZEN-logotipoa_2.png","width":496,"height":190,"caption":"Iraurgi Berritzen"},"image":{"@id":"https:\/\/iraurgiberritzen.eus\/es\/#\/schema\/logo\/image\/"}},{"@type":"Person","@id":"https:\/\/iraurgiberritzen.eus\/es\/#\/schema\/person\/a32c9825b3e2bfcbe757a97f6a15c8a5","name":"ainara"}]}},"_links":{"self":[{"href":"https:\/\/iraurgiberritzen.eus\/es\/wp-json\/wp\/v2\/posts\/19488","targetHints":{"allow":["GET"]}}],"collection":[{"href":"https:\/\/iraurgiberritzen.eus\/es\/wp-json\/wp\/v2\/posts"}],"about":[{"href":"https:\/\/iraurgiberritzen.eus\/es\/wp-json\/wp\/v2\/types\/post"}],"author":[{"embeddable":true,"href":"https:\/\/iraurgiberritzen.eus\/es\/wp-json\/wp\/v2\/users\/4"}],"replies":[{"embeddable":true,"href":"https:\/\/iraurgiberritzen.eus\/es\/wp-json\/wp\/v2\/comments?post=19488"}],"version-history":[{"count":1,"href":"https:\/\/iraurgiberritzen.eus\/es\/wp-json\/wp\/v2\/posts\/19488\/revisions"}],"predecessor-version":[{"id":19489,"href":"https:\/\/iraurgiberritzen.eus\/es\/wp-json\/wp\/v2\/posts\/19488\/revisions\/19489"}],"wp:featuredmedia":[{"embeddable":true,"href":"https:\/\/iraurgiberritzen.eus\/es\/wp-json\/wp\/v2\/media\/19486"}],"wp:attachment":[{"href":"https:\/\/iraurgiberritzen.eus\/es\/wp-json\/wp\/v2\/media?parent=19488"}],"wp:term":[{"taxonomy":"category","embeddable":true,"href":"https:\/\/iraurgiberritzen.eus\/es\/wp-json\/wp\/v2\/categories?post=19488"},{"taxonomy":"post_tag","embeddable":true,"href":"https:\/\/iraurgiberritzen.eus\/es\/wp-json\/wp\/v2\/tags?post=19488"}],"curies":[{"name":"wp","href":"https:\/\/api.w.org\/{rel}","templated":true}]}}