{"id":19517,"date":"2024-03-15T14:00:56","date_gmt":"2024-03-15T12:00:56","guid":{"rendered":"https:\/\/iraurgiberritzen.eus\/?p=19517"},"modified":"2024-03-18T08:51:10","modified_gmt":"2024-03-18T06:51:10","slug":"el-alumnado-de-la-comarca-conoce-la-oferta-de-izarraitz-lanbide-heziketa-y-el-dia-a-dia-de-los-agentes-de-la-zona","status":"publish","type":"post","link":"https:\/\/iraurgiberritzen.eus\/es\/el-alumnado-de-la-comarca-conoce-la-oferta-de-izarraitz-lanbide-heziketa-y-el-dia-a-dia-de-los-agentes-de-la-zona\/","title":{"rendered":"El alumnado de la comarca conoce la oferta de Izarraitz Lanbide Heziketa y el d\u00eda a d\u00eda de los agentes de la zona"},"content":{"rendered":"<p>El martes 12 y el jueves 14 de marzo, en el marco del proyecto <strong>\u00abGerolan\u00bb<\/strong> que pretende reforzar la orientaci\u00f3n del alumnado, los j\u00f3venes de la comarca conocieron los ciclos que ofrece Izarraitz Lanbide Heziketa.<\/p>\n<p>El martes tomaron parte los j\u00f3venes de 2\u00ba de Bachiller, conociendo la oferta de Grado Superior, y el jueves estuvo en Izarraitz el alumnado de 4\u00ba de la ESO, el cual conoci\u00f3 los ciclos que se ofertan en el Grado Medio.<\/p>\n<p>En estas dos sesiones, en primer lugar, tuvieron la oportunidad de ver las infraestructuras, escuchar las explicaciones del profesorado o aclarar sus dudas.<\/p>\n<p>En la segunda parte del programa, en cambio, los alumnos\/as tuvieron la oportunidad de realizar visitas a diferentes agentes de la comarca en funci\u00f3n del ciclo que les ha resultado de inter\u00e9s. Pudieron conocer el d\u00eda a d\u00eda de \u00e9stos y de conocer la experiencia de diferentes j\u00f3venes que han estudiado ciclos de Formaci\u00f3n Profesional y actualmente est\u00e1n en el mundo laboral.<\/p>\n<p>En total, la iniciativa ha contado con la participaci\u00f3n de cerca de <strong>100 alumnos\/as<\/strong> de la comarca y en general las valoraciones recibidas por parte de los diferentes alumnos\/as como de los diferentes agentes participantes ha sido muy positiva.<\/p>\n<p>En el caso de los ciclos de Grado Superior, las empresas visitadas fueron las siguientes:<\/p>\n<ul>\n<li>Los j\u00f3venes interesados en los estudios del ciclo de \u201cAdministraci\u00f3n y Finanzas\u201d visitaron la asesor\u00eda <strong>Abelur Koop<\/strong>.<\/li>\n<li>Los\/as interesados\/as en los ciclos de \u201cMecatr\u00f3nica Industrial\u201d y \u201cProgramaci\u00f3n de la Producci\u00f3n Mec\u00e1nica\u201d tuvieron la oportunidad de conocer <strong>Ibarmia<\/strong>.<\/li>\n<li>Los\/as interesados\/as en el ciclo de \u00abIntegraci\u00f3n social\u00bb visitaron la <strong>Asociaci\u00f3n Gautena<\/strong>.<\/li>\n<\/ul>\n<p>En el caso de los ciclos de Grado Medio:<\/p>\n<ul>\n<li>El alumnado que mostr\u00f3 inter\u00e9s en el ciclo \u201cMecanizado\u201d realiz\u00f3 visitas a las empresas <strong>Alberdi, Talleres Arrieta y Ekintza Mekanizatuak<\/strong>.<\/li>\n<li>Los\/as interesados\/as en los ciclos \u201cInstalaci\u00f3n y Amueblamiento\u201d, \u201cCarpinter\u00eda y Mueble\u201d y \u201cProcesamiento y transformaci\u00f3n de la madera\u201d estuvieron en<strong> Astigarraga Kit Line<\/strong>.<\/li>\n<li>Los\/as que mostraron inter\u00e9s en el ciclo de \u201cAtenci\u00f3n a Personas en Situaci\u00f3n de Dependencia\u201d visitaron la <strong>residencia de ancianos San Juan de Zestoa.<\/strong><\/li>\n<\/ul>\n<img loading=\"lazy\" decoding=\"async\" class=\"wp-image-19494 aligncenter\" src=\"https:\/\/iraurgiberritzen.eus\/wp-content\/uploads\/2024\/03\/2-2-300x206.png\" alt=\"\" width=\"800\" height=\"550\" srcset=\"https:\/\/iraurgiberritzen.eus\/wp-content\/uploads\/2024\/03\/2-2-300x206.png 300w, https:\/\/iraurgiberritzen.eus\/wp-content\/uploads\/2024\/03\/2-2-768x528.png 768w, https:\/\/iraurgiberritzen.eus\/wp-content\/uploads\/2024\/03\/2-2.png 800w\" sizes=\"auto, (max-width: 800px) 100vw, 800px\" \/>\n<img loading=\"lazy\" decoding=\"async\" class=\"wp-image-19496 aligncenter\" src=\"https:\/\/iraurgiberritzen.eus\/wp-content\/uploads\/2024\/03\/11-300x206.png\" alt=\"\" width=\"800\" height=\"549\" srcset=\"https:\/\/iraurgiberritzen.eus\/wp-content\/uploads\/2024\/03\/11-300x206.png 300w, https:\/\/iraurgiberritzen.eus\/wp-content\/uploads\/2024\/03\/11-768x528.png 768w, https:\/\/iraurgiberritzen.eus\/wp-content\/uploads\/2024\/03\/11.png 800w\" sizes=\"auto, (max-width: 800px) 100vw, 800px\" \/>\n<img loading=\"lazy\" decoding=\"async\" class=\" wp-image-19502 aligncenter\" src=\"https:\/\/iraurgiberritzen.eus\/wp-content\/uploads\/2024\/03\/8-1-300x206.png\" alt=\"\" width=\"796\" height=\"547\" srcset=\"https:\/\/iraurgiberritzen.eus\/wp-content\/uploads\/2024\/03\/8-1-300x206.png 300w, https:\/\/iraurgiberritzen.eus\/wp-content\/uploads\/2024\/03\/8-1-768x528.png 768w, https:\/\/iraurgiberritzen.eus\/wp-content\/uploads\/2024\/03\/8-1.png 800w\" sizes=\"auto, (max-width: 796px) 100vw, 796px\" \/>\n<img loading=\"lazy\" decoding=\"async\" class=\"wp-image-19498 aligncenter\" src=\"https:\/\/iraurgiberritzen.eus\/wp-content\/uploads\/2024\/03\/10-300x206.png\" alt=\"\" width=\"801\" height=\"550\" srcset=\"https:\/\/iraurgiberritzen.eus\/wp-content\/uploads\/2024\/03\/10-300x206.png 300w, https:\/\/iraurgiberritzen.eus\/wp-content\/uploads\/2024\/03\/10-768x528.png 768w, https:\/\/iraurgiberritzen.eus\/wp-content\/uploads\/2024\/03\/10.png 800w\" sizes=\"auto, (max-width: 801px) 100vw, 801px\" \/>\n<img loading=\"lazy\" decoding=\"async\" class=\"wp-image-19500 aligncenter\" src=\"https:\/\/iraurgiberritzen.eus\/wp-content\/uploads\/2024\/03\/9-300x206.png\" alt=\"\" width=\"800\" height=\"549\" srcset=\"https:\/\/iraurgiberritzen.eus\/wp-content\/uploads\/2024\/03\/9-300x206.png 300w, https:\/\/iraurgiberritzen.eus\/wp-content\/uploads\/2024\/03\/9-768x528.png 768w, https:\/\/iraurgiberritzen.eus\/wp-content\/uploads\/2024\/03\/9.png 800w\" sizes=\"auto, (max-width: 800px) 100vw, 800px\" \/>\n<img loading=\"lazy\" decoding=\"async\" class=\"wp-image-19504 aligncenter\" src=\"https:\/\/iraurgiberritzen.eus\/wp-content\/uploads\/2024\/03\/7-1-300x206.png\" alt=\"\" width=\"801\" height=\"550\" srcset=\"https:\/\/iraurgiberritzen.eus\/wp-content\/uploads\/2024\/03\/7-1-300x206.png 300w, https:\/\/iraurgiberritzen.eus\/wp-content\/uploads\/2024\/03\/7-1-768x528.png 768w, https:\/\/iraurgiberritzen.eus\/wp-content\/uploads\/2024\/03\/7-1.png 800w\" sizes=\"auto, (max-width: 801px) 100vw, 801px\" \/>\n<img loading=\"lazy\" decoding=\"async\" class=\"wp-image-19506 aligncenter\" src=\"https:\/\/iraurgiberritzen.eus\/wp-content\/uploads\/2024\/03\/6-1-300x206.png\" alt=\"\" width=\"799\" height=\"549\" srcset=\"https:\/\/iraurgiberritzen.eus\/wp-content\/uploads\/2024\/03\/6-1-300x206.png 300w, https:\/\/iraurgiberritzen.eus\/wp-content\/uploads\/2024\/03\/6-1-768x528.png 768w, https:\/\/iraurgiberritzen.eus\/wp-content\/uploads\/2024\/03\/6-1.png 800w\" sizes=\"auto, (max-width: 799px) 100vw, 799px\" \/>\n<img loading=\"lazy\" decoding=\"async\" class=\"wp-image-19508 aligncenter\" src=\"https:\/\/iraurgiberritzen.eus\/wp-content\/uploads\/2024\/03\/5-1-300x206.png\" alt=\"\" width=\"798\" height=\"548\" srcset=\"https:\/\/iraurgiberritzen.eus\/wp-content\/uploads\/2024\/03\/5-1-300x206.png 300w, https:\/\/iraurgiberritzen.eus\/wp-content\/uploads\/2024\/03\/5-1-768x528.png 768w, https:\/\/iraurgiberritzen.eus\/wp-content\/uploads\/2024\/03\/5-1.png 800w\" sizes=\"auto, (max-width: 798px) 100vw, 798px\" \/>\n<img loading=\"lazy\" decoding=\"async\" class=\"wp-image-19510 aligncenter\" src=\"https:\/\/iraurgiberritzen.eus\/wp-content\/uploads\/2024\/03\/4-3-300x206.png\" alt=\"\" width=\"800\" height=\"549\" srcset=\"https:\/\/iraurgiberritzen.eus\/wp-content\/uploads\/2024\/03\/4-3-300x206.png 300w, https:\/\/iraurgiberritzen.eus\/wp-content\/uploads\/2024\/03\/4-3-768x528.png 768w, https:\/\/iraurgiberritzen.eus\/wp-content\/uploads\/2024\/03\/4-3.png 800w\" sizes=\"auto, (max-width: 800px) 100vw, 800px\" \/>\n<img loading=\"lazy\" decoding=\"async\" class=\"wp-image-19512 aligncenter\" src=\"https:\/\/iraurgiberritzen.eus\/wp-content\/uploads\/2024\/03\/3-3-300x206.png\" alt=\"\" width=\"800\" height=\"549\" srcset=\"https:\/\/iraurgiberritzen.eus\/wp-content\/uploads\/2024\/03\/3-3-300x206.png 300w, https:\/\/iraurgiberritzen.eus\/wp-content\/uploads\/2024\/03\/3-3-768x528.png 768w, https:\/\/iraurgiberritzen.eus\/wp-content\/uploads\/2024\/03\/3-3.png 800w\" sizes=\"auto, (max-width: 800px) 100vw, 800px\" \/>\n","protected":false},"excerpt":{"rendered":"<p>El martes 12 y el jueves 14 de marzo, en el marco del proyecto \u00abGerolan\u00bb que pretende reforzar la orientaci\u00f3n del alumnado, los j\u00f3venes de la comarca conocieron los ciclos que ofrece Izarraitz Lanbide Heziketa. El martes tomaron parte los j\u00f3venes de 2\u00ba de Bachiller, conociendo la oferta de Grado Superior, y el jueves estuvo [&hellip;]<\/p>\n","protected":false},"author":4,"featured_media":19493,"comment_status":"closed","ping_status":"closed","sticky":false,"template":"","format":"standard","meta":{"_acf_changed":false,"footnotes":""},"categories":[4],"tags":[],"class_list":["post-19517","post","type-post","status-publish","format-standard","has-post-thumbnail","hentry","category-noticias","arloak-educacion","arloak-gerolan-es"],"acf":[],"yoast_head":"<!-- This site is optimized with the Yoast SEO plugin v27.4 - https:\/\/yoast.com\/product\/yoast-seo-wordpress\/ -->\n<title>El alumnado de la comarca conoce la oferta de Izarraitz Lanbide Heziketa y el d\u00eda a d\u00eda de los agentes de la zona - Iraurgi Berritzen<\/title>\n<meta name=\"robots\" content=\"index, follow, max-snippet:-1, max-image-preview:large, max-video-preview:-1\" \/>\n<link rel=\"canonical\" href=\"https:\/\/iraurgiberritzen.eus\/es\/el-alumnado-de-la-comarca-conoce-la-oferta-de-izarraitz-lanbide-heziketa-y-el-dia-a-dia-de-los-agentes-de-la-zona\/\" \/>\n<meta property=\"og:locale\" content=\"es_ES\" \/>\n<meta property=\"og:type\" content=\"article\" \/>\n<meta property=\"og:title\" content=\"El alumnado de la comarca conoce la oferta de Izarraitz Lanbide Heziketa y el d\u00eda a d\u00eda de los agentes de la zona - Iraurgi Berritzen\" \/>\n<meta property=\"og:description\" content=\"El martes 12 y el jueves 14 de marzo, en el marco del proyecto \u00abGerolan\u00bb que pretende reforzar la orientaci\u00f3n del alumnado, los j\u00f3venes de la comarca conocieron los ciclos que ofrece Izarraitz Lanbide Heziketa. El martes tomaron parte los j\u00f3venes de 2\u00ba de Bachiller, conociendo la oferta de Grado Superior, y el jueves estuvo [&hellip;]\" \/>\n<meta property=\"og:url\" content=\"https:\/\/iraurgiberritzen.eus\/es\/el-alumnado-de-la-comarca-conoce-la-oferta-de-izarraitz-lanbide-heziketa-y-el-dia-a-dia-de-los-agentes-de-la-zona\/\" \/>\n<meta property=\"og:site_name\" content=\"Iraurgi Berritzen\" \/>\n<meta property=\"article:published_time\" content=\"2024-03-15T12:00:56+00:00\" \/>\n<meta property=\"article:modified_time\" content=\"2024-03-18T06:51:10+00:00\" \/>\n<meta property=\"og:image\" content=\"https:\/\/iraurgiberritzen.eus\/wp-content\/uploads\/2024\/03\/1-1.png\" \/>\n\t<meta property=\"og:image:width\" content=\"800\" \/>\n\t<meta property=\"og:image:height\" content=\"550\" \/>\n\t<meta property=\"og:image:type\" content=\"image\/png\" \/>\n<meta name=\"author\" content=\"ainara\" \/>\n<meta name=\"twitter:card\" content=\"summary_large_image\" \/>\n<meta name=\"twitter:label1\" content=\"Escrito por\" \/>\n\t<meta name=\"twitter:data1\" content=\"ainara\" \/>\n\t<meta name=\"twitter:label2\" content=\"Tiempo de lectura\" \/>\n\t<meta name=\"twitter:data2\" content=\"5 minutos\" \/>\n<script type=\"application\/ld+json\" class=\"yoast-schema-graph\">{\"@context\":\"https:\\\/\\\/schema.org\",\"@graph\":[{\"@type\":\"Article\",\"@id\":\"https:\\\/\\\/iraurgiberritzen.eus\\\/es\\\/el-alumnado-de-la-comarca-conoce-la-oferta-de-izarraitz-lanbide-heziketa-y-el-dia-a-dia-de-los-agentes-de-la-zona\\\/#article\",\"isPartOf\":{\"@id\":\"https:\\\/\\\/iraurgiberritzen.eus\\\/es\\\/el-alumnado-de-la-comarca-conoce-la-oferta-de-izarraitz-lanbide-heziketa-y-el-dia-a-dia-de-los-agentes-de-la-zona\\\/\"},\"author\":{\"name\":\"ainara\",\"@id\":\"https:\\\/\\\/iraurgiberritzen.eus\\\/es\\\/#\\\/schema\\\/person\\\/a32c9825b3e2bfcbe757a97f6a15c8a5\"},\"headline\":\"El alumnado de la comarca conoce la oferta de Izarraitz Lanbide Heziketa y el d\u00eda a d\u00eda de los agentes de la zona\",\"datePublished\":\"2024-03-15T12:00:56+00:00\",\"dateModified\":\"2024-03-18T06:51:10+00:00\",\"mainEntityOfPage\":{\"@id\":\"https:\\\/\\\/iraurgiberritzen.eus\\\/es\\\/el-alumnado-de-la-comarca-conoce-la-oferta-de-izarraitz-lanbide-heziketa-y-el-dia-a-dia-de-los-agentes-de-la-zona\\\/\"},\"wordCount\":397,\"publisher\":{\"@id\":\"https:\\\/\\\/iraurgiberritzen.eus\\\/es\\\/#organization\"},\"image\":{\"@id\":\"https:\\\/\\\/iraurgiberritzen.eus\\\/es\\\/el-alumnado-de-la-comarca-conoce-la-oferta-de-izarraitz-lanbide-heziketa-y-el-dia-a-dia-de-los-agentes-de-la-zona\\\/#primaryimage\"},\"thumbnailUrl\":\"https:\\\/\\\/iraurgiberritzen.eus\\\/wp-content\\\/uploads\\\/2024\\\/03\\\/1-1.png\",\"articleSection\":[\"Noticias\"],\"inLanguage\":\"es\"},{\"@type\":\"WebPage\",\"@id\":\"https:\\\/\\\/iraurgiberritzen.eus\\\/es\\\/el-alumnado-de-la-comarca-conoce-la-oferta-de-izarraitz-lanbide-heziketa-y-el-dia-a-dia-de-los-agentes-de-la-zona\\\/\",\"url\":\"https:\\\/\\\/iraurgiberritzen.eus\\\/es\\\/el-alumnado-de-la-comarca-conoce-la-oferta-de-izarraitz-lanbide-heziketa-y-el-dia-a-dia-de-los-agentes-de-la-zona\\\/\",\"name\":\"El alumnado de la comarca conoce la oferta de Izarraitz Lanbide Heziketa y el d\u00eda a d\u00eda de los agentes de la zona - Iraurgi Berritzen\",\"isPartOf\":{\"@id\":\"https:\\\/\\\/iraurgiberritzen.eus\\\/es\\\/#website\"},\"primaryImageOfPage\":{\"@id\":\"https:\\\/\\\/iraurgiberritzen.eus\\\/es\\\/el-alumnado-de-la-comarca-conoce-la-oferta-de-izarraitz-lanbide-heziketa-y-el-dia-a-dia-de-los-agentes-de-la-zona\\\/#primaryimage\"},\"image\":{\"@id\":\"https:\\\/\\\/iraurgiberritzen.eus\\\/es\\\/el-alumnado-de-la-comarca-conoce-la-oferta-de-izarraitz-lanbide-heziketa-y-el-dia-a-dia-de-los-agentes-de-la-zona\\\/#primaryimage\"},\"thumbnailUrl\":\"https:\\\/\\\/iraurgiberritzen.eus\\\/wp-content\\\/uploads\\\/2024\\\/03\\\/1-1.png\",\"datePublished\":\"2024-03-15T12:00:56+00:00\",\"dateModified\":\"2024-03-18T06:51:10+00:00\",\"breadcrumb\":{\"@id\":\"https:\\\/\\\/iraurgiberritzen.eus\\\/es\\\/el-alumnado-de-la-comarca-conoce-la-oferta-de-izarraitz-lanbide-heziketa-y-el-dia-a-dia-de-los-agentes-de-la-zona\\\/#breadcrumb\"},\"inLanguage\":\"es\",\"potentialAction\":[{\"@type\":\"ReadAction\",\"target\":[\"https:\\\/\\\/iraurgiberritzen.eus\\\/es\\\/el-alumnado-de-la-comarca-conoce-la-oferta-de-izarraitz-lanbide-heziketa-y-el-dia-a-dia-de-los-agentes-de-la-zona\\\/\"]}]},{\"@type\":\"ImageObject\",\"inLanguage\":\"es\",\"@id\":\"https:\\\/\\\/iraurgiberritzen.eus\\\/es\\\/el-alumnado-de-la-comarca-conoce-la-oferta-de-izarraitz-lanbide-heziketa-y-el-dia-a-dia-de-los-agentes-de-la-zona\\\/#primaryimage\",\"url\":\"https:\\\/\\\/iraurgiberritzen.eus\\\/wp-content\\\/uploads\\\/2024\\\/03\\\/1-1.png\",\"contentUrl\":\"https:\\\/\\\/iraurgiberritzen.eus\\\/wp-content\\\/uploads\\\/2024\\\/03\\\/1-1.png\",\"width\":800,\"height\":550},{\"@type\":\"BreadcrumbList\",\"@id\":\"https:\\\/\\\/iraurgiberritzen.eus\\\/es\\\/el-alumnado-de-la-comarca-conoce-la-oferta-de-izarraitz-lanbide-heziketa-y-el-dia-a-dia-de-los-agentes-de-la-zona\\\/#breadcrumb\",\"itemListElement\":[{\"@type\":\"ListItem\",\"position\":1,\"name\":\"Home\",\"item\":\"https:\\\/\\\/iraurgiberritzen.eus\\\/es\\\/\"},{\"@type\":\"ListItem\",\"position\":2,\"name\":\"El alumnado de la comarca conoce la oferta de Izarraitz Lanbide Heziketa y el d\u00eda a d\u00eda de los agentes de la zona\"}]},{\"@type\":\"WebSite\",\"@id\":\"https:\\\/\\\/iraurgiberritzen.eus\\\/es\\\/#website\",\"url\":\"https:\\\/\\\/iraurgiberritzen.eus\\\/es\\\/\",\"name\":\"Iraurgi Berritzen\",\"description\":\"Urola Erdiko Garapen Agentzia\",\"publisher\":{\"@id\":\"https:\\\/\\\/iraurgiberritzen.eus\\\/es\\\/#organization\"},\"potentialAction\":[{\"@type\":\"SearchAction\",\"target\":{\"@type\":\"EntryPoint\",\"urlTemplate\":\"https:\\\/\\\/iraurgiberritzen.eus\\\/es\\\/?s={search_term_string}\"},\"query-input\":{\"@type\":\"PropertyValueSpecification\",\"valueRequired\":true,\"valueName\":\"search_term_string\"}}],\"inLanguage\":\"es\"},{\"@type\":\"Organization\",\"@id\":\"https:\\\/\\\/iraurgiberritzen.eus\\\/es\\\/#organization\",\"name\":\"Iraurgi Berritzen\",\"url\":\"https:\\\/\\\/iraurgiberritzen.eus\\\/es\\\/\",\"logo\":{\"@type\":\"ImageObject\",\"inLanguage\":\"es\",\"@id\":\"https:\\\/\\\/iraurgiberritzen.eus\\\/es\\\/#\\\/schema\\\/logo\\\/image\\\/\",\"url\":\"https:\\\/\\\/iraurgiberritzen.eus\\\/wp-content\\\/uploads\\\/2024\\\/02\\\/IRAURGI-BERRITZEN-logotipoa_2.png\",\"contentUrl\":\"https:\\\/\\\/iraurgiberritzen.eus\\\/wp-content\\\/uploads\\\/2024\\\/02\\\/IRAURGI-BERRITZEN-logotipoa_2.png\",\"width\":496,\"height\":190,\"caption\":\"Iraurgi Berritzen\"},\"image\":{\"@id\":\"https:\\\/\\\/iraurgiberritzen.eus\\\/es\\\/#\\\/schema\\\/logo\\\/image\\\/\"}},{\"@type\":\"Person\",\"@id\":\"https:\\\/\\\/iraurgiberritzen.eus\\\/es\\\/#\\\/schema\\\/person\\\/a32c9825b3e2bfcbe757a97f6a15c8a5\",\"name\":\"ainara\"}]}<\/script>\n<!-- \/ Yoast SEO plugin. -->","yoast_head_json":{"title":"El alumnado de la comarca conoce la oferta de Izarraitz Lanbide Heziketa y el d\u00eda a d\u00eda de los agentes de la zona - Iraurgi Berritzen","robots":{"index":"index","follow":"follow","max-snippet":"max-snippet:-1","max-image-preview":"max-image-preview:large","max-video-preview":"max-video-preview:-1"},"canonical":"https:\/\/iraurgiberritzen.eus\/es\/el-alumnado-de-la-comarca-conoce-la-oferta-de-izarraitz-lanbide-heziketa-y-el-dia-a-dia-de-los-agentes-de-la-zona\/","og_locale":"es_ES","og_type":"article","og_title":"El alumnado de la comarca conoce la oferta de Izarraitz Lanbide Heziketa y el d\u00eda a d\u00eda de los agentes de la zona - Iraurgi Berritzen","og_description":"El martes 12 y el jueves 14 de marzo, en el marco del proyecto \u00abGerolan\u00bb que pretende reforzar la orientaci\u00f3n del alumnado, los j\u00f3venes de la comarca conocieron los ciclos que ofrece Izarraitz Lanbide Heziketa. El martes tomaron parte los j\u00f3venes de 2\u00ba de Bachiller, conociendo la oferta de Grado Superior, y el jueves estuvo [&hellip;]","og_url":"https:\/\/iraurgiberritzen.eus\/es\/el-alumnado-de-la-comarca-conoce-la-oferta-de-izarraitz-lanbide-heziketa-y-el-dia-a-dia-de-los-agentes-de-la-zona\/","og_site_name":"Iraurgi Berritzen","article_published_time":"2024-03-15T12:00:56+00:00","article_modified_time":"2024-03-18T06:51:10+00:00","og_image":[{"width":800,"height":550,"url":"https:\/\/iraurgiberritzen.eus\/wp-content\/uploads\/2024\/03\/1-1.png","type":"image\/png"}],"author":"ainara","twitter_card":"summary_large_image","twitter_misc":{"Escrito por":"ainara","Tiempo de lectura":"5 minutos"},"schema":{"@context":"https:\/\/schema.org","@graph":[{"@type":"Article","@id":"https:\/\/iraurgiberritzen.eus\/es\/el-alumnado-de-la-comarca-conoce-la-oferta-de-izarraitz-lanbide-heziketa-y-el-dia-a-dia-de-los-agentes-de-la-zona\/#article","isPartOf":{"@id":"https:\/\/iraurgiberritzen.eus\/es\/el-alumnado-de-la-comarca-conoce-la-oferta-de-izarraitz-lanbide-heziketa-y-el-dia-a-dia-de-los-agentes-de-la-zona\/"},"author":{"name":"ainara","@id":"https:\/\/iraurgiberritzen.eus\/es\/#\/schema\/person\/a32c9825b3e2bfcbe757a97f6a15c8a5"},"headline":"El alumnado de la comarca conoce la oferta de Izarraitz Lanbide Heziketa y el d\u00eda a d\u00eda de los agentes de la zona","datePublished":"2024-03-15T12:00:56+00:00","dateModified":"2024-03-18T06:51:10+00:00","mainEntityOfPage":{"@id":"https:\/\/iraurgiberritzen.eus\/es\/el-alumnado-de-la-comarca-conoce-la-oferta-de-izarraitz-lanbide-heziketa-y-el-dia-a-dia-de-los-agentes-de-la-zona\/"},"wordCount":397,"publisher":{"@id":"https:\/\/iraurgiberritzen.eus\/es\/#organization"},"image":{"@id":"https:\/\/iraurgiberritzen.eus\/es\/el-alumnado-de-la-comarca-conoce-la-oferta-de-izarraitz-lanbide-heziketa-y-el-dia-a-dia-de-los-agentes-de-la-zona\/#primaryimage"},"thumbnailUrl":"https:\/\/iraurgiberritzen.eus\/wp-content\/uploads\/2024\/03\/1-1.png","articleSection":["Noticias"],"inLanguage":"es"},{"@type":"WebPage","@id":"https:\/\/iraurgiberritzen.eus\/es\/el-alumnado-de-la-comarca-conoce-la-oferta-de-izarraitz-lanbide-heziketa-y-el-dia-a-dia-de-los-agentes-de-la-zona\/","url":"https:\/\/iraurgiberritzen.eus\/es\/el-alumnado-de-la-comarca-conoce-la-oferta-de-izarraitz-lanbide-heziketa-y-el-dia-a-dia-de-los-agentes-de-la-zona\/","name":"El alumnado de la comarca conoce la oferta de Izarraitz Lanbide Heziketa y el d\u00eda a d\u00eda de los agentes de la zona - Iraurgi Berritzen","isPartOf":{"@id":"https:\/\/iraurgiberritzen.eus\/es\/#website"},"primaryImageOfPage":{"@id":"https:\/\/iraurgiberritzen.eus\/es\/el-alumnado-de-la-comarca-conoce-la-oferta-de-izarraitz-lanbide-heziketa-y-el-dia-a-dia-de-los-agentes-de-la-zona\/#primaryimage"},"image":{"@id":"https:\/\/iraurgiberritzen.eus\/es\/el-alumnado-de-la-comarca-conoce-la-oferta-de-izarraitz-lanbide-heziketa-y-el-dia-a-dia-de-los-agentes-de-la-zona\/#primaryimage"},"thumbnailUrl":"https:\/\/iraurgiberritzen.eus\/wp-content\/uploads\/2024\/03\/1-1.png","datePublished":"2024-03-15T12:00:56+00:00","dateModified":"2024-03-18T06:51:10+00:00","breadcrumb":{"@id":"https:\/\/iraurgiberritzen.eus\/es\/el-alumnado-de-la-comarca-conoce-la-oferta-de-izarraitz-lanbide-heziketa-y-el-dia-a-dia-de-los-agentes-de-la-zona\/#breadcrumb"},"inLanguage":"es","potentialAction":[{"@type":"ReadAction","target":["https:\/\/iraurgiberritzen.eus\/es\/el-alumnado-de-la-comarca-conoce-la-oferta-de-izarraitz-lanbide-heziketa-y-el-dia-a-dia-de-los-agentes-de-la-zona\/"]}]},{"@type":"ImageObject","inLanguage":"es","@id":"https:\/\/iraurgiberritzen.eus\/es\/el-alumnado-de-la-comarca-conoce-la-oferta-de-izarraitz-lanbide-heziketa-y-el-dia-a-dia-de-los-agentes-de-la-zona\/#primaryimage","url":"https:\/\/iraurgiberritzen.eus\/wp-content\/uploads\/2024\/03\/1-1.png","contentUrl":"https:\/\/iraurgiberritzen.eus\/wp-content\/uploads\/2024\/03\/1-1.png","width":800,"height":550},{"@type":"BreadcrumbList","@id":"https:\/\/iraurgiberritzen.eus\/es\/el-alumnado-de-la-comarca-conoce-la-oferta-de-izarraitz-lanbide-heziketa-y-el-dia-a-dia-de-los-agentes-de-la-zona\/#breadcrumb","itemListElement":[{"@type":"ListItem","position":1,"name":"Home","item":"https:\/\/iraurgiberritzen.eus\/es\/"},{"@type":"ListItem","position":2,"name":"El alumnado de la comarca conoce la oferta de Izarraitz Lanbide Heziketa y el d\u00eda a d\u00eda de los agentes de la zona"}]},{"@type":"WebSite","@id":"https:\/\/iraurgiberritzen.eus\/es\/#website","url":"https:\/\/iraurgiberritzen.eus\/es\/","name":"Iraurgi Berritzen","description":"Urola Erdiko Garapen Agentzia","publisher":{"@id":"https:\/\/iraurgiberritzen.eus\/es\/#organization"},"potentialAction":[{"@type":"SearchAction","target":{"@type":"EntryPoint","urlTemplate":"https:\/\/iraurgiberritzen.eus\/es\/?s={search_term_string}"},"query-input":{"@type":"PropertyValueSpecification","valueRequired":true,"valueName":"search_term_string"}}],"inLanguage":"es"},{"@type":"Organization","@id":"https:\/\/iraurgiberritzen.eus\/es\/#organization","name":"Iraurgi Berritzen","url":"https:\/\/iraurgiberritzen.eus\/es\/","logo":{"@type":"ImageObject","inLanguage":"es","@id":"https:\/\/iraurgiberritzen.eus\/es\/#\/schema\/logo\/image\/","url":"https:\/\/iraurgiberritzen.eus\/wp-content\/uploads\/2024\/02\/IRAURGI-BERRITZEN-logotipoa_2.png","contentUrl":"https:\/\/iraurgiberritzen.eus\/wp-content\/uploads\/2024\/02\/IRAURGI-BERRITZEN-logotipoa_2.png","width":496,"height":190,"caption":"Iraurgi Berritzen"},"image":{"@id":"https:\/\/iraurgiberritzen.eus\/es\/#\/schema\/logo\/image\/"}},{"@type":"Person","@id":"https:\/\/iraurgiberritzen.eus\/es\/#\/schema\/person\/a32c9825b3e2bfcbe757a97f6a15c8a5","name":"ainara"}]}},"_links":{"self":[{"href":"https:\/\/iraurgiberritzen.eus\/es\/wp-json\/wp\/v2\/posts\/19517","targetHints":{"allow":["GET"]}}],"collection":[{"href":"https:\/\/iraurgiberritzen.eus\/es\/wp-json\/wp\/v2\/posts"}],"about":[{"href":"https:\/\/iraurgiberritzen.eus\/es\/wp-json\/wp\/v2\/types\/post"}],"author":[{"embeddable":true,"href":"https:\/\/iraurgiberritzen.eus\/es\/wp-json\/wp\/v2\/users\/4"}],"replies":[{"embeddable":true,"href":"https:\/\/iraurgiberritzen.eus\/es\/wp-json\/wp\/v2\/comments?post=19517"}],"version-history":[{"count":4,"href":"https:\/\/iraurgiberritzen.eus\/es\/wp-json\/wp\/v2\/posts\/19517\/revisions"}],"predecessor-version":[{"id":19545,"href":"https:\/\/iraurgiberritzen.eus\/es\/wp-json\/wp\/v2\/posts\/19517\/revisions\/19545"}],"wp:featuredmedia":[{"embeddable":true,"href":"https:\/\/iraurgiberritzen.eus\/es\/wp-json\/wp\/v2\/media\/19493"}],"wp:attachment":[{"href":"https:\/\/iraurgiberritzen.eus\/es\/wp-json\/wp\/v2\/media?parent=19517"}],"wp:term":[{"taxonomy":"category","embeddable":true,"href":"https:\/\/iraurgiberritzen.eus\/es\/wp-json\/wp\/v2\/categories?post=19517"},{"taxonomy":"post_tag","embeddable":true,"href":"https:\/\/iraurgiberritzen.eus\/es\/wp-json\/wp\/v2\/tags?post=19517"}],"curies":[{"name":"wp","href":"https:\/\/api.w.org\/{rel}","templated":true}]}}