{"id":19540,"date":"2024-03-17T13:23:01","date_gmt":"2024-03-17T11:23:01","guid":{"rendered":"https:\/\/iraurgiberritzen.eus\/?p=19540"},"modified":"2024-03-17T13:23:50","modified_gmt":"2024-03-17T11:23:50","slug":"colaboracion-entre-la-media-maraton-azkotia-azpeitia-e-iraurgi-berritzen-a-traves-de-urola-turismoa","status":"publish","type":"post","link":"https:\/\/iraurgiberritzen.eus\/es\/colaboracion-entre-la-media-maraton-azkotia-azpeitia-e-iraurgi-berritzen-a-traves-de-urola-turismoa\/","title":{"rendered":"Colaboraci\u00f3n entre la Media Marat\u00f3n Azkotia-Azpeitia e Iraurgi Berritzen a trav\u00e9s de Urola Turismoa"},"content":{"rendered":"<p>El pr\u00f3ximo s\u00e1bado, 23 de marzo, se celebrar\u00e1 la 31 Edici\u00f3n de la Media Marat\u00f3n Azkoitia-Azpeitia, la cual ha cobrado fuerza en los \u00faltimos a\u00f1os, convirti\u00e9ndose en la actualidad en una actividad muy popular. La edici\u00f3n de este a\u00f1o combinar\u00e1 cultura, fiesta y deporte. El pasado viernes se celebr\u00f3 en Azpeitia el acto de presentaci\u00f3n de la carrera, en el que participaron los organizadores de la Media Marat\u00f3n, representantes municipales de ambas localidades, de Iraurgi Berritzen y de la Federaci\u00f3n Guipuzcoana de Atletismo, de Marea Urdina y de las principales empresas patrocinadoras del evento. La presentaci\u00f3n tambi\u00e9n cont\u00f3 con la presencia de la hermana de Diego Garc\u00eda, Carmen Garc\u00eda.<\/p>\n<p>Est\u00e1 claro que lo que proyecta esta carrera es muy potente para la comarca de Urola Erdia. Por un lado es una prueba deportiva de primer nivel de cara al exterior, porque tiene el potencial de atraer tanto a los\/as corredores\/as y a las personas que vienen a la comarca ayudando a \u00e9stos\/as, ya sean familia o amigos. Y por otro lado, tambi\u00e9n de cara al interior ya que la ciudadan\u00eda local y el evento est\u00e1n ligados a un icono como Diego Garc\u00eda.<\/p>\n<p>Desde el punto de vista tur\u00edstico, teniendo en cuenta que la colaboraci\u00f3n con esta prueba es una oportunidad, los organizadores de la misma e Iraurgi Berritzen han decidido<strong> prolongar<\/strong> esta <strong>Running festa<\/strong> m\u00e1s all\u00e1 del horario de la misma prueba de atletismo.<\/p>\n<p>Haciendo un s\u00edmil atl\u00e9tico como calentamiento para la carrera y siguiendo el recorrido de Azkoitia a Azpeitia, el mismo s\u00e1bado por la ma\u00f1ana, d\u00eda en que se celebra la misma, se han organizado <strong>visitas guiadas por ambas localidades<\/strong>, dirigidas a corredores\/as, personas acompa\u00f1antes, o a la ciudadan\u00eda en general, siendo una buena ocasi\u00f3n para dar a conocer y mostrar el patrimonio cultural e hist\u00f3rico de nuestros pueblos.<\/p>\n<p>La visita de <strong>Azkoitia<\/strong> ser\u00e1 a las <strong>10:00<\/strong> de la ma\u00f1ana y la de <strong>Azpeitia<\/strong> a las <strong>12:00<\/strong>, las cuales se realizar\u00e1n tanto en euskera como en castellano de la mano de dos gu\u00edas expertos.<\/p>\n<p>En caso de estar interesado en <strong>participar en ellas<\/strong>, es necesario inscribirse llamando al <strong>688 759 429<\/strong> o escribiendo un whatsapp.<\/p>\n<img loading=\"lazy\" decoding=\"async\" class=\" wp-image-19537 aligncenter\" src=\"https:\/\/iraurgiberritzen.eus\/wp-content\/uploads\/2024\/03\/PORTADA-IB-WEB-800-x-550-px-24-1-300x206.png\" alt=\"\" width=\"800\" height=\"549\" srcset=\"https:\/\/iraurgiberritzen.eus\/wp-content\/uploads\/2024\/03\/PORTADA-IB-WEB-800-x-550-px-24-1-300x206.png 300w, https:\/\/iraurgiberritzen.eus\/wp-content\/uploads\/2024\/03\/PORTADA-IB-WEB-800-x-550-px-24-1-768x528.png 768w, https:\/\/iraurgiberritzen.eus\/wp-content\/uploads\/2024\/03\/PORTADA-IB-WEB-800-x-550-px-24-1.png 800w\" sizes=\"auto, (max-width: 800px) 100vw, 800px\" \/>\n<p>&nbsp;<\/p>\n","protected":false},"excerpt":{"rendered":"<p>El pr\u00f3ximo s\u00e1bado, 23 de marzo, se celebrar\u00e1 la 31 Edici\u00f3n de la Media Marat\u00f3n Azkoitia-Azpeitia, la cual ha cobrado fuerza en los \u00faltimos a\u00f1os, convirti\u00e9ndose en la actualidad en una actividad muy popular. La edici\u00f3n de este a\u00f1o combinar\u00e1 cultura, fiesta y deporte. El pasado viernes se celebr\u00f3 en Azpeitia el acto de presentaci\u00f3n [&hellip;]<\/p>\n","protected":false},"author":4,"featured_media":19536,"comment_status":"closed","ping_status":"closed","sticky":false,"template":"","format":"standard","meta":{"_acf_changed":false,"footnotes":""},"categories":[4],"tags":[],"class_list":["post-19540","post","type-post","status-publish","format-standard","has-post-thumbnail","hentry","category-noticias","arloak-turismo"],"acf":[],"yoast_head":"<!-- This site is optimized with the Yoast SEO plugin v27.4 - https:\/\/yoast.com\/product\/yoast-seo-wordpress\/ -->\n<title>Colaboraci\u00f3n entre la Media Marat\u00f3n Azkotia-Azpeitia e Iraurgi Berritzen a trav\u00e9s de Urola Turismoa - Iraurgi Berritzen<\/title>\n<meta name=\"robots\" content=\"index, follow, max-snippet:-1, max-image-preview:large, max-video-preview:-1\" \/>\n<link rel=\"canonical\" href=\"https:\/\/iraurgiberritzen.eus\/es\/colaboracion-entre-la-media-maraton-azkotia-azpeitia-e-iraurgi-berritzen-a-traves-de-urola-turismoa\/\" \/>\n<meta property=\"og:locale\" content=\"es_ES\" \/>\n<meta property=\"og:type\" content=\"article\" \/>\n<meta property=\"og:title\" content=\"Colaboraci\u00f3n entre la Media Marat\u00f3n Azkotia-Azpeitia e Iraurgi Berritzen a trav\u00e9s de Urola Turismoa - Iraurgi Berritzen\" \/>\n<meta property=\"og:description\" content=\"El pr\u00f3ximo s\u00e1bado, 23 de marzo, se celebrar\u00e1 la 31 Edici\u00f3n de la Media Marat\u00f3n Azkoitia-Azpeitia, la cual ha cobrado fuerza en los \u00faltimos a\u00f1os, convirti\u00e9ndose en la actualidad en una actividad muy popular. La edici\u00f3n de este a\u00f1o combinar\u00e1 cultura, fiesta y deporte. El pasado viernes se celebr\u00f3 en Azpeitia el acto de presentaci\u00f3n [&hellip;]\" \/>\n<meta property=\"og:url\" content=\"https:\/\/iraurgiberritzen.eus\/es\/colaboracion-entre-la-media-maraton-azkotia-azpeitia-e-iraurgi-berritzen-a-traves-de-urola-turismoa\/\" \/>\n<meta property=\"og:site_name\" content=\"Iraurgi Berritzen\" \/>\n<meta property=\"article:published_time\" content=\"2024-03-17T11:23:01+00:00\" \/>\n<meta property=\"article:modified_time\" content=\"2024-03-17T11:23:50+00:00\" \/>\n<meta property=\"og:image\" content=\"https:\/\/iraurgiberritzen.eus\/wp-content\/uploads\/2024\/03\/PORTADA-IB-WEB-800-x-550-px-23-1.png\" \/>\n\t<meta property=\"og:image:width\" content=\"800\" \/>\n\t<meta property=\"og:image:height\" content=\"550\" \/>\n\t<meta property=\"og:image:type\" content=\"image\/png\" \/>\n<meta name=\"author\" content=\"ainara\" \/>\n<meta name=\"twitter:card\" content=\"summary_large_image\" \/>\n<meta name=\"twitter:label1\" content=\"Escrito por\" \/>\n\t<meta name=\"twitter:data1\" content=\"ainara\" \/>\n\t<meta name=\"twitter:label2\" content=\"Tiempo de lectura\" \/>\n\t<meta name=\"twitter:data2\" content=\"3 minutos\" \/>\n<script type=\"application\/ld+json\" class=\"yoast-schema-graph\">{\"@context\":\"https:\\\/\\\/schema.org\",\"@graph\":[{\"@type\":\"Article\",\"@id\":\"https:\\\/\\\/iraurgiberritzen.eus\\\/es\\\/colaboracion-entre-la-media-maraton-azkotia-azpeitia-e-iraurgi-berritzen-a-traves-de-urola-turismoa\\\/#article\",\"isPartOf\":{\"@id\":\"https:\\\/\\\/iraurgiberritzen.eus\\\/es\\\/colaboracion-entre-la-media-maraton-azkotia-azpeitia-e-iraurgi-berritzen-a-traves-de-urola-turismoa\\\/\"},\"author\":{\"name\":\"ainara\",\"@id\":\"https:\\\/\\\/iraurgiberritzen.eus\\\/es\\\/#\\\/schema\\\/person\\\/a32c9825b3e2bfcbe757a97f6a15c8a5\"},\"headline\":\"Colaboraci\u00f3n entre la Media Marat\u00f3n Azkotia-Azpeitia e Iraurgi Berritzen a trav\u00e9s de Urola Turismoa\",\"datePublished\":\"2024-03-17T11:23:01+00:00\",\"dateModified\":\"2024-03-17T11:23:50+00:00\",\"mainEntityOfPage\":{\"@id\":\"https:\\\/\\\/iraurgiberritzen.eus\\\/es\\\/colaboracion-entre-la-media-maraton-azkotia-azpeitia-e-iraurgi-berritzen-a-traves-de-urola-turismoa\\\/\"},\"wordCount\":406,\"publisher\":{\"@id\":\"https:\\\/\\\/iraurgiberritzen.eus\\\/es\\\/#organization\"},\"image\":{\"@id\":\"https:\\\/\\\/iraurgiberritzen.eus\\\/es\\\/colaboracion-entre-la-media-maraton-azkotia-azpeitia-e-iraurgi-berritzen-a-traves-de-urola-turismoa\\\/#primaryimage\"},\"thumbnailUrl\":\"https:\\\/\\\/iraurgiberritzen.eus\\\/wp-content\\\/uploads\\\/2024\\\/03\\\/PORTADA-IB-WEB-800-x-550-px-23-1.png\",\"articleSection\":[\"Noticias\"],\"inLanguage\":\"es\"},{\"@type\":\"WebPage\",\"@id\":\"https:\\\/\\\/iraurgiberritzen.eus\\\/es\\\/colaboracion-entre-la-media-maraton-azkotia-azpeitia-e-iraurgi-berritzen-a-traves-de-urola-turismoa\\\/\",\"url\":\"https:\\\/\\\/iraurgiberritzen.eus\\\/es\\\/colaboracion-entre-la-media-maraton-azkotia-azpeitia-e-iraurgi-berritzen-a-traves-de-urola-turismoa\\\/\",\"name\":\"Colaboraci\u00f3n entre la Media Marat\u00f3n Azkotia-Azpeitia e Iraurgi Berritzen a trav\u00e9s de Urola Turismoa - Iraurgi Berritzen\",\"isPartOf\":{\"@id\":\"https:\\\/\\\/iraurgiberritzen.eus\\\/es\\\/#website\"},\"primaryImageOfPage\":{\"@id\":\"https:\\\/\\\/iraurgiberritzen.eus\\\/es\\\/colaboracion-entre-la-media-maraton-azkotia-azpeitia-e-iraurgi-berritzen-a-traves-de-urola-turismoa\\\/#primaryimage\"},\"image\":{\"@id\":\"https:\\\/\\\/iraurgiberritzen.eus\\\/es\\\/colaboracion-entre-la-media-maraton-azkotia-azpeitia-e-iraurgi-berritzen-a-traves-de-urola-turismoa\\\/#primaryimage\"},\"thumbnailUrl\":\"https:\\\/\\\/iraurgiberritzen.eus\\\/wp-content\\\/uploads\\\/2024\\\/03\\\/PORTADA-IB-WEB-800-x-550-px-23-1.png\",\"datePublished\":\"2024-03-17T11:23:01+00:00\",\"dateModified\":\"2024-03-17T11:23:50+00:00\",\"breadcrumb\":{\"@id\":\"https:\\\/\\\/iraurgiberritzen.eus\\\/es\\\/colaboracion-entre-la-media-maraton-azkotia-azpeitia-e-iraurgi-berritzen-a-traves-de-urola-turismoa\\\/#breadcrumb\"},\"inLanguage\":\"es\",\"potentialAction\":[{\"@type\":\"ReadAction\",\"target\":[\"https:\\\/\\\/iraurgiberritzen.eus\\\/es\\\/colaboracion-entre-la-media-maraton-azkotia-azpeitia-e-iraurgi-berritzen-a-traves-de-urola-turismoa\\\/\"]}]},{\"@type\":\"ImageObject\",\"inLanguage\":\"es\",\"@id\":\"https:\\\/\\\/iraurgiberritzen.eus\\\/es\\\/colaboracion-entre-la-media-maraton-azkotia-azpeitia-e-iraurgi-berritzen-a-traves-de-urola-turismoa\\\/#primaryimage\",\"url\":\"https:\\\/\\\/iraurgiberritzen.eus\\\/wp-content\\\/uploads\\\/2024\\\/03\\\/PORTADA-IB-WEB-800-x-550-px-23-1.png\",\"contentUrl\":\"https:\\\/\\\/iraurgiberritzen.eus\\\/wp-content\\\/uploads\\\/2024\\\/03\\\/PORTADA-IB-WEB-800-x-550-px-23-1.png\",\"width\":800,\"height\":550},{\"@type\":\"BreadcrumbList\",\"@id\":\"https:\\\/\\\/iraurgiberritzen.eus\\\/es\\\/colaboracion-entre-la-media-maraton-azkotia-azpeitia-e-iraurgi-berritzen-a-traves-de-urola-turismoa\\\/#breadcrumb\",\"itemListElement\":[{\"@type\":\"ListItem\",\"position\":1,\"name\":\"Home\",\"item\":\"https:\\\/\\\/iraurgiberritzen.eus\\\/es\\\/\"},{\"@type\":\"ListItem\",\"position\":2,\"name\":\"Colaboraci\u00f3n entre la Media Marat\u00f3n Azkotia-Azpeitia e Iraurgi Berritzen a trav\u00e9s de Urola Turismoa\"}]},{\"@type\":\"WebSite\",\"@id\":\"https:\\\/\\\/iraurgiberritzen.eus\\\/es\\\/#website\",\"url\":\"https:\\\/\\\/iraurgiberritzen.eus\\\/es\\\/\",\"name\":\"Iraurgi Berritzen\",\"description\":\"Urola Erdiko Garapen Agentzia\",\"publisher\":{\"@id\":\"https:\\\/\\\/iraurgiberritzen.eus\\\/es\\\/#organization\"},\"potentialAction\":[{\"@type\":\"SearchAction\",\"target\":{\"@type\":\"EntryPoint\",\"urlTemplate\":\"https:\\\/\\\/iraurgiberritzen.eus\\\/es\\\/?s={search_term_string}\"},\"query-input\":{\"@type\":\"PropertyValueSpecification\",\"valueRequired\":true,\"valueName\":\"search_term_string\"}}],\"inLanguage\":\"es\"},{\"@type\":\"Organization\",\"@id\":\"https:\\\/\\\/iraurgiberritzen.eus\\\/es\\\/#organization\",\"name\":\"Iraurgi Berritzen\",\"url\":\"https:\\\/\\\/iraurgiberritzen.eus\\\/es\\\/\",\"logo\":{\"@type\":\"ImageObject\",\"inLanguage\":\"es\",\"@id\":\"https:\\\/\\\/iraurgiberritzen.eus\\\/es\\\/#\\\/schema\\\/logo\\\/image\\\/\",\"url\":\"https:\\\/\\\/iraurgiberritzen.eus\\\/wp-content\\\/uploads\\\/2024\\\/02\\\/IRAURGI-BERRITZEN-logotipoa_2.png\",\"contentUrl\":\"https:\\\/\\\/iraurgiberritzen.eus\\\/wp-content\\\/uploads\\\/2024\\\/02\\\/IRAURGI-BERRITZEN-logotipoa_2.png\",\"width\":496,\"height\":190,\"caption\":\"Iraurgi Berritzen\"},\"image\":{\"@id\":\"https:\\\/\\\/iraurgiberritzen.eus\\\/es\\\/#\\\/schema\\\/logo\\\/image\\\/\"}},{\"@type\":\"Person\",\"@id\":\"https:\\\/\\\/iraurgiberritzen.eus\\\/es\\\/#\\\/schema\\\/person\\\/a32c9825b3e2bfcbe757a97f6a15c8a5\",\"name\":\"ainara\"}]}<\/script>\n<!-- \/ Yoast SEO plugin. -->","yoast_head_json":{"title":"Colaboraci\u00f3n entre la Media Marat\u00f3n Azkotia-Azpeitia e Iraurgi Berritzen a trav\u00e9s de Urola Turismoa - Iraurgi Berritzen","robots":{"index":"index","follow":"follow","max-snippet":"max-snippet:-1","max-image-preview":"max-image-preview:large","max-video-preview":"max-video-preview:-1"},"canonical":"https:\/\/iraurgiberritzen.eus\/es\/colaboracion-entre-la-media-maraton-azkotia-azpeitia-e-iraurgi-berritzen-a-traves-de-urola-turismoa\/","og_locale":"es_ES","og_type":"article","og_title":"Colaboraci\u00f3n entre la Media Marat\u00f3n Azkotia-Azpeitia e Iraurgi Berritzen a trav\u00e9s de Urola Turismoa - Iraurgi Berritzen","og_description":"El pr\u00f3ximo s\u00e1bado, 23 de marzo, se celebrar\u00e1 la 31 Edici\u00f3n de la Media Marat\u00f3n Azkoitia-Azpeitia, la cual ha cobrado fuerza en los \u00faltimos a\u00f1os, convirti\u00e9ndose en la actualidad en una actividad muy popular. La edici\u00f3n de este a\u00f1o combinar\u00e1 cultura, fiesta y deporte. El pasado viernes se celebr\u00f3 en Azpeitia el acto de presentaci\u00f3n [&hellip;]","og_url":"https:\/\/iraurgiberritzen.eus\/es\/colaboracion-entre-la-media-maraton-azkotia-azpeitia-e-iraurgi-berritzen-a-traves-de-urola-turismoa\/","og_site_name":"Iraurgi Berritzen","article_published_time":"2024-03-17T11:23:01+00:00","article_modified_time":"2024-03-17T11:23:50+00:00","og_image":[{"width":800,"height":550,"url":"https:\/\/iraurgiberritzen.eus\/wp-content\/uploads\/2024\/03\/PORTADA-IB-WEB-800-x-550-px-23-1.png","type":"image\/png"}],"author":"ainara","twitter_card":"summary_large_image","twitter_misc":{"Escrito por":"ainara","Tiempo de lectura":"3 minutos"},"schema":{"@context":"https:\/\/schema.org","@graph":[{"@type":"Article","@id":"https:\/\/iraurgiberritzen.eus\/es\/colaboracion-entre-la-media-maraton-azkotia-azpeitia-e-iraurgi-berritzen-a-traves-de-urola-turismoa\/#article","isPartOf":{"@id":"https:\/\/iraurgiberritzen.eus\/es\/colaboracion-entre-la-media-maraton-azkotia-azpeitia-e-iraurgi-berritzen-a-traves-de-urola-turismoa\/"},"author":{"name":"ainara","@id":"https:\/\/iraurgiberritzen.eus\/es\/#\/schema\/person\/a32c9825b3e2bfcbe757a97f6a15c8a5"},"headline":"Colaboraci\u00f3n entre la Media Marat\u00f3n Azkotia-Azpeitia e Iraurgi Berritzen a trav\u00e9s de Urola Turismoa","datePublished":"2024-03-17T11:23:01+00:00","dateModified":"2024-03-17T11:23:50+00:00","mainEntityOfPage":{"@id":"https:\/\/iraurgiberritzen.eus\/es\/colaboracion-entre-la-media-maraton-azkotia-azpeitia-e-iraurgi-berritzen-a-traves-de-urola-turismoa\/"},"wordCount":406,"publisher":{"@id":"https:\/\/iraurgiberritzen.eus\/es\/#organization"},"image":{"@id":"https:\/\/iraurgiberritzen.eus\/es\/colaboracion-entre-la-media-maraton-azkotia-azpeitia-e-iraurgi-berritzen-a-traves-de-urola-turismoa\/#primaryimage"},"thumbnailUrl":"https:\/\/iraurgiberritzen.eus\/wp-content\/uploads\/2024\/03\/PORTADA-IB-WEB-800-x-550-px-23-1.png","articleSection":["Noticias"],"inLanguage":"es"},{"@type":"WebPage","@id":"https:\/\/iraurgiberritzen.eus\/es\/colaboracion-entre-la-media-maraton-azkotia-azpeitia-e-iraurgi-berritzen-a-traves-de-urola-turismoa\/","url":"https:\/\/iraurgiberritzen.eus\/es\/colaboracion-entre-la-media-maraton-azkotia-azpeitia-e-iraurgi-berritzen-a-traves-de-urola-turismoa\/","name":"Colaboraci\u00f3n entre la Media Marat\u00f3n Azkotia-Azpeitia e Iraurgi Berritzen a trav\u00e9s de Urola Turismoa - Iraurgi Berritzen","isPartOf":{"@id":"https:\/\/iraurgiberritzen.eus\/es\/#website"},"primaryImageOfPage":{"@id":"https:\/\/iraurgiberritzen.eus\/es\/colaboracion-entre-la-media-maraton-azkotia-azpeitia-e-iraurgi-berritzen-a-traves-de-urola-turismoa\/#primaryimage"},"image":{"@id":"https:\/\/iraurgiberritzen.eus\/es\/colaboracion-entre-la-media-maraton-azkotia-azpeitia-e-iraurgi-berritzen-a-traves-de-urola-turismoa\/#primaryimage"},"thumbnailUrl":"https:\/\/iraurgiberritzen.eus\/wp-content\/uploads\/2024\/03\/PORTADA-IB-WEB-800-x-550-px-23-1.png","datePublished":"2024-03-17T11:23:01+00:00","dateModified":"2024-03-17T11:23:50+00:00","breadcrumb":{"@id":"https:\/\/iraurgiberritzen.eus\/es\/colaboracion-entre-la-media-maraton-azkotia-azpeitia-e-iraurgi-berritzen-a-traves-de-urola-turismoa\/#breadcrumb"},"inLanguage":"es","potentialAction":[{"@type":"ReadAction","target":["https:\/\/iraurgiberritzen.eus\/es\/colaboracion-entre-la-media-maraton-azkotia-azpeitia-e-iraurgi-berritzen-a-traves-de-urola-turismoa\/"]}]},{"@type":"ImageObject","inLanguage":"es","@id":"https:\/\/iraurgiberritzen.eus\/es\/colaboracion-entre-la-media-maraton-azkotia-azpeitia-e-iraurgi-berritzen-a-traves-de-urola-turismoa\/#primaryimage","url":"https:\/\/iraurgiberritzen.eus\/wp-content\/uploads\/2024\/03\/PORTADA-IB-WEB-800-x-550-px-23-1.png","contentUrl":"https:\/\/iraurgiberritzen.eus\/wp-content\/uploads\/2024\/03\/PORTADA-IB-WEB-800-x-550-px-23-1.png","width":800,"height":550},{"@type":"BreadcrumbList","@id":"https:\/\/iraurgiberritzen.eus\/es\/colaboracion-entre-la-media-maraton-azkotia-azpeitia-e-iraurgi-berritzen-a-traves-de-urola-turismoa\/#breadcrumb","itemListElement":[{"@type":"ListItem","position":1,"name":"Home","item":"https:\/\/iraurgiberritzen.eus\/es\/"},{"@type":"ListItem","position":2,"name":"Colaboraci\u00f3n entre la Media Marat\u00f3n Azkotia-Azpeitia e Iraurgi Berritzen a trav\u00e9s de Urola Turismoa"}]},{"@type":"WebSite","@id":"https:\/\/iraurgiberritzen.eus\/es\/#website","url":"https:\/\/iraurgiberritzen.eus\/es\/","name":"Iraurgi Berritzen","description":"Urola Erdiko Garapen Agentzia","publisher":{"@id":"https:\/\/iraurgiberritzen.eus\/es\/#organization"},"potentialAction":[{"@type":"SearchAction","target":{"@type":"EntryPoint","urlTemplate":"https:\/\/iraurgiberritzen.eus\/es\/?s={search_term_string}"},"query-input":{"@type":"PropertyValueSpecification","valueRequired":true,"valueName":"search_term_string"}}],"inLanguage":"es"},{"@type":"Organization","@id":"https:\/\/iraurgiberritzen.eus\/es\/#organization","name":"Iraurgi Berritzen","url":"https:\/\/iraurgiberritzen.eus\/es\/","logo":{"@type":"ImageObject","inLanguage":"es","@id":"https:\/\/iraurgiberritzen.eus\/es\/#\/schema\/logo\/image\/","url":"https:\/\/iraurgiberritzen.eus\/wp-content\/uploads\/2024\/02\/IRAURGI-BERRITZEN-logotipoa_2.png","contentUrl":"https:\/\/iraurgiberritzen.eus\/wp-content\/uploads\/2024\/02\/IRAURGI-BERRITZEN-logotipoa_2.png","width":496,"height":190,"caption":"Iraurgi Berritzen"},"image":{"@id":"https:\/\/iraurgiberritzen.eus\/es\/#\/schema\/logo\/image\/"}},{"@type":"Person","@id":"https:\/\/iraurgiberritzen.eus\/es\/#\/schema\/person\/a32c9825b3e2bfcbe757a97f6a15c8a5","name":"ainara"}]}},"_links":{"self":[{"href":"https:\/\/iraurgiberritzen.eus\/es\/wp-json\/wp\/v2\/posts\/19540","targetHints":{"allow":["GET"]}}],"collection":[{"href":"https:\/\/iraurgiberritzen.eus\/es\/wp-json\/wp\/v2\/posts"}],"about":[{"href":"https:\/\/iraurgiberritzen.eus\/es\/wp-json\/wp\/v2\/types\/post"}],"author":[{"embeddable":true,"href":"https:\/\/iraurgiberritzen.eus\/es\/wp-json\/wp\/v2\/users\/4"}],"replies":[{"embeddable":true,"href":"https:\/\/iraurgiberritzen.eus\/es\/wp-json\/wp\/v2\/comments?post=19540"}],"version-history":[{"count":2,"href":"https:\/\/iraurgiberritzen.eus\/es\/wp-json\/wp\/v2\/posts\/19540\/revisions"}],"predecessor-version":[{"id":19542,"href":"https:\/\/iraurgiberritzen.eus\/es\/wp-json\/wp\/v2\/posts\/19540\/revisions\/19542"}],"wp:featuredmedia":[{"embeddable":true,"href":"https:\/\/iraurgiberritzen.eus\/es\/wp-json\/wp\/v2\/media\/19536"}],"wp:attachment":[{"href":"https:\/\/iraurgiberritzen.eus\/es\/wp-json\/wp\/v2\/media?parent=19540"}],"wp:term":[{"taxonomy":"category","embeddable":true,"href":"https:\/\/iraurgiberritzen.eus\/es\/wp-json\/wp\/v2\/categories?post=19540"},{"taxonomy":"post_tag","embeddable":true,"href":"https:\/\/iraurgiberritzen.eus\/es\/wp-json\/wp\/v2\/tags?post=19540"}],"curies":[{"name":"wp","href":"https:\/\/api.w.org\/{rel}","templated":true}]}}