{"id":19609,"date":"2024-03-21T11:45:59","date_gmt":"2024-03-21T09:45:59","guid":{"rendered":"https:\/\/iraurgiberritzen.eus\/?p=19609"},"modified":"2024-03-22T10:31:34","modified_gmt":"2024-03-22T08:31:34","slug":"practicas-proyectos-fin-de-grado-y-dual","status":"publish","type":"post","link":"https:\/\/iraurgiberritzen.eus\/es\/practicas-proyectos-fin-de-grado-y-dual\/","title":{"rendered":"Gesti\u00f3n de Pr\u00e1cticas, Proyectos Fin de Grado y Dual de los j\u00f3venes de la comarca"},"content":{"rendered":"<p>Iraurgi Berritzen, en el marco del Plan de acci\u00f3n que est\u00e1 llevando a cabo para la promoci\u00f3n del empleo en la comarca, quiere impulsar con especial inter\u00e9s las <strong>primeras experiencias laborales<\/strong> <strong>de personas j\u00f3venes cualificada<\/strong>s, ofreciendo oportunidades para que desarrollen su talento en la comarca.<\/p>\n<p>Desde el 2018, recogemos las necesidades que tienen tanto las empresas como las personas j\u00f3venes cualificadas para la realizaci\u00f3n de Pr\u00e1cticas, Proyectos Fin de Grado y Dual. En estos casos, se desarrolla un convenio de colaboraci\u00f3n entre la empresa y la universidad. Desde Iraurgi Berritzen se da apoyo en la tramitaci\u00f3n de dichas pr\u00e1cticas.<\/p>\n<p>En caso de estar interesado en que estas personas j\u00f3venes cualificadas realicen las Pr\u00e1cticas, el Proyecto Fin de Grado \u00f3 Dual en vuestra empresa, contactar con nosotros en <strong>sfernandez@iraurgiberritzen.eu<\/strong>s \u00f3 llamando al tel\u00e9fono <strong>688 873 589 (Sandra)<\/strong>.<\/p>\n","protected":false},"excerpt":{"rendered":"<p>Iraurgi Berritzen, en el marco del Plan de acci\u00f3n que est\u00e1 llevando a cabo para la promoci\u00f3n del empleo en la comarca, quiere impulsar con especial inter\u00e9s las primeras experiencias laborales de personas j\u00f3venes cualificadas, ofreciendo oportunidades para que desarrollen su talento en la comarca. Desde el 2018, recogemos las necesidades que tienen tanto las [&hellip;]<\/p>\n","protected":false},"author":4,"featured_media":19607,"comment_status":"closed","ping_status":"closed","sticky":false,"template":"","format":"standard","meta":{"_acf_changed":false,"footnotes":""},"categories":[4],"tags":[],"class_list":["post-19609","post","type-post","status-publish","format-standard","has-post-thumbnail","hentry","category-noticias","arloak-empleo"],"acf":[],"yoast_head":"<!-- This site is optimized with the Yoast SEO plugin v27.4 - https:\/\/yoast.com\/product\/yoast-seo-wordpress\/ -->\n<title>Gesti\u00f3n de Pr\u00e1cticas, Proyectos Fin de Grado y Dual de los j\u00f3venes de la comarca - Iraurgi Berritzen<\/title>\n<meta name=\"robots\" content=\"index, follow, max-snippet:-1, max-image-preview:large, max-video-preview:-1\" \/>\n<link rel=\"canonical\" href=\"https:\/\/iraurgiberritzen.eus\/es\/practicas-proyectos-fin-de-grado-y-dual\/\" \/>\n<meta property=\"og:locale\" content=\"es_ES\" \/>\n<meta property=\"og:type\" content=\"article\" \/>\n<meta property=\"og:title\" content=\"Gesti\u00f3n de Pr\u00e1cticas, Proyectos Fin de Grado y Dual de los j\u00f3venes de la comarca - Iraurgi Berritzen\" \/>\n<meta property=\"og:description\" content=\"Iraurgi Berritzen, en el marco del Plan de acci\u00f3n que est\u00e1 llevando a cabo para la promoci\u00f3n del empleo en la comarca, quiere impulsar con especial inter\u00e9s las primeras experiencias laborales de personas j\u00f3venes cualificadas, ofreciendo oportunidades para que desarrollen su talento en la comarca. Desde el 2018, recogemos las necesidades que tienen tanto las [&hellip;]\" \/>\n<meta property=\"og:url\" content=\"https:\/\/iraurgiberritzen.eus\/es\/practicas-proyectos-fin-de-grado-y-dual\/\" \/>\n<meta property=\"og:site_name\" content=\"Iraurgi Berritzen\" \/>\n<meta property=\"article:published_time\" content=\"2024-03-21T09:45:59+00:00\" \/>\n<meta property=\"article:modified_time\" content=\"2024-03-22T08:31:34+00:00\" \/>\n<meta property=\"og:image\" content=\"https:\/\/iraurgiberritzen.eus\/wp-content\/uploads\/2024\/03\/PORTADA-IB-WEB-800-x-550-px-25.png\" \/>\n\t<meta property=\"og:image:width\" content=\"800\" \/>\n\t<meta property=\"og:image:height\" content=\"550\" \/>\n\t<meta property=\"og:image:type\" content=\"image\/png\" \/>\n<meta name=\"author\" content=\"ainara\" \/>\n<meta name=\"twitter:card\" content=\"summary_large_image\" \/>\n<meta name=\"twitter:label1\" content=\"Escrito por\" \/>\n\t<meta name=\"twitter:data1\" content=\"ainara\" \/>\n\t<meta name=\"twitter:label2\" content=\"Tiempo de lectura\" \/>\n\t<meta name=\"twitter:data2\" content=\"1 minuto\" \/>\n<script type=\"application\/ld+json\" class=\"yoast-schema-graph\">{\"@context\":\"https:\\\/\\\/schema.org\",\"@graph\":[{\"@type\":\"Article\",\"@id\":\"https:\\\/\\\/iraurgiberritzen.eus\\\/es\\\/practicas-proyectos-fin-de-grado-y-dual\\\/#article\",\"isPartOf\":{\"@id\":\"https:\\\/\\\/iraurgiberritzen.eus\\\/es\\\/practicas-proyectos-fin-de-grado-y-dual\\\/\"},\"author\":{\"name\":\"ainara\",\"@id\":\"https:\\\/\\\/iraurgiberritzen.eus\\\/es\\\/#\\\/schema\\\/person\\\/a32c9825b3e2bfcbe757a97f6a15c8a5\"},\"headline\":\"Gesti\u00f3n de Pr\u00e1cticas, Proyectos Fin de Grado y Dual de los j\u00f3venes de la comarca\",\"datePublished\":\"2024-03-21T09:45:59+00:00\",\"dateModified\":\"2024-03-22T08:31:34+00:00\",\"mainEntityOfPage\":{\"@id\":\"https:\\\/\\\/iraurgiberritzen.eus\\\/es\\\/practicas-proyectos-fin-de-grado-y-dual\\\/\"},\"wordCount\":163,\"publisher\":{\"@id\":\"https:\\\/\\\/iraurgiberritzen.eus\\\/es\\\/#organization\"},\"image\":{\"@id\":\"https:\\\/\\\/iraurgiberritzen.eus\\\/es\\\/practicas-proyectos-fin-de-grado-y-dual\\\/#primaryimage\"},\"thumbnailUrl\":\"https:\\\/\\\/iraurgiberritzen.eus\\\/wp-content\\\/uploads\\\/2024\\\/03\\\/PORTADA-IB-WEB-800-x-550-px-25.png\",\"articleSection\":[\"Noticias\"],\"inLanguage\":\"es\"},{\"@type\":\"WebPage\",\"@id\":\"https:\\\/\\\/iraurgiberritzen.eus\\\/es\\\/practicas-proyectos-fin-de-grado-y-dual\\\/\",\"url\":\"https:\\\/\\\/iraurgiberritzen.eus\\\/es\\\/practicas-proyectos-fin-de-grado-y-dual\\\/\",\"name\":\"Gesti\u00f3n de Pr\u00e1cticas, Proyectos Fin de Grado y Dual de los j\u00f3venes de la comarca - Iraurgi Berritzen\",\"isPartOf\":{\"@id\":\"https:\\\/\\\/iraurgiberritzen.eus\\\/es\\\/#website\"},\"primaryImageOfPage\":{\"@id\":\"https:\\\/\\\/iraurgiberritzen.eus\\\/es\\\/practicas-proyectos-fin-de-grado-y-dual\\\/#primaryimage\"},\"image\":{\"@id\":\"https:\\\/\\\/iraurgiberritzen.eus\\\/es\\\/practicas-proyectos-fin-de-grado-y-dual\\\/#primaryimage\"},\"thumbnailUrl\":\"https:\\\/\\\/iraurgiberritzen.eus\\\/wp-content\\\/uploads\\\/2024\\\/03\\\/PORTADA-IB-WEB-800-x-550-px-25.png\",\"datePublished\":\"2024-03-21T09:45:59+00:00\",\"dateModified\":\"2024-03-22T08:31:34+00:00\",\"breadcrumb\":{\"@id\":\"https:\\\/\\\/iraurgiberritzen.eus\\\/es\\\/practicas-proyectos-fin-de-grado-y-dual\\\/#breadcrumb\"},\"inLanguage\":\"es\",\"potentialAction\":[{\"@type\":\"ReadAction\",\"target\":[\"https:\\\/\\\/iraurgiberritzen.eus\\\/es\\\/practicas-proyectos-fin-de-grado-y-dual\\\/\"]}]},{\"@type\":\"ImageObject\",\"inLanguage\":\"es\",\"@id\":\"https:\\\/\\\/iraurgiberritzen.eus\\\/es\\\/practicas-proyectos-fin-de-grado-y-dual\\\/#primaryimage\",\"url\":\"https:\\\/\\\/iraurgiberritzen.eus\\\/wp-content\\\/uploads\\\/2024\\\/03\\\/PORTADA-IB-WEB-800-x-550-px-25.png\",\"contentUrl\":\"https:\\\/\\\/iraurgiberritzen.eus\\\/wp-content\\\/uploads\\\/2024\\\/03\\\/PORTADA-IB-WEB-800-x-550-px-25.png\",\"width\":800,\"height\":550},{\"@type\":\"BreadcrumbList\",\"@id\":\"https:\\\/\\\/iraurgiberritzen.eus\\\/es\\\/practicas-proyectos-fin-de-grado-y-dual\\\/#breadcrumb\",\"itemListElement\":[{\"@type\":\"ListItem\",\"position\":1,\"name\":\"Home\",\"item\":\"https:\\\/\\\/iraurgiberritzen.eus\\\/es\\\/\"},{\"@type\":\"ListItem\",\"position\":2,\"name\":\"Gesti\u00f3n de Pr\u00e1cticas, Proyectos Fin de Grado y Dual de los j\u00f3venes de la comarca\"}]},{\"@type\":\"WebSite\",\"@id\":\"https:\\\/\\\/iraurgiberritzen.eus\\\/es\\\/#website\",\"url\":\"https:\\\/\\\/iraurgiberritzen.eus\\\/es\\\/\",\"name\":\"Iraurgi Berritzen\",\"description\":\"Urola Erdiko Garapen Agentzia\",\"publisher\":{\"@id\":\"https:\\\/\\\/iraurgiberritzen.eus\\\/es\\\/#organization\"},\"potentialAction\":[{\"@type\":\"SearchAction\",\"target\":{\"@type\":\"EntryPoint\",\"urlTemplate\":\"https:\\\/\\\/iraurgiberritzen.eus\\\/es\\\/?s={search_term_string}\"},\"query-input\":{\"@type\":\"PropertyValueSpecification\",\"valueRequired\":true,\"valueName\":\"search_term_string\"}}],\"inLanguage\":\"es\"},{\"@type\":\"Organization\",\"@id\":\"https:\\\/\\\/iraurgiberritzen.eus\\\/es\\\/#organization\",\"name\":\"Iraurgi Berritzen\",\"url\":\"https:\\\/\\\/iraurgiberritzen.eus\\\/es\\\/\",\"logo\":{\"@type\":\"ImageObject\",\"inLanguage\":\"es\",\"@id\":\"https:\\\/\\\/iraurgiberritzen.eus\\\/es\\\/#\\\/schema\\\/logo\\\/image\\\/\",\"url\":\"https:\\\/\\\/iraurgiberritzen.eus\\\/wp-content\\\/uploads\\\/2024\\\/02\\\/IRAURGI-BERRITZEN-logotipoa_2.png\",\"contentUrl\":\"https:\\\/\\\/iraurgiberritzen.eus\\\/wp-content\\\/uploads\\\/2024\\\/02\\\/IRAURGI-BERRITZEN-logotipoa_2.png\",\"width\":496,\"height\":190,\"caption\":\"Iraurgi Berritzen\"},\"image\":{\"@id\":\"https:\\\/\\\/iraurgiberritzen.eus\\\/es\\\/#\\\/schema\\\/logo\\\/image\\\/\"}},{\"@type\":\"Person\",\"@id\":\"https:\\\/\\\/iraurgiberritzen.eus\\\/es\\\/#\\\/schema\\\/person\\\/a32c9825b3e2bfcbe757a97f6a15c8a5\",\"name\":\"ainara\"}]}<\/script>\n<!-- \/ Yoast SEO plugin. -->","yoast_head_json":{"title":"Gesti\u00f3n de Pr\u00e1cticas, Proyectos Fin de Grado y Dual de los j\u00f3venes de la comarca - Iraurgi Berritzen","robots":{"index":"index","follow":"follow","max-snippet":"max-snippet:-1","max-image-preview":"max-image-preview:large","max-video-preview":"max-video-preview:-1"},"canonical":"https:\/\/iraurgiberritzen.eus\/es\/practicas-proyectos-fin-de-grado-y-dual\/","og_locale":"es_ES","og_type":"article","og_title":"Gesti\u00f3n de Pr\u00e1cticas, Proyectos Fin de Grado y Dual de los j\u00f3venes de la comarca - Iraurgi Berritzen","og_description":"Iraurgi Berritzen, en el marco del Plan de acci\u00f3n que est\u00e1 llevando a cabo para la promoci\u00f3n del empleo en la comarca, quiere impulsar con especial inter\u00e9s las primeras experiencias laborales de personas j\u00f3venes cualificadas, ofreciendo oportunidades para que desarrollen su talento en la comarca. Desde el 2018, recogemos las necesidades que tienen tanto las [&hellip;]","og_url":"https:\/\/iraurgiberritzen.eus\/es\/practicas-proyectos-fin-de-grado-y-dual\/","og_site_name":"Iraurgi Berritzen","article_published_time":"2024-03-21T09:45:59+00:00","article_modified_time":"2024-03-22T08:31:34+00:00","og_image":[{"width":800,"height":550,"url":"https:\/\/iraurgiberritzen.eus\/wp-content\/uploads\/2024\/03\/PORTADA-IB-WEB-800-x-550-px-25.png","type":"image\/png"}],"author":"ainara","twitter_card":"summary_large_image","twitter_misc":{"Escrito por":"ainara","Tiempo de lectura":"1 minuto"},"schema":{"@context":"https:\/\/schema.org","@graph":[{"@type":"Article","@id":"https:\/\/iraurgiberritzen.eus\/es\/practicas-proyectos-fin-de-grado-y-dual\/#article","isPartOf":{"@id":"https:\/\/iraurgiberritzen.eus\/es\/practicas-proyectos-fin-de-grado-y-dual\/"},"author":{"name":"ainara","@id":"https:\/\/iraurgiberritzen.eus\/es\/#\/schema\/person\/a32c9825b3e2bfcbe757a97f6a15c8a5"},"headline":"Gesti\u00f3n de Pr\u00e1cticas, Proyectos Fin de Grado y Dual de los j\u00f3venes de la comarca","datePublished":"2024-03-21T09:45:59+00:00","dateModified":"2024-03-22T08:31:34+00:00","mainEntityOfPage":{"@id":"https:\/\/iraurgiberritzen.eus\/es\/practicas-proyectos-fin-de-grado-y-dual\/"},"wordCount":163,"publisher":{"@id":"https:\/\/iraurgiberritzen.eus\/es\/#organization"},"image":{"@id":"https:\/\/iraurgiberritzen.eus\/es\/practicas-proyectos-fin-de-grado-y-dual\/#primaryimage"},"thumbnailUrl":"https:\/\/iraurgiberritzen.eus\/wp-content\/uploads\/2024\/03\/PORTADA-IB-WEB-800-x-550-px-25.png","articleSection":["Noticias"],"inLanguage":"es"},{"@type":"WebPage","@id":"https:\/\/iraurgiberritzen.eus\/es\/practicas-proyectos-fin-de-grado-y-dual\/","url":"https:\/\/iraurgiberritzen.eus\/es\/practicas-proyectos-fin-de-grado-y-dual\/","name":"Gesti\u00f3n de Pr\u00e1cticas, Proyectos Fin de Grado y Dual de los j\u00f3venes de la comarca - Iraurgi Berritzen","isPartOf":{"@id":"https:\/\/iraurgiberritzen.eus\/es\/#website"},"primaryImageOfPage":{"@id":"https:\/\/iraurgiberritzen.eus\/es\/practicas-proyectos-fin-de-grado-y-dual\/#primaryimage"},"image":{"@id":"https:\/\/iraurgiberritzen.eus\/es\/practicas-proyectos-fin-de-grado-y-dual\/#primaryimage"},"thumbnailUrl":"https:\/\/iraurgiberritzen.eus\/wp-content\/uploads\/2024\/03\/PORTADA-IB-WEB-800-x-550-px-25.png","datePublished":"2024-03-21T09:45:59+00:00","dateModified":"2024-03-22T08:31:34+00:00","breadcrumb":{"@id":"https:\/\/iraurgiberritzen.eus\/es\/practicas-proyectos-fin-de-grado-y-dual\/#breadcrumb"},"inLanguage":"es","potentialAction":[{"@type":"ReadAction","target":["https:\/\/iraurgiberritzen.eus\/es\/practicas-proyectos-fin-de-grado-y-dual\/"]}]},{"@type":"ImageObject","inLanguage":"es","@id":"https:\/\/iraurgiberritzen.eus\/es\/practicas-proyectos-fin-de-grado-y-dual\/#primaryimage","url":"https:\/\/iraurgiberritzen.eus\/wp-content\/uploads\/2024\/03\/PORTADA-IB-WEB-800-x-550-px-25.png","contentUrl":"https:\/\/iraurgiberritzen.eus\/wp-content\/uploads\/2024\/03\/PORTADA-IB-WEB-800-x-550-px-25.png","width":800,"height":550},{"@type":"BreadcrumbList","@id":"https:\/\/iraurgiberritzen.eus\/es\/practicas-proyectos-fin-de-grado-y-dual\/#breadcrumb","itemListElement":[{"@type":"ListItem","position":1,"name":"Home","item":"https:\/\/iraurgiberritzen.eus\/es\/"},{"@type":"ListItem","position":2,"name":"Gesti\u00f3n de Pr\u00e1cticas, Proyectos Fin de Grado y Dual de los j\u00f3venes de la comarca"}]},{"@type":"WebSite","@id":"https:\/\/iraurgiberritzen.eus\/es\/#website","url":"https:\/\/iraurgiberritzen.eus\/es\/","name":"Iraurgi Berritzen","description":"Urola Erdiko Garapen Agentzia","publisher":{"@id":"https:\/\/iraurgiberritzen.eus\/es\/#organization"},"potentialAction":[{"@type":"SearchAction","target":{"@type":"EntryPoint","urlTemplate":"https:\/\/iraurgiberritzen.eus\/es\/?s={search_term_string}"},"query-input":{"@type":"PropertyValueSpecification","valueRequired":true,"valueName":"search_term_string"}}],"inLanguage":"es"},{"@type":"Organization","@id":"https:\/\/iraurgiberritzen.eus\/es\/#organization","name":"Iraurgi Berritzen","url":"https:\/\/iraurgiberritzen.eus\/es\/","logo":{"@type":"ImageObject","inLanguage":"es","@id":"https:\/\/iraurgiberritzen.eus\/es\/#\/schema\/logo\/image\/","url":"https:\/\/iraurgiberritzen.eus\/wp-content\/uploads\/2024\/02\/IRAURGI-BERRITZEN-logotipoa_2.png","contentUrl":"https:\/\/iraurgiberritzen.eus\/wp-content\/uploads\/2024\/02\/IRAURGI-BERRITZEN-logotipoa_2.png","width":496,"height":190,"caption":"Iraurgi Berritzen"},"image":{"@id":"https:\/\/iraurgiberritzen.eus\/es\/#\/schema\/logo\/image\/"}},{"@type":"Person","@id":"https:\/\/iraurgiberritzen.eus\/es\/#\/schema\/person\/a32c9825b3e2bfcbe757a97f6a15c8a5","name":"ainara"}]}},"_links":{"self":[{"href":"https:\/\/iraurgiberritzen.eus\/es\/wp-json\/wp\/v2\/posts\/19609","targetHints":{"allow":["GET"]}}],"collection":[{"href":"https:\/\/iraurgiberritzen.eus\/es\/wp-json\/wp\/v2\/posts"}],"about":[{"href":"https:\/\/iraurgiberritzen.eus\/es\/wp-json\/wp\/v2\/types\/post"}],"author":[{"embeddable":true,"href":"https:\/\/iraurgiberritzen.eus\/es\/wp-json\/wp\/v2\/users\/4"}],"replies":[{"embeddable":true,"href":"https:\/\/iraurgiberritzen.eus\/es\/wp-json\/wp\/v2\/comments?post=19609"}],"version-history":[{"count":2,"href":"https:\/\/iraurgiberritzen.eus\/es\/wp-json\/wp\/v2\/posts\/19609\/revisions"}],"predecessor-version":[{"id":19629,"href":"https:\/\/iraurgiberritzen.eus\/es\/wp-json\/wp\/v2\/posts\/19609\/revisions\/19629"}],"wp:featuredmedia":[{"embeddable":true,"href":"https:\/\/iraurgiberritzen.eus\/es\/wp-json\/wp\/v2\/media\/19607"}],"wp:attachment":[{"href":"https:\/\/iraurgiberritzen.eus\/es\/wp-json\/wp\/v2\/media?parent=19609"}],"wp:term":[{"taxonomy":"category","embeddable":true,"href":"https:\/\/iraurgiberritzen.eus\/es\/wp-json\/wp\/v2\/categories?post=19609"},{"taxonomy":"post_tag","embeddable":true,"href":"https:\/\/iraurgiberritzen.eus\/es\/wp-json\/wp\/v2\/tags?post=19609"}],"curies":[{"name":"wp","href":"https:\/\/api.w.org\/{rel}","templated":true}]}}