{"id":19638,"date":"2024-03-26T09:00:33","date_gmt":"2024-03-26T07:00:33","guid":{"rendered":"https:\/\/iraurgiberritzen.eus\/?p=19638"},"modified":"2024-04-07T15:58:12","modified_gmt":"2024-04-07T13:58:12","slug":"iraurgi-berritzen-apuesta-por-la-ia-aplicada-a-la-industria","status":"publish","type":"post","link":"https:\/\/iraurgiberritzen.eus\/es\/iraurgi-berritzen-apuesta-por-la-ia-aplicada-a-la-industria\/","title":{"rendered":"Iraurgi Berritzen apuesta por la IA aplicada a la Industria"},"content":{"rendered":"<p>El pasado 22 de marzo, Iraurgi Berritzen, junto a otras cinco empresas de Urola Erdia, participaron en Donostia junto a otros setenta profesionales de diversas empresas para explorar las aplicaciones de la <strong>Inteligencia Artificial Generativa<\/strong> en la industria. Esta iniciativa, conocida como IndustrIA, busca integrar esta tecnolog\u00eda emergente en diferentes sectores industriales y proporcionar a las empresas industriales herramientas adaptadas a sus necesidades espec\u00edficas para abordar desaf\u00edos como la creaci\u00f3n de an\u00e1lisis DAFO, la evaluaci\u00f3n competitiva, la predicci\u00f3n de la demanda y el desarrollo de nuevos productos, todo ello gracias a la aplicaci\u00f3n de la Inteligencia Artificial Generativa.<\/p>\n<p>El <strong>programa de IndustrIA<\/strong> es el resultado de la colaboraci\u00f3n entre tres entidades vascas, con los que Iraurgi Berritzen est\u00e1 llevando a cabo diversos proyectos de digitalizaci\u00f3n e innovaci\u00f3n, en el cual est\u00e1 jugando un papel esencial como agente de acompa\u00f1amiento en estos procesos de transformaci\u00f3n.<\/p>\n<p>Dado el \u00e9xito de esta iniciativa, y con el objetivo de dar a conocer la segunda edici\u00f3n (se llevar\u00e1 a cabo <strong>desde el 18 de abril hasta el 28 de junio)<\/strong>, Iraurgi Berritzen organizar\u00e1 una sesi\u00f3n online el jueves 11 de abril de 09:00 a 10:00 para presentar los conceptos fundamentales de la Inteligencia Artificial Generativa, as\u00ed como la segunda edici\u00f3n de IndustrIA (<a href=\"https:\/\/industria.digitalentu.com\/\" target=\"_blank\" rel=\"noopener\"><strong>https:\/\/industria.digitalentu.com\/<\/strong><\/a>).<\/p>\n<p>Para participar en la jornada online del 11 de abril, es necesario inscribirse en este <strong><a href=\"https:\/\/forms.office.com\/Pages\/ResponsePage.aspx?id=S5DeT3Jq90W0WLjBrBndp4a6wvaFga1HivUJ1MRU0idUOUNVMzFYQTI2QkJDQlFFSlkxTkJPRkVYVy4u\">enlace<\/a><\/strong>.<\/p>\n","protected":false},"excerpt":{"rendered":"<p>El pasado 22 de marzo, Iraurgi Berritzen, junto a otras cinco empresas de Urola Erdia, participaron en Donostia junto a otros setenta profesionales de diversas empresas para explorar las aplicaciones de la Inteligencia Artificial Generativa en la industria. Esta iniciativa, conocida como IndustrIA, busca integrar esta tecnolog\u00eda emergente en diferentes sectores industriales y proporcionar a [&hellip;]<\/p>\n","protected":false},"author":4,"featured_media":19635,"comment_status":"closed","ping_status":"closed","sticky":false,"template":"","format":"standard","meta":{"_acf_changed":false,"footnotes":""},"categories":[4],"tags":[],"class_list":["post-19638","post","type-post","status-publish","format-standard","has-post-thumbnail","hentry","category-noticias","arloak-enpresa"],"acf":[],"yoast_head":"<!-- This site is optimized with the Yoast SEO plugin v27.4 - https:\/\/yoast.com\/product\/yoast-seo-wordpress\/ -->\n<title>Iraurgi Berritzen apuesta por la IA aplicada a la Industria - Iraurgi Berritzen<\/title>\n<meta name=\"robots\" content=\"index, follow, max-snippet:-1, max-image-preview:large, max-video-preview:-1\" \/>\n<link rel=\"canonical\" href=\"https:\/\/iraurgiberritzen.eus\/es\/iraurgi-berritzen-apuesta-por-la-ia-aplicada-a-la-industria\/\" \/>\n<meta property=\"og:locale\" content=\"es_ES\" \/>\n<meta property=\"og:type\" content=\"article\" \/>\n<meta property=\"og:title\" content=\"Iraurgi Berritzen apuesta por la IA aplicada a la Industria - Iraurgi Berritzen\" \/>\n<meta property=\"og:description\" content=\"El pasado 22 de marzo, Iraurgi Berritzen, junto a otras cinco empresas de Urola Erdia, participaron en Donostia junto a otros setenta profesionales de diversas empresas para explorar las aplicaciones de la Inteligencia Artificial Generativa en la industria. Esta iniciativa, conocida como IndustrIA, busca integrar esta tecnolog\u00eda emergente en diferentes sectores industriales y proporcionar a [&hellip;]\" \/>\n<meta property=\"og:url\" content=\"https:\/\/iraurgiberritzen.eus\/es\/iraurgi-berritzen-apuesta-por-la-ia-aplicada-a-la-industria\/\" \/>\n<meta property=\"og:site_name\" content=\"Iraurgi Berritzen\" \/>\n<meta property=\"article:published_time\" content=\"2024-03-26T07:00:33+00:00\" \/>\n<meta property=\"article:modified_time\" content=\"2024-04-07T13:58:12+00:00\" \/>\n<meta property=\"og:image\" content=\"https:\/\/iraurgiberritzen.eus\/wp-content\/uploads\/2024\/03\/IndustrIA-Programa-aurkezpena.png\" \/>\n\t<meta property=\"og:image:width\" content=\"800\" \/>\n\t<meta property=\"og:image:height\" content=\"550\" \/>\n\t<meta property=\"og:image:type\" content=\"image\/png\" \/>\n<meta name=\"author\" content=\"ainara\" \/>\n<meta name=\"twitter:card\" content=\"summary_large_image\" \/>\n<meta name=\"twitter:label1\" content=\"Escrito por\" \/>\n\t<meta name=\"twitter:data1\" content=\"ainara\" \/>\n\t<meta name=\"twitter:label2\" content=\"Tiempo de lectura\" \/>\n\t<meta name=\"twitter:data2\" content=\"2 minutos\" \/>\n<script type=\"application\/ld+json\" class=\"yoast-schema-graph\">{\"@context\":\"https:\\\/\\\/schema.org\",\"@graph\":[{\"@type\":\"Article\",\"@id\":\"https:\\\/\\\/iraurgiberritzen.eus\\\/es\\\/iraurgi-berritzen-apuesta-por-la-ia-aplicada-a-la-industria\\\/#article\",\"isPartOf\":{\"@id\":\"https:\\\/\\\/iraurgiberritzen.eus\\\/es\\\/iraurgi-berritzen-apuesta-por-la-ia-aplicada-a-la-industria\\\/\"},\"author\":{\"name\":\"ainara\",\"@id\":\"https:\\\/\\\/iraurgiberritzen.eus\\\/es\\\/#\\\/schema\\\/person\\\/a32c9825b3e2bfcbe757a97f6a15c8a5\"},\"headline\":\"Iraurgi Berritzen apuesta por la IA aplicada a la Industria\",\"datePublished\":\"2024-03-26T07:00:33+00:00\",\"dateModified\":\"2024-04-07T13:58:12+00:00\",\"mainEntityOfPage\":{\"@id\":\"https:\\\/\\\/iraurgiberritzen.eus\\\/es\\\/iraurgi-berritzen-apuesta-por-la-ia-aplicada-a-la-industria\\\/\"},\"wordCount\":246,\"publisher\":{\"@id\":\"https:\\\/\\\/iraurgiberritzen.eus\\\/es\\\/#organization\"},\"image\":{\"@id\":\"https:\\\/\\\/iraurgiberritzen.eus\\\/es\\\/iraurgi-berritzen-apuesta-por-la-ia-aplicada-a-la-industria\\\/#primaryimage\"},\"thumbnailUrl\":\"https:\\\/\\\/iraurgiberritzen.eus\\\/wp-content\\\/uploads\\\/2024\\\/03\\\/IndustrIA-Programa-aurkezpena.png\",\"articleSection\":[\"Noticias\"],\"inLanguage\":\"es\"},{\"@type\":\"WebPage\",\"@id\":\"https:\\\/\\\/iraurgiberritzen.eus\\\/es\\\/iraurgi-berritzen-apuesta-por-la-ia-aplicada-a-la-industria\\\/\",\"url\":\"https:\\\/\\\/iraurgiberritzen.eus\\\/es\\\/iraurgi-berritzen-apuesta-por-la-ia-aplicada-a-la-industria\\\/\",\"name\":\"Iraurgi Berritzen apuesta por la IA aplicada a la Industria - Iraurgi Berritzen\",\"isPartOf\":{\"@id\":\"https:\\\/\\\/iraurgiberritzen.eus\\\/es\\\/#website\"},\"primaryImageOfPage\":{\"@id\":\"https:\\\/\\\/iraurgiberritzen.eus\\\/es\\\/iraurgi-berritzen-apuesta-por-la-ia-aplicada-a-la-industria\\\/#primaryimage\"},\"image\":{\"@id\":\"https:\\\/\\\/iraurgiberritzen.eus\\\/es\\\/iraurgi-berritzen-apuesta-por-la-ia-aplicada-a-la-industria\\\/#primaryimage\"},\"thumbnailUrl\":\"https:\\\/\\\/iraurgiberritzen.eus\\\/wp-content\\\/uploads\\\/2024\\\/03\\\/IndustrIA-Programa-aurkezpena.png\",\"datePublished\":\"2024-03-26T07:00:33+00:00\",\"dateModified\":\"2024-04-07T13:58:12+00:00\",\"breadcrumb\":{\"@id\":\"https:\\\/\\\/iraurgiberritzen.eus\\\/es\\\/iraurgi-berritzen-apuesta-por-la-ia-aplicada-a-la-industria\\\/#breadcrumb\"},\"inLanguage\":\"es\",\"potentialAction\":[{\"@type\":\"ReadAction\",\"target\":[\"https:\\\/\\\/iraurgiberritzen.eus\\\/es\\\/iraurgi-berritzen-apuesta-por-la-ia-aplicada-a-la-industria\\\/\"]}]},{\"@type\":\"ImageObject\",\"inLanguage\":\"es\",\"@id\":\"https:\\\/\\\/iraurgiberritzen.eus\\\/es\\\/iraurgi-berritzen-apuesta-por-la-ia-aplicada-a-la-industria\\\/#primaryimage\",\"url\":\"https:\\\/\\\/iraurgiberritzen.eus\\\/wp-content\\\/uploads\\\/2024\\\/03\\\/IndustrIA-Programa-aurkezpena.png\",\"contentUrl\":\"https:\\\/\\\/iraurgiberritzen.eus\\\/wp-content\\\/uploads\\\/2024\\\/03\\\/IndustrIA-Programa-aurkezpena.png\",\"width\":800,\"height\":550},{\"@type\":\"BreadcrumbList\",\"@id\":\"https:\\\/\\\/iraurgiberritzen.eus\\\/es\\\/iraurgi-berritzen-apuesta-por-la-ia-aplicada-a-la-industria\\\/#breadcrumb\",\"itemListElement\":[{\"@type\":\"ListItem\",\"position\":1,\"name\":\"Home\",\"item\":\"https:\\\/\\\/iraurgiberritzen.eus\\\/es\\\/\"},{\"@type\":\"ListItem\",\"position\":2,\"name\":\"Iraurgi Berritzen apuesta por la IA aplicada a la Industria\"}]},{\"@type\":\"WebSite\",\"@id\":\"https:\\\/\\\/iraurgiberritzen.eus\\\/es\\\/#website\",\"url\":\"https:\\\/\\\/iraurgiberritzen.eus\\\/es\\\/\",\"name\":\"Iraurgi Berritzen\",\"description\":\"Urola Erdiko Garapen Agentzia\",\"publisher\":{\"@id\":\"https:\\\/\\\/iraurgiberritzen.eus\\\/es\\\/#organization\"},\"potentialAction\":[{\"@type\":\"SearchAction\",\"target\":{\"@type\":\"EntryPoint\",\"urlTemplate\":\"https:\\\/\\\/iraurgiberritzen.eus\\\/es\\\/?s={search_term_string}\"},\"query-input\":{\"@type\":\"PropertyValueSpecification\",\"valueRequired\":true,\"valueName\":\"search_term_string\"}}],\"inLanguage\":\"es\"},{\"@type\":\"Organization\",\"@id\":\"https:\\\/\\\/iraurgiberritzen.eus\\\/es\\\/#organization\",\"name\":\"Iraurgi Berritzen\",\"url\":\"https:\\\/\\\/iraurgiberritzen.eus\\\/es\\\/\",\"logo\":{\"@type\":\"ImageObject\",\"inLanguage\":\"es\",\"@id\":\"https:\\\/\\\/iraurgiberritzen.eus\\\/es\\\/#\\\/schema\\\/logo\\\/image\\\/\",\"url\":\"https:\\\/\\\/iraurgiberritzen.eus\\\/wp-content\\\/uploads\\\/2024\\\/02\\\/IRAURGI-BERRITZEN-logotipoa_2.png\",\"contentUrl\":\"https:\\\/\\\/iraurgiberritzen.eus\\\/wp-content\\\/uploads\\\/2024\\\/02\\\/IRAURGI-BERRITZEN-logotipoa_2.png\",\"width\":496,\"height\":190,\"caption\":\"Iraurgi Berritzen\"},\"image\":{\"@id\":\"https:\\\/\\\/iraurgiberritzen.eus\\\/es\\\/#\\\/schema\\\/logo\\\/image\\\/\"}},{\"@type\":\"Person\",\"@id\":\"https:\\\/\\\/iraurgiberritzen.eus\\\/es\\\/#\\\/schema\\\/person\\\/a32c9825b3e2bfcbe757a97f6a15c8a5\",\"name\":\"ainara\"}]}<\/script>\n<!-- \/ Yoast SEO plugin. -->","yoast_head_json":{"title":"Iraurgi Berritzen apuesta por la IA aplicada a la Industria - Iraurgi Berritzen","robots":{"index":"index","follow":"follow","max-snippet":"max-snippet:-1","max-image-preview":"max-image-preview:large","max-video-preview":"max-video-preview:-1"},"canonical":"https:\/\/iraurgiberritzen.eus\/es\/iraurgi-berritzen-apuesta-por-la-ia-aplicada-a-la-industria\/","og_locale":"es_ES","og_type":"article","og_title":"Iraurgi Berritzen apuesta por la IA aplicada a la Industria - Iraurgi Berritzen","og_description":"El pasado 22 de marzo, Iraurgi Berritzen, junto a otras cinco empresas de Urola Erdia, participaron en Donostia junto a otros setenta profesionales de diversas empresas para explorar las aplicaciones de la Inteligencia Artificial Generativa en la industria. Esta iniciativa, conocida como IndustrIA, busca integrar esta tecnolog\u00eda emergente en diferentes sectores industriales y proporcionar a [&hellip;]","og_url":"https:\/\/iraurgiberritzen.eus\/es\/iraurgi-berritzen-apuesta-por-la-ia-aplicada-a-la-industria\/","og_site_name":"Iraurgi Berritzen","article_published_time":"2024-03-26T07:00:33+00:00","article_modified_time":"2024-04-07T13:58:12+00:00","og_image":[{"width":800,"height":550,"url":"https:\/\/iraurgiberritzen.eus\/wp-content\/uploads\/2024\/03\/IndustrIA-Programa-aurkezpena.png","type":"image\/png"}],"author":"ainara","twitter_card":"summary_large_image","twitter_misc":{"Escrito por":"ainara","Tiempo de lectura":"2 minutos"},"schema":{"@context":"https:\/\/schema.org","@graph":[{"@type":"Article","@id":"https:\/\/iraurgiberritzen.eus\/es\/iraurgi-berritzen-apuesta-por-la-ia-aplicada-a-la-industria\/#article","isPartOf":{"@id":"https:\/\/iraurgiberritzen.eus\/es\/iraurgi-berritzen-apuesta-por-la-ia-aplicada-a-la-industria\/"},"author":{"name":"ainara","@id":"https:\/\/iraurgiberritzen.eus\/es\/#\/schema\/person\/a32c9825b3e2bfcbe757a97f6a15c8a5"},"headline":"Iraurgi Berritzen apuesta por la IA aplicada a la Industria","datePublished":"2024-03-26T07:00:33+00:00","dateModified":"2024-04-07T13:58:12+00:00","mainEntityOfPage":{"@id":"https:\/\/iraurgiberritzen.eus\/es\/iraurgi-berritzen-apuesta-por-la-ia-aplicada-a-la-industria\/"},"wordCount":246,"publisher":{"@id":"https:\/\/iraurgiberritzen.eus\/es\/#organization"},"image":{"@id":"https:\/\/iraurgiberritzen.eus\/es\/iraurgi-berritzen-apuesta-por-la-ia-aplicada-a-la-industria\/#primaryimage"},"thumbnailUrl":"https:\/\/iraurgiberritzen.eus\/wp-content\/uploads\/2024\/03\/IndustrIA-Programa-aurkezpena.png","articleSection":["Noticias"],"inLanguage":"es"},{"@type":"WebPage","@id":"https:\/\/iraurgiberritzen.eus\/es\/iraurgi-berritzen-apuesta-por-la-ia-aplicada-a-la-industria\/","url":"https:\/\/iraurgiberritzen.eus\/es\/iraurgi-berritzen-apuesta-por-la-ia-aplicada-a-la-industria\/","name":"Iraurgi Berritzen apuesta por la IA aplicada a la Industria - Iraurgi Berritzen","isPartOf":{"@id":"https:\/\/iraurgiberritzen.eus\/es\/#website"},"primaryImageOfPage":{"@id":"https:\/\/iraurgiberritzen.eus\/es\/iraurgi-berritzen-apuesta-por-la-ia-aplicada-a-la-industria\/#primaryimage"},"image":{"@id":"https:\/\/iraurgiberritzen.eus\/es\/iraurgi-berritzen-apuesta-por-la-ia-aplicada-a-la-industria\/#primaryimage"},"thumbnailUrl":"https:\/\/iraurgiberritzen.eus\/wp-content\/uploads\/2024\/03\/IndustrIA-Programa-aurkezpena.png","datePublished":"2024-03-26T07:00:33+00:00","dateModified":"2024-04-07T13:58:12+00:00","breadcrumb":{"@id":"https:\/\/iraurgiberritzen.eus\/es\/iraurgi-berritzen-apuesta-por-la-ia-aplicada-a-la-industria\/#breadcrumb"},"inLanguage":"es","potentialAction":[{"@type":"ReadAction","target":["https:\/\/iraurgiberritzen.eus\/es\/iraurgi-berritzen-apuesta-por-la-ia-aplicada-a-la-industria\/"]}]},{"@type":"ImageObject","inLanguage":"es","@id":"https:\/\/iraurgiberritzen.eus\/es\/iraurgi-berritzen-apuesta-por-la-ia-aplicada-a-la-industria\/#primaryimage","url":"https:\/\/iraurgiberritzen.eus\/wp-content\/uploads\/2024\/03\/IndustrIA-Programa-aurkezpena.png","contentUrl":"https:\/\/iraurgiberritzen.eus\/wp-content\/uploads\/2024\/03\/IndustrIA-Programa-aurkezpena.png","width":800,"height":550},{"@type":"BreadcrumbList","@id":"https:\/\/iraurgiberritzen.eus\/es\/iraurgi-berritzen-apuesta-por-la-ia-aplicada-a-la-industria\/#breadcrumb","itemListElement":[{"@type":"ListItem","position":1,"name":"Home","item":"https:\/\/iraurgiberritzen.eus\/es\/"},{"@type":"ListItem","position":2,"name":"Iraurgi Berritzen apuesta por la IA aplicada a la Industria"}]},{"@type":"WebSite","@id":"https:\/\/iraurgiberritzen.eus\/es\/#website","url":"https:\/\/iraurgiberritzen.eus\/es\/","name":"Iraurgi Berritzen","description":"Urola Erdiko Garapen Agentzia","publisher":{"@id":"https:\/\/iraurgiberritzen.eus\/es\/#organization"},"potentialAction":[{"@type":"SearchAction","target":{"@type":"EntryPoint","urlTemplate":"https:\/\/iraurgiberritzen.eus\/es\/?s={search_term_string}"},"query-input":{"@type":"PropertyValueSpecification","valueRequired":true,"valueName":"search_term_string"}}],"inLanguage":"es"},{"@type":"Organization","@id":"https:\/\/iraurgiberritzen.eus\/es\/#organization","name":"Iraurgi Berritzen","url":"https:\/\/iraurgiberritzen.eus\/es\/","logo":{"@type":"ImageObject","inLanguage":"es","@id":"https:\/\/iraurgiberritzen.eus\/es\/#\/schema\/logo\/image\/","url":"https:\/\/iraurgiberritzen.eus\/wp-content\/uploads\/2024\/02\/IRAURGI-BERRITZEN-logotipoa_2.png","contentUrl":"https:\/\/iraurgiberritzen.eus\/wp-content\/uploads\/2024\/02\/IRAURGI-BERRITZEN-logotipoa_2.png","width":496,"height":190,"caption":"Iraurgi Berritzen"},"image":{"@id":"https:\/\/iraurgiberritzen.eus\/es\/#\/schema\/logo\/image\/"}},{"@type":"Person","@id":"https:\/\/iraurgiberritzen.eus\/es\/#\/schema\/person\/a32c9825b3e2bfcbe757a97f6a15c8a5","name":"ainara"}]}},"_links":{"self":[{"href":"https:\/\/iraurgiberritzen.eus\/es\/wp-json\/wp\/v2\/posts\/19638","targetHints":{"allow":["GET"]}}],"collection":[{"href":"https:\/\/iraurgiberritzen.eus\/es\/wp-json\/wp\/v2\/posts"}],"about":[{"href":"https:\/\/iraurgiberritzen.eus\/es\/wp-json\/wp\/v2\/types\/post"}],"author":[{"embeddable":true,"href":"https:\/\/iraurgiberritzen.eus\/es\/wp-json\/wp\/v2\/users\/4"}],"replies":[{"embeddable":true,"href":"https:\/\/iraurgiberritzen.eus\/es\/wp-json\/wp\/v2\/comments?post=19638"}],"version-history":[{"count":5,"href":"https:\/\/iraurgiberritzen.eus\/es\/wp-json\/wp\/v2\/posts\/19638\/revisions"}],"predecessor-version":[{"id":19654,"href":"https:\/\/iraurgiberritzen.eus\/es\/wp-json\/wp\/v2\/posts\/19638\/revisions\/19654"}],"wp:featuredmedia":[{"embeddable":true,"href":"https:\/\/iraurgiberritzen.eus\/es\/wp-json\/wp\/v2\/media\/19635"}],"wp:attachment":[{"href":"https:\/\/iraurgiberritzen.eus\/es\/wp-json\/wp\/v2\/media?parent=19638"}],"wp:term":[{"taxonomy":"category","embeddable":true,"href":"https:\/\/iraurgiberritzen.eus\/es\/wp-json\/wp\/v2\/categories?post=19638"},{"taxonomy":"post_tag","embeddable":true,"href":"https:\/\/iraurgiberritzen.eus\/es\/wp-json\/wp\/v2\/tags?post=19638"}],"curies":[{"name":"wp","href":"https:\/\/api.w.org\/{rel}","templated":true}]}}