{"id":19751,"date":"2024-04-16T14:09:13","date_gmt":"2024-04-16T12:09:13","guid":{"rendered":"https:\/\/iraurgiberritzen.eus\/?p=19751"},"modified":"2024-04-18T09:50:03","modified_gmt":"2024-04-18T07:50:03","slug":"dentro-del-proyecto-elkar-ekin-comenzaran-en-mayo-los-cursos-de-soldadura-y-atencion-sociosanitaria-para-personas-desempleadas-de-la-comarca","status":"publish","type":"post","link":"https:\/\/iraurgiberritzen.eus\/es\/dentro-del-proyecto-elkar-ekin-comenzaran-en-mayo-los-cursos-de-soldadura-y-atencion-sociosanitaria-para-personas-desempleadas-de-la-comarca\/","title":{"rendered":"Dentro del proyecto ElkarEkin Lanean, comenzar\u00e1n en mayo los cursos de soldadura y atenci\u00f3n sociosanitaria para personas desempleadas de la comarca"},"content":{"rendered":"<p>El \u00e1rea de empleo de Iraurgi Berritzen, est\u00e1 desarrollando en los \u00faltimos a\u00f1os diversas l\u00edneas de acci\u00f3n en funci\u00f3n de los perfiles de desempleo en colaboraci\u00f3n con los agentes de la comarca. Entre ellas se encuentra el proyecto \u201cUrola Erdian ElkarEkin Eraginez III &#8211; UE3\u201d, orientado a desempleados en situaci\u00f3n o riesgo de exclusi\u00f3n social. El principal objetivo del proyecto es ofrecer a las personas desempleadas de la comarca itinerarios eficientes de inserci\u00f3n social y laboral adaptados estos perfiles, integrando los servicios de la comarca.<\/p>\n<p>En el marco de este proyecto y dirigidos a personas desempleadas de la comarca, se impartir\u00e1n los cursos de Soldadura y Atenci\u00f3n Sociosanitaria partir del pr\u00f3ximo mes de mayo.<\/p>\n<p><strong>MODULO DE SOLDADURA MIG-MAG- MF0101_2 (430 horas)<\/strong><\/p>\n<p>Inicio: 15 de Mayo -23 de Septiembre<\/p>\n<p>Horario: 8:00 &#8211; 14:30 (mayo-junio-julio)<\/p>\n<p>14:30-19:30 (septiembre)<\/p>\n<p>Plazas: 12<\/p>\n<p>Lugar: Azkoitia<\/p>\n<p><strong>MODULO ATENCI\u00d3N SOCIOSANITARIA &#8211; MF1019_2 (130 horas)<\/strong><\/p>\n<p>Inicio : 6 de Mayo -17 de Junio<\/p>\n<p>Horario: 9:30-14:00<\/p>\n<p>Plazas: 15<\/p>\n<p>Lugar: Azpeitia<\/p>\n<p>Para inscribirse: Sandra<strong> 688 873 589<\/strong> Maite <strong>688 758 494<\/strong> o Maialen <strong>688 759 590<\/strong><\/p>\n","protected":false},"excerpt":{"rendered":"<p>El \u00e1rea de empleo de Iraurgi Berritzen, est\u00e1 desarrollando en los \u00faltimos a\u00f1os diversas l\u00edneas de acci\u00f3n en funci\u00f3n de los perfiles de desempleo en colaboraci\u00f3n con los agentes de la comarca. Entre ellas se encuentra el proyecto \u201cUrola Erdian ElkarEkin Eraginez III &#8211; UE3\u201d, orientado a desempleados en situaci\u00f3n o riesgo de exclusi\u00f3n social. [&hellip;]<\/p>\n","protected":false},"author":4,"featured_media":19750,"comment_status":"closed","ping_status":"closed","sticky":false,"template":"","format":"standard","meta":{"_acf_changed":false,"footnotes":""},"categories":[4],"tags":[],"class_list":["post-19751","post","type-post","status-publish","format-standard","has-post-thumbnail","hentry","category-noticias","arloak-empleo"],"acf":[],"yoast_head":"<!-- This site is optimized with the Yoast SEO plugin v27.4 - https:\/\/yoast.com\/product\/yoast-seo-wordpress\/ -->\n<title>Dentro del proyecto ElkarEkin Lanean, comenzar\u00e1n en mayo los cursos de soldadura y atenci\u00f3n sociosanitaria para personas desempleadas de la comarca - Iraurgi Berritzen<\/title>\n<meta name=\"robots\" content=\"index, follow, max-snippet:-1, max-image-preview:large, max-video-preview:-1\" \/>\n<link rel=\"canonical\" href=\"https:\/\/iraurgiberritzen.eus\/es\/dentro-del-proyecto-elkar-ekin-comenzaran-en-mayo-los-cursos-de-soldadura-y-atencion-sociosanitaria-para-personas-desempleadas-de-la-comarca\/\" \/>\n<meta property=\"og:locale\" content=\"es_ES\" \/>\n<meta property=\"og:type\" content=\"article\" \/>\n<meta property=\"og:title\" content=\"Dentro del proyecto ElkarEkin Lanean, comenzar\u00e1n en mayo los cursos de soldadura y atenci\u00f3n sociosanitaria para personas desempleadas de la comarca - Iraurgi Berritzen\" \/>\n<meta property=\"og:description\" content=\"El \u00e1rea de empleo de Iraurgi Berritzen, est\u00e1 desarrollando en los \u00faltimos a\u00f1os diversas l\u00edneas de acci\u00f3n en funci\u00f3n de los perfiles de desempleo en colaboraci\u00f3n con los agentes de la comarca. Entre ellas se encuentra el proyecto \u201cUrola Erdian ElkarEkin Eraginez III &#8211; UE3\u201d, orientado a desempleados en situaci\u00f3n o riesgo de exclusi\u00f3n social. [&hellip;]\" \/>\n<meta property=\"og:url\" content=\"https:\/\/iraurgiberritzen.eus\/es\/dentro-del-proyecto-elkar-ekin-comenzaran-en-mayo-los-cursos-de-soldadura-y-atencion-sociosanitaria-para-personas-desempleadas-de-la-comarca\/\" \/>\n<meta property=\"og:site_name\" content=\"Iraurgi Berritzen\" \/>\n<meta property=\"article:published_time\" content=\"2024-04-16T12:09:13+00:00\" \/>\n<meta property=\"article:modified_time\" content=\"2024-04-18T07:50:03+00:00\" \/>\n<meta property=\"og:image\" content=\"https:\/\/iraurgiberritzen.eus\/wp-content\/uploads\/2024\/04\/PORTADA-IB-WEB-800-x-550-px-28.png\" \/>\n\t<meta property=\"og:image:width\" content=\"800\" \/>\n\t<meta property=\"og:image:height\" content=\"550\" \/>\n\t<meta property=\"og:image:type\" content=\"image\/png\" \/>\n<meta name=\"author\" content=\"ainara\" \/>\n<meta name=\"twitter:card\" content=\"summary_large_image\" \/>\n<meta name=\"twitter:label1\" content=\"Escrito por\" \/>\n\t<meta name=\"twitter:data1\" content=\"ainara\" \/>\n\t<meta name=\"twitter:label2\" content=\"Tiempo de lectura\" \/>\n\t<meta name=\"twitter:data2\" content=\"2 minutos\" \/>\n<script type=\"application\/ld+json\" class=\"yoast-schema-graph\">{\"@context\":\"https:\\\/\\\/schema.org\",\"@graph\":[{\"@type\":\"Article\",\"@id\":\"https:\\\/\\\/iraurgiberritzen.eus\\\/es\\\/dentro-del-proyecto-elkar-ekin-comenzaran-en-mayo-los-cursos-de-soldadura-y-atencion-sociosanitaria-para-personas-desempleadas-de-la-comarca\\\/#article\",\"isPartOf\":{\"@id\":\"https:\\\/\\\/iraurgiberritzen.eus\\\/es\\\/dentro-del-proyecto-elkar-ekin-comenzaran-en-mayo-los-cursos-de-soldadura-y-atencion-sociosanitaria-para-personas-desempleadas-de-la-comarca\\\/\"},\"author\":{\"name\":\"ainara\",\"@id\":\"https:\\\/\\\/iraurgiberritzen.eus\\\/es\\\/#\\\/schema\\\/person\\\/a32c9825b3e2bfcbe757a97f6a15c8a5\"},\"headline\":\"Dentro del proyecto ElkarEkin Lanean, comenzar\u00e1n en mayo los cursos de soldadura y atenci\u00f3n sociosanitaria para personas desempleadas de la comarca\",\"datePublished\":\"2024-04-16T12:09:13+00:00\",\"dateModified\":\"2024-04-18T07:50:03+00:00\",\"mainEntityOfPage\":{\"@id\":\"https:\\\/\\\/iraurgiberritzen.eus\\\/es\\\/dentro-del-proyecto-elkar-ekin-comenzaran-en-mayo-los-cursos-de-soldadura-y-atencion-sociosanitaria-para-personas-desempleadas-de-la-comarca\\\/\"},\"wordCount\":192,\"publisher\":{\"@id\":\"https:\\\/\\\/iraurgiberritzen.eus\\\/es\\\/#organization\"},\"image\":{\"@id\":\"https:\\\/\\\/iraurgiberritzen.eus\\\/es\\\/dentro-del-proyecto-elkar-ekin-comenzaran-en-mayo-los-cursos-de-soldadura-y-atencion-sociosanitaria-para-personas-desempleadas-de-la-comarca\\\/#primaryimage\"},\"thumbnailUrl\":\"https:\\\/\\\/iraurgiberritzen.eus\\\/wp-content\\\/uploads\\\/2024\\\/04\\\/PORTADA-IB-WEB-800-x-550-px-28.png\",\"articleSection\":[\"Noticias\"],\"inLanguage\":\"es\"},{\"@type\":\"WebPage\",\"@id\":\"https:\\\/\\\/iraurgiberritzen.eus\\\/es\\\/dentro-del-proyecto-elkar-ekin-comenzaran-en-mayo-los-cursos-de-soldadura-y-atencion-sociosanitaria-para-personas-desempleadas-de-la-comarca\\\/\",\"url\":\"https:\\\/\\\/iraurgiberritzen.eus\\\/es\\\/dentro-del-proyecto-elkar-ekin-comenzaran-en-mayo-los-cursos-de-soldadura-y-atencion-sociosanitaria-para-personas-desempleadas-de-la-comarca\\\/\",\"name\":\"Dentro del proyecto ElkarEkin Lanean, comenzar\u00e1n en mayo los cursos de soldadura y atenci\u00f3n sociosanitaria para personas desempleadas de la comarca - Iraurgi Berritzen\",\"isPartOf\":{\"@id\":\"https:\\\/\\\/iraurgiberritzen.eus\\\/es\\\/#website\"},\"primaryImageOfPage\":{\"@id\":\"https:\\\/\\\/iraurgiberritzen.eus\\\/es\\\/dentro-del-proyecto-elkar-ekin-comenzaran-en-mayo-los-cursos-de-soldadura-y-atencion-sociosanitaria-para-personas-desempleadas-de-la-comarca\\\/#primaryimage\"},\"image\":{\"@id\":\"https:\\\/\\\/iraurgiberritzen.eus\\\/es\\\/dentro-del-proyecto-elkar-ekin-comenzaran-en-mayo-los-cursos-de-soldadura-y-atencion-sociosanitaria-para-personas-desempleadas-de-la-comarca\\\/#primaryimage\"},\"thumbnailUrl\":\"https:\\\/\\\/iraurgiberritzen.eus\\\/wp-content\\\/uploads\\\/2024\\\/04\\\/PORTADA-IB-WEB-800-x-550-px-28.png\",\"datePublished\":\"2024-04-16T12:09:13+00:00\",\"dateModified\":\"2024-04-18T07:50:03+00:00\",\"breadcrumb\":{\"@id\":\"https:\\\/\\\/iraurgiberritzen.eus\\\/es\\\/dentro-del-proyecto-elkar-ekin-comenzaran-en-mayo-los-cursos-de-soldadura-y-atencion-sociosanitaria-para-personas-desempleadas-de-la-comarca\\\/#breadcrumb\"},\"inLanguage\":\"es\",\"potentialAction\":[{\"@type\":\"ReadAction\",\"target\":[\"https:\\\/\\\/iraurgiberritzen.eus\\\/es\\\/dentro-del-proyecto-elkar-ekin-comenzaran-en-mayo-los-cursos-de-soldadura-y-atencion-sociosanitaria-para-personas-desempleadas-de-la-comarca\\\/\"]}]},{\"@type\":\"ImageObject\",\"inLanguage\":\"es\",\"@id\":\"https:\\\/\\\/iraurgiberritzen.eus\\\/es\\\/dentro-del-proyecto-elkar-ekin-comenzaran-en-mayo-los-cursos-de-soldadura-y-atencion-sociosanitaria-para-personas-desempleadas-de-la-comarca\\\/#primaryimage\",\"url\":\"https:\\\/\\\/iraurgiberritzen.eus\\\/wp-content\\\/uploads\\\/2024\\\/04\\\/PORTADA-IB-WEB-800-x-550-px-28.png\",\"contentUrl\":\"https:\\\/\\\/iraurgiberritzen.eus\\\/wp-content\\\/uploads\\\/2024\\\/04\\\/PORTADA-IB-WEB-800-x-550-px-28.png\",\"width\":800,\"height\":550},{\"@type\":\"BreadcrumbList\",\"@id\":\"https:\\\/\\\/iraurgiberritzen.eus\\\/es\\\/dentro-del-proyecto-elkar-ekin-comenzaran-en-mayo-los-cursos-de-soldadura-y-atencion-sociosanitaria-para-personas-desempleadas-de-la-comarca\\\/#breadcrumb\",\"itemListElement\":[{\"@type\":\"ListItem\",\"position\":1,\"name\":\"Home\",\"item\":\"https:\\\/\\\/iraurgiberritzen.eus\\\/es\\\/\"},{\"@type\":\"ListItem\",\"position\":2,\"name\":\"Dentro del proyecto ElkarEkin Lanean, comenzar\u00e1n en mayo los cursos de soldadura y atenci\u00f3n sociosanitaria para personas desempleadas de la comarca\"}]},{\"@type\":\"WebSite\",\"@id\":\"https:\\\/\\\/iraurgiberritzen.eus\\\/es\\\/#website\",\"url\":\"https:\\\/\\\/iraurgiberritzen.eus\\\/es\\\/\",\"name\":\"Iraurgi Berritzen\",\"description\":\"Urola Erdiko Garapen Agentzia\",\"publisher\":{\"@id\":\"https:\\\/\\\/iraurgiberritzen.eus\\\/es\\\/#organization\"},\"potentialAction\":[{\"@type\":\"SearchAction\",\"target\":{\"@type\":\"EntryPoint\",\"urlTemplate\":\"https:\\\/\\\/iraurgiberritzen.eus\\\/es\\\/?s={search_term_string}\"},\"query-input\":{\"@type\":\"PropertyValueSpecification\",\"valueRequired\":true,\"valueName\":\"search_term_string\"}}],\"inLanguage\":\"es\"},{\"@type\":\"Organization\",\"@id\":\"https:\\\/\\\/iraurgiberritzen.eus\\\/es\\\/#organization\",\"name\":\"Iraurgi Berritzen\",\"url\":\"https:\\\/\\\/iraurgiberritzen.eus\\\/es\\\/\",\"logo\":{\"@type\":\"ImageObject\",\"inLanguage\":\"es\",\"@id\":\"https:\\\/\\\/iraurgiberritzen.eus\\\/es\\\/#\\\/schema\\\/logo\\\/image\\\/\",\"url\":\"https:\\\/\\\/iraurgiberritzen.eus\\\/wp-content\\\/uploads\\\/2024\\\/02\\\/IRAURGI-BERRITZEN-logotipoa_2.png\",\"contentUrl\":\"https:\\\/\\\/iraurgiberritzen.eus\\\/wp-content\\\/uploads\\\/2024\\\/02\\\/IRAURGI-BERRITZEN-logotipoa_2.png\",\"width\":496,\"height\":190,\"caption\":\"Iraurgi Berritzen\"},\"image\":{\"@id\":\"https:\\\/\\\/iraurgiberritzen.eus\\\/es\\\/#\\\/schema\\\/logo\\\/image\\\/\"}},{\"@type\":\"Person\",\"@id\":\"https:\\\/\\\/iraurgiberritzen.eus\\\/es\\\/#\\\/schema\\\/person\\\/a32c9825b3e2bfcbe757a97f6a15c8a5\",\"name\":\"ainara\"}]}<\/script>\n<!-- \/ Yoast SEO plugin. -->","yoast_head_json":{"title":"Dentro del proyecto ElkarEkin Lanean, comenzar\u00e1n en mayo los cursos de soldadura y atenci\u00f3n sociosanitaria para personas desempleadas de la comarca - Iraurgi Berritzen","robots":{"index":"index","follow":"follow","max-snippet":"max-snippet:-1","max-image-preview":"max-image-preview:large","max-video-preview":"max-video-preview:-1"},"canonical":"https:\/\/iraurgiberritzen.eus\/es\/dentro-del-proyecto-elkar-ekin-comenzaran-en-mayo-los-cursos-de-soldadura-y-atencion-sociosanitaria-para-personas-desempleadas-de-la-comarca\/","og_locale":"es_ES","og_type":"article","og_title":"Dentro del proyecto ElkarEkin Lanean, comenzar\u00e1n en mayo los cursos de soldadura y atenci\u00f3n sociosanitaria para personas desempleadas de la comarca - Iraurgi Berritzen","og_description":"El \u00e1rea de empleo de Iraurgi Berritzen, est\u00e1 desarrollando en los \u00faltimos a\u00f1os diversas l\u00edneas de acci\u00f3n en funci\u00f3n de los perfiles de desempleo en colaboraci\u00f3n con los agentes de la comarca. Entre ellas se encuentra el proyecto \u201cUrola Erdian ElkarEkin Eraginez III &#8211; UE3\u201d, orientado a desempleados en situaci\u00f3n o riesgo de exclusi\u00f3n social. [&hellip;]","og_url":"https:\/\/iraurgiberritzen.eus\/es\/dentro-del-proyecto-elkar-ekin-comenzaran-en-mayo-los-cursos-de-soldadura-y-atencion-sociosanitaria-para-personas-desempleadas-de-la-comarca\/","og_site_name":"Iraurgi Berritzen","article_published_time":"2024-04-16T12:09:13+00:00","article_modified_time":"2024-04-18T07:50:03+00:00","og_image":[{"width":800,"height":550,"url":"https:\/\/iraurgiberritzen.eus\/wp-content\/uploads\/2024\/04\/PORTADA-IB-WEB-800-x-550-px-28.png","type":"image\/png"}],"author":"ainara","twitter_card":"summary_large_image","twitter_misc":{"Escrito por":"ainara","Tiempo de lectura":"2 minutos"},"schema":{"@context":"https:\/\/schema.org","@graph":[{"@type":"Article","@id":"https:\/\/iraurgiberritzen.eus\/es\/dentro-del-proyecto-elkar-ekin-comenzaran-en-mayo-los-cursos-de-soldadura-y-atencion-sociosanitaria-para-personas-desempleadas-de-la-comarca\/#article","isPartOf":{"@id":"https:\/\/iraurgiberritzen.eus\/es\/dentro-del-proyecto-elkar-ekin-comenzaran-en-mayo-los-cursos-de-soldadura-y-atencion-sociosanitaria-para-personas-desempleadas-de-la-comarca\/"},"author":{"name":"ainara","@id":"https:\/\/iraurgiberritzen.eus\/es\/#\/schema\/person\/a32c9825b3e2bfcbe757a97f6a15c8a5"},"headline":"Dentro del proyecto ElkarEkin Lanean, comenzar\u00e1n en mayo los cursos de soldadura y atenci\u00f3n sociosanitaria para personas desempleadas de la comarca","datePublished":"2024-04-16T12:09:13+00:00","dateModified":"2024-04-18T07:50:03+00:00","mainEntityOfPage":{"@id":"https:\/\/iraurgiberritzen.eus\/es\/dentro-del-proyecto-elkar-ekin-comenzaran-en-mayo-los-cursos-de-soldadura-y-atencion-sociosanitaria-para-personas-desempleadas-de-la-comarca\/"},"wordCount":192,"publisher":{"@id":"https:\/\/iraurgiberritzen.eus\/es\/#organization"},"image":{"@id":"https:\/\/iraurgiberritzen.eus\/es\/dentro-del-proyecto-elkar-ekin-comenzaran-en-mayo-los-cursos-de-soldadura-y-atencion-sociosanitaria-para-personas-desempleadas-de-la-comarca\/#primaryimage"},"thumbnailUrl":"https:\/\/iraurgiberritzen.eus\/wp-content\/uploads\/2024\/04\/PORTADA-IB-WEB-800-x-550-px-28.png","articleSection":["Noticias"],"inLanguage":"es"},{"@type":"WebPage","@id":"https:\/\/iraurgiberritzen.eus\/es\/dentro-del-proyecto-elkar-ekin-comenzaran-en-mayo-los-cursos-de-soldadura-y-atencion-sociosanitaria-para-personas-desempleadas-de-la-comarca\/","url":"https:\/\/iraurgiberritzen.eus\/es\/dentro-del-proyecto-elkar-ekin-comenzaran-en-mayo-los-cursos-de-soldadura-y-atencion-sociosanitaria-para-personas-desempleadas-de-la-comarca\/","name":"Dentro del proyecto ElkarEkin Lanean, comenzar\u00e1n en mayo los cursos de soldadura y atenci\u00f3n sociosanitaria para personas desempleadas de la comarca - Iraurgi Berritzen","isPartOf":{"@id":"https:\/\/iraurgiberritzen.eus\/es\/#website"},"primaryImageOfPage":{"@id":"https:\/\/iraurgiberritzen.eus\/es\/dentro-del-proyecto-elkar-ekin-comenzaran-en-mayo-los-cursos-de-soldadura-y-atencion-sociosanitaria-para-personas-desempleadas-de-la-comarca\/#primaryimage"},"image":{"@id":"https:\/\/iraurgiberritzen.eus\/es\/dentro-del-proyecto-elkar-ekin-comenzaran-en-mayo-los-cursos-de-soldadura-y-atencion-sociosanitaria-para-personas-desempleadas-de-la-comarca\/#primaryimage"},"thumbnailUrl":"https:\/\/iraurgiberritzen.eus\/wp-content\/uploads\/2024\/04\/PORTADA-IB-WEB-800-x-550-px-28.png","datePublished":"2024-04-16T12:09:13+00:00","dateModified":"2024-04-18T07:50:03+00:00","breadcrumb":{"@id":"https:\/\/iraurgiberritzen.eus\/es\/dentro-del-proyecto-elkar-ekin-comenzaran-en-mayo-los-cursos-de-soldadura-y-atencion-sociosanitaria-para-personas-desempleadas-de-la-comarca\/#breadcrumb"},"inLanguage":"es","potentialAction":[{"@type":"ReadAction","target":["https:\/\/iraurgiberritzen.eus\/es\/dentro-del-proyecto-elkar-ekin-comenzaran-en-mayo-los-cursos-de-soldadura-y-atencion-sociosanitaria-para-personas-desempleadas-de-la-comarca\/"]}]},{"@type":"ImageObject","inLanguage":"es","@id":"https:\/\/iraurgiberritzen.eus\/es\/dentro-del-proyecto-elkar-ekin-comenzaran-en-mayo-los-cursos-de-soldadura-y-atencion-sociosanitaria-para-personas-desempleadas-de-la-comarca\/#primaryimage","url":"https:\/\/iraurgiberritzen.eus\/wp-content\/uploads\/2024\/04\/PORTADA-IB-WEB-800-x-550-px-28.png","contentUrl":"https:\/\/iraurgiberritzen.eus\/wp-content\/uploads\/2024\/04\/PORTADA-IB-WEB-800-x-550-px-28.png","width":800,"height":550},{"@type":"BreadcrumbList","@id":"https:\/\/iraurgiberritzen.eus\/es\/dentro-del-proyecto-elkar-ekin-comenzaran-en-mayo-los-cursos-de-soldadura-y-atencion-sociosanitaria-para-personas-desempleadas-de-la-comarca\/#breadcrumb","itemListElement":[{"@type":"ListItem","position":1,"name":"Home","item":"https:\/\/iraurgiberritzen.eus\/es\/"},{"@type":"ListItem","position":2,"name":"Dentro del proyecto ElkarEkin Lanean, comenzar\u00e1n en mayo los cursos de soldadura y atenci\u00f3n sociosanitaria para personas desempleadas de la comarca"}]},{"@type":"WebSite","@id":"https:\/\/iraurgiberritzen.eus\/es\/#website","url":"https:\/\/iraurgiberritzen.eus\/es\/","name":"Iraurgi Berritzen","description":"Urola Erdiko Garapen Agentzia","publisher":{"@id":"https:\/\/iraurgiberritzen.eus\/es\/#organization"},"potentialAction":[{"@type":"SearchAction","target":{"@type":"EntryPoint","urlTemplate":"https:\/\/iraurgiberritzen.eus\/es\/?s={search_term_string}"},"query-input":{"@type":"PropertyValueSpecification","valueRequired":true,"valueName":"search_term_string"}}],"inLanguage":"es"},{"@type":"Organization","@id":"https:\/\/iraurgiberritzen.eus\/es\/#organization","name":"Iraurgi Berritzen","url":"https:\/\/iraurgiberritzen.eus\/es\/","logo":{"@type":"ImageObject","inLanguage":"es","@id":"https:\/\/iraurgiberritzen.eus\/es\/#\/schema\/logo\/image\/","url":"https:\/\/iraurgiberritzen.eus\/wp-content\/uploads\/2024\/02\/IRAURGI-BERRITZEN-logotipoa_2.png","contentUrl":"https:\/\/iraurgiberritzen.eus\/wp-content\/uploads\/2024\/02\/IRAURGI-BERRITZEN-logotipoa_2.png","width":496,"height":190,"caption":"Iraurgi Berritzen"},"image":{"@id":"https:\/\/iraurgiberritzen.eus\/es\/#\/schema\/logo\/image\/"}},{"@type":"Person","@id":"https:\/\/iraurgiberritzen.eus\/es\/#\/schema\/person\/a32c9825b3e2bfcbe757a97f6a15c8a5","name":"ainara"}]}},"_links":{"self":[{"href":"https:\/\/iraurgiberritzen.eus\/es\/wp-json\/wp\/v2\/posts\/19751","targetHints":{"allow":["GET"]}}],"collection":[{"href":"https:\/\/iraurgiberritzen.eus\/es\/wp-json\/wp\/v2\/posts"}],"about":[{"href":"https:\/\/iraurgiberritzen.eus\/es\/wp-json\/wp\/v2\/types\/post"}],"author":[{"embeddable":true,"href":"https:\/\/iraurgiberritzen.eus\/es\/wp-json\/wp\/v2\/users\/4"}],"replies":[{"embeddable":true,"href":"https:\/\/iraurgiberritzen.eus\/es\/wp-json\/wp\/v2\/comments?post=19751"}],"version-history":[{"count":2,"href":"https:\/\/iraurgiberritzen.eus\/es\/wp-json\/wp\/v2\/posts\/19751\/revisions"}],"predecessor-version":[{"id":19773,"href":"https:\/\/iraurgiberritzen.eus\/es\/wp-json\/wp\/v2\/posts\/19751\/revisions\/19773"}],"wp:featuredmedia":[{"embeddable":true,"href":"https:\/\/iraurgiberritzen.eus\/es\/wp-json\/wp\/v2\/media\/19750"}],"wp:attachment":[{"href":"https:\/\/iraurgiberritzen.eus\/es\/wp-json\/wp\/v2\/media?parent=19751"}],"wp:term":[{"taxonomy":"category","embeddable":true,"href":"https:\/\/iraurgiberritzen.eus\/es\/wp-json\/wp\/v2\/categories?post=19751"},{"taxonomy":"post_tag","embeddable":true,"href":"https:\/\/iraurgiberritzen.eus\/es\/wp-json\/wp\/v2\/tags?post=19751"}],"curies":[{"name":"wp","href":"https:\/\/api.w.org\/{rel}","templated":true}]}}