{"id":19768,"date":"2024-04-17T12:53:01","date_gmt":"2024-04-17T10:53:01","guid":{"rendered":"https:\/\/iraurgiberritzen.eus\/?p=19768"},"modified":"2024-04-18T09:15:05","modified_gmt":"2024-04-18T07:15:05","slug":"dia-internacional-de-las-personas-emprendedoras-el-emprendimiento-local-motor-de-nuestros-municipios","status":"publish","type":"post","link":"https:\/\/iraurgiberritzen.eus\/es\/dia-internacional-de-las-personas-emprendedoras-el-emprendimiento-local-motor-de-nuestros-municipios\/","title":{"rendered":"D\u00eda internacional de las personas emprendedoras: el emprendimiento local motor de nuestros municipios"},"content":{"rendered":"<p>Ayer, 16 de abril, D\u00eda Internacional de las Personas Emprendedoras, el equipo t\u00e9cnico del \u00c1rea de emprendimiento quiso reconocer a las personas emprendedoras que han abierto recientemente una empresa en nuestra comarca. El acto se celebr\u00f3 por primera vez bajo el lema \u201cSembrando el cambio: personas emprendedoras y su aportaci\u00f3n en la comarca\u201d.<\/p>\n<p>En el evento, se puso en valor el esfuerzo y la dedicaci\u00f3n de las personas emprendedoras que abrieron un negocio en 2023, subrayando su valioso aporte al tejido socioecon\u00f3mico de la comarca. En su totalidad, el a\u00f1o pasado se crearon 16 iniciativas. Cuatro fueron del \u00e1mbito hostelero, mientras que otros cinco se enmarcaron en actividades profesionales, dos fueron peque\u00f1os comercios, tres fueron relacionados con la salud y tres relacionadas con actividades diversas.<\/p>\n<p>El emprendimiento local, posibilita seguir contando con una amplia oferta de servicios en las calles y municipios. En el acto de ayer, desde el \u00c1rea de Emprendimiento se quiso reconocer y valorar la valent\u00eda y la dedicaci\u00f3n de estas personas emprendedoras de la comarca, por generar empleo y por mantener vivas las calles.<\/p>\n<p>En el acto, tuvieron la oportunidad de escuchar el discurso motivador de la emprendedora y coach Mar\u00eda D\u00edez a partir del relato \u201cEl viaje del h\u00e9roe\u201d. El acto finaliz\u00f3 con la entrega de un recuerdo a cada participante, creado por el pintor comarcal I\u00f1igo Borda.<\/p>\n<iframe loading=\"lazy\" title=\"Ekintzaile eguna 2024\" src=\"https:\/\/player.vimeo.com\/video\/936152259?dnt=1&amp;app_id=122963\" width=\"540\" height=\"960\" frameborder=\"0\" allow=\"autoplay; fullscreen; picture-in-picture; clipboard-write\"><\/iframe>\n","protected":false},"excerpt":{"rendered":"<p>Ayer, 16 de abril, D\u00eda Internacional de las Personas Emprendedoras, el equipo t\u00e9cnico del \u00c1rea de emprendimiento quiso reconocer a las personas emprendedoras que han abierto recientemente una empresa en nuestra comarca. El acto se celebr\u00f3 por primera vez bajo el lema \u201cSembrando el cambio: personas emprendedoras y su aportaci\u00f3n en la comarca\u201d. En el [&hellip;]<\/p>\n","protected":false},"author":4,"featured_media":19766,"comment_status":"closed","ping_status":"closed","sticky":false,"template":"","format":"standard","meta":{"_acf_changed":false,"footnotes":""},"categories":[4],"tags":[],"class_list":["post-19768","post","type-post","status-publish","format-standard","has-post-thumbnail","hentry","category-noticias","arloak-emprendimiento"],"acf":[],"yoast_head":"<!-- This site is optimized with the Yoast SEO plugin v27.4 - https:\/\/yoast.com\/product\/yoast-seo-wordpress\/ -->\n<title>D\u00eda internacional de las personas emprendedoras: el emprendimiento local motor de nuestros municipios - Iraurgi Berritzen<\/title>\n<meta name=\"robots\" content=\"index, follow, max-snippet:-1, max-image-preview:large, max-video-preview:-1\" \/>\n<link rel=\"canonical\" href=\"https:\/\/iraurgiberritzen.eus\/es\/dia-internacional-de-las-personas-emprendedoras-el-emprendimiento-local-motor-de-nuestros-municipios\/\" \/>\n<meta property=\"og:locale\" content=\"es_ES\" \/>\n<meta property=\"og:type\" content=\"article\" \/>\n<meta property=\"og:title\" content=\"D\u00eda internacional de las personas emprendedoras: el emprendimiento local motor de nuestros municipios - Iraurgi Berritzen\" \/>\n<meta property=\"og:description\" content=\"Ayer, 16 de abril, D\u00eda Internacional de las Personas Emprendedoras, el equipo t\u00e9cnico del \u00c1rea de emprendimiento quiso reconocer a las personas emprendedoras que han abierto recientemente una empresa en nuestra comarca. El acto se celebr\u00f3 por primera vez bajo el lema \u201cSembrando el cambio: personas emprendedoras y su aportaci\u00f3n en la comarca\u201d. En el [&hellip;]\" \/>\n<meta property=\"og:url\" content=\"https:\/\/iraurgiberritzen.eus\/es\/dia-internacional-de-las-personas-emprendedoras-el-emprendimiento-local-motor-de-nuestros-municipios\/\" \/>\n<meta property=\"og:site_name\" content=\"Iraurgi Berritzen\" \/>\n<meta property=\"article:published_time\" content=\"2024-04-17T10:53:01+00:00\" \/>\n<meta property=\"article:modified_time\" content=\"2024-04-18T07:15:05+00:00\" \/>\n<meta property=\"og:image\" content=\"https:\/\/iraurgiberritzen.eus\/wp-content\/uploads\/2024\/04\/PORTADA-IB-WEB-800-x-550-px-29.png\" \/>\n\t<meta property=\"og:image:width\" content=\"800\" \/>\n\t<meta property=\"og:image:height\" content=\"550\" \/>\n\t<meta property=\"og:image:type\" content=\"image\/png\" \/>\n<meta name=\"author\" content=\"ainara\" \/>\n<meta name=\"twitter:card\" content=\"summary_large_image\" \/>\n<meta name=\"twitter:label1\" content=\"Escrito por\" \/>\n\t<meta name=\"twitter:data1\" content=\"ainara\" \/>\n\t<meta name=\"twitter:label2\" content=\"Tiempo de lectura\" \/>\n\t<meta name=\"twitter:data2\" content=\"2 minutos\" \/>\n<script type=\"application\/ld+json\" class=\"yoast-schema-graph\">{\"@context\":\"https:\\\/\\\/schema.org\",\"@graph\":[{\"@type\":\"Article\",\"@id\":\"https:\\\/\\\/iraurgiberritzen.eus\\\/es\\\/dia-internacional-de-las-personas-emprendedoras-el-emprendimiento-local-motor-de-nuestros-municipios\\\/#article\",\"isPartOf\":{\"@id\":\"https:\\\/\\\/iraurgiberritzen.eus\\\/es\\\/dia-internacional-de-las-personas-emprendedoras-el-emprendimiento-local-motor-de-nuestros-municipios\\\/\"},\"author\":{\"name\":\"ainara\",\"@id\":\"https:\\\/\\\/iraurgiberritzen.eus\\\/es\\\/#\\\/schema\\\/person\\\/a32c9825b3e2bfcbe757a97f6a15c8a5\"},\"headline\":\"D\u00eda internacional de las personas emprendedoras: el emprendimiento local motor de nuestros municipios\",\"datePublished\":\"2024-04-17T10:53:01+00:00\",\"dateModified\":\"2024-04-18T07:15:05+00:00\",\"mainEntityOfPage\":{\"@id\":\"https:\\\/\\\/iraurgiberritzen.eus\\\/es\\\/dia-internacional-de-las-personas-emprendedoras-el-emprendimiento-local-motor-de-nuestros-municipios\\\/\"},\"wordCount\":250,\"publisher\":{\"@id\":\"https:\\\/\\\/iraurgiberritzen.eus\\\/es\\\/#organization\"},\"image\":{\"@id\":\"https:\\\/\\\/iraurgiberritzen.eus\\\/es\\\/dia-internacional-de-las-personas-emprendedoras-el-emprendimiento-local-motor-de-nuestros-municipios\\\/#primaryimage\"},\"thumbnailUrl\":\"https:\\\/\\\/iraurgiberritzen.eus\\\/wp-content\\\/uploads\\\/2024\\\/04\\\/PORTADA-IB-WEB-800-x-550-px-29.png\",\"articleSection\":[\"Noticias\"],\"inLanguage\":\"es\"},{\"@type\":\"WebPage\",\"@id\":\"https:\\\/\\\/iraurgiberritzen.eus\\\/es\\\/dia-internacional-de-las-personas-emprendedoras-el-emprendimiento-local-motor-de-nuestros-municipios\\\/\",\"url\":\"https:\\\/\\\/iraurgiberritzen.eus\\\/es\\\/dia-internacional-de-las-personas-emprendedoras-el-emprendimiento-local-motor-de-nuestros-municipios\\\/\",\"name\":\"D\u00eda internacional de las personas emprendedoras: el emprendimiento local motor de nuestros municipios - Iraurgi Berritzen\",\"isPartOf\":{\"@id\":\"https:\\\/\\\/iraurgiberritzen.eus\\\/es\\\/#website\"},\"primaryImageOfPage\":{\"@id\":\"https:\\\/\\\/iraurgiberritzen.eus\\\/es\\\/dia-internacional-de-las-personas-emprendedoras-el-emprendimiento-local-motor-de-nuestros-municipios\\\/#primaryimage\"},\"image\":{\"@id\":\"https:\\\/\\\/iraurgiberritzen.eus\\\/es\\\/dia-internacional-de-las-personas-emprendedoras-el-emprendimiento-local-motor-de-nuestros-municipios\\\/#primaryimage\"},\"thumbnailUrl\":\"https:\\\/\\\/iraurgiberritzen.eus\\\/wp-content\\\/uploads\\\/2024\\\/04\\\/PORTADA-IB-WEB-800-x-550-px-29.png\",\"datePublished\":\"2024-04-17T10:53:01+00:00\",\"dateModified\":\"2024-04-18T07:15:05+00:00\",\"breadcrumb\":{\"@id\":\"https:\\\/\\\/iraurgiberritzen.eus\\\/es\\\/dia-internacional-de-las-personas-emprendedoras-el-emprendimiento-local-motor-de-nuestros-municipios\\\/#breadcrumb\"},\"inLanguage\":\"es\",\"potentialAction\":[{\"@type\":\"ReadAction\",\"target\":[\"https:\\\/\\\/iraurgiberritzen.eus\\\/es\\\/dia-internacional-de-las-personas-emprendedoras-el-emprendimiento-local-motor-de-nuestros-municipios\\\/\"]}]},{\"@type\":\"ImageObject\",\"inLanguage\":\"es\",\"@id\":\"https:\\\/\\\/iraurgiberritzen.eus\\\/es\\\/dia-internacional-de-las-personas-emprendedoras-el-emprendimiento-local-motor-de-nuestros-municipios\\\/#primaryimage\",\"url\":\"https:\\\/\\\/iraurgiberritzen.eus\\\/wp-content\\\/uploads\\\/2024\\\/04\\\/PORTADA-IB-WEB-800-x-550-px-29.png\",\"contentUrl\":\"https:\\\/\\\/iraurgiberritzen.eus\\\/wp-content\\\/uploads\\\/2024\\\/04\\\/PORTADA-IB-WEB-800-x-550-px-29.png\",\"width\":800,\"height\":550},{\"@type\":\"BreadcrumbList\",\"@id\":\"https:\\\/\\\/iraurgiberritzen.eus\\\/es\\\/dia-internacional-de-las-personas-emprendedoras-el-emprendimiento-local-motor-de-nuestros-municipios\\\/#breadcrumb\",\"itemListElement\":[{\"@type\":\"ListItem\",\"position\":1,\"name\":\"Home\",\"item\":\"https:\\\/\\\/iraurgiberritzen.eus\\\/es\\\/\"},{\"@type\":\"ListItem\",\"position\":2,\"name\":\"D\u00eda internacional de las personas emprendedoras: el emprendimiento local motor de nuestros municipios\"}]},{\"@type\":\"WebSite\",\"@id\":\"https:\\\/\\\/iraurgiberritzen.eus\\\/es\\\/#website\",\"url\":\"https:\\\/\\\/iraurgiberritzen.eus\\\/es\\\/\",\"name\":\"Iraurgi Berritzen\",\"description\":\"Urola Erdiko Garapen Agentzia\",\"publisher\":{\"@id\":\"https:\\\/\\\/iraurgiberritzen.eus\\\/es\\\/#organization\"},\"potentialAction\":[{\"@type\":\"SearchAction\",\"target\":{\"@type\":\"EntryPoint\",\"urlTemplate\":\"https:\\\/\\\/iraurgiberritzen.eus\\\/es\\\/?s={search_term_string}\"},\"query-input\":{\"@type\":\"PropertyValueSpecification\",\"valueRequired\":true,\"valueName\":\"search_term_string\"}}],\"inLanguage\":\"es\"},{\"@type\":\"Organization\",\"@id\":\"https:\\\/\\\/iraurgiberritzen.eus\\\/es\\\/#organization\",\"name\":\"Iraurgi Berritzen\",\"url\":\"https:\\\/\\\/iraurgiberritzen.eus\\\/es\\\/\",\"logo\":{\"@type\":\"ImageObject\",\"inLanguage\":\"es\",\"@id\":\"https:\\\/\\\/iraurgiberritzen.eus\\\/es\\\/#\\\/schema\\\/logo\\\/image\\\/\",\"url\":\"https:\\\/\\\/iraurgiberritzen.eus\\\/wp-content\\\/uploads\\\/2024\\\/02\\\/IRAURGI-BERRITZEN-logotipoa_2.png\",\"contentUrl\":\"https:\\\/\\\/iraurgiberritzen.eus\\\/wp-content\\\/uploads\\\/2024\\\/02\\\/IRAURGI-BERRITZEN-logotipoa_2.png\",\"width\":496,\"height\":190,\"caption\":\"Iraurgi Berritzen\"},\"image\":{\"@id\":\"https:\\\/\\\/iraurgiberritzen.eus\\\/es\\\/#\\\/schema\\\/logo\\\/image\\\/\"}},{\"@type\":\"Person\",\"@id\":\"https:\\\/\\\/iraurgiberritzen.eus\\\/es\\\/#\\\/schema\\\/person\\\/a32c9825b3e2bfcbe757a97f6a15c8a5\",\"name\":\"ainara\"}]}<\/script>\n<!-- \/ Yoast SEO plugin. -->","yoast_head_json":{"title":"D\u00eda internacional de las personas emprendedoras: el emprendimiento local motor de nuestros municipios - Iraurgi Berritzen","robots":{"index":"index","follow":"follow","max-snippet":"max-snippet:-1","max-image-preview":"max-image-preview:large","max-video-preview":"max-video-preview:-1"},"canonical":"https:\/\/iraurgiberritzen.eus\/es\/dia-internacional-de-las-personas-emprendedoras-el-emprendimiento-local-motor-de-nuestros-municipios\/","og_locale":"es_ES","og_type":"article","og_title":"D\u00eda internacional de las personas emprendedoras: el emprendimiento local motor de nuestros municipios - Iraurgi Berritzen","og_description":"Ayer, 16 de abril, D\u00eda Internacional de las Personas Emprendedoras, el equipo t\u00e9cnico del \u00c1rea de emprendimiento quiso reconocer a las personas emprendedoras que han abierto recientemente una empresa en nuestra comarca. El acto se celebr\u00f3 por primera vez bajo el lema \u201cSembrando el cambio: personas emprendedoras y su aportaci\u00f3n en la comarca\u201d. En el [&hellip;]","og_url":"https:\/\/iraurgiberritzen.eus\/es\/dia-internacional-de-las-personas-emprendedoras-el-emprendimiento-local-motor-de-nuestros-municipios\/","og_site_name":"Iraurgi Berritzen","article_published_time":"2024-04-17T10:53:01+00:00","article_modified_time":"2024-04-18T07:15:05+00:00","og_image":[{"width":800,"height":550,"url":"https:\/\/iraurgiberritzen.eus\/wp-content\/uploads\/2024\/04\/PORTADA-IB-WEB-800-x-550-px-29.png","type":"image\/png"}],"author":"ainara","twitter_card":"summary_large_image","twitter_misc":{"Escrito por":"ainara","Tiempo de lectura":"2 minutos"},"schema":{"@context":"https:\/\/schema.org","@graph":[{"@type":"Article","@id":"https:\/\/iraurgiberritzen.eus\/es\/dia-internacional-de-las-personas-emprendedoras-el-emprendimiento-local-motor-de-nuestros-municipios\/#article","isPartOf":{"@id":"https:\/\/iraurgiberritzen.eus\/es\/dia-internacional-de-las-personas-emprendedoras-el-emprendimiento-local-motor-de-nuestros-municipios\/"},"author":{"name":"ainara","@id":"https:\/\/iraurgiberritzen.eus\/es\/#\/schema\/person\/a32c9825b3e2bfcbe757a97f6a15c8a5"},"headline":"D\u00eda internacional de las personas emprendedoras: el emprendimiento local motor de nuestros municipios","datePublished":"2024-04-17T10:53:01+00:00","dateModified":"2024-04-18T07:15:05+00:00","mainEntityOfPage":{"@id":"https:\/\/iraurgiberritzen.eus\/es\/dia-internacional-de-las-personas-emprendedoras-el-emprendimiento-local-motor-de-nuestros-municipios\/"},"wordCount":250,"publisher":{"@id":"https:\/\/iraurgiberritzen.eus\/es\/#organization"},"image":{"@id":"https:\/\/iraurgiberritzen.eus\/es\/dia-internacional-de-las-personas-emprendedoras-el-emprendimiento-local-motor-de-nuestros-municipios\/#primaryimage"},"thumbnailUrl":"https:\/\/iraurgiberritzen.eus\/wp-content\/uploads\/2024\/04\/PORTADA-IB-WEB-800-x-550-px-29.png","articleSection":["Noticias"],"inLanguage":"es"},{"@type":"WebPage","@id":"https:\/\/iraurgiberritzen.eus\/es\/dia-internacional-de-las-personas-emprendedoras-el-emprendimiento-local-motor-de-nuestros-municipios\/","url":"https:\/\/iraurgiberritzen.eus\/es\/dia-internacional-de-las-personas-emprendedoras-el-emprendimiento-local-motor-de-nuestros-municipios\/","name":"D\u00eda internacional de las personas emprendedoras: el emprendimiento local motor de nuestros municipios - Iraurgi Berritzen","isPartOf":{"@id":"https:\/\/iraurgiberritzen.eus\/es\/#website"},"primaryImageOfPage":{"@id":"https:\/\/iraurgiberritzen.eus\/es\/dia-internacional-de-las-personas-emprendedoras-el-emprendimiento-local-motor-de-nuestros-municipios\/#primaryimage"},"image":{"@id":"https:\/\/iraurgiberritzen.eus\/es\/dia-internacional-de-las-personas-emprendedoras-el-emprendimiento-local-motor-de-nuestros-municipios\/#primaryimage"},"thumbnailUrl":"https:\/\/iraurgiberritzen.eus\/wp-content\/uploads\/2024\/04\/PORTADA-IB-WEB-800-x-550-px-29.png","datePublished":"2024-04-17T10:53:01+00:00","dateModified":"2024-04-18T07:15:05+00:00","breadcrumb":{"@id":"https:\/\/iraurgiberritzen.eus\/es\/dia-internacional-de-las-personas-emprendedoras-el-emprendimiento-local-motor-de-nuestros-municipios\/#breadcrumb"},"inLanguage":"es","potentialAction":[{"@type":"ReadAction","target":["https:\/\/iraurgiberritzen.eus\/es\/dia-internacional-de-las-personas-emprendedoras-el-emprendimiento-local-motor-de-nuestros-municipios\/"]}]},{"@type":"ImageObject","inLanguage":"es","@id":"https:\/\/iraurgiberritzen.eus\/es\/dia-internacional-de-las-personas-emprendedoras-el-emprendimiento-local-motor-de-nuestros-municipios\/#primaryimage","url":"https:\/\/iraurgiberritzen.eus\/wp-content\/uploads\/2024\/04\/PORTADA-IB-WEB-800-x-550-px-29.png","contentUrl":"https:\/\/iraurgiberritzen.eus\/wp-content\/uploads\/2024\/04\/PORTADA-IB-WEB-800-x-550-px-29.png","width":800,"height":550},{"@type":"BreadcrumbList","@id":"https:\/\/iraurgiberritzen.eus\/es\/dia-internacional-de-las-personas-emprendedoras-el-emprendimiento-local-motor-de-nuestros-municipios\/#breadcrumb","itemListElement":[{"@type":"ListItem","position":1,"name":"Home","item":"https:\/\/iraurgiberritzen.eus\/es\/"},{"@type":"ListItem","position":2,"name":"D\u00eda internacional de las personas emprendedoras: el emprendimiento local motor de nuestros municipios"}]},{"@type":"WebSite","@id":"https:\/\/iraurgiberritzen.eus\/es\/#website","url":"https:\/\/iraurgiberritzen.eus\/es\/","name":"Iraurgi Berritzen","description":"Urola Erdiko Garapen Agentzia","publisher":{"@id":"https:\/\/iraurgiberritzen.eus\/es\/#organization"},"potentialAction":[{"@type":"SearchAction","target":{"@type":"EntryPoint","urlTemplate":"https:\/\/iraurgiberritzen.eus\/es\/?s={search_term_string}"},"query-input":{"@type":"PropertyValueSpecification","valueRequired":true,"valueName":"search_term_string"}}],"inLanguage":"es"},{"@type":"Organization","@id":"https:\/\/iraurgiberritzen.eus\/es\/#organization","name":"Iraurgi Berritzen","url":"https:\/\/iraurgiberritzen.eus\/es\/","logo":{"@type":"ImageObject","inLanguage":"es","@id":"https:\/\/iraurgiberritzen.eus\/es\/#\/schema\/logo\/image\/","url":"https:\/\/iraurgiberritzen.eus\/wp-content\/uploads\/2024\/02\/IRAURGI-BERRITZEN-logotipoa_2.png","contentUrl":"https:\/\/iraurgiberritzen.eus\/wp-content\/uploads\/2024\/02\/IRAURGI-BERRITZEN-logotipoa_2.png","width":496,"height":190,"caption":"Iraurgi Berritzen"},"image":{"@id":"https:\/\/iraurgiberritzen.eus\/es\/#\/schema\/logo\/image\/"}},{"@type":"Person","@id":"https:\/\/iraurgiberritzen.eus\/es\/#\/schema\/person\/a32c9825b3e2bfcbe757a97f6a15c8a5","name":"ainara"}]}},"_links":{"self":[{"href":"https:\/\/iraurgiberritzen.eus\/es\/wp-json\/wp\/v2\/posts\/19768","targetHints":{"allow":["GET"]}}],"collection":[{"href":"https:\/\/iraurgiberritzen.eus\/es\/wp-json\/wp\/v2\/posts"}],"about":[{"href":"https:\/\/iraurgiberritzen.eus\/es\/wp-json\/wp\/v2\/types\/post"}],"author":[{"embeddable":true,"href":"https:\/\/iraurgiberritzen.eus\/es\/wp-json\/wp\/v2\/users\/4"}],"replies":[{"embeddable":true,"href":"https:\/\/iraurgiberritzen.eus\/es\/wp-json\/wp\/v2\/comments?post=19768"}],"version-history":[{"count":2,"href":"https:\/\/iraurgiberritzen.eus\/es\/wp-json\/wp\/v2\/posts\/19768\/revisions"}],"predecessor-version":[{"id":19772,"href":"https:\/\/iraurgiberritzen.eus\/es\/wp-json\/wp\/v2\/posts\/19768\/revisions\/19772"}],"wp:featuredmedia":[{"embeddable":true,"href":"https:\/\/iraurgiberritzen.eus\/es\/wp-json\/wp\/v2\/media\/19766"}],"wp:attachment":[{"href":"https:\/\/iraurgiberritzen.eus\/es\/wp-json\/wp\/v2\/media?parent=19768"}],"wp:term":[{"taxonomy":"category","embeddable":true,"href":"https:\/\/iraurgiberritzen.eus\/es\/wp-json\/wp\/v2\/categories?post=19768"},{"taxonomy":"post_tag","embeddable":true,"href":"https:\/\/iraurgiberritzen.eus\/es\/wp-json\/wp\/v2\/tags?post=19768"}],"curies":[{"name":"wp","href":"https:\/\/api.w.org\/{rel}","templated":true}]}}