{"id":19782,"date":"2024-04-13T09:00:47","date_gmt":"2024-04-13T07:00:47","guid":{"rendered":"https:\/\/iraurgiberritzen.eus\/?p=19782"},"modified":"2024-04-19T11:31:03","modified_gmt":"2024-04-19T09:31:03","slug":"jornada-de-sensibilizacion-de-las-empresa-industriales-en-inteligencia-artificial-generativa","status":"publish","type":"post","link":"https:\/\/iraurgiberritzen.eus\/es\/jornada-de-sensibilizacion-de-las-empresa-industriales-en-inteligencia-artificial-generativa\/","title":{"rendered":"Jornada de sensibilizaci\u00f3n de las empresas industriales en Inteligencia Artificial Generativa"},"content":{"rendered":"<p>El pasado jueves, 11 de abril, en el marco del programa Ikasiz se celebr\u00f3 la segunda jornada informativa de este a\u00f1o, en colaboraci\u00f3n con Uggasa, la Agencia de Desarrollo de Urola Garaia y Goieki, la Agencia de Desarrollo del Goierri. En esta ocasi\u00f3n la jornada se celebr\u00f3 en formato online, entorno a la siguiente tem\u00e1tica:<strong> IndustrIA, un programa especializado en Inteligencia Artificial Creativa y dirigido a Empresas Industriales<\/strong>.<\/p>\n<p>El desarrollo de habilidades para el uso de la Inteligencia Artificial Creativa se ha convertido en un nuevo factor cr\u00edtico de \u00e9xito para las empresas industriales que quieren seguir siendo rentables en un contexto cada vez m\u00e1s competitivo, cambiante y global.<\/p>\n<p>As\u00ed, el objetivo de este evento fue <strong>dar a conocer los pormenores de la segunda edici\u00f3n del programa que se ha puesto en marcha en el seno de Inteligencia Artificial Creativa de la mano de<\/strong> <strong><a href=\"https:\/\/www.linkedin.com\/company\/brainandcodetech\/\" target=\"_blank\" rel=\"noopener\">brainandcode.tech<\/a><\/strong>, <strong><a href=\"https:\/\/www.linkedin.com\/company\/digitalentu\/\" target=\"_blank\" rel=\"noopener\">DigiTalentu<\/a> <\/strong>y <a href=\"https:\/\/www.linkedin.com\/company\/adi-revolution\/\" target=\"_blank\" rel=\"noopener\"><strong>ADI Revolution<\/strong><\/a>.<\/p>\n<p>En ella, las empresas participantes de las tres comarcas, Urola Erdia, Urola Garaia y Goierri pudieron ver qu\u00e9 es la Inteligencia Artificial Creativa, de d\u00f3nde venimos, d\u00f3nde estamos o hacia d\u00f3nde vamos. Posteriormente se present\u00f3 el programa IndustrIA, el motivo de su creaci\u00f3n, la metodolog\u00eda formativa y el perfil del claustro docente. Y al final, los participantes tuvieron un tiempo para aclarar sus preguntas.<\/p>\n<p>En el siguiente enlace pod\u00e9is ver m\u00e1s detalles sobre el programa: (<strong><a href=\"https:\/\/industria.digitalentu.com\/\" target=\"_blank\" rel=\"noopener\">https:\/\/industria.digitalentu.com \/<\/a><\/strong>).<\/p>\n<p>El objetivo del Programa Ikasiz, es fomentar la capacitaci\u00f3n de las empresas mediante jornadas informativas, de sensibilizaci\u00f3n y de buenas pr\u00e1cticas, como procesos de aprendizaje, en diferentes \u00e1mbitos de gesti\u00f3n empresarial (tecnol\u00f3gico, personas, producci\u00f3n, innovaci\u00f3n en gesti\u00f3n\u2026) en base a propuestas de las empresas.<\/p>\n<p>&nbsp;<\/p>\n","protected":false},"excerpt":{"rendered":"<p>El pasado jueves, 11 de abril, en el marco del programa Ikasiz se celebr\u00f3 la segunda jornada informativa de este a\u00f1o, en colaboraci\u00f3n con Uggasa, la Agencia de Desarrollo de Urola Garaia y Goieki, la Agencia de Desarrollo del Goierri. En esta ocasi\u00f3n la jornada se celebr\u00f3 en formato online, entorno a la siguiente tem\u00e1tica: [&hellip;]<\/p>\n","protected":false},"author":4,"featured_media":19780,"comment_status":"closed","ping_status":"closed","sticky":false,"template":"","format":"standard","meta":{"_acf_changed":false,"footnotes":""},"categories":[4],"tags":[],"class_list":["post-19782","post","type-post","status-publish","format-standard","has-post-thumbnail","hentry","category-noticias","arloak-enpresa"],"acf":[],"yoast_head":"<!-- This site is optimized with the Yoast SEO plugin v27.4 - https:\/\/yoast.com\/product\/yoast-seo-wordpress\/ -->\n<title>Jornada de sensibilizaci\u00f3n de las empresas industriales en Inteligencia Artificial Generativa - Iraurgi Berritzen<\/title>\n<meta name=\"robots\" content=\"index, follow, max-snippet:-1, max-image-preview:large, max-video-preview:-1\" \/>\n<link rel=\"canonical\" href=\"https:\/\/iraurgiberritzen.eus\/es\/jornada-de-sensibilizacion-de-las-empresa-industriales-en-inteligencia-artificial-generativa\/\" \/>\n<meta property=\"og:locale\" content=\"es_ES\" \/>\n<meta property=\"og:type\" content=\"article\" \/>\n<meta property=\"og:title\" content=\"Jornada de sensibilizaci\u00f3n de las empresas industriales en Inteligencia Artificial Generativa - Iraurgi Berritzen\" \/>\n<meta property=\"og:description\" content=\"El pasado jueves, 11 de abril, en el marco del programa Ikasiz se celebr\u00f3 la segunda jornada informativa de este a\u00f1o, en colaboraci\u00f3n con Uggasa, la Agencia de Desarrollo de Urola Garaia y Goieki, la Agencia de Desarrollo del Goierri. En esta ocasi\u00f3n la jornada se celebr\u00f3 en formato online, entorno a la siguiente tem\u00e1tica: [&hellip;]\" \/>\n<meta property=\"og:url\" content=\"https:\/\/iraurgiberritzen.eus\/es\/jornada-de-sensibilizacion-de-las-empresa-industriales-en-inteligencia-artificial-generativa\/\" \/>\n<meta property=\"og:site_name\" content=\"Iraurgi Berritzen\" \/>\n<meta property=\"article:published_time\" content=\"2024-04-13T07:00:47+00:00\" \/>\n<meta property=\"article:modified_time\" content=\"2024-04-19T09:31:03+00:00\" \/>\n<meta property=\"og:image\" content=\"https:\/\/iraurgiberritzen.eus\/wp-content\/uploads\/2024\/04\/2024_04_11_Ikasiz-Industria.png\" \/>\n\t<meta property=\"og:image:width\" content=\"800\" \/>\n\t<meta property=\"og:image:height\" content=\"550\" \/>\n\t<meta property=\"og:image:type\" content=\"image\/png\" \/>\n<meta name=\"author\" content=\"ainara\" \/>\n<meta name=\"twitter:card\" content=\"summary_large_image\" \/>\n<meta name=\"twitter:label1\" content=\"Escrito por\" \/>\n\t<meta name=\"twitter:data1\" content=\"ainara\" \/>\n\t<meta name=\"twitter:label2\" content=\"Tiempo de lectura\" \/>\n\t<meta name=\"twitter:data2\" content=\"2 minutos\" \/>\n<script type=\"application\/ld+json\" class=\"yoast-schema-graph\">{\"@context\":\"https:\\\/\\\/schema.org\",\"@graph\":[{\"@type\":\"Article\",\"@id\":\"https:\\\/\\\/iraurgiberritzen.eus\\\/es\\\/jornada-de-sensibilizacion-de-las-empresa-industriales-en-inteligencia-artificial-generativa\\\/#article\",\"isPartOf\":{\"@id\":\"https:\\\/\\\/iraurgiberritzen.eus\\\/es\\\/jornada-de-sensibilizacion-de-las-empresa-industriales-en-inteligencia-artificial-generativa\\\/\"},\"author\":{\"name\":\"ainara\",\"@id\":\"https:\\\/\\\/iraurgiberritzen.eus\\\/es\\\/#\\\/schema\\\/person\\\/a32c9825b3e2bfcbe757a97f6a15c8a5\"},\"headline\":\"Jornada de sensibilizaci\u00f3n de las empresas industriales en Inteligencia Artificial Generativa\",\"datePublished\":\"2024-04-13T07:00:47+00:00\",\"dateModified\":\"2024-04-19T09:31:03+00:00\",\"mainEntityOfPage\":{\"@id\":\"https:\\\/\\\/iraurgiberritzen.eus\\\/es\\\/jornada-de-sensibilizacion-de-las-empresa-industriales-en-inteligencia-artificial-generativa\\\/\"},\"wordCount\":307,\"publisher\":{\"@id\":\"https:\\\/\\\/iraurgiberritzen.eus\\\/es\\\/#organization\"},\"image\":{\"@id\":\"https:\\\/\\\/iraurgiberritzen.eus\\\/es\\\/jornada-de-sensibilizacion-de-las-empresa-industriales-en-inteligencia-artificial-generativa\\\/#primaryimage\"},\"thumbnailUrl\":\"https:\\\/\\\/iraurgiberritzen.eus\\\/wp-content\\\/uploads\\\/2024\\\/04\\\/2024_04_11_Ikasiz-Industria.png\",\"articleSection\":[\"Noticias\"],\"inLanguage\":\"es\"},{\"@type\":\"WebPage\",\"@id\":\"https:\\\/\\\/iraurgiberritzen.eus\\\/es\\\/jornada-de-sensibilizacion-de-las-empresa-industriales-en-inteligencia-artificial-generativa\\\/\",\"url\":\"https:\\\/\\\/iraurgiberritzen.eus\\\/es\\\/jornada-de-sensibilizacion-de-las-empresa-industriales-en-inteligencia-artificial-generativa\\\/\",\"name\":\"Jornada de sensibilizaci\u00f3n de las empresas industriales en Inteligencia Artificial Generativa - Iraurgi Berritzen\",\"isPartOf\":{\"@id\":\"https:\\\/\\\/iraurgiberritzen.eus\\\/es\\\/#website\"},\"primaryImageOfPage\":{\"@id\":\"https:\\\/\\\/iraurgiberritzen.eus\\\/es\\\/jornada-de-sensibilizacion-de-las-empresa-industriales-en-inteligencia-artificial-generativa\\\/#primaryimage\"},\"image\":{\"@id\":\"https:\\\/\\\/iraurgiberritzen.eus\\\/es\\\/jornada-de-sensibilizacion-de-las-empresa-industriales-en-inteligencia-artificial-generativa\\\/#primaryimage\"},\"thumbnailUrl\":\"https:\\\/\\\/iraurgiberritzen.eus\\\/wp-content\\\/uploads\\\/2024\\\/04\\\/2024_04_11_Ikasiz-Industria.png\",\"datePublished\":\"2024-04-13T07:00:47+00:00\",\"dateModified\":\"2024-04-19T09:31:03+00:00\",\"breadcrumb\":{\"@id\":\"https:\\\/\\\/iraurgiberritzen.eus\\\/es\\\/jornada-de-sensibilizacion-de-las-empresa-industriales-en-inteligencia-artificial-generativa\\\/#breadcrumb\"},\"inLanguage\":\"es\",\"potentialAction\":[{\"@type\":\"ReadAction\",\"target\":[\"https:\\\/\\\/iraurgiberritzen.eus\\\/es\\\/jornada-de-sensibilizacion-de-las-empresa-industriales-en-inteligencia-artificial-generativa\\\/\"]}]},{\"@type\":\"ImageObject\",\"inLanguage\":\"es\",\"@id\":\"https:\\\/\\\/iraurgiberritzen.eus\\\/es\\\/jornada-de-sensibilizacion-de-las-empresa-industriales-en-inteligencia-artificial-generativa\\\/#primaryimage\",\"url\":\"https:\\\/\\\/iraurgiberritzen.eus\\\/wp-content\\\/uploads\\\/2024\\\/04\\\/2024_04_11_Ikasiz-Industria.png\",\"contentUrl\":\"https:\\\/\\\/iraurgiberritzen.eus\\\/wp-content\\\/uploads\\\/2024\\\/04\\\/2024_04_11_Ikasiz-Industria.png\",\"width\":800,\"height\":550},{\"@type\":\"BreadcrumbList\",\"@id\":\"https:\\\/\\\/iraurgiberritzen.eus\\\/es\\\/jornada-de-sensibilizacion-de-las-empresa-industriales-en-inteligencia-artificial-generativa\\\/#breadcrumb\",\"itemListElement\":[{\"@type\":\"ListItem\",\"position\":1,\"name\":\"Home\",\"item\":\"https:\\\/\\\/iraurgiberritzen.eus\\\/es\\\/\"},{\"@type\":\"ListItem\",\"position\":2,\"name\":\"Jornada de sensibilizaci\u00f3n de las empresas industriales en Inteligencia Artificial Generativa\"}]},{\"@type\":\"WebSite\",\"@id\":\"https:\\\/\\\/iraurgiberritzen.eus\\\/es\\\/#website\",\"url\":\"https:\\\/\\\/iraurgiberritzen.eus\\\/es\\\/\",\"name\":\"Iraurgi Berritzen\",\"description\":\"Urola Erdiko Garapen Agentzia\",\"publisher\":{\"@id\":\"https:\\\/\\\/iraurgiberritzen.eus\\\/es\\\/#organization\"},\"potentialAction\":[{\"@type\":\"SearchAction\",\"target\":{\"@type\":\"EntryPoint\",\"urlTemplate\":\"https:\\\/\\\/iraurgiberritzen.eus\\\/es\\\/?s={search_term_string}\"},\"query-input\":{\"@type\":\"PropertyValueSpecification\",\"valueRequired\":true,\"valueName\":\"search_term_string\"}}],\"inLanguage\":\"es\"},{\"@type\":\"Organization\",\"@id\":\"https:\\\/\\\/iraurgiberritzen.eus\\\/es\\\/#organization\",\"name\":\"Iraurgi Berritzen\",\"url\":\"https:\\\/\\\/iraurgiberritzen.eus\\\/es\\\/\",\"logo\":{\"@type\":\"ImageObject\",\"inLanguage\":\"es\",\"@id\":\"https:\\\/\\\/iraurgiberritzen.eus\\\/es\\\/#\\\/schema\\\/logo\\\/image\\\/\",\"url\":\"https:\\\/\\\/iraurgiberritzen.eus\\\/wp-content\\\/uploads\\\/2024\\\/02\\\/IRAURGI-BERRITZEN-logotipoa_2.png\",\"contentUrl\":\"https:\\\/\\\/iraurgiberritzen.eus\\\/wp-content\\\/uploads\\\/2024\\\/02\\\/IRAURGI-BERRITZEN-logotipoa_2.png\",\"width\":496,\"height\":190,\"caption\":\"Iraurgi Berritzen\"},\"image\":{\"@id\":\"https:\\\/\\\/iraurgiberritzen.eus\\\/es\\\/#\\\/schema\\\/logo\\\/image\\\/\"}},{\"@type\":\"Person\",\"@id\":\"https:\\\/\\\/iraurgiberritzen.eus\\\/es\\\/#\\\/schema\\\/person\\\/a32c9825b3e2bfcbe757a97f6a15c8a5\",\"name\":\"ainara\"}]}<\/script>\n<!-- \/ Yoast SEO plugin. -->","yoast_head_json":{"title":"Jornada de sensibilizaci\u00f3n de las empresas industriales en Inteligencia Artificial Generativa - Iraurgi Berritzen","robots":{"index":"index","follow":"follow","max-snippet":"max-snippet:-1","max-image-preview":"max-image-preview:large","max-video-preview":"max-video-preview:-1"},"canonical":"https:\/\/iraurgiberritzen.eus\/es\/jornada-de-sensibilizacion-de-las-empresa-industriales-en-inteligencia-artificial-generativa\/","og_locale":"es_ES","og_type":"article","og_title":"Jornada de sensibilizaci\u00f3n de las empresas industriales en Inteligencia Artificial Generativa - Iraurgi Berritzen","og_description":"El pasado jueves, 11 de abril, en el marco del programa Ikasiz se celebr\u00f3 la segunda jornada informativa de este a\u00f1o, en colaboraci\u00f3n con Uggasa, la Agencia de Desarrollo de Urola Garaia y Goieki, la Agencia de Desarrollo del Goierri. En esta ocasi\u00f3n la jornada se celebr\u00f3 en formato online, entorno a la siguiente tem\u00e1tica: [&hellip;]","og_url":"https:\/\/iraurgiberritzen.eus\/es\/jornada-de-sensibilizacion-de-las-empresa-industriales-en-inteligencia-artificial-generativa\/","og_site_name":"Iraurgi Berritzen","article_published_time":"2024-04-13T07:00:47+00:00","article_modified_time":"2024-04-19T09:31:03+00:00","og_image":[{"width":800,"height":550,"url":"https:\/\/iraurgiberritzen.eus\/wp-content\/uploads\/2024\/04\/2024_04_11_Ikasiz-Industria.png","type":"image\/png"}],"author":"ainara","twitter_card":"summary_large_image","twitter_misc":{"Escrito por":"ainara","Tiempo de lectura":"2 minutos"},"schema":{"@context":"https:\/\/schema.org","@graph":[{"@type":"Article","@id":"https:\/\/iraurgiberritzen.eus\/es\/jornada-de-sensibilizacion-de-las-empresa-industriales-en-inteligencia-artificial-generativa\/#article","isPartOf":{"@id":"https:\/\/iraurgiberritzen.eus\/es\/jornada-de-sensibilizacion-de-las-empresa-industriales-en-inteligencia-artificial-generativa\/"},"author":{"name":"ainara","@id":"https:\/\/iraurgiberritzen.eus\/es\/#\/schema\/person\/a32c9825b3e2bfcbe757a97f6a15c8a5"},"headline":"Jornada de sensibilizaci\u00f3n de las empresas industriales en Inteligencia Artificial Generativa","datePublished":"2024-04-13T07:00:47+00:00","dateModified":"2024-04-19T09:31:03+00:00","mainEntityOfPage":{"@id":"https:\/\/iraurgiberritzen.eus\/es\/jornada-de-sensibilizacion-de-las-empresa-industriales-en-inteligencia-artificial-generativa\/"},"wordCount":307,"publisher":{"@id":"https:\/\/iraurgiberritzen.eus\/es\/#organization"},"image":{"@id":"https:\/\/iraurgiberritzen.eus\/es\/jornada-de-sensibilizacion-de-las-empresa-industriales-en-inteligencia-artificial-generativa\/#primaryimage"},"thumbnailUrl":"https:\/\/iraurgiberritzen.eus\/wp-content\/uploads\/2024\/04\/2024_04_11_Ikasiz-Industria.png","articleSection":["Noticias"],"inLanguage":"es"},{"@type":"WebPage","@id":"https:\/\/iraurgiberritzen.eus\/es\/jornada-de-sensibilizacion-de-las-empresa-industriales-en-inteligencia-artificial-generativa\/","url":"https:\/\/iraurgiberritzen.eus\/es\/jornada-de-sensibilizacion-de-las-empresa-industriales-en-inteligencia-artificial-generativa\/","name":"Jornada de sensibilizaci\u00f3n de las empresas industriales en Inteligencia Artificial Generativa - Iraurgi Berritzen","isPartOf":{"@id":"https:\/\/iraurgiberritzen.eus\/es\/#website"},"primaryImageOfPage":{"@id":"https:\/\/iraurgiberritzen.eus\/es\/jornada-de-sensibilizacion-de-las-empresa-industriales-en-inteligencia-artificial-generativa\/#primaryimage"},"image":{"@id":"https:\/\/iraurgiberritzen.eus\/es\/jornada-de-sensibilizacion-de-las-empresa-industriales-en-inteligencia-artificial-generativa\/#primaryimage"},"thumbnailUrl":"https:\/\/iraurgiberritzen.eus\/wp-content\/uploads\/2024\/04\/2024_04_11_Ikasiz-Industria.png","datePublished":"2024-04-13T07:00:47+00:00","dateModified":"2024-04-19T09:31:03+00:00","breadcrumb":{"@id":"https:\/\/iraurgiberritzen.eus\/es\/jornada-de-sensibilizacion-de-las-empresa-industriales-en-inteligencia-artificial-generativa\/#breadcrumb"},"inLanguage":"es","potentialAction":[{"@type":"ReadAction","target":["https:\/\/iraurgiberritzen.eus\/es\/jornada-de-sensibilizacion-de-las-empresa-industriales-en-inteligencia-artificial-generativa\/"]}]},{"@type":"ImageObject","inLanguage":"es","@id":"https:\/\/iraurgiberritzen.eus\/es\/jornada-de-sensibilizacion-de-las-empresa-industriales-en-inteligencia-artificial-generativa\/#primaryimage","url":"https:\/\/iraurgiberritzen.eus\/wp-content\/uploads\/2024\/04\/2024_04_11_Ikasiz-Industria.png","contentUrl":"https:\/\/iraurgiberritzen.eus\/wp-content\/uploads\/2024\/04\/2024_04_11_Ikasiz-Industria.png","width":800,"height":550},{"@type":"BreadcrumbList","@id":"https:\/\/iraurgiberritzen.eus\/es\/jornada-de-sensibilizacion-de-las-empresa-industriales-en-inteligencia-artificial-generativa\/#breadcrumb","itemListElement":[{"@type":"ListItem","position":1,"name":"Home","item":"https:\/\/iraurgiberritzen.eus\/es\/"},{"@type":"ListItem","position":2,"name":"Jornada de sensibilizaci\u00f3n de las empresas industriales en Inteligencia Artificial Generativa"}]},{"@type":"WebSite","@id":"https:\/\/iraurgiberritzen.eus\/es\/#website","url":"https:\/\/iraurgiberritzen.eus\/es\/","name":"Iraurgi Berritzen","description":"Urola Erdiko Garapen Agentzia","publisher":{"@id":"https:\/\/iraurgiberritzen.eus\/es\/#organization"},"potentialAction":[{"@type":"SearchAction","target":{"@type":"EntryPoint","urlTemplate":"https:\/\/iraurgiberritzen.eus\/es\/?s={search_term_string}"},"query-input":{"@type":"PropertyValueSpecification","valueRequired":true,"valueName":"search_term_string"}}],"inLanguage":"es"},{"@type":"Organization","@id":"https:\/\/iraurgiberritzen.eus\/es\/#organization","name":"Iraurgi Berritzen","url":"https:\/\/iraurgiberritzen.eus\/es\/","logo":{"@type":"ImageObject","inLanguage":"es","@id":"https:\/\/iraurgiberritzen.eus\/es\/#\/schema\/logo\/image\/","url":"https:\/\/iraurgiberritzen.eus\/wp-content\/uploads\/2024\/02\/IRAURGI-BERRITZEN-logotipoa_2.png","contentUrl":"https:\/\/iraurgiberritzen.eus\/wp-content\/uploads\/2024\/02\/IRAURGI-BERRITZEN-logotipoa_2.png","width":496,"height":190,"caption":"Iraurgi Berritzen"},"image":{"@id":"https:\/\/iraurgiberritzen.eus\/es\/#\/schema\/logo\/image\/"}},{"@type":"Person","@id":"https:\/\/iraurgiberritzen.eus\/es\/#\/schema\/person\/a32c9825b3e2bfcbe757a97f6a15c8a5","name":"ainara"}]}},"_links":{"self":[{"href":"https:\/\/iraurgiberritzen.eus\/es\/wp-json\/wp\/v2\/posts\/19782","targetHints":{"allow":["GET"]}}],"collection":[{"href":"https:\/\/iraurgiberritzen.eus\/es\/wp-json\/wp\/v2\/posts"}],"about":[{"href":"https:\/\/iraurgiberritzen.eus\/es\/wp-json\/wp\/v2\/types\/post"}],"author":[{"embeddable":true,"href":"https:\/\/iraurgiberritzen.eus\/es\/wp-json\/wp\/v2\/users\/4"}],"replies":[{"embeddable":true,"href":"https:\/\/iraurgiberritzen.eus\/es\/wp-json\/wp\/v2\/comments?post=19782"}],"version-history":[{"count":4,"href":"https:\/\/iraurgiberritzen.eus\/es\/wp-json\/wp\/v2\/posts\/19782\/revisions"}],"predecessor-version":[{"id":19802,"href":"https:\/\/iraurgiberritzen.eus\/es\/wp-json\/wp\/v2\/posts\/19782\/revisions\/19802"}],"wp:featuredmedia":[{"embeddable":true,"href":"https:\/\/iraurgiberritzen.eus\/es\/wp-json\/wp\/v2\/media\/19780"}],"wp:attachment":[{"href":"https:\/\/iraurgiberritzen.eus\/es\/wp-json\/wp\/v2\/media?parent=19782"}],"wp:term":[{"taxonomy":"category","embeddable":true,"href":"https:\/\/iraurgiberritzen.eus\/es\/wp-json\/wp\/v2\/categories?post=19782"},{"taxonomy":"post_tag","embeddable":true,"href":"https:\/\/iraurgiberritzen.eus\/es\/wp-json\/wp\/v2\/tags?post=19782"}],"curies":[{"name":"wp","href":"https:\/\/api.w.org\/{rel}","templated":true}]}}