{"id":19798,"date":"2024-04-19T09:55:47","date_gmt":"2024-04-19T07:55:47","guid":{"rendered":"https:\/\/iraurgiberritzen.eus\/?p=19798"},"modified":"2024-04-19T09:55:47","modified_gmt":"2024-04-19T07:55:47","slug":"las-empresas-de-la-comarca-conocen-las-obligaciones-de-la-empresa-industrial-en-materia-de-proteccion-de-datos","status":"publish","type":"post","link":"https:\/\/iraurgiberritzen.eus\/es\/las-empresas-de-la-comarca-conocen-las-obligaciones-de-la-empresa-industrial-en-materia-de-proteccion-de-datos\/","title":{"rendered":"Las empresas de la comarca conocen las obligaciones de la empresa industrial en materia de protecci\u00f3n de datos"},"content":{"rendered":"<p>Hoy, 18 de abril, en el marco del Programa Ikasiz de este a\u00f1o, se ha celebrado la segunda jornada informativa, acordada en base a las propuestas de Enpresa Gunea, desde un punto de vista jur\u00eddico. En ella han participado varias empresas industriales de la comarca.<\/p>\n<p>Esta jornada ha contado con la presencia de la Consultor\u00eda LKS Next Legal, se ha celebrado en formato on line y la tem\u00e1tica tratada ha sido la siguiente: <strong>\u00abProtecci\u00f3n de datos: Obligaciones para las empresas\u00bb<\/strong>.<\/p>\n<p>Las personas participantes han conocido el marco normativo en materia de protecci\u00f3n de datos. Adem\u00e1s, han tenido la oportunidad de conocer los conceptos y principios generales de la normativa de protecci\u00f3n de datos, as\u00ed como las obligaciones que para las empresas impone la misma, pudiendo cada empresa estimar su grado de cumplimiento.<\/p>\n<p>El objetivo del Programa Ikasiz, es fomentar la capacitaci\u00f3n de las empresas mediante jornadas informativas, de sensibilizaci\u00f3n y de buenas pr\u00e1cticas, como procesos de aprendizaje, en diferentes \u00e1mbitos de gesti\u00f3n empresarial (tecnol\u00f3gico, personas, producci\u00f3n, innovaci\u00f3n en gesti\u00f3n\u2026) en base a propuestas de las empresas.<\/p>\n<p>Las empresas interesadas en participar en el resto de jornadas organizadas en el marco de la planificaci\u00f3n deber\u00e1n inscribirse a trav\u00e9s del siguiente <strong><a href=\"https:\/\/forms.office.com\/Pages\/ResponsePage.aspx?id=S5DeT3Jq90W0WLjBrBndp1jySGu9zxtIpCkBAthDUWpUQ1pPQUI5V1EyVUpZN00yODNHSkgxUVc3SSQlQCN0PWcu\" target=\"_blank\" rel=\"noopener\">enlace<\/a><\/strong>.<\/p>\n","protected":false},"excerpt":{"rendered":"<p>Hoy, 18 de abril, en el marco del Programa Ikasiz de este a\u00f1o, se ha celebrado la segunda jornada informativa, acordada en base a las propuestas de Enpresa Gunea, desde un punto de vista jur\u00eddico. En ella han participado varias empresas industriales de la comarca. Esta jornada ha contado con la presencia de la Consultor\u00eda [&hellip;]<\/p>\n","protected":false},"author":4,"featured_media":19797,"comment_status":"closed","ping_status":"closed","sticky":false,"template":"","format":"standard","meta":{"_acf_changed":false,"footnotes":""},"categories":[4],"tags":[],"class_list":["post-19798","post","type-post","status-publish","format-standard","has-post-thumbnail","hentry","category-noticias","arloak-enpresa"],"acf":[],"yoast_head":"<!-- This site is optimized with the Yoast SEO plugin v27.4 - https:\/\/yoast.com\/product\/yoast-seo-wordpress\/ -->\n<title>Las empresas de la comarca conocen las obligaciones de la empresa industrial en materia de protecci\u00f3n de datos - Iraurgi Berritzen<\/title>\n<meta name=\"robots\" content=\"index, follow, max-snippet:-1, max-image-preview:large, max-video-preview:-1\" \/>\n<link rel=\"canonical\" href=\"https:\/\/iraurgiberritzen.eus\/es\/las-empresas-de-la-comarca-conocen-las-obligaciones-de-la-empresa-industrial-en-materia-de-proteccion-de-datos\/\" \/>\n<meta property=\"og:locale\" content=\"es_ES\" \/>\n<meta property=\"og:type\" content=\"article\" \/>\n<meta property=\"og:title\" content=\"Las empresas de la comarca conocen las obligaciones de la empresa industrial en materia de protecci\u00f3n de datos - Iraurgi Berritzen\" \/>\n<meta property=\"og:description\" content=\"Hoy, 18 de abril, en el marco del Programa Ikasiz de este a\u00f1o, se ha celebrado la segunda jornada informativa, acordada en base a las propuestas de Enpresa Gunea, desde un punto de vista jur\u00eddico. En ella han participado varias empresas industriales de la comarca. Esta jornada ha contado con la presencia de la Consultor\u00eda [&hellip;]\" \/>\n<meta property=\"og:url\" content=\"https:\/\/iraurgiberritzen.eus\/es\/las-empresas-de-la-comarca-conocen-las-obligaciones-de-la-empresa-industrial-en-materia-de-proteccion-de-datos\/\" \/>\n<meta property=\"og:site_name\" content=\"Iraurgi Berritzen\" \/>\n<meta property=\"article:published_time\" content=\"2024-04-19T07:55:47+00:00\" \/>\n<meta property=\"og:image\" content=\"https:\/\/iraurgiberritzen.eus\/wp-content\/uploads\/2024\/04\/2024_04_18_Ikasiz-Legala-1.png\" \/>\n\t<meta property=\"og:image:width\" content=\"800\" \/>\n\t<meta property=\"og:image:height\" content=\"550\" \/>\n\t<meta property=\"og:image:type\" content=\"image\/png\" \/>\n<meta name=\"author\" content=\"ainara\" \/>\n<meta name=\"twitter:card\" content=\"summary_large_image\" \/>\n<meta name=\"twitter:label1\" content=\"Escrito por\" \/>\n\t<meta name=\"twitter:data1\" content=\"ainara\" \/>\n\t<meta name=\"twitter:label2\" content=\"Tiempo de lectura\" \/>\n\t<meta name=\"twitter:data2\" content=\"2 minutos\" \/>\n<script type=\"application\/ld+json\" class=\"yoast-schema-graph\">{\"@context\":\"https:\\\/\\\/schema.org\",\"@graph\":[{\"@type\":\"Article\",\"@id\":\"https:\\\/\\\/iraurgiberritzen.eus\\\/es\\\/las-empresas-de-la-comarca-conocen-las-obligaciones-de-la-empresa-industrial-en-materia-de-proteccion-de-datos\\\/#article\",\"isPartOf\":{\"@id\":\"https:\\\/\\\/iraurgiberritzen.eus\\\/es\\\/las-empresas-de-la-comarca-conocen-las-obligaciones-de-la-empresa-industrial-en-materia-de-proteccion-de-datos\\\/\"},\"author\":{\"name\":\"ainara\",\"@id\":\"https:\\\/\\\/iraurgiberritzen.eus\\\/es\\\/#\\\/schema\\\/person\\\/a32c9825b3e2bfcbe757a97f6a15c8a5\"},\"headline\":\"Las empresas de la comarca conocen las obligaciones de la empresa industrial en materia de protecci\u00f3n de datos\",\"datePublished\":\"2024-04-19T07:55:47+00:00\",\"mainEntityOfPage\":{\"@id\":\"https:\\\/\\\/iraurgiberritzen.eus\\\/es\\\/las-empresas-de-la-comarca-conocen-las-obligaciones-de-la-empresa-industrial-en-materia-de-proteccion-de-datos\\\/\"},\"wordCount\":237,\"publisher\":{\"@id\":\"https:\\\/\\\/iraurgiberritzen.eus\\\/es\\\/#organization\"},\"image\":{\"@id\":\"https:\\\/\\\/iraurgiberritzen.eus\\\/es\\\/las-empresas-de-la-comarca-conocen-las-obligaciones-de-la-empresa-industrial-en-materia-de-proteccion-de-datos\\\/#primaryimage\"},\"thumbnailUrl\":\"https:\\\/\\\/iraurgiberritzen.eus\\\/wp-content\\\/uploads\\\/2024\\\/04\\\/2024_04_18_Ikasiz-Legala-1.png\",\"articleSection\":[\"Noticias\"],\"inLanguage\":\"es\"},{\"@type\":\"WebPage\",\"@id\":\"https:\\\/\\\/iraurgiberritzen.eus\\\/es\\\/las-empresas-de-la-comarca-conocen-las-obligaciones-de-la-empresa-industrial-en-materia-de-proteccion-de-datos\\\/\",\"url\":\"https:\\\/\\\/iraurgiberritzen.eus\\\/es\\\/las-empresas-de-la-comarca-conocen-las-obligaciones-de-la-empresa-industrial-en-materia-de-proteccion-de-datos\\\/\",\"name\":\"Las empresas de la comarca conocen las obligaciones de la empresa industrial en materia de protecci\u00f3n de datos - Iraurgi Berritzen\",\"isPartOf\":{\"@id\":\"https:\\\/\\\/iraurgiberritzen.eus\\\/es\\\/#website\"},\"primaryImageOfPage\":{\"@id\":\"https:\\\/\\\/iraurgiberritzen.eus\\\/es\\\/las-empresas-de-la-comarca-conocen-las-obligaciones-de-la-empresa-industrial-en-materia-de-proteccion-de-datos\\\/#primaryimage\"},\"image\":{\"@id\":\"https:\\\/\\\/iraurgiberritzen.eus\\\/es\\\/las-empresas-de-la-comarca-conocen-las-obligaciones-de-la-empresa-industrial-en-materia-de-proteccion-de-datos\\\/#primaryimage\"},\"thumbnailUrl\":\"https:\\\/\\\/iraurgiberritzen.eus\\\/wp-content\\\/uploads\\\/2024\\\/04\\\/2024_04_18_Ikasiz-Legala-1.png\",\"datePublished\":\"2024-04-19T07:55:47+00:00\",\"breadcrumb\":{\"@id\":\"https:\\\/\\\/iraurgiberritzen.eus\\\/es\\\/las-empresas-de-la-comarca-conocen-las-obligaciones-de-la-empresa-industrial-en-materia-de-proteccion-de-datos\\\/#breadcrumb\"},\"inLanguage\":\"es\",\"potentialAction\":[{\"@type\":\"ReadAction\",\"target\":[\"https:\\\/\\\/iraurgiberritzen.eus\\\/es\\\/las-empresas-de-la-comarca-conocen-las-obligaciones-de-la-empresa-industrial-en-materia-de-proteccion-de-datos\\\/\"]}]},{\"@type\":\"ImageObject\",\"inLanguage\":\"es\",\"@id\":\"https:\\\/\\\/iraurgiberritzen.eus\\\/es\\\/las-empresas-de-la-comarca-conocen-las-obligaciones-de-la-empresa-industrial-en-materia-de-proteccion-de-datos\\\/#primaryimage\",\"url\":\"https:\\\/\\\/iraurgiberritzen.eus\\\/wp-content\\\/uploads\\\/2024\\\/04\\\/2024_04_18_Ikasiz-Legala-1.png\",\"contentUrl\":\"https:\\\/\\\/iraurgiberritzen.eus\\\/wp-content\\\/uploads\\\/2024\\\/04\\\/2024_04_18_Ikasiz-Legala-1.png\",\"width\":800,\"height\":550},{\"@type\":\"BreadcrumbList\",\"@id\":\"https:\\\/\\\/iraurgiberritzen.eus\\\/es\\\/las-empresas-de-la-comarca-conocen-las-obligaciones-de-la-empresa-industrial-en-materia-de-proteccion-de-datos\\\/#breadcrumb\",\"itemListElement\":[{\"@type\":\"ListItem\",\"position\":1,\"name\":\"Home\",\"item\":\"https:\\\/\\\/iraurgiberritzen.eus\\\/es\\\/\"},{\"@type\":\"ListItem\",\"position\":2,\"name\":\"Las empresas de la comarca conocen las obligaciones de la empresa industrial en materia de protecci\u00f3n de datos\"}]},{\"@type\":\"WebSite\",\"@id\":\"https:\\\/\\\/iraurgiberritzen.eus\\\/es\\\/#website\",\"url\":\"https:\\\/\\\/iraurgiberritzen.eus\\\/es\\\/\",\"name\":\"Iraurgi Berritzen\",\"description\":\"Urola Erdiko Garapen Agentzia\",\"publisher\":{\"@id\":\"https:\\\/\\\/iraurgiberritzen.eus\\\/es\\\/#organization\"},\"potentialAction\":[{\"@type\":\"SearchAction\",\"target\":{\"@type\":\"EntryPoint\",\"urlTemplate\":\"https:\\\/\\\/iraurgiberritzen.eus\\\/es\\\/?s={search_term_string}\"},\"query-input\":{\"@type\":\"PropertyValueSpecification\",\"valueRequired\":true,\"valueName\":\"search_term_string\"}}],\"inLanguage\":\"es\"},{\"@type\":\"Organization\",\"@id\":\"https:\\\/\\\/iraurgiberritzen.eus\\\/es\\\/#organization\",\"name\":\"Iraurgi Berritzen\",\"url\":\"https:\\\/\\\/iraurgiberritzen.eus\\\/es\\\/\",\"logo\":{\"@type\":\"ImageObject\",\"inLanguage\":\"es\",\"@id\":\"https:\\\/\\\/iraurgiberritzen.eus\\\/es\\\/#\\\/schema\\\/logo\\\/image\\\/\",\"url\":\"https:\\\/\\\/iraurgiberritzen.eus\\\/wp-content\\\/uploads\\\/2024\\\/02\\\/IRAURGI-BERRITZEN-logotipoa_2.png\",\"contentUrl\":\"https:\\\/\\\/iraurgiberritzen.eus\\\/wp-content\\\/uploads\\\/2024\\\/02\\\/IRAURGI-BERRITZEN-logotipoa_2.png\",\"width\":496,\"height\":190,\"caption\":\"Iraurgi Berritzen\"},\"image\":{\"@id\":\"https:\\\/\\\/iraurgiberritzen.eus\\\/es\\\/#\\\/schema\\\/logo\\\/image\\\/\"}},{\"@type\":\"Person\",\"@id\":\"https:\\\/\\\/iraurgiberritzen.eus\\\/es\\\/#\\\/schema\\\/person\\\/a32c9825b3e2bfcbe757a97f6a15c8a5\",\"name\":\"ainara\"}]}<\/script>\n<!-- \/ Yoast SEO plugin. -->","yoast_head_json":{"title":"Las empresas de la comarca conocen las obligaciones de la empresa industrial en materia de protecci\u00f3n de datos - Iraurgi Berritzen","robots":{"index":"index","follow":"follow","max-snippet":"max-snippet:-1","max-image-preview":"max-image-preview:large","max-video-preview":"max-video-preview:-1"},"canonical":"https:\/\/iraurgiberritzen.eus\/es\/las-empresas-de-la-comarca-conocen-las-obligaciones-de-la-empresa-industrial-en-materia-de-proteccion-de-datos\/","og_locale":"es_ES","og_type":"article","og_title":"Las empresas de la comarca conocen las obligaciones de la empresa industrial en materia de protecci\u00f3n de datos - Iraurgi Berritzen","og_description":"Hoy, 18 de abril, en el marco del Programa Ikasiz de este a\u00f1o, se ha celebrado la segunda jornada informativa, acordada en base a las propuestas de Enpresa Gunea, desde un punto de vista jur\u00eddico. En ella han participado varias empresas industriales de la comarca. Esta jornada ha contado con la presencia de la Consultor\u00eda [&hellip;]","og_url":"https:\/\/iraurgiberritzen.eus\/es\/las-empresas-de-la-comarca-conocen-las-obligaciones-de-la-empresa-industrial-en-materia-de-proteccion-de-datos\/","og_site_name":"Iraurgi Berritzen","article_published_time":"2024-04-19T07:55:47+00:00","og_image":[{"width":800,"height":550,"url":"https:\/\/iraurgiberritzen.eus\/wp-content\/uploads\/2024\/04\/2024_04_18_Ikasiz-Legala-1.png","type":"image\/png"}],"author":"ainara","twitter_card":"summary_large_image","twitter_misc":{"Escrito por":"ainara","Tiempo de lectura":"2 minutos"},"schema":{"@context":"https:\/\/schema.org","@graph":[{"@type":"Article","@id":"https:\/\/iraurgiberritzen.eus\/es\/las-empresas-de-la-comarca-conocen-las-obligaciones-de-la-empresa-industrial-en-materia-de-proteccion-de-datos\/#article","isPartOf":{"@id":"https:\/\/iraurgiberritzen.eus\/es\/las-empresas-de-la-comarca-conocen-las-obligaciones-de-la-empresa-industrial-en-materia-de-proteccion-de-datos\/"},"author":{"name":"ainara","@id":"https:\/\/iraurgiberritzen.eus\/es\/#\/schema\/person\/a32c9825b3e2bfcbe757a97f6a15c8a5"},"headline":"Las empresas de la comarca conocen las obligaciones de la empresa industrial en materia de protecci\u00f3n de datos","datePublished":"2024-04-19T07:55:47+00:00","mainEntityOfPage":{"@id":"https:\/\/iraurgiberritzen.eus\/es\/las-empresas-de-la-comarca-conocen-las-obligaciones-de-la-empresa-industrial-en-materia-de-proteccion-de-datos\/"},"wordCount":237,"publisher":{"@id":"https:\/\/iraurgiberritzen.eus\/es\/#organization"},"image":{"@id":"https:\/\/iraurgiberritzen.eus\/es\/las-empresas-de-la-comarca-conocen-las-obligaciones-de-la-empresa-industrial-en-materia-de-proteccion-de-datos\/#primaryimage"},"thumbnailUrl":"https:\/\/iraurgiberritzen.eus\/wp-content\/uploads\/2024\/04\/2024_04_18_Ikasiz-Legala-1.png","articleSection":["Noticias"],"inLanguage":"es"},{"@type":"WebPage","@id":"https:\/\/iraurgiberritzen.eus\/es\/las-empresas-de-la-comarca-conocen-las-obligaciones-de-la-empresa-industrial-en-materia-de-proteccion-de-datos\/","url":"https:\/\/iraurgiberritzen.eus\/es\/las-empresas-de-la-comarca-conocen-las-obligaciones-de-la-empresa-industrial-en-materia-de-proteccion-de-datos\/","name":"Las empresas de la comarca conocen las obligaciones de la empresa industrial en materia de protecci\u00f3n de datos - Iraurgi Berritzen","isPartOf":{"@id":"https:\/\/iraurgiberritzen.eus\/es\/#website"},"primaryImageOfPage":{"@id":"https:\/\/iraurgiberritzen.eus\/es\/las-empresas-de-la-comarca-conocen-las-obligaciones-de-la-empresa-industrial-en-materia-de-proteccion-de-datos\/#primaryimage"},"image":{"@id":"https:\/\/iraurgiberritzen.eus\/es\/las-empresas-de-la-comarca-conocen-las-obligaciones-de-la-empresa-industrial-en-materia-de-proteccion-de-datos\/#primaryimage"},"thumbnailUrl":"https:\/\/iraurgiberritzen.eus\/wp-content\/uploads\/2024\/04\/2024_04_18_Ikasiz-Legala-1.png","datePublished":"2024-04-19T07:55:47+00:00","breadcrumb":{"@id":"https:\/\/iraurgiberritzen.eus\/es\/las-empresas-de-la-comarca-conocen-las-obligaciones-de-la-empresa-industrial-en-materia-de-proteccion-de-datos\/#breadcrumb"},"inLanguage":"es","potentialAction":[{"@type":"ReadAction","target":["https:\/\/iraurgiberritzen.eus\/es\/las-empresas-de-la-comarca-conocen-las-obligaciones-de-la-empresa-industrial-en-materia-de-proteccion-de-datos\/"]}]},{"@type":"ImageObject","inLanguage":"es","@id":"https:\/\/iraurgiberritzen.eus\/es\/las-empresas-de-la-comarca-conocen-las-obligaciones-de-la-empresa-industrial-en-materia-de-proteccion-de-datos\/#primaryimage","url":"https:\/\/iraurgiberritzen.eus\/wp-content\/uploads\/2024\/04\/2024_04_18_Ikasiz-Legala-1.png","contentUrl":"https:\/\/iraurgiberritzen.eus\/wp-content\/uploads\/2024\/04\/2024_04_18_Ikasiz-Legala-1.png","width":800,"height":550},{"@type":"BreadcrumbList","@id":"https:\/\/iraurgiberritzen.eus\/es\/las-empresas-de-la-comarca-conocen-las-obligaciones-de-la-empresa-industrial-en-materia-de-proteccion-de-datos\/#breadcrumb","itemListElement":[{"@type":"ListItem","position":1,"name":"Home","item":"https:\/\/iraurgiberritzen.eus\/es\/"},{"@type":"ListItem","position":2,"name":"Las empresas de la comarca conocen las obligaciones de la empresa industrial en materia de protecci\u00f3n de datos"}]},{"@type":"WebSite","@id":"https:\/\/iraurgiberritzen.eus\/es\/#website","url":"https:\/\/iraurgiberritzen.eus\/es\/","name":"Iraurgi Berritzen","description":"Urola Erdiko Garapen Agentzia","publisher":{"@id":"https:\/\/iraurgiberritzen.eus\/es\/#organization"},"potentialAction":[{"@type":"SearchAction","target":{"@type":"EntryPoint","urlTemplate":"https:\/\/iraurgiberritzen.eus\/es\/?s={search_term_string}"},"query-input":{"@type":"PropertyValueSpecification","valueRequired":true,"valueName":"search_term_string"}}],"inLanguage":"es"},{"@type":"Organization","@id":"https:\/\/iraurgiberritzen.eus\/es\/#organization","name":"Iraurgi Berritzen","url":"https:\/\/iraurgiberritzen.eus\/es\/","logo":{"@type":"ImageObject","inLanguage":"es","@id":"https:\/\/iraurgiberritzen.eus\/es\/#\/schema\/logo\/image\/","url":"https:\/\/iraurgiberritzen.eus\/wp-content\/uploads\/2024\/02\/IRAURGI-BERRITZEN-logotipoa_2.png","contentUrl":"https:\/\/iraurgiberritzen.eus\/wp-content\/uploads\/2024\/02\/IRAURGI-BERRITZEN-logotipoa_2.png","width":496,"height":190,"caption":"Iraurgi Berritzen"},"image":{"@id":"https:\/\/iraurgiberritzen.eus\/es\/#\/schema\/logo\/image\/"}},{"@type":"Person","@id":"https:\/\/iraurgiberritzen.eus\/es\/#\/schema\/person\/a32c9825b3e2bfcbe757a97f6a15c8a5","name":"ainara"}]}},"_links":{"self":[{"href":"https:\/\/iraurgiberritzen.eus\/es\/wp-json\/wp\/v2\/posts\/19798","targetHints":{"allow":["GET"]}}],"collection":[{"href":"https:\/\/iraurgiberritzen.eus\/es\/wp-json\/wp\/v2\/posts"}],"about":[{"href":"https:\/\/iraurgiberritzen.eus\/es\/wp-json\/wp\/v2\/types\/post"}],"author":[{"embeddable":true,"href":"https:\/\/iraurgiberritzen.eus\/es\/wp-json\/wp\/v2\/users\/4"}],"replies":[{"embeddable":true,"href":"https:\/\/iraurgiberritzen.eus\/es\/wp-json\/wp\/v2\/comments?post=19798"}],"version-history":[{"count":1,"href":"https:\/\/iraurgiberritzen.eus\/es\/wp-json\/wp\/v2\/posts\/19798\/revisions"}],"predecessor-version":[{"id":19799,"href":"https:\/\/iraurgiberritzen.eus\/es\/wp-json\/wp\/v2\/posts\/19798\/revisions\/19799"}],"wp:featuredmedia":[{"embeddable":true,"href":"https:\/\/iraurgiberritzen.eus\/es\/wp-json\/wp\/v2\/media\/19797"}],"wp:attachment":[{"href":"https:\/\/iraurgiberritzen.eus\/es\/wp-json\/wp\/v2\/media?parent=19798"}],"wp:term":[{"taxonomy":"category","embeddable":true,"href":"https:\/\/iraurgiberritzen.eus\/es\/wp-json\/wp\/v2\/categories?post=19798"},{"taxonomy":"post_tag","embeddable":true,"href":"https:\/\/iraurgiberritzen.eus\/es\/wp-json\/wp\/v2\/tags?post=19798"}],"curies":[{"name":"wp","href":"https:\/\/api.w.org\/{rel}","templated":true}]}}