{"id":19832,"date":"2024-04-30T12:09:29","date_gmt":"2024-04-30T10:09:29","guid":{"rendered":"https:\/\/iraurgiberritzen.eus\/?p=19832"},"modified":"2024-05-02T08:23:48","modified_gmt":"2024-05-02T06:23:48","slug":"desarrollo-del-plan-estrategico-comarcal-de-turismo-en-colaboracion-con-agentes-del-sector","status":"publish","type":"post","link":"https:\/\/iraurgiberritzen.eus\/es\/desarrollo-del-plan-estrategico-comarcal-de-turismo-en-colaboracion-con-agentes-del-sector\/","title":{"rendered":"Desarrollo del Plan Estrat\u00e9gico comarcal de Turismo en colaboraci\u00f3n con distintos agentes"},"content":{"rendered":"<p>En respuesta a una necesidad derivada del Plan Estrat\u00e9gico Elkarrekin Urola Erdia Eraldatzen 2022-2027, la que se refiere a la alineaci\u00f3n de la estrategia tur\u00edstica comarcal con las aportaciones que puedan ofrecer los diferentes agentes, hoy 29 de abril se ha celebrado una sesi\u00f3n de trabajo colectiva en Abaraxka Aterpetxea de Azkoitia.<\/p>\n<p>Acompa\u00f1ando a los agentes y empresas Tur\u00edsticas de la comarca, en la sesi\u00f3n se han dado cita representantes de los sectores del Comercio y la Industria de la comarca, productores, organizadores de eventos deportivos, Ayuntamientos de la comarca y Diputaci\u00f3n Foral de Gipuzkoa, 31 agentes en total.<\/p>\n<p>Dirigidos por asesores expertos en Turismo, se han podido recoger las opiniones y puntos de vista de las personas participantes, que servir\u00e1n para definir las principales l\u00edneas que se desarrollar\u00e1n en los pr\u00f3ximos 3 a\u00f1os.<\/p>\n","protected":false},"excerpt":{"rendered":"<p>En respuesta a una necesidad derivada del Plan Estrat\u00e9gico Elkarrekin Urola Erdia Eraldatzen 2022-2027, la que se refiere a la alineaci\u00f3n de la estrategia tur\u00edstica comarcal con las aportaciones que puedan ofrecer los diferentes agentes, hoy 29 de abril se ha celebrado una sesi\u00f3n de trabajo colectiva en Abaraxka Aterpetxea de Azkoitia. Acompa\u00f1ando a los [&hellip;]<\/p>\n","protected":false},"author":4,"featured_media":19867,"comment_status":"closed","ping_status":"closed","sticky":false,"template":"","format":"standard","meta":{"_acf_changed":false,"footnotes":""},"categories":[4],"tags":[],"class_list":["post-19832","post","type-post","status-publish","format-standard","has-post-thumbnail","hentry","category-noticias","arloak-turismo"],"acf":[],"yoast_head":"<!-- This site is optimized with the Yoast SEO plugin v27.4 - https:\/\/yoast.com\/product\/yoast-seo-wordpress\/ -->\n<title>Desarrollo del Plan Estrat\u00e9gico comarcal de Turismo en colaboraci\u00f3n con distintos agentes - Iraurgi Berritzen<\/title>\n<meta name=\"robots\" content=\"index, follow, max-snippet:-1, max-image-preview:large, max-video-preview:-1\" \/>\n<link rel=\"canonical\" href=\"https:\/\/iraurgiberritzen.eus\/es\/desarrollo-del-plan-estrategico-comarcal-de-turismo-en-colaboracion-con-agentes-del-sector\/\" \/>\n<meta property=\"og:locale\" content=\"es_ES\" \/>\n<meta property=\"og:type\" content=\"article\" \/>\n<meta property=\"og:title\" content=\"Desarrollo del Plan Estrat\u00e9gico comarcal de Turismo en colaboraci\u00f3n con distintos agentes - Iraurgi Berritzen\" \/>\n<meta property=\"og:description\" content=\"En respuesta a una necesidad derivada del Plan Estrat\u00e9gico Elkarrekin Urola Erdia Eraldatzen 2022-2027, la que se refiere a la alineaci\u00f3n de la estrategia tur\u00edstica comarcal con las aportaciones que puedan ofrecer los diferentes agentes, hoy 29 de abril se ha celebrado una sesi\u00f3n de trabajo colectiva en Abaraxka Aterpetxea de Azkoitia. Acompa\u00f1ando a los [&hellip;]\" \/>\n<meta property=\"og:url\" content=\"https:\/\/iraurgiberritzen.eus\/es\/desarrollo-del-plan-estrategico-comarcal-de-turismo-en-colaboracion-con-agentes-del-sector\/\" \/>\n<meta property=\"og:site_name\" content=\"Iraurgi Berritzen\" \/>\n<meta property=\"article:published_time\" content=\"2024-04-30T10:09:29+00:00\" \/>\n<meta property=\"article:modified_time\" content=\"2024-05-02T06:23:48+00:00\" \/>\n<meta property=\"og:image\" content=\"https:\/\/iraurgiberritzen.eus\/wp-content\/uploads\/2024\/04\/WhatsApp-Image-2024-04-30-at-14.56.40-1-scaled.jpeg\" \/>\n\t<meta property=\"og:image:width\" content=\"2560\" \/>\n\t<meta property=\"og:image:height\" content=\"1920\" \/>\n\t<meta property=\"og:image:type\" content=\"image\/jpeg\" \/>\n<meta name=\"author\" content=\"ainara\" \/>\n<meta name=\"twitter:card\" content=\"summary_large_image\" \/>\n<meta name=\"twitter:label1\" content=\"Escrito por\" \/>\n\t<meta name=\"twitter:data1\" content=\"ainara\" \/>\n\t<meta name=\"twitter:label2\" content=\"Tiempo de lectura\" \/>\n\t<meta name=\"twitter:data2\" content=\"1 minuto\" \/>\n<script type=\"application\/ld+json\" class=\"yoast-schema-graph\">{\"@context\":\"https:\\\/\\\/schema.org\",\"@graph\":[{\"@type\":\"Article\",\"@id\":\"https:\\\/\\\/iraurgiberritzen.eus\\\/es\\\/desarrollo-del-plan-estrategico-comarcal-de-turismo-en-colaboracion-con-agentes-del-sector\\\/#article\",\"isPartOf\":{\"@id\":\"https:\\\/\\\/iraurgiberritzen.eus\\\/es\\\/desarrollo-del-plan-estrategico-comarcal-de-turismo-en-colaboracion-con-agentes-del-sector\\\/\"},\"author\":{\"name\":\"ainara\",\"@id\":\"https:\\\/\\\/iraurgiberritzen.eus\\\/es\\\/#\\\/schema\\\/person\\\/a32c9825b3e2bfcbe757a97f6a15c8a5\"},\"headline\":\"Desarrollo del Plan Estrat\u00e9gico comarcal de Turismo en colaboraci\u00f3n con distintos agentes\",\"datePublished\":\"2024-04-30T10:09:29+00:00\",\"dateModified\":\"2024-05-02T06:23:48+00:00\",\"mainEntityOfPage\":{\"@id\":\"https:\\\/\\\/iraurgiberritzen.eus\\\/es\\\/desarrollo-del-plan-estrategico-comarcal-de-turismo-en-colaboracion-con-agentes-del-sector\\\/\"},\"wordCount\":158,\"publisher\":{\"@id\":\"https:\\\/\\\/iraurgiberritzen.eus\\\/es\\\/#organization\"},\"image\":{\"@id\":\"https:\\\/\\\/iraurgiberritzen.eus\\\/es\\\/desarrollo-del-plan-estrategico-comarcal-de-turismo-en-colaboracion-con-agentes-del-sector\\\/#primaryimage\"},\"thumbnailUrl\":\"https:\\\/\\\/iraurgiberritzen.eus\\\/wp-content\\\/uploads\\\/2024\\\/04\\\/WhatsApp-Image-2024-04-30-at-14.56.40-1-scaled.jpeg\",\"articleSection\":[\"Noticias\"],\"inLanguage\":\"es\"},{\"@type\":\"WebPage\",\"@id\":\"https:\\\/\\\/iraurgiberritzen.eus\\\/es\\\/desarrollo-del-plan-estrategico-comarcal-de-turismo-en-colaboracion-con-agentes-del-sector\\\/\",\"url\":\"https:\\\/\\\/iraurgiberritzen.eus\\\/es\\\/desarrollo-del-plan-estrategico-comarcal-de-turismo-en-colaboracion-con-agentes-del-sector\\\/\",\"name\":\"Desarrollo del Plan Estrat\u00e9gico comarcal de Turismo en colaboraci\u00f3n con distintos agentes - Iraurgi Berritzen\",\"isPartOf\":{\"@id\":\"https:\\\/\\\/iraurgiberritzen.eus\\\/es\\\/#website\"},\"primaryImageOfPage\":{\"@id\":\"https:\\\/\\\/iraurgiberritzen.eus\\\/es\\\/desarrollo-del-plan-estrategico-comarcal-de-turismo-en-colaboracion-con-agentes-del-sector\\\/#primaryimage\"},\"image\":{\"@id\":\"https:\\\/\\\/iraurgiberritzen.eus\\\/es\\\/desarrollo-del-plan-estrategico-comarcal-de-turismo-en-colaboracion-con-agentes-del-sector\\\/#primaryimage\"},\"thumbnailUrl\":\"https:\\\/\\\/iraurgiberritzen.eus\\\/wp-content\\\/uploads\\\/2024\\\/04\\\/WhatsApp-Image-2024-04-30-at-14.56.40-1-scaled.jpeg\",\"datePublished\":\"2024-04-30T10:09:29+00:00\",\"dateModified\":\"2024-05-02T06:23:48+00:00\",\"breadcrumb\":{\"@id\":\"https:\\\/\\\/iraurgiberritzen.eus\\\/es\\\/desarrollo-del-plan-estrategico-comarcal-de-turismo-en-colaboracion-con-agentes-del-sector\\\/#breadcrumb\"},\"inLanguage\":\"es\",\"potentialAction\":[{\"@type\":\"ReadAction\",\"target\":[\"https:\\\/\\\/iraurgiberritzen.eus\\\/es\\\/desarrollo-del-plan-estrategico-comarcal-de-turismo-en-colaboracion-con-agentes-del-sector\\\/\"]}]},{\"@type\":\"ImageObject\",\"inLanguage\":\"es\",\"@id\":\"https:\\\/\\\/iraurgiberritzen.eus\\\/es\\\/desarrollo-del-plan-estrategico-comarcal-de-turismo-en-colaboracion-con-agentes-del-sector\\\/#primaryimage\",\"url\":\"https:\\\/\\\/iraurgiberritzen.eus\\\/wp-content\\\/uploads\\\/2024\\\/04\\\/WhatsApp-Image-2024-04-30-at-14.56.40-1-scaled.jpeg\",\"contentUrl\":\"https:\\\/\\\/iraurgiberritzen.eus\\\/wp-content\\\/uploads\\\/2024\\\/04\\\/WhatsApp-Image-2024-04-30-at-14.56.40-1-scaled.jpeg\",\"width\":2560,\"height\":1920},{\"@type\":\"BreadcrumbList\",\"@id\":\"https:\\\/\\\/iraurgiberritzen.eus\\\/es\\\/desarrollo-del-plan-estrategico-comarcal-de-turismo-en-colaboracion-con-agentes-del-sector\\\/#breadcrumb\",\"itemListElement\":[{\"@type\":\"ListItem\",\"position\":1,\"name\":\"Home\",\"item\":\"https:\\\/\\\/iraurgiberritzen.eus\\\/es\\\/\"},{\"@type\":\"ListItem\",\"position\":2,\"name\":\"Desarrollo del Plan Estrat\u00e9gico comarcal de Turismo en colaboraci\u00f3n con distintos agentes\"}]},{\"@type\":\"WebSite\",\"@id\":\"https:\\\/\\\/iraurgiberritzen.eus\\\/es\\\/#website\",\"url\":\"https:\\\/\\\/iraurgiberritzen.eus\\\/es\\\/\",\"name\":\"Iraurgi Berritzen\",\"description\":\"Urola Erdiko Garapen Agentzia\",\"publisher\":{\"@id\":\"https:\\\/\\\/iraurgiberritzen.eus\\\/es\\\/#organization\"},\"potentialAction\":[{\"@type\":\"SearchAction\",\"target\":{\"@type\":\"EntryPoint\",\"urlTemplate\":\"https:\\\/\\\/iraurgiberritzen.eus\\\/es\\\/?s={search_term_string}\"},\"query-input\":{\"@type\":\"PropertyValueSpecification\",\"valueRequired\":true,\"valueName\":\"search_term_string\"}}],\"inLanguage\":\"es\"},{\"@type\":\"Organization\",\"@id\":\"https:\\\/\\\/iraurgiberritzen.eus\\\/es\\\/#organization\",\"name\":\"Iraurgi Berritzen\",\"url\":\"https:\\\/\\\/iraurgiberritzen.eus\\\/es\\\/\",\"logo\":{\"@type\":\"ImageObject\",\"inLanguage\":\"es\",\"@id\":\"https:\\\/\\\/iraurgiberritzen.eus\\\/es\\\/#\\\/schema\\\/logo\\\/image\\\/\",\"url\":\"https:\\\/\\\/iraurgiberritzen.eus\\\/wp-content\\\/uploads\\\/2024\\\/02\\\/IRAURGI-BERRITZEN-logotipoa_2.png\",\"contentUrl\":\"https:\\\/\\\/iraurgiberritzen.eus\\\/wp-content\\\/uploads\\\/2024\\\/02\\\/IRAURGI-BERRITZEN-logotipoa_2.png\",\"width\":496,\"height\":190,\"caption\":\"Iraurgi Berritzen\"},\"image\":{\"@id\":\"https:\\\/\\\/iraurgiberritzen.eus\\\/es\\\/#\\\/schema\\\/logo\\\/image\\\/\"}},{\"@type\":\"Person\",\"@id\":\"https:\\\/\\\/iraurgiberritzen.eus\\\/es\\\/#\\\/schema\\\/person\\\/a32c9825b3e2bfcbe757a97f6a15c8a5\",\"name\":\"ainara\"}]}<\/script>\n<!-- \/ Yoast SEO plugin. -->","yoast_head_json":{"title":"Desarrollo del Plan Estrat\u00e9gico comarcal de Turismo en colaboraci\u00f3n con distintos agentes - Iraurgi Berritzen","robots":{"index":"index","follow":"follow","max-snippet":"max-snippet:-1","max-image-preview":"max-image-preview:large","max-video-preview":"max-video-preview:-1"},"canonical":"https:\/\/iraurgiberritzen.eus\/es\/desarrollo-del-plan-estrategico-comarcal-de-turismo-en-colaboracion-con-agentes-del-sector\/","og_locale":"es_ES","og_type":"article","og_title":"Desarrollo del Plan Estrat\u00e9gico comarcal de Turismo en colaboraci\u00f3n con distintos agentes - Iraurgi Berritzen","og_description":"En respuesta a una necesidad derivada del Plan Estrat\u00e9gico Elkarrekin Urola Erdia Eraldatzen 2022-2027, la que se refiere a la alineaci\u00f3n de la estrategia tur\u00edstica comarcal con las aportaciones que puedan ofrecer los diferentes agentes, hoy 29 de abril se ha celebrado una sesi\u00f3n de trabajo colectiva en Abaraxka Aterpetxea de Azkoitia. Acompa\u00f1ando a los [&hellip;]","og_url":"https:\/\/iraurgiberritzen.eus\/es\/desarrollo-del-plan-estrategico-comarcal-de-turismo-en-colaboracion-con-agentes-del-sector\/","og_site_name":"Iraurgi Berritzen","article_published_time":"2024-04-30T10:09:29+00:00","article_modified_time":"2024-05-02T06:23:48+00:00","og_image":[{"width":2560,"height":1920,"url":"https:\/\/iraurgiberritzen.eus\/wp-content\/uploads\/2024\/04\/WhatsApp-Image-2024-04-30-at-14.56.40-1-scaled.jpeg","type":"image\/jpeg"}],"author":"ainara","twitter_card":"summary_large_image","twitter_misc":{"Escrito por":"ainara","Tiempo de lectura":"1 minuto"},"schema":{"@context":"https:\/\/schema.org","@graph":[{"@type":"Article","@id":"https:\/\/iraurgiberritzen.eus\/es\/desarrollo-del-plan-estrategico-comarcal-de-turismo-en-colaboracion-con-agentes-del-sector\/#article","isPartOf":{"@id":"https:\/\/iraurgiberritzen.eus\/es\/desarrollo-del-plan-estrategico-comarcal-de-turismo-en-colaboracion-con-agentes-del-sector\/"},"author":{"name":"ainara","@id":"https:\/\/iraurgiberritzen.eus\/es\/#\/schema\/person\/a32c9825b3e2bfcbe757a97f6a15c8a5"},"headline":"Desarrollo del Plan Estrat\u00e9gico comarcal de Turismo en colaboraci\u00f3n con distintos agentes","datePublished":"2024-04-30T10:09:29+00:00","dateModified":"2024-05-02T06:23:48+00:00","mainEntityOfPage":{"@id":"https:\/\/iraurgiberritzen.eus\/es\/desarrollo-del-plan-estrategico-comarcal-de-turismo-en-colaboracion-con-agentes-del-sector\/"},"wordCount":158,"publisher":{"@id":"https:\/\/iraurgiberritzen.eus\/es\/#organization"},"image":{"@id":"https:\/\/iraurgiberritzen.eus\/es\/desarrollo-del-plan-estrategico-comarcal-de-turismo-en-colaboracion-con-agentes-del-sector\/#primaryimage"},"thumbnailUrl":"https:\/\/iraurgiberritzen.eus\/wp-content\/uploads\/2024\/04\/WhatsApp-Image-2024-04-30-at-14.56.40-1-scaled.jpeg","articleSection":["Noticias"],"inLanguage":"es"},{"@type":"WebPage","@id":"https:\/\/iraurgiberritzen.eus\/es\/desarrollo-del-plan-estrategico-comarcal-de-turismo-en-colaboracion-con-agentes-del-sector\/","url":"https:\/\/iraurgiberritzen.eus\/es\/desarrollo-del-plan-estrategico-comarcal-de-turismo-en-colaboracion-con-agentes-del-sector\/","name":"Desarrollo del Plan Estrat\u00e9gico comarcal de Turismo en colaboraci\u00f3n con distintos agentes - Iraurgi Berritzen","isPartOf":{"@id":"https:\/\/iraurgiberritzen.eus\/es\/#website"},"primaryImageOfPage":{"@id":"https:\/\/iraurgiberritzen.eus\/es\/desarrollo-del-plan-estrategico-comarcal-de-turismo-en-colaboracion-con-agentes-del-sector\/#primaryimage"},"image":{"@id":"https:\/\/iraurgiberritzen.eus\/es\/desarrollo-del-plan-estrategico-comarcal-de-turismo-en-colaboracion-con-agentes-del-sector\/#primaryimage"},"thumbnailUrl":"https:\/\/iraurgiberritzen.eus\/wp-content\/uploads\/2024\/04\/WhatsApp-Image-2024-04-30-at-14.56.40-1-scaled.jpeg","datePublished":"2024-04-30T10:09:29+00:00","dateModified":"2024-05-02T06:23:48+00:00","breadcrumb":{"@id":"https:\/\/iraurgiberritzen.eus\/es\/desarrollo-del-plan-estrategico-comarcal-de-turismo-en-colaboracion-con-agentes-del-sector\/#breadcrumb"},"inLanguage":"es","potentialAction":[{"@type":"ReadAction","target":["https:\/\/iraurgiberritzen.eus\/es\/desarrollo-del-plan-estrategico-comarcal-de-turismo-en-colaboracion-con-agentes-del-sector\/"]}]},{"@type":"ImageObject","inLanguage":"es","@id":"https:\/\/iraurgiberritzen.eus\/es\/desarrollo-del-plan-estrategico-comarcal-de-turismo-en-colaboracion-con-agentes-del-sector\/#primaryimage","url":"https:\/\/iraurgiberritzen.eus\/wp-content\/uploads\/2024\/04\/WhatsApp-Image-2024-04-30-at-14.56.40-1-scaled.jpeg","contentUrl":"https:\/\/iraurgiberritzen.eus\/wp-content\/uploads\/2024\/04\/WhatsApp-Image-2024-04-30-at-14.56.40-1-scaled.jpeg","width":2560,"height":1920},{"@type":"BreadcrumbList","@id":"https:\/\/iraurgiberritzen.eus\/es\/desarrollo-del-plan-estrategico-comarcal-de-turismo-en-colaboracion-con-agentes-del-sector\/#breadcrumb","itemListElement":[{"@type":"ListItem","position":1,"name":"Home","item":"https:\/\/iraurgiberritzen.eus\/es\/"},{"@type":"ListItem","position":2,"name":"Desarrollo del Plan Estrat\u00e9gico comarcal de Turismo en colaboraci\u00f3n con distintos agentes"}]},{"@type":"WebSite","@id":"https:\/\/iraurgiberritzen.eus\/es\/#website","url":"https:\/\/iraurgiberritzen.eus\/es\/","name":"Iraurgi Berritzen","description":"Urola Erdiko Garapen Agentzia","publisher":{"@id":"https:\/\/iraurgiberritzen.eus\/es\/#organization"},"potentialAction":[{"@type":"SearchAction","target":{"@type":"EntryPoint","urlTemplate":"https:\/\/iraurgiberritzen.eus\/es\/?s={search_term_string}"},"query-input":{"@type":"PropertyValueSpecification","valueRequired":true,"valueName":"search_term_string"}}],"inLanguage":"es"},{"@type":"Organization","@id":"https:\/\/iraurgiberritzen.eus\/es\/#organization","name":"Iraurgi Berritzen","url":"https:\/\/iraurgiberritzen.eus\/es\/","logo":{"@type":"ImageObject","inLanguage":"es","@id":"https:\/\/iraurgiberritzen.eus\/es\/#\/schema\/logo\/image\/","url":"https:\/\/iraurgiberritzen.eus\/wp-content\/uploads\/2024\/02\/IRAURGI-BERRITZEN-logotipoa_2.png","contentUrl":"https:\/\/iraurgiberritzen.eus\/wp-content\/uploads\/2024\/02\/IRAURGI-BERRITZEN-logotipoa_2.png","width":496,"height":190,"caption":"Iraurgi Berritzen"},"image":{"@id":"https:\/\/iraurgiberritzen.eus\/es\/#\/schema\/logo\/image\/"}},{"@type":"Person","@id":"https:\/\/iraurgiberritzen.eus\/es\/#\/schema\/person\/a32c9825b3e2bfcbe757a97f6a15c8a5","name":"ainara"}]}},"_links":{"self":[{"href":"https:\/\/iraurgiberritzen.eus\/es\/wp-json\/wp\/v2\/posts\/19832","targetHints":{"allow":["GET"]}}],"collection":[{"href":"https:\/\/iraurgiberritzen.eus\/es\/wp-json\/wp\/v2\/posts"}],"about":[{"href":"https:\/\/iraurgiberritzen.eus\/es\/wp-json\/wp\/v2\/types\/post"}],"author":[{"embeddable":true,"href":"https:\/\/iraurgiberritzen.eus\/es\/wp-json\/wp\/v2\/users\/4"}],"replies":[{"embeddable":true,"href":"https:\/\/iraurgiberritzen.eus\/es\/wp-json\/wp\/v2\/comments?post=19832"}],"version-history":[{"count":9,"href":"https:\/\/iraurgiberritzen.eus\/es\/wp-json\/wp\/v2\/posts\/19832\/revisions"}],"predecessor-version":[{"id":19891,"href":"https:\/\/iraurgiberritzen.eus\/es\/wp-json\/wp\/v2\/posts\/19832\/revisions\/19891"}],"wp:featuredmedia":[{"embeddable":true,"href":"https:\/\/iraurgiberritzen.eus\/es\/wp-json\/wp\/v2\/media\/19867"}],"wp:attachment":[{"href":"https:\/\/iraurgiberritzen.eus\/es\/wp-json\/wp\/v2\/media?parent=19832"}],"wp:term":[{"taxonomy":"category","embeddable":true,"href":"https:\/\/iraurgiberritzen.eus\/es\/wp-json\/wp\/v2\/categories?post=19832"},{"taxonomy":"post_tag","embeddable":true,"href":"https:\/\/iraurgiberritzen.eus\/es\/wp-json\/wp\/v2\/tags?post=19832"}],"curies":[{"name":"wp","href":"https:\/\/api.w.org\/{rel}","templated":true}]}}