{"id":19905,"date":"2024-05-02T10:25:27","date_gmt":"2024-05-02T08:25:27","guid":{"rendered":"https:\/\/iraurgiberritzen.eus\/?p=19905"},"modified":"2024-05-02T10:29:59","modified_gmt":"2024-05-02T08:29:59","slug":"los-orientadores-de-los-5-centros-de-la-comarca-han-compartido-y-evaluado-las-acciones-de-orientacion-trabajadas-conjuntamente-durante-el-curso-2","status":"publish","type":"post","link":"https:\/\/iraurgiberritzen.eus\/es\/los-orientadores-de-los-5-centros-de-la-comarca-han-compartido-y-evaluado-las-acciones-de-orientacion-trabajadas-conjuntamente-durante-el-curso-2\/","title":{"rendered":"Los orientadores de los 5 centros de la comarca han compartido y evaluado las acciones de orientaci\u00f3n trabajadas conjuntamente durante el curso\u202f"},"content":{"rendered":"<p>El martes 30 de abril se ha reunido el grupo de trabajo de orientadores de la comarca para concluir el curso escolar. En la reuni\u00f3n de trabajo se han compartido las acciones que se han trabajado en el marco del proyecto \u201cGerolan\u201d y se han identificado mejoras de cara al pr\u00f3ximo curso.<\/p>\n<p>Las acciones desarrolladas a lo largo del curso 2023\/24, comenzaron con la realizaci\u00f3n de 18 sesiones de orientaci\u00f3n en los 5 centros, en los cursos de 4\u00ba de la ESO 4 y 2\u00ba de Bachillerato. Posteriormente, se identificaron los intereses de estudios de estos j\u00f3venes, y finalmente, para dar respuesta dichos intereses, se realizaron visitas a 27 empresas de la comarca, donde conocieron la experiencia, el mundo laboral y las vivencias de sus profesionales, interactuando con ellos mismos. Los interesados en los ciclos de Formaci\u00f3n Profesional, tuvieron la oportunidad de conocer el centro Izarraitz Lanbide Heziketa.<\/p>\n<p>Tanto el alumnado como las empresas han valorado positivamente las visitas y el proyecto, y de cara al futuro, muchos han manifestado su inter\u00e9s por seguir colaborando. Por lo tanto, en lo que respecta a los datos del curso 2023-2024, <strong>400 alumnos, 27 agentes y 70 profesionales han participado en diferentes acciones de proyecto.<\/strong><\/p>\n<p>\u00abGerolan\u00bb tiene su origen en la red de colaboraci\u00f3n de agentes dinamizada por Iraurgi Berritzen y se desarrolla en colaboraci\u00f3n con los diferentes orientadores de los 5 centros de la comarca. El objetivo de la iniciativa es enriquecer en colaboraci\u00f3n los planes de orientaci\u00f3n de los 5 centros. A lo largo del proceso se ha activado en el alumnado la reflexi\u00f3n relativa a la orientaci\u00f3n acad\u00e9mica y profesional y se han facilitado las relaciones con los agentes socioecon\u00f3micos de la comarca en funci\u00f3n de los intereses.<\/p>\n<p>&nbsp;<\/p>\n","protected":false},"excerpt":{"rendered":"<p>El martes 30 de abril se ha reunido el grupo de trabajo de orientadores de la comarca para concluir el curso escolar. En la reuni\u00f3n de trabajo se han compartido las acciones que se han trabajado en el marco del proyecto \u201cGerolan\u201d y se han identificado mejoras de cara al pr\u00f3ximo curso. Las acciones desarrolladas [&hellip;]<\/p>\n","protected":false},"author":4,"featured_media":19903,"comment_status":"closed","ping_status":"closed","sticky":false,"template":"","format":"standard","meta":{"_acf_changed":false,"footnotes":""},"categories":[4],"tags":[],"class_list":["post-19905","post","type-post","status-publish","format-standard","has-post-thumbnail","hentry","category-noticias","arloak-educacion","arloak-gerolan-es"],"acf":[],"yoast_head":"<!-- This site is optimized with the Yoast SEO plugin v27.4 - https:\/\/yoast.com\/product\/yoast-seo-wordpress\/ -->\n<title>Los orientadores de los 5 centros de la comarca han compartido y evaluado las acciones de orientaci\u00f3n trabajadas conjuntamente durante el curso\u202f - Iraurgi Berritzen<\/title>\n<meta name=\"robots\" content=\"index, follow, max-snippet:-1, max-image-preview:large, max-video-preview:-1\" \/>\n<link rel=\"canonical\" href=\"https:\/\/iraurgiberritzen.eus\/es\/los-orientadores-de-los-5-centros-de-la-comarca-han-compartido-y-evaluado-las-acciones-de-orientacion-trabajadas-conjuntamente-durante-el-curso-2\/\" \/>\n<meta property=\"og:locale\" content=\"es_ES\" \/>\n<meta property=\"og:type\" content=\"article\" \/>\n<meta property=\"og:title\" content=\"Los orientadores de los 5 centros de la comarca han compartido y evaluado las acciones de orientaci\u00f3n trabajadas conjuntamente durante el curso\u202f - Iraurgi Berritzen\" \/>\n<meta property=\"og:description\" content=\"El martes 30 de abril se ha reunido el grupo de trabajo de orientadores de la comarca para concluir el curso escolar. En la reuni\u00f3n de trabajo se han compartido las acciones que se han trabajado en el marco del proyecto \u201cGerolan\u201d y se han identificado mejoras de cara al pr\u00f3ximo curso. Las acciones desarrolladas [&hellip;]\" \/>\n<meta property=\"og:url\" content=\"https:\/\/iraurgiberritzen.eus\/es\/los-orientadores-de-los-5-centros-de-la-comarca-han-compartido-y-evaluado-las-acciones-de-orientacion-trabajadas-conjuntamente-durante-el-curso-2\/\" \/>\n<meta property=\"og:site_name\" content=\"Iraurgi Berritzen\" \/>\n<meta property=\"article:published_time\" content=\"2024-05-02T08:25:27+00:00\" \/>\n<meta property=\"article:modified_time\" content=\"2024-05-02T08:29:59+00:00\" \/>\n<meta property=\"og:image\" content=\"https:\/\/iraurgiberritzen.eus\/wp-content\/uploads\/2024\/05\/PXL_20240430_070851148-1-scaled.jpg\" \/>\n\t<meta property=\"og:image:width\" content=\"2560\" \/>\n\t<meta property=\"og:image:height\" content=\"1920\" \/>\n\t<meta property=\"og:image:type\" content=\"image\/jpeg\" \/>\n<meta name=\"author\" content=\"ainara\" \/>\n<meta name=\"twitter:card\" content=\"summary_large_image\" \/>\n<meta name=\"twitter:label1\" content=\"Escrito por\" \/>\n\t<meta name=\"twitter:data1\" content=\"ainara\" \/>\n\t<meta name=\"twitter:label2\" content=\"Tiempo de lectura\" \/>\n\t<meta name=\"twitter:data2\" content=\"2 minutos\" \/>\n<script type=\"application\/ld+json\" class=\"yoast-schema-graph\">{\"@context\":\"https:\\\/\\\/schema.org\",\"@graph\":[{\"@type\":\"Article\",\"@id\":\"https:\\\/\\\/iraurgiberritzen.eus\\\/es\\\/los-orientadores-de-los-5-centros-de-la-comarca-han-compartido-y-evaluado-las-acciones-de-orientacion-trabajadas-conjuntamente-durante-el-curso-2\\\/#article\",\"isPartOf\":{\"@id\":\"https:\\\/\\\/iraurgiberritzen.eus\\\/es\\\/los-orientadores-de-los-5-centros-de-la-comarca-han-compartido-y-evaluado-las-acciones-de-orientacion-trabajadas-conjuntamente-durante-el-curso-2\\\/\"},\"author\":{\"name\":\"ainara\",\"@id\":\"https:\\\/\\\/iraurgiberritzen.eus\\\/es\\\/#\\\/schema\\\/person\\\/a32c9825b3e2bfcbe757a97f6a15c8a5\"},\"headline\":\"Los orientadores de los 5 centros de la comarca han compartido y evaluado las acciones de orientaci\u00f3n trabajadas conjuntamente durante el curso\u202f\",\"datePublished\":\"2024-05-02T08:25:27+00:00\",\"dateModified\":\"2024-05-02T08:29:59+00:00\",\"mainEntityOfPage\":{\"@id\":\"https:\\\/\\\/iraurgiberritzen.eus\\\/es\\\/los-orientadores-de-los-5-centros-de-la-comarca-han-compartido-y-evaluado-las-acciones-de-orientacion-trabajadas-conjuntamente-durante-el-curso-2\\\/\"},\"wordCount\":314,\"publisher\":{\"@id\":\"https:\\\/\\\/iraurgiberritzen.eus\\\/es\\\/#organization\"},\"image\":{\"@id\":\"https:\\\/\\\/iraurgiberritzen.eus\\\/es\\\/los-orientadores-de-los-5-centros-de-la-comarca-han-compartido-y-evaluado-las-acciones-de-orientacion-trabajadas-conjuntamente-durante-el-curso-2\\\/#primaryimage\"},\"thumbnailUrl\":\"https:\\\/\\\/iraurgiberritzen.eus\\\/wp-content\\\/uploads\\\/2024\\\/05\\\/PXL_20240430_070851148-1-scaled.jpg\",\"articleSection\":[\"Noticias\"],\"inLanguage\":\"es\"},{\"@type\":\"WebPage\",\"@id\":\"https:\\\/\\\/iraurgiberritzen.eus\\\/es\\\/los-orientadores-de-los-5-centros-de-la-comarca-han-compartido-y-evaluado-las-acciones-de-orientacion-trabajadas-conjuntamente-durante-el-curso-2\\\/\",\"url\":\"https:\\\/\\\/iraurgiberritzen.eus\\\/es\\\/los-orientadores-de-los-5-centros-de-la-comarca-han-compartido-y-evaluado-las-acciones-de-orientacion-trabajadas-conjuntamente-durante-el-curso-2\\\/\",\"name\":\"Los orientadores de los 5 centros de la comarca han compartido y evaluado las acciones de orientaci\u00f3n trabajadas conjuntamente durante el curso\u202f - Iraurgi Berritzen\",\"isPartOf\":{\"@id\":\"https:\\\/\\\/iraurgiberritzen.eus\\\/es\\\/#website\"},\"primaryImageOfPage\":{\"@id\":\"https:\\\/\\\/iraurgiberritzen.eus\\\/es\\\/los-orientadores-de-los-5-centros-de-la-comarca-han-compartido-y-evaluado-las-acciones-de-orientacion-trabajadas-conjuntamente-durante-el-curso-2\\\/#primaryimage\"},\"image\":{\"@id\":\"https:\\\/\\\/iraurgiberritzen.eus\\\/es\\\/los-orientadores-de-los-5-centros-de-la-comarca-han-compartido-y-evaluado-las-acciones-de-orientacion-trabajadas-conjuntamente-durante-el-curso-2\\\/#primaryimage\"},\"thumbnailUrl\":\"https:\\\/\\\/iraurgiberritzen.eus\\\/wp-content\\\/uploads\\\/2024\\\/05\\\/PXL_20240430_070851148-1-scaled.jpg\",\"datePublished\":\"2024-05-02T08:25:27+00:00\",\"dateModified\":\"2024-05-02T08:29:59+00:00\",\"breadcrumb\":{\"@id\":\"https:\\\/\\\/iraurgiberritzen.eus\\\/es\\\/los-orientadores-de-los-5-centros-de-la-comarca-han-compartido-y-evaluado-las-acciones-de-orientacion-trabajadas-conjuntamente-durante-el-curso-2\\\/#breadcrumb\"},\"inLanguage\":\"es\",\"potentialAction\":[{\"@type\":\"ReadAction\",\"target\":[\"https:\\\/\\\/iraurgiberritzen.eus\\\/es\\\/los-orientadores-de-los-5-centros-de-la-comarca-han-compartido-y-evaluado-las-acciones-de-orientacion-trabajadas-conjuntamente-durante-el-curso-2\\\/\"]}]},{\"@type\":\"ImageObject\",\"inLanguage\":\"es\",\"@id\":\"https:\\\/\\\/iraurgiberritzen.eus\\\/es\\\/los-orientadores-de-los-5-centros-de-la-comarca-han-compartido-y-evaluado-las-acciones-de-orientacion-trabajadas-conjuntamente-durante-el-curso-2\\\/#primaryimage\",\"url\":\"https:\\\/\\\/iraurgiberritzen.eus\\\/wp-content\\\/uploads\\\/2024\\\/05\\\/PXL_20240430_070851148-1-scaled.jpg\",\"contentUrl\":\"https:\\\/\\\/iraurgiberritzen.eus\\\/wp-content\\\/uploads\\\/2024\\\/05\\\/PXL_20240430_070851148-1-scaled.jpg\",\"width\":2560,\"height\":1920},{\"@type\":\"BreadcrumbList\",\"@id\":\"https:\\\/\\\/iraurgiberritzen.eus\\\/es\\\/los-orientadores-de-los-5-centros-de-la-comarca-han-compartido-y-evaluado-las-acciones-de-orientacion-trabajadas-conjuntamente-durante-el-curso-2\\\/#breadcrumb\",\"itemListElement\":[{\"@type\":\"ListItem\",\"position\":1,\"name\":\"Home\",\"item\":\"https:\\\/\\\/iraurgiberritzen.eus\\\/es\\\/\"},{\"@type\":\"ListItem\",\"position\":2,\"name\":\"Los orientadores de los 5 centros de la comarca han compartido y evaluado las acciones de orientaci\u00f3n trabajadas conjuntamente durante el curso\u202f\"}]},{\"@type\":\"WebSite\",\"@id\":\"https:\\\/\\\/iraurgiberritzen.eus\\\/es\\\/#website\",\"url\":\"https:\\\/\\\/iraurgiberritzen.eus\\\/es\\\/\",\"name\":\"Iraurgi Berritzen\",\"description\":\"Urola Erdiko Garapen Agentzia\",\"publisher\":{\"@id\":\"https:\\\/\\\/iraurgiberritzen.eus\\\/es\\\/#organization\"},\"potentialAction\":[{\"@type\":\"SearchAction\",\"target\":{\"@type\":\"EntryPoint\",\"urlTemplate\":\"https:\\\/\\\/iraurgiberritzen.eus\\\/es\\\/?s={search_term_string}\"},\"query-input\":{\"@type\":\"PropertyValueSpecification\",\"valueRequired\":true,\"valueName\":\"search_term_string\"}}],\"inLanguage\":\"es\"},{\"@type\":\"Organization\",\"@id\":\"https:\\\/\\\/iraurgiberritzen.eus\\\/es\\\/#organization\",\"name\":\"Iraurgi Berritzen\",\"url\":\"https:\\\/\\\/iraurgiberritzen.eus\\\/es\\\/\",\"logo\":{\"@type\":\"ImageObject\",\"inLanguage\":\"es\",\"@id\":\"https:\\\/\\\/iraurgiberritzen.eus\\\/es\\\/#\\\/schema\\\/logo\\\/image\\\/\",\"url\":\"https:\\\/\\\/iraurgiberritzen.eus\\\/wp-content\\\/uploads\\\/2024\\\/02\\\/IRAURGI-BERRITZEN-logotipoa_2.png\",\"contentUrl\":\"https:\\\/\\\/iraurgiberritzen.eus\\\/wp-content\\\/uploads\\\/2024\\\/02\\\/IRAURGI-BERRITZEN-logotipoa_2.png\",\"width\":496,\"height\":190,\"caption\":\"Iraurgi Berritzen\"},\"image\":{\"@id\":\"https:\\\/\\\/iraurgiberritzen.eus\\\/es\\\/#\\\/schema\\\/logo\\\/image\\\/\"}},{\"@type\":\"Person\",\"@id\":\"https:\\\/\\\/iraurgiberritzen.eus\\\/es\\\/#\\\/schema\\\/person\\\/a32c9825b3e2bfcbe757a97f6a15c8a5\",\"name\":\"ainara\"}]}<\/script>\n<!-- \/ Yoast SEO plugin. -->","yoast_head_json":{"title":"Los orientadores de los 5 centros de la comarca han compartido y evaluado las acciones de orientaci\u00f3n trabajadas conjuntamente durante el curso\u202f - Iraurgi Berritzen","robots":{"index":"index","follow":"follow","max-snippet":"max-snippet:-1","max-image-preview":"max-image-preview:large","max-video-preview":"max-video-preview:-1"},"canonical":"https:\/\/iraurgiberritzen.eus\/es\/los-orientadores-de-los-5-centros-de-la-comarca-han-compartido-y-evaluado-las-acciones-de-orientacion-trabajadas-conjuntamente-durante-el-curso-2\/","og_locale":"es_ES","og_type":"article","og_title":"Los orientadores de los 5 centros de la comarca han compartido y evaluado las acciones de orientaci\u00f3n trabajadas conjuntamente durante el curso\u202f - Iraurgi Berritzen","og_description":"El martes 30 de abril se ha reunido el grupo de trabajo de orientadores de la comarca para concluir el curso escolar. En la reuni\u00f3n de trabajo se han compartido las acciones que se han trabajado en el marco del proyecto \u201cGerolan\u201d y se han identificado mejoras de cara al pr\u00f3ximo curso. Las acciones desarrolladas [&hellip;]","og_url":"https:\/\/iraurgiberritzen.eus\/es\/los-orientadores-de-los-5-centros-de-la-comarca-han-compartido-y-evaluado-las-acciones-de-orientacion-trabajadas-conjuntamente-durante-el-curso-2\/","og_site_name":"Iraurgi Berritzen","article_published_time":"2024-05-02T08:25:27+00:00","article_modified_time":"2024-05-02T08:29:59+00:00","og_image":[{"width":2560,"height":1920,"url":"https:\/\/iraurgiberritzen.eus\/wp-content\/uploads\/2024\/05\/PXL_20240430_070851148-1-scaled.jpg","type":"image\/jpeg"}],"author":"ainara","twitter_card":"summary_large_image","twitter_misc":{"Escrito por":"ainara","Tiempo de lectura":"2 minutos"},"schema":{"@context":"https:\/\/schema.org","@graph":[{"@type":"Article","@id":"https:\/\/iraurgiberritzen.eus\/es\/los-orientadores-de-los-5-centros-de-la-comarca-han-compartido-y-evaluado-las-acciones-de-orientacion-trabajadas-conjuntamente-durante-el-curso-2\/#article","isPartOf":{"@id":"https:\/\/iraurgiberritzen.eus\/es\/los-orientadores-de-los-5-centros-de-la-comarca-han-compartido-y-evaluado-las-acciones-de-orientacion-trabajadas-conjuntamente-durante-el-curso-2\/"},"author":{"name":"ainara","@id":"https:\/\/iraurgiberritzen.eus\/es\/#\/schema\/person\/a32c9825b3e2bfcbe757a97f6a15c8a5"},"headline":"Los orientadores de los 5 centros de la comarca han compartido y evaluado las acciones de orientaci\u00f3n trabajadas conjuntamente durante el curso\u202f","datePublished":"2024-05-02T08:25:27+00:00","dateModified":"2024-05-02T08:29:59+00:00","mainEntityOfPage":{"@id":"https:\/\/iraurgiberritzen.eus\/es\/los-orientadores-de-los-5-centros-de-la-comarca-han-compartido-y-evaluado-las-acciones-de-orientacion-trabajadas-conjuntamente-durante-el-curso-2\/"},"wordCount":314,"publisher":{"@id":"https:\/\/iraurgiberritzen.eus\/es\/#organization"},"image":{"@id":"https:\/\/iraurgiberritzen.eus\/es\/los-orientadores-de-los-5-centros-de-la-comarca-han-compartido-y-evaluado-las-acciones-de-orientacion-trabajadas-conjuntamente-durante-el-curso-2\/#primaryimage"},"thumbnailUrl":"https:\/\/iraurgiberritzen.eus\/wp-content\/uploads\/2024\/05\/PXL_20240430_070851148-1-scaled.jpg","articleSection":["Noticias"],"inLanguage":"es"},{"@type":"WebPage","@id":"https:\/\/iraurgiberritzen.eus\/es\/los-orientadores-de-los-5-centros-de-la-comarca-han-compartido-y-evaluado-las-acciones-de-orientacion-trabajadas-conjuntamente-durante-el-curso-2\/","url":"https:\/\/iraurgiberritzen.eus\/es\/los-orientadores-de-los-5-centros-de-la-comarca-han-compartido-y-evaluado-las-acciones-de-orientacion-trabajadas-conjuntamente-durante-el-curso-2\/","name":"Los orientadores de los 5 centros de la comarca han compartido y evaluado las acciones de orientaci\u00f3n trabajadas conjuntamente durante el curso\u202f - Iraurgi Berritzen","isPartOf":{"@id":"https:\/\/iraurgiberritzen.eus\/es\/#website"},"primaryImageOfPage":{"@id":"https:\/\/iraurgiberritzen.eus\/es\/los-orientadores-de-los-5-centros-de-la-comarca-han-compartido-y-evaluado-las-acciones-de-orientacion-trabajadas-conjuntamente-durante-el-curso-2\/#primaryimage"},"image":{"@id":"https:\/\/iraurgiberritzen.eus\/es\/los-orientadores-de-los-5-centros-de-la-comarca-han-compartido-y-evaluado-las-acciones-de-orientacion-trabajadas-conjuntamente-durante-el-curso-2\/#primaryimage"},"thumbnailUrl":"https:\/\/iraurgiberritzen.eus\/wp-content\/uploads\/2024\/05\/PXL_20240430_070851148-1-scaled.jpg","datePublished":"2024-05-02T08:25:27+00:00","dateModified":"2024-05-02T08:29:59+00:00","breadcrumb":{"@id":"https:\/\/iraurgiberritzen.eus\/es\/los-orientadores-de-los-5-centros-de-la-comarca-han-compartido-y-evaluado-las-acciones-de-orientacion-trabajadas-conjuntamente-durante-el-curso-2\/#breadcrumb"},"inLanguage":"es","potentialAction":[{"@type":"ReadAction","target":["https:\/\/iraurgiberritzen.eus\/es\/los-orientadores-de-los-5-centros-de-la-comarca-han-compartido-y-evaluado-las-acciones-de-orientacion-trabajadas-conjuntamente-durante-el-curso-2\/"]}]},{"@type":"ImageObject","inLanguage":"es","@id":"https:\/\/iraurgiberritzen.eus\/es\/los-orientadores-de-los-5-centros-de-la-comarca-han-compartido-y-evaluado-las-acciones-de-orientacion-trabajadas-conjuntamente-durante-el-curso-2\/#primaryimage","url":"https:\/\/iraurgiberritzen.eus\/wp-content\/uploads\/2024\/05\/PXL_20240430_070851148-1-scaled.jpg","contentUrl":"https:\/\/iraurgiberritzen.eus\/wp-content\/uploads\/2024\/05\/PXL_20240430_070851148-1-scaled.jpg","width":2560,"height":1920},{"@type":"BreadcrumbList","@id":"https:\/\/iraurgiberritzen.eus\/es\/los-orientadores-de-los-5-centros-de-la-comarca-han-compartido-y-evaluado-las-acciones-de-orientacion-trabajadas-conjuntamente-durante-el-curso-2\/#breadcrumb","itemListElement":[{"@type":"ListItem","position":1,"name":"Home","item":"https:\/\/iraurgiberritzen.eus\/es\/"},{"@type":"ListItem","position":2,"name":"Los orientadores de los 5 centros de la comarca han compartido y evaluado las acciones de orientaci\u00f3n trabajadas conjuntamente durante el curso\u202f"}]},{"@type":"WebSite","@id":"https:\/\/iraurgiberritzen.eus\/es\/#website","url":"https:\/\/iraurgiberritzen.eus\/es\/","name":"Iraurgi Berritzen","description":"Urola Erdiko Garapen Agentzia","publisher":{"@id":"https:\/\/iraurgiberritzen.eus\/es\/#organization"},"potentialAction":[{"@type":"SearchAction","target":{"@type":"EntryPoint","urlTemplate":"https:\/\/iraurgiberritzen.eus\/es\/?s={search_term_string}"},"query-input":{"@type":"PropertyValueSpecification","valueRequired":true,"valueName":"search_term_string"}}],"inLanguage":"es"},{"@type":"Organization","@id":"https:\/\/iraurgiberritzen.eus\/es\/#organization","name":"Iraurgi Berritzen","url":"https:\/\/iraurgiberritzen.eus\/es\/","logo":{"@type":"ImageObject","inLanguage":"es","@id":"https:\/\/iraurgiberritzen.eus\/es\/#\/schema\/logo\/image\/","url":"https:\/\/iraurgiberritzen.eus\/wp-content\/uploads\/2024\/02\/IRAURGI-BERRITZEN-logotipoa_2.png","contentUrl":"https:\/\/iraurgiberritzen.eus\/wp-content\/uploads\/2024\/02\/IRAURGI-BERRITZEN-logotipoa_2.png","width":496,"height":190,"caption":"Iraurgi Berritzen"},"image":{"@id":"https:\/\/iraurgiberritzen.eus\/es\/#\/schema\/logo\/image\/"}},{"@type":"Person","@id":"https:\/\/iraurgiberritzen.eus\/es\/#\/schema\/person\/a32c9825b3e2bfcbe757a97f6a15c8a5","name":"ainara"}]}},"_links":{"self":[{"href":"https:\/\/iraurgiberritzen.eus\/es\/wp-json\/wp\/v2\/posts\/19905","targetHints":{"allow":["GET"]}}],"collection":[{"href":"https:\/\/iraurgiberritzen.eus\/es\/wp-json\/wp\/v2\/posts"}],"about":[{"href":"https:\/\/iraurgiberritzen.eus\/es\/wp-json\/wp\/v2\/types\/post"}],"author":[{"embeddable":true,"href":"https:\/\/iraurgiberritzen.eus\/es\/wp-json\/wp\/v2\/users\/4"}],"replies":[{"embeddable":true,"href":"https:\/\/iraurgiberritzen.eus\/es\/wp-json\/wp\/v2\/comments?post=19905"}],"version-history":[{"count":2,"href":"https:\/\/iraurgiberritzen.eus\/es\/wp-json\/wp\/v2\/posts\/19905\/revisions"}],"predecessor-version":[{"id":19908,"href":"https:\/\/iraurgiberritzen.eus\/es\/wp-json\/wp\/v2\/posts\/19905\/revisions\/19908"}],"wp:featuredmedia":[{"embeddable":true,"href":"https:\/\/iraurgiberritzen.eus\/es\/wp-json\/wp\/v2\/media\/19903"}],"wp:attachment":[{"href":"https:\/\/iraurgiberritzen.eus\/es\/wp-json\/wp\/v2\/media?parent=19905"}],"wp:term":[{"taxonomy":"category","embeddable":true,"href":"https:\/\/iraurgiberritzen.eus\/es\/wp-json\/wp\/v2\/categories?post=19905"},{"taxonomy":"post_tag","embeddable":true,"href":"https:\/\/iraurgiberritzen.eus\/es\/wp-json\/wp\/v2\/tags?post=19905"}],"curies":[{"name":"wp","href":"https:\/\/api.w.org\/{rel}","templated":true}]}}