{"id":19912,"date":"2024-05-02T12:25:01","date_gmt":"2024-05-02T10:25:01","guid":{"rendered":"https:\/\/iraurgiberritzen.eus\/?p=19912"},"modified":"2024-05-02T12:25:01","modified_gmt":"2024-05-02T10:25:01","slug":"400-alumnos-as-de-los-5-centros-han-realizado-visitas-a-27-agentes-de-diferentes-sectores-de-la-comarca","status":"publish","type":"post","link":"https:\/\/iraurgiberritzen.eus\/es\/400-alumnos-as-de-los-5-centros-han-realizado-visitas-a-27-agentes-de-diferentes-sectores-de-la-comarca\/","title":{"rendered":"400 alumnos\/as de los 5 centros han realizado visitas a 27 agentes de diferentes sectores de la comarca"},"content":{"rendered":"<iframe loading=\"lazy\" title=\"GEROLAN 2023-2024 - Bideo Luzea\" src=\"https:\/\/player.vimeo.com\/video\/935798845?dnt=1&amp;app_id=122963\" width=\"640\" height=\"360\" frameborder=\"0\" allow=\"autoplay; fullscreen; picture-in-picture; clipboard-write\"><\/iframe>\n<p>El proyecto Gerolan, enmarcado en el \u00e1rea de Educaci\u00f3n de Iraurgi Berritzen, busca reforzar la orientaci\u00f3n acad\u00e9mica de los j\u00f3venes de la comarca, contactando con profesionales de diferentes sectores del entorno.<\/p>\n<p>Cerca de 400 alumnos\/as han participado en el proceso, en el que se han trabajado varias fases:<\/p>\n<ul>\n<li>25 sesiones de reflexi\u00f3n individual en las aulas con j\u00f3venes.<\/li>\n<li>Se han identificado y analizado los intereses concretos de los j\u00f3venes, y en funci\u00f3n de los diferentes grupos de inter\u00e9s, se han dise\u00f1ado diversas opciones de interacci\u00f3n con los agentes.<\/li>\n<li>En funci\u00f3n de estos intereses se han organizado 27 visitas a agentes de la comarca.<\/li>\n<\/ul>\n<p><strong>En estas visitas han participado 27 agentes y 70 profesionales de diferentes sectores de la comarca<\/strong>. Los alumnos han tenido la oportunidad de resolver sus dudas poniendo el foco en las vivencias personales de los profesionales y en las tareas del mundo laboral.<\/p>\n<p>Esto ha puesto a disposici\u00f3n de los j\u00f3venes informaci\u00f3n \u00fatil para la selecci\u00f3n de sus futuros estudios.<\/p>\n<p>Desde el punto de vista comarcal, ser\u00e1 clave que todos los agentes que lo formamos vayamos respondiendo juntos al reto del talento. Este proyecto, les permite a los j\u00f3venes conocer la realidad local en funci\u00f3n de sus intereses concretos, como un recurso m\u00e1s para reforzar el proceso de orientaci\u00f3n, m\u00e1s all\u00e1 de la decisi\u00f3n que luego tome cada uno.<\/p>\n<p>En este marco, es muy positiva la valoraci\u00f3n realizada por empresas, agentes, centros escolares, alumnado y profesorado, siendo firme el compromiso de seguir reforzando estas relaciones de cara al futuro.<\/p>\n<p>&nbsp;<\/p>\n","protected":false},"excerpt":{"rendered":"<p>El proyecto Gerolan, enmarcado en el \u00e1rea de Educaci\u00f3n de Iraurgi Berritzen, busca reforzar la orientaci\u00f3n acad\u00e9mica de los j\u00f3venes de la comarca, contactando con profesionales de diferentes sectores del entorno. Cerca de 400 alumnos\/as han participado en el proceso, en el que se han trabajado varias fases: 25 sesiones de reflexi\u00f3n individual en las [&hellip;]<\/p>\n","protected":false},"author":4,"featured_media":19895,"comment_status":"closed","ping_status":"closed","sticky":false,"template":"","format":"standard","meta":{"_acf_changed":false,"footnotes":""},"categories":[4],"tags":[],"class_list":["post-19912","post","type-post","status-publish","format-standard","has-post-thumbnail","hentry","category-noticias","arloak-gerolan-es"],"acf":[],"yoast_head":"<!-- This site is optimized with the Yoast SEO plugin v27.4 - https:\/\/yoast.com\/product\/yoast-seo-wordpress\/ -->\n<title>400 alumnos\/as de los 5 centros han realizado visitas a 27 agentes de diferentes sectores de la comarca - Iraurgi Berritzen<\/title>\n<meta name=\"robots\" content=\"index, follow, max-snippet:-1, max-image-preview:large, max-video-preview:-1\" \/>\n<link rel=\"canonical\" href=\"https:\/\/iraurgiberritzen.eus\/es\/400-alumnos-as-de-los-5-centros-han-realizado-visitas-a-27-agentes-de-diferentes-sectores-de-la-comarca\/\" \/>\n<meta property=\"og:locale\" content=\"es_ES\" \/>\n<meta property=\"og:type\" content=\"article\" \/>\n<meta property=\"og:title\" content=\"400 alumnos\/as de los 5 centros han realizado visitas a 27 agentes de diferentes sectores de la comarca - Iraurgi Berritzen\" \/>\n<meta property=\"og:description\" content=\"El proyecto Gerolan, enmarcado en el \u00e1rea de Educaci\u00f3n de Iraurgi Berritzen, busca reforzar la orientaci\u00f3n acad\u00e9mica de los j\u00f3venes de la comarca, contactando con profesionales de diferentes sectores del entorno. Cerca de 400 alumnos\/as han participado en el proceso, en el que se han trabajado varias fases: 25 sesiones de reflexi\u00f3n individual en las [&hellip;]\" \/>\n<meta property=\"og:url\" content=\"https:\/\/iraurgiberritzen.eus\/es\/400-alumnos-as-de-los-5-centros-han-realizado-visitas-a-27-agentes-de-diferentes-sectores-de-la-comarca\/\" \/>\n<meta property=\"og:site_name\" content=\"Iraurgi Berritzen\" \/>\n<meta property=\"article:published_time\" content=\"2024-05-02T10:25:01+00:00\" \/>\n<meta property=\"og:image\" content=\"https:\/\/iraurgiberritzen.eus\/wp-content\/uploads\/2024\/05\/Captura-de-Pantalla-2024-05-02-a-las-8.33.21.png\" \/>\n\t<meta property=\"og:image:width\" content=\"1185\" \/>\n\t<meta property=\"og:image:height\" content=\"663\" \/>\n\t<meta property=\"og:image:type\" content=\"image\/png\" \/>\n<meta name=\"author\" content=\"ainara\" \/>\n<meta name=\"twitter:card\" content=\"summary_large_image\" \/>\n<meta name=\"twitter:label1\" content=\"Escrito por\" \/>\n\t<meta name=\"twitter:data1\" content=\"ainara\" \/>\n\t<meta name=\"twitter:label2\" content=\"Tiempo de lectura\" \/>\n\t<meta name=\"twitter:data2\" content=\"2 minutos\" \/>\n<script type=\"application\/ld+json\" class=\"yoast-schema-graph\">{\"@context\":\"https:\\\/\\\/schema.org\",\"@graph\":[{\"@type\":\"Article\",\"@id\":\"https:\\\/\\\/iraurgiberritzen.eus\\\/es\\\/400-alumnos-as-de-los-5-centros-han-realizado-visitas-a-27-agentes-de-diferentes-sectores-de-la-comarca\\\/#article\",\"isPartOf\":{\"@id\":\"https:\\\/\\\/iraurgiberritzen.eus\\\/es\\\/400-alumnos-as-de-los-5-centros-han-realizado-visitas-a-27-agentes-de-diferentes-sectores-de-la-comarca\\\/\"},\"author\":{\"name\":\"ainara\",\"@id\":\"https:\\\/\\\/iraurgiberritzen.eus\\\/es\\\/#\\\/schema\\\/person\\\/a32c9825b3e2bfcbe757a97f6a15c8a5\"},\"headline\":\"400 alumnos\\\/as de los 5 centros han realizado visitas a 27 agentes de diferentes sectores de la comarca\",\"datePublished\":\"2024-05-02T10:25:01+00:00\",\"mainEntityOfPage\":{\"@id\":\"https:\\\/\\\/iraurgiberritzen.eus\\\/es\\\/400-alumnos-as-de-los-5-centros-han-realizado-visitas-a-27-agentes-de-diferentes-sectores-de-la-comarca\\\/\"},\"wordCount\":291,\"publisher\":{\"@id\":\"https:\\\/\\\/iraurgiberritzen.eus\\\/es\\\/#organization\"},\"image\":{\"@id\":\"https:\\\/\\\/iraurgiberritzen.eus\\\/es\\\/400-alumnos-as-de-los-5-centros-han-realizado-visitas-a-27-agentes-de-diferentes-sectores-de-la-comarca\\\/#primaryimage\"},\"thumbnailUrl\":\"https:\\\/\\\/iraurgiberritzen.eus\\\/wp-content\\\/uploads\\\/2024\\\/05\\\/Captura-de-Pantalla-2024-05-02-a-las-8.33.21.png\",\"articleSection\":[\"Noticias\"],\"inLanguage\":\"es\"},{\"@type\":\"WebPage\",\"@id\":\"https:\\\/\\\/iraurgiberritzen.eus\\\/es\\\/400-alumnos-as-de-los-5-centros-han-realizado-visitas-a-27-agentes-de-diferentes-sectores-de-la-comarca\\\/\",\"url\":\"https:\\\/\\\/iraurgiberritzen.eus\\\/es\\\/400-alumnos-as-de-los-5-centros-han-realizado-visitas-a-27-agentes-de-diferentes-sectores-de-la-comarca\\\/\",\"name\":\"400 alumnos\\\/as de los 5 centros han realizado visitas a 27 agentes de diferentes sectores de la comarca - Iraurgi Berritzen\",\"isPartOf\":{\"@id\":\"https:\\\/\\\/iraurgiberritzen.eus\\\/es\\\/#website\"},\"primaryImageOfPage\":{\"@id\":\"https:\\\/\\\/iraurgiberritzen.eus\\\/es\\\/400-alumnos-as-de-los-5-centros-han-realizado-visitas-a-27-agentes-de-diferentes-sectores-de-la-comarca\\\/#primaryimage\"},\"image\":{\"@id\":\"https:\\\/\\\/iraurgiberritzen.eus\\\/es\\\/400-alumnos-as-de-los-5-centros-han-realizado-visitas-a-27-agentes-de-diferentes-sectores-de-la-comarca\\\/#primaryimage\"},\"thumbnailUrl\":\"https:\\\/\\\/iraurgiberritzen.eus\\\/wp-content\\\/uploads\\\/2024\\\/05\\\/Captura-de-Pantalla-2024-05-02-a-las-8.33.21.png\",\"datePublished\":\"2024-05-02T10:25:01+00:00\",\"breadcrumb\":{\"@id\":\"https:\\\/\\\/iraurgiberritzen.eus\\\/es\\\/400-alumnos-as-de-los-5-centros-han-realizado-visitas-a-27-agentes-de-diferentes-sectores-de-la-comarca\\\/#breadcrumb\"},\"inLanguage\":\"es\",\"potentialAction\":[{\"@type\":\"ReadAction\",\"target\":[\"https:\\\/\\\/iraurgiberritzen.eus\\\/es\\\/400-alumnos-as-de-los-5-centros-han-realizado-visitas-a-27-agentes-de-diferentes-sectores-de-la-comarca\\\/\"]}]},{\"@type\":\"ImageObject\",\"inLanguage\":\"es\",\"@id\":\"https:\\\/\\\/iraurgiberritzen.eus\\\/es\\\/400-alumnos-as-de-los-5-centros-han-realizado-visitas-a-27-agentes-de-diferentes-sectores-de-la-comarca\\\/#primaryimage\",\"url\":\"https:\\\/\\\/iraurgiberritzen.eus\\\/wp-content\\\/uploads\\\/2024\\\/05\\\/Captura-de-Pantalla-2024-05-02-a-las-8.33.21.png\",\"contentUrl\":\"https:\\\/\\\/iraurgiberritzen.eus\\\/wp-content\\\/uploads\\\/2024\\\/05\\\/Captura-de-Pantalla-2024-05-02-a-las-8.33.21.png\",\"width\":1185,\"height\":663},{\"@type\":\"BreadcrumbList\",\"@id\":\"https:\\\/\\\/iraurgiberritzen.eus\\\/es\\\/400-alumnos-as-de-los-5-centros-han-realizado-visitas-a-27-agentes-de-diferentes-sectores-de-la-comarca\\\/#breadcrumb\",\"itemListElement\":[{\"@type\":\"ListItem\",\"position\":1,\"name\":\"Home\",\"item\":\"https:\\\/\\\/iraurgiberritzen.eus\\\/es\\\/\"},{\"@type\":\"ListItem\",\"position\":2,\"name\":\"400 alumnos\\\/as de los 5 centros han realizado visitas a 27 agentes de diferentes sectores de la comarca\"}]},{\"@type\":\"WebSite\",\"@id\":\"https:\\\/\\\/iraurgiberritzen.eus\\\/es\\\/#website\",\"url\":\"https:\\\/\\\/iraurgiberritzen.eus\\\/es\\\/\",\"name\":\"Iraurgi Berritzen\",\"description\":\"Urola Erdiko Garapen Agentzia\",\"publisher\":{\"@id\":\"https:\\\/\\\/iraurgiberritzen.eus\\\/es\\\/#organization\"},\"potentialAction\":[{\"@type\":\"SearchAction\",\"target\":{\"@type\":\"EntryPoint\",\"urlTemplate\":\"https:\\\/\\\/iraurgiberritzen.eus\\\/es\\\/?s={search_term_string}\"},\"query-input\":{\"@type\":\"PropertyValueSpecification\",\"valueRequired\":true,\"valueName\":\"search_term_string\"}}],\"inLanguage\":\"es\"},{\"@type\":\"Organization\",\"@id\":\"https:\\\/\\\/iraurgiberritzen.eus\\\/es\\\/#organization\",\"name\":\"Iraurgi Berritzen\",\"url\":\"https:\\\/\\\/iraurgiberritzen.eus\\\/es\\\/\",\"logo\":{\"@type\":\"ImageObject\",\"inLanguage\":\"es\",\"@id\":\"https:\\\/\\\/iraurgiberritzen.eus\\\/es\\\/#\\\/schema\\\/logo\\\/image\\\/\",\"url\":\"https:\\\/\\\/iraurgiberritzen.eus\\\/wp-content\\\/uploads\\\/2024\\\/02\\\/IRAURGI-BERRITZEN-logotipoa_2.png\",\"contentUrl\":\"https:\\\/\\\/iraurgiberritzen.eus\\\/wp-content\\\/uploads\\\/2024\\\/02\\\/IRAURGI-BERRITZEN-logotipoa_2.png\",\"width\":496,\"height\":190,\"caption\":\"Iraurgi Berritzen\"},\"image\":{\"@id\":\"https:\\\/\\\/iraurgiberritzen.eus\\\/es\\\/#\\\/schema\\\/logo\\\/image\\\/\"}},{\"@type\":\"Person\",\"@id\":\"https:\\\/\\\/iraurgiberritzen.eus\\\/es\\\/#\\\/schema\\\/person\\\/a32c9825b3e2bfcbe757a97f6a15c8a5\",\"name\":\"ainara\"}]}<\/script>\n<!-- \/ Yoast SEO plugin. -->","yoast_head_json":{"title":"400 alumnos\/as de los 5 centros han realizado visitas a 27 agentes de diferentes sectores de la comarca - Iraurgi Berritzen","robots":{"index":"index","follow":"follow","max-snippet":"max-snippet:-1","max-image-preview":"max-image-preview:large","max-video-preview":"max-video-preview:-1"},"canonical":"https:\/\/iraurgiberritzen.eus\/es\/400-alumnos-as-de-los-5-centros-han-realizado-visitas-a-27-agentes-de-diferentes-sectores-de-la-comarca\/","og_locale":"es_ES","og_type":"article","og_title":"400 alumnos\/as de los 5 centros han realizado visitas a 27 agentes de diferentes sectores de la comarca - Iraurgi Berritzen","og_description":"El proyecto Gerolan, enmarcado en el \u00e1rea de Educaci\u00f3n de Iraurgi Berritzen, busca reforzar la orientaci\u00f3n acad\u00e9mica de los j\u00f3venes de la comarca, contactando con profesionales de diferentes sectores del entorno. Cerca de 400 alumnos\/as han participado en el proceso, en el que se han trabajado varias fases: 25 sesiones de reflexi\u00f3n individual en las [&hellip;]","og_url":"https:\/\/iraurgiberritzen.eus\/es\/400-alumnos-as-de-los-5-centros-han-realizado-visitas-a-27-agentes-de-diferentes-sectores-de-la-comarca\/","og_site_name":"Iraurgi Berritzen","article_published_time":"2024-05-02T10:25:01+00:00","og_image":[{"width":1185,"height":663,"url":"https:\/\/iraurgiberritzen.eus\/wp-content\/uploads\/2024\/05\/Captura-de-Pantalla-2024-05-02-a-las-8.33.21.png","type":"image\/png"}],"author":"ainara","twitter_card":"summary_large_image","twitter_misc":{"Escrito por":"ainara","Tiempo de lectura":"2 minutos"},"schema":{"@context":"https:\/\/schema.org","@graph":[{"@type":"Article","@id":"https:\/\/iraurgiberritzen.eus\/es\/400-alumnos-as-de-los-5-centros-han-realizado-visitas-a-27-agentes-de-diferentes-sectores-de-la-comarca\/#article","isPartOf":{"@id":"https:\/\/iraurgiberritzen.eus\/es\/400-alumnos-as-de-los-5-centros-han-realizado-visitas-a-27-agentes-de-diferentes-sectores-de-la-comarca\/"},"author":{"name":"ainara","@id":"https:\/\/iraurgiberritzen.eus\/es\/#\/schema\/person\/a32c9825b3e2bfcbe757a97f6a15c8a5"},"headline":"400 alumnos\/as de los 5 centros han realizado visitas a 27 agentes de diferentes sectores de la comarca","datePublished":"2024-05-02T10:25:01+00:00","mainEntityOfPage":{"@id":"https:\/\/iraurgiberritzen.eus\/es\/400-alumnos-as-de-los-5-centros-han-realizado-visitas-a-27-agentes-de-diferentes-sectores-de-la-comarca\/"},"wordCount":291,"publisher":{"@id":"https:\/\/iraurgiberritzen.eus\/es\/#organization"},"image":{"@id":"https:\/\/iraurgiberritzen.eus\/es\/400-alumnos-as-de-los-5-centros-han-realizado-visitas-a-27-agentes-de-diferentes-sectores-de-la-comarca\/#primaryimage"},"thumbnailUrl":"https:\/\/iraurgiberritzen.eus\/wp-content\/uploads\/2024\/05\/Captura-de-Pantalla-2024-05-02-a-las-8.33.21.png","articleSection":["Noticias"],"inLanguage":"es"},{"@type":"WebPage","@id":"https:\/\/iraurgiberritzen.eus\/es\/400-alumnos-as-de-los-5-centros-han-realizado-visitas-a-27-agentes-de-diferentes-sectores-de-la-comarca\/","url":"https:\/\/iraurgiberritzen.eus\/es\/400-alumnos-as-de-los-5-centros-han-realizado-visitas-a-27-agentes-de-diferentes-sectores-de-la-comarca\/","name":"400 alumnos\/as de los 5 centros han realizado visitas a 27 agentes de diferentes sectores de la comarca - Iraurgi Berritzen","isPartOf":{"@id":"https:\/\/iraurgiberritzen.eus\/es\/#website"},"primaryImageOfPage":{"@id":"https:\/\/iraurgiberritzen.eus\/es\/400-alumnos-as-de-los-5-centros-han-realizado-visitas-a-27-agentes-de-diferentes-sectores-de-la-comarca\/#primaryimage"},"image":{"@id":"https:\/\/iraurgiberritzen.eus\/es\/400-alumnos-as-de-los-5-centros-han-realizado-visitas-a-27-agentes-de-diferentes-sectores-de-la-comarca\/#primaryimage"},"thumbnailUrl":"https:\/\/iraurgiberritzen.eus\/wp-content\/uploads\/2024\/05\/Captura-de-Pantalla-2024-05-02-a-las-8.33.21.png","datePublished":"2024-05-02T10:25:01+00:00","breadcrumb":{"@id":"https:\/\/iraurgiberritzen.eus\/es\/400-alumnos-as-de-los-5-centros-han-realizado-visitas-a-27-agentes-de-diferentes-sectores-de-la-comarca\/#breadcrumb"},"inLanguage":"es","potentialAction":[{"@type":"ReadAction","target":["https:\/\/iraurgiberritzen.eus\/es\/400-alumnos-as-de-los-5-centros-han-realizado-visitas-a-27-agentes-de-diferentes-sectores-de-la-comarca\/"]}]},{"@type":"ImageObject","inLanguage":"es","@id":"https:\/\/iraurgiberritzen.eus\/es\/400-alumnos-as-de-los-5-centros-han-realizado-visitas-a-27-agentes-de-diferentes-sectores-de-la-comarca\/#primaryimage","url":"https:\/\/iraurgiberritzen.eus\/wp-content\/uploads\/2024\/05\/Captura-de-Pantalla-2024-05-02-a-las-8.33.21.png","contentUrl":"https:\/\/iraurgiberritzen.eus\/wp-content\/uploads\/2024\/05\/Captura-de-Pantalla-2024-05-02-a-las-8.33.21.png","width":1185,"height":663},{"@type":"BreadcrumbList","@id":"https:\/\/iraurgiberritzen.eus\/es\/400-alumnos-as-de-los-5-centros-han-realizado-visitas-a-27-agentes-de-diferentes-sectores-de-la-comarca\/#breadcrumb","itemListElement":[{"@type":"ListItem","position":1,"name":"Home","item":"https:\/\/iraurgiberritzen.eus\/es\/"},{"@type":"ListItem","position":2,"name":"400 alumnos\/as de los 5 centros han realizado visitas a 27 agentes de diferentes sectores de la comarca"}]},{"@type":"WebSite","@id":"https:\/\/iraurgiberritzen.eus\/es\/#website","url":"https:\/\/iraurgiberritzen.eus\/es\/","name":"Iraurgi Berritzen","description":"Urola Erdiko Garapen Agentzia","publisher":{"@id":"https:\/\/iraurgiberritzen.eus\/es\/#organization"},"potentialAction":[{"@type":"SearchAction","target":{"@type":"EntryPoint","urlTemplate":"https:\/\/iraurgiberritzen.eus\/es\/?s={search_term_string}"},"query-input":{"@type":"PropertyValueSpecification","valueRequired":true,"valueName":"search_term_string"}}],"inLanguage":"es"},{"@type":"Organization","@id":"https:\/\/iraurgiberritzen.eus\/es\/#organization","name":"Iraurgi Berritzen","url":"https:\/\/iraurgiberritzen.eus\/es\/","logo":{"@type":"ImageObject","inLanguage":"es","@id":"https:\/\/iraurgiberritzen.eus\/es\/#\/schema\/logo\/image\/","url":"https:\/\/iraurgiberritzen.eus\/wp-content\/uploads\/2024\/02\/IRAURGI-BERRITZEN-logotipoa_2.png","contentUrl":"https:\/\/iraurgiberritzen.eus\/wp-content\/uploads\/2024\/02\/IRAURGI-BERRITZEN-logotipoa_2.png","width":496,"height":190,"caption":"Iraurgi Berritzen"},"image":{"@id":"https:\/\/iraurgiberritzen.eus\/es\/#\/schema\/logo\/image\/"}},{"@type":"Person","@id":"https:\/\/iraurgiberritzen.eus\/es\/#\/schema\/person\/a32c9825b3e2bfcbe757a97f6a15c8a5","name":"ainara"}]}},"_links":{"self":[{"href":"https:\/\/iraurgiberritzen.eus\/es\/wp-json\/wp\/v2\/posts\/19912","targetHints":{"allow":["GET"]}}],"collection":[{"href":"https:\/\/iraurgiberritzen.eus\/es\/wp-json\/wp\/v2\/posts"}],"about":[{"href":"https:\/\/iraurgiberritzen.eus\/es\/wp-json\/wp\/v2\/types\/post"}],"author":[{"embeddable":true,"href":"https:\/\/iraurgiberritzen.eus\/es\/wp-json\/wp\/v2\/users\/4"}],"replies":[{"embeddable":true,"href":"https:\/\/iraurgiberritzen.eus\/es\/wp-json\/wp\/v2\/comments?post=19912"}],"version-history":[{"count":1,"href":"https:\/\/iraurgiberritzen.eus\/es\/wp-json\/wp\/v2\/posts\/19912\/revisions"}],"predecessor-version":[{"id":19913,"href":"https:\/\/iraurgiberritzen.eus\/es\/wp-json\/wp\/v2\/posts\/19912\/revisions\/19913"}],"wp:featuredmedia":[{"embeddable":true,"href":"https:\/\/iraurgiberritzen.eus\/es\/wp-json\/wp\/v2\/media\/19895"}],"wp:attachment":[{"href":"https:\/\/iraurgiberritzen.eus\/es\/wp-json\/wp\/v2\/media?parent=19912"}],"wp:term":[{"taxonomy":"category","embeddable":true,"href":"https:\/\/iraurgiberritzen.eus\/es\/wp-json\/wp\/v2\/categories?post=19912"},{"taxonomy":"post_tag","embeddable":true,"href":"https:\/\/iraurgiberritzen.eus\/es\/wp-json\/wp\/v2\/tags?post=19912"}],"curies":[{"name":"wp","href":"https:\/\/api.w.org\/{rel}","templated":true}]}}