{"id":19981,"date":"2024-05-07T19:17:17","date_gmt":"2024-05-07T17:17:17","guid":{"rendered":"https:\/\/iraurgiberritzen.eus\/?p=19981"},"modified":"2024-05-08T08:19:01","modified_gmt":"2024-05-08T06:19:01","slug":"el-alumnado-de-las-universidades-de-bizkaia-pagara-mucho-menos-por-el-transporte-diario","status":"publish","type":"post","link":"https:\/\/iraurgiberritzen.eus\/es\/el-alumnado-de-las-universidades-de-bizkaia-pagara-mucho-menos-por-el-transporte-diario\/","title":{"rendered":"El alumnado de las universidades de Bizkaia pagar\u00e1 mucho menos por el transporte diario"},"content":{"rendered":"<h5>Satisfacci\u00f3n de los Ayuntamientos de Urola y Deba por el impulso del departamento de Movilidad, Turismo y Ordenaci\u00f3n del Territorio de la Diputaci\u00f3n Foral al transporte universitario<\/h5>\n<p>&nbsp;<\/p>\n<p>Los Ayuntamientos de Azkoitia, Azpeitia, Zestoa, Zumaia, y Mendaro muestran su satisfacci\u00f3n tras aprobar la Diputaci\u00f3n Foral de Gipuzkoa subvencionar el transporte p\u00fablico a las universidades de Bizkaia, con el consiguiente ahorro de costes para el alumnado y trabajadores que se desplaza diariamente a los campus de Bizkaia. Era una vieja demanda que ha podido ser resuelta gracias a la colaboraci\u00f3n institucional.<\/p>\n<p>Esta tarde, la diputada de Movilidad, Turismo y Ordenaci\u00f3n del Territorio Azahara Dom\u00ednguez ha comparecido en rueda de prensa junto a los alcaldes de los cinco municipios, los representantes de la Asociaci\u00f3n Ziztu e Iraurgi Berritzen, para dar a conocer esta medida que supone, sin duda, un respaldo para la econom\u00eda de las y los universitarios y sus familias, as\u00ed como de los trabajadores que hacen uso del servicio.<\/p>\n<p>La alcaldesa de Azpeitia Nagore Alkorta ha elogiado la colaboraci\u00f3n entre las y los usuarios y las instituciones.<\/p>\n<p>Por su parte, la alcaldesa de Azkoitia y presidenta de Iraurgi Berritzen Ana Azkoitia tambi\u00e9n ha puesto el foco en la colaboraci\u00f3n. \u201cDesde el punto de vista de municipio y de comarca, el transporte p\u00fablico es una fortaleza. Hemos logrado unirnos como municipios ante una necesidad evidente, y creo que hay que ponerlo en valor. La confluencia de municipios y comarcas en torno a proyectos estrat\u00e9gicos nos trae beneficios, y aqu\u00ed tenemos un ejemplo\u201d.<\/p>\n<p><strong>Cuotas equiparables a Mugi<\/strong><\/p>\n<p>Si bien todav\u00eda hace falta realizar algunos ajustes al respecto de las tarifas a aplicar, se estima que las cuotas, se equiparen a los del servicio de Mugi. Adem\u00e1s, las tarifas tendr\u00e1n efecto retroactivo, de modo que las nuevas tarifas se aplicar\u00e1n desde el 1 de enero de este a\u00f1o.<br \/>\nLa Asociaci\u00f3n Piper ha dado paso a la Asociaci\u00f3n Ziztu, creada el a\u00f1o pasado, con el fin de encargarse de la gesti\u00f3n y promoci\u00f3n del transporte p\u00fablico entre los municipios de Urola y Deba y los campus de EHU\/UPV y de Deusto.<\/p>\n<p>Durante m\u00e1s de 25 a\u00f1os, la compa\u00f1\u00eda Aldalur ha ofrecido servicio de autob\u00fas entre las comarcas citadas y la capital vizca\u00edna. En julio del a\u00f1o pasado, las usuarias y usuarios acudieron a los Ayuntamientos afectados pidiendo una soluci\u00f3n, tras comunicar la compa\u00f1\u00eda de transporte que el servicio no era rentable y que se ve\u00eda en la necesidad de incrementar los precios.<\/p>\n<p>\u201cDesde un primer momento -indican desde la Asociaci\u00f3n Ziztu- hubo una excelente disposici\u00f3n por parte de ellos a buscar una soluci\u00f3n al problema de comunicaci\u00f3n y transporte de la comarca. Por poner en contexto y dar a conocer la incongruencia que existe, la distancia para la ruta m\u00e1s corta en tiempo entre Azkoitia y Donostia es de 55 km y entre Azkoitia y Bilbao, de 65 km, es decir, tan solo 10 km m\u00e1s. No obstante, la ruta Azkoitia \u2013 Donostia est\u00e1 cubierta con una l\u00ednea de autob\u00fas con frecuencias de hasta 30 minutos, mientras que no hay transporte directo de l\u00ednea para la vecina capital vizca\u00edna\u201d. \u201cMucha gente -contin\u00faan- de esta zona de Gipuzkoa tiene una necesidad real de desplazarse a diario a Bizkaia para estudiar o trabajar, pero sin embargo se ven abocados a cambiar su preferencia de estudios, a invertir una cantidad desproporcionada de dinero para el alquiler de un piso o desplazarse a diario en coche con el riesgo y sobrecoste que ello supone\u201d.<\/p>\n<p>Tras varias reuniones entre las partes, la Asociaci\u00f3n Ziztu y los Ayuntamientos instaron a la instituci\u00f3n foral a dar una respuesta que los usuarios califican de \u201csalvavidas\u201d. Aseguran que \u201cpermitir\u00e1 no solo mantener la l\u00ednea de transporte universitario, sino dar respuesta a una necesidad de transporte real y necesaria dentro de la comarca. Ayudar\u00e1 a estudiantes a estudiar lo que ellos prefieren sin que ello suponga un sobrecoste desmesurado a sus familias; permitir\u00e1 a trabajadores desplazarse a una distancia que, de otra manera, ser\u00eda inasumible tanto por los costes en combustible como por el riesgo que supone conducir todos los d\u00edas tantos kil\u00f3metros; contribuir\u00e1 a reducir la contaminaci\u00f3n y a aumentar la seguridad en las carreteras porque se reducir\u00e1 la cantidad de veh\u00edculos en la autopista y, sin dudar, ayudar\u00e1 a dar un impulso socioecon\u00f3mico a los pueblos de la zona\u201d.<\/p>\n<p>Por su parte, la diputada Azahara Dom\u00ednguez ha recordado que esta ha sido una \u201cprioridad\u201d de su departamento desde que fue nombrada diputada, hace menos de un a\u00f1o. \u201cDesde el Departamento de Movilidad, Turismo y Ordenaci\u00f3n del Territorio trabajamos para que el transporte p\u00fablico se adapte a las necesidades de las y los guipuzcoanos. Tambi\u00e9n cuando est\u00e1n fuera de nuestra competencia, como es el caso, porque es un transporte especial. No queremos dejar a nadie atr\u00e1s. Entendemos que no puede haber limitaciones econ\u00f3micas y geogr\u00e1ficas para acceder a la formaci\u00f3n universitaria y por ello vamos a seguir trabajando por un transporte p\u00fablico accesible para todos y todas y que ayude a construir una Gipuzkoa m\u00e1s justa\u201d.<\/p>\n<p>Por \u00faltimo, la asociaci\u00f3n universitaria Ziztu muestra su agradecimiento \u201cal Departamento de Movilidad, Turismo y Ordenaci\u00f3n del Territorio su compromiso de subvencionar este servicio de m\u00e1xima prioridad para la comarca, a los ayuntamientos y entidades p\u00fablicas de los pueblos de Urola y Deba por respaldar esta iniciativa desde un primer momento y a la Universidad del Pa\u00eds Vasco UPV\/EHU por la labor de intermediaci\u00f3n prestada\u201d.<\/p>\n<p>&nbsp;<\/p>\n","protected":false},"excerpt":{"rendered":"<p>Satisfacci\u00f3n de los Ayuntamientos de Urola y Deba por el impulso del departamento de Movilidad, Turismo y Ordenaci\u00f3n del Territorio de la Diputaci\u00f3n Foral al transporte universitario &nbsp; Los Ayuntamientos de Azkoitia, Azpeitia, Zestoa, Zumaia, y Mendaro muestran su satisfacci\u00f3n tras aprobar la Diputaci\u00f3n Foral de Gipuzkoa subvencionar el transporte p\u00fablico a las universidades de [&hellip;]<\/p>\n","protected":false},"author":4,"featured_media":19975,"comment_status":"closed","ping_status":"closed","sticky":false,"template":"","format":"standard","meta":{"_acf_changed":false,"footnotes":""},"categories":[4],"tags":[],"class_list":["post-19981","post","type-post","status-publish","format-standard","has-post-thumbnail","hentry","category-noticias","arloak-desarrollo-local"],"acf":[],"yoast_head":"<!-- This site is optimized with the Yoast SEO plugin v27.4 - https:\/\/yoast.com\/product\/yoast-seo-wordpress\/ -->\n<title>El alumnado de las universidades de Bizkaia pagar\u00e1 mucho menos por el transporte diario - Iraurgi Berritzen<\/title>\n<meta name=\"robots\" content=\"index, follow, max-snippet:-1, max-image-preview:large, max-video-preview:-1\" \/>\n<link rel=\"canonical\" href=\"https:\/\/iraurgiberritzen.eus\/es\/el-alumnado-de-las-universidades-de-bizkaia-pagara-mucho-menos-por-el-transporte-diario\/\" \/>\n<meta property=\"og:locale\" content=\"es_ES\" \/>\n<meta property=\"og:type\" content=\"article\" \/>\n<meta property=\"og:title\" content=\"El alumnado de las universidades de Bizkaia pagar\u00e1 mucho menos por el transporte diario - Iraurgi Berritzen\" \/>\n<meta property=\"og:description\" content=\"Satisfacci\u00f3n de los Ayuntamientos de Urola y Deba por el impulso del departamento de Movilidad, Turismo y Ordenaci\u00f3n del Territorio de la Diputaci\u00f3n Foral al transporte universitario &nbsp; Los Ayuntamientos de Azkoitia, Azpeitia, Zestoa, Zumaia, y Mendaro muestran su satisfacci\u00f3n tras aprobar la Diputaci\u00f3n Foral de Gipuzkoa subvencionar el transporte p\u00fablico a las universidades de [&hellip;]\" \/>\n<meta property=\"og:url\" content=\"https:\/\/iraurgiberritzen.eus\/es\/el-alumnado-de-las-universidades-de-bizkaia-pagara-mucho-menos-por-el-transporte-diario\/\" \/>\n<meta property=\"og:site_name\" content=\"Iraurgi Berritzen\" \/>\n<meta property=\"article:published_time\" content=\"2024-05-07T17:17:17+00:00\" \/>\n<meta property=\"article:modified_time\" content=\"2024-05-08T06:19:01+00:00\" \/>\n<meta property=\"og:image\" content=\"https:\/\/iraurgiberritzen.eus\/wp-content\/uploads\/2024\/05\/3278bc4e3a619cbc46dcd84a06f028eb_XL.jpg\" \/>\n\t<meta property=\"og:image:width\" content=\"775\" \/>\n\t<meta property=\"og:image:height\" content=\"583\" \/>\n\t<meta property=\"og:image:type\" content=\"image\/jpeg\" \/>\n<meta name=\"author\" content=\"ainara\" \/>\n<meta name=\"twitter:card\" content=\"summary_large_image\" \/>\n<meta name=\"twitter:label1\" content=\"Escrito por\" \/>\n\t<meta name=\"twitter:data1\" content=\"ainara\" \/>\n\t<meta name=\"twitter:label2\" content=\"Tiempo de lectura\" \/>\n\t<meta name=\"twitter:data2\" content=\"6 minutos\" \/>\n<script type=\"application\/ld+json\" class=\"yoast-schema-graph\">{\"@context\":\"https:\\\/\\\/schema.org\",\"@graph\":[{\"@type\":\"Article\",\"@id\":\"https:\\\/\\\/iraurgiberritzen.eus\\\/es\\\/el-alumnado-de-las-universidades-de-bizkaia-pagara-mucho-menos-por-el-transporte-diario\\\/#article\",\"isPartOf\":{\"@id\":\"https:\\\/\\\/iraurgiberritzen.eus\\\/es\\\/el-alumnado-de-las-universidades-de-bizkaia-pagara-mucho-menos-por-el-transporte-diario\\\/\"},\"author\":{\"name\":\"ainara\",\"@id\":\"https:\\\/\\\/iraurgiberritzen.eus\\\/es\\\/#\\\/schema\\\/person\\\/a32c9825b3e2bfcbe757a97f6a15c8a5\"},\"headline\":\"El alumnado de las universidades de Bizkaia pagar\u00e1 mucho menos por el transporte diario\",\"datePublished\":\"2024-05-07T17:17:17+00:00\",\"dateModified\":\"2024-05-08T06:19:01+00:00\",\"mainEntityOfPage\":{\"@id\":\"https:\\\/\\\/iraurgiberritzen.eus\\\/es\\\/el-alumnado-de-las-universidades-de-bizkaia-pagara-mucho-menos-por-el-transporte-diario\\\/\"},\"wordCount\":982,\"publisher\":{\"@id\":\"https:\\\/\\\/iraurgiberritzen.eus\\\/es\\\/#organization\"},\"image\":{\"@id\":\"https:\\\/\\\/iraurgiberritzen.eus\\\/es\\\/el-alumnado-de-las-universidades-de-bizkaia-pagara-mucho-menos-por-el-transporte-diario\\\/#primaryimage\"},\"thumbnailUrl\":\"https:\\\/\\\/iraurgiberritzen.eus\\\/wp-content\\\/uploads\\\/2024\\\/05\\\/3278bc4e3a619cbc46dcd84a06f028eb_XL.jpg\",\"articleSection\":[\"Noticias\"],\"inLanguage\":\"es\"},{\"@type\":\"WebPage\",\"@id\":\"https:\\\/\\\/iraurgiberritzen.eus\\\/es\\\/el-alumnado-de-las-universidades-de-bizkaia-pagara-mucho-menos-por-el-transporte-diario\\\/\",\"url\":\"https:\\\/\\\/iraurgiberritzen.eus\\\/es\\\/el-alumnado-de-las-universidades-de-bizkaia-pagara-mucho-menos-por-el-transporte-diario\\\/\",\"name\":\"El alumnado de las universidades de Bizkaia pagar\u00e1 mucho menos por el transporte diario - Iraurgi Berritzen\",\"isPartOf\":{\"@id\":\"https:\\\/\\\/iraurgiberritzen.eus\\\/es\\\/#website\"},\"primaryImageOfPage\":{\"@id\":\"https:\\\/\\\/iraurgiberritzen.eus\\\/es\\\/el-alumnado-de-las-universidades-de-bizkaia-pagara-mucho-menos-por-el-transporte-diario\\\/#primaryimage\"},\"image\":{\"@id\":\"https:\\\/\\\/iraurgiberritzen.eus\\\/es\\\/el-alumnado-de-las-universidades-de-bizkaia-pagara-mucho-menos-por-el-transporte-diario\\\/#primaryimage\"},\"thumbnailUrl\":\"https:\\\/\\\/iraurgiberritzen.eus\\\/wp-content\\\/uploads\\\/2024\\\/05\\\/3278bc4e3a619cbc46dcd84a06f028eb_XL.jpg\",\"datePublished\":\"2024-05-07T17:17:17+00:00\",\"dateModified\":\"2024-05-08T06:19:01+00:00\",\"breadcrumb\":{\"@id\":\"https:\\\/\\\/iraurgiberritzen.eus\\\/es\\\/el-alumnado-de-las-universidades-de-bizkaia-pagara-mucho-menos-por-el-transporte-diario\\\/#breadcrumb\"},\"inLanguage\":\"es\",\"potentialAction\":[{\"@type\":\"ReadAction\",\"target\":[\"https:\\\/\\\/iraurgiberritzen.eus\\\/es\\\/el-alumnado-de-las-universidades-de-bizkaia-pagara-mucho-menos-por-el-transporte-diario\\\/\"]}]},{\"@type\":\"ImageObject\",\"inLanguage\":\"es\",\"@id\":\"https:\\\/\\\/iraurgiberritzen.eus\\\/es\\\/el-alumnado-de-las-universidades-de-bizkaia-pagara-mucho-menos-por-el-transporte-diario\\\/#primaryimage\",\"url\":\"https:\\\/\\\/iraurgiberritzen.eus\\\/wp-content\\\/uploads\\\/2024\\\/05\\\/3278bc4e3a619cbc46dcd84a06f028eb_XL.jpg\",\"contentUrl\":\"https:\\\/\\\/iraurgiberritzen.eus\\\/wp-content\\\/uploads\\\/2024\\\/05\\\/3278bc4e3a619cbc46dcd84a06f028eb_XL.jpg\",\"width\":775,\"height\":583},{\"@type\":\"BreadcrumbList\",\"@id\":\"https:\\\/\\\/iraurgiberritzen.eus\\\/es\\\/el-alumnado-de-las-universidades-de-bizkaia-pagara-mucho-menos-por-el-transporte-diario\\\/#breadcrumb\",\"itemListElement\":[{\"@type\":\"ListItem\",\"position\":1,\"name\":\"Home\",\"item\":\"https:\\\/\\\/iraurgiberritzen.eus\\\/es\\\/\"},{\"@type\":\"ListItem\",\"position\":2,\"name\":\"El alumnado de las universidades de Bizkaia pagar\u00e1 mucho menos por el transporte diario\"}]},{\"@type\":\"WebSite\",\"@id\":\"https:\\\/\\\/iraurgiberritzen.eus\\\/es\\\/#website\",\"url\":\"https:\\\/\\\/iraurgiberritzen.eus\\\/es\\\/\",\"name\":\"Iraurgi Berritzen\",\"description\":\"Urola Erdiko Garapen Agentzia\",\"publisher\":{\"@id\":\"https:\\\/\\\/iraurgiberritzen.eus\\\/es\\\/#organization\"},\"potentialAction\":[{\"@type\":\"SearchAction\",\"target\":{\"@type\":\"EntryPoint\",\"urlTemplate\":\"https:\\\/\\\/iraurgiberritzen.eus\\\/es\\\/?s={search_term_string}\"},\"query-input\":{\"@type\":\"PropertyValueSpecification\",\"valueRequired\":true,\"valueName\":\"search_term_string\"}}],\"inLanguage\":\"es\"},{\"@type\":\"Organization\",\"@id\":\"https:\\\/\\\/iraurgiberritzen.eus\\\/es\\\/#organization\",\"name\":\"Iraurgi Berritzen\",\"url\":\"https:\\\/\\\/iraurgiberritzen.eus\\\/es\\\/\",\"logo\":{\"@type\":\"ImageObject\",\"inLanguage\":\"es\",\"@id\":\"https:\\\/\\\/iraurgiberritzen.eus\\\/es\\\/#\\\/schema\\\/logo\\\/image\\\/\",\"url\":\"https:\\\/\\\/iraurgiberritzen.eus\\\/wp-content\\\/uploads\\\/2024\\\/02\\\/IRAURGI-BERRITZEN-logotipoa_2.png\",\"contentUrl\":\"https:\\\/\\\/iraurgiberritzen.eus\\\/wp-content\\\/uploads\\\/2024\\\/02\\\/IRAURGI-BERRITZEN-logotipoa_2.png\",\"width\":496,\"height\":190,\"caption\":\"Iraurgi Berritzen\"},\"image\":{\"@id\":\"https:\\\/\\\/iraurgiberritzen.eus\\\/es\\\/#\\\/schema\\\/logo\\\/image\\\/\"}},{\"@type\":\"Person\",\"@id\":\"https:\\\/\\\/iraurgiberritzen.eus\\\/es\\\/#\\\/schema\\\/person\\\/a32c9825b3e2bfcbe757a97f6a15c8a5\",\"name\":\"ainara\"}]}<\/script>\n<!-- \/ Yoast SEO plugin. -->","yoast_head_json":{"title":"El alumnado de las universidades de Bizkaia pagar\u00e1 mucho menos por el transporte diario - Iraurgi Berritzen","robots":{"index":"index","follow":"follow","max-snippet":"max-snippet:-1","max-image-preview":"max-image-preview:large","max-video-preview":"max-video-preview:-1"},"canonical":"https:\/\/iraurgiberritzen.eus\/es\/el-alumnado-de-las-universidades-de-bizkaia-pagara-mucho-menos-por-el-transporte-diario\/","og_locale":"es_ES","og_type":"article","og_title":"El alumnado de las universidades de Bizkaia pagar\u00e1 mucho menos por el transporte diario - Iraurgi Berritzen","og_description":"Satisfacci\u00f3n de los Ayuntamientos de Urola y Deba por el impulso del departamento de Movilidad, Turismo y Ordenaci\u00f3n del Territorio de la Diputaci\u00f3n Foral al transporte universitario &nbsp; Los Ayuntamientos de Azkoitia, Azpeitia, Zestoa, Zumaia, y Mendaro muestran su satisfacci\u00f3n tras aprobar la Diputaci\u00f3n Foral de Gipuzkoa subvencionar el transporte p\u00fablico a las universidades de [&hellip;]","og_url":"https:\/\/iraurgiberritzen.eus\/es\/el-alumnado-de-las-universidades-de-bizkaia-pagara-mucho-menos-por-el-transporte-diario\/","og_site_name":"Iraurgi Berritzen","article_published_time":"2024-05-07T17:17:17+00:00","article_modified_time":"2024-05-08T06:19:01+00:00","og_image":[{"width":775,"height":583,"url":"https:\/\/iraurgiberritzen.eus\/wp-content\/uploads\/2024\/05\/3278bc4e3a619cbc46dcd84a06f028eb_XL.jpg","type":"image\/jpeg"}],"author":"ainara","twitter_card":"summary_large_image","twitter_misc":{"Escrito por":"ainara","Tiempo de lectura":"6 minutos"},"schema":{"@context":"https:\/\/schema.org","@graph":[{"@type":"Article","@id":"https:\/\/iraurgiberritzen.eus\/es\/el-alumnado-de-las-universidades-de-bizkaia-pagara-mucho-menos-por-el-transporte-diario\/#article","isPartOf":{"@id":"https:\/\/iraurgiberritzen.eus\/es\/el-alumnado-de-las-universidades-de-bizkaia-pagara-mucho-menos-por-el-transporte-diario\/"},"author":{"name":"ainara","@id":"https:\/\/iraurgiberritzen.eus\/es\/#\/schema\/person\/a32c9825b3e2bfcbe757a97f6a15c8a5"},"headline":"El alumnado de las universidades de Bizkaia pagar\u00e1 mucho menos por el transporte diario","datePublished":"2024-05-07T17:17:17+00:00","dateModified":"2024-05-08T06:19:01+00:00","mainEntityOfPage":{"@id":"https:\/\/iraurgiberritzen.eus\/es\/el-alumnado-de-las-universidades-de-bizkaia-pagara-mucho-menos-por-el-transporte-diario\/"},"wordCount":982,"publisher":{"@id":"https:\/\/iraurgiberritzen.eus\/es\/#organization"},"image":{"@id":"https:\/\/iraurgiberritzen.eus\/es\/el-alumnado-de-las-universidades-de-bizkaia-pagara-mucho-menos-por-el-transporte-diario\/#primaryimage"},"thumbnailUrl":"https:\/\/iraurgiberritzen.eus\/wp-content\/uploads\/2024\/05\/3278bc4e3a619cbc46dcd84a06f028eb_XL.jpg","articleSection":["Noticias"],"inLanguage":"es"},{"@type":"WebPage","@id":"https:\/\/iraurgiberritzen.eus\/es\/el-alumnado-de-las-universidades-de-bizkaia-pagara-mucho-menos-por-el-transporte-diario\/","url":"https:\/\/iraurgiberritzen.eus\/es\/el-alumnado-de-las-universidades-de-bizkaia-pagara-mucho-menos-por-el-transporte-diario\/","name":"El alumnado de las universidades de Bizkaia pagar\u00e1 mucho menos por el transporte diario - Iraurgi Berritzen","isPartOf":{"@id":"https:\/\/iraurgiberritzen.eus\/es\/#website"},"primaryImageOfPage":{"@id":"https:\/\/iraurgiberritzen.eus\/es\/el-alumnado-de-las-universidades-de-bizkaia-pagara-mucho-menos-por-el-transporte-diario\/#primaryimage"},"image":{"@id":"https:\/\/iraurgiberritzen.eus\/es\/el-alumnado-de-las-universidades-de-bizkaia-pagara-mucho-menos-por-el-transporte-diario\/#primaryimage"},"thumbnailUrl":"https:\/\/iraurgiberritzen.eus\/wp-content\/uploads\/2024\/05\/3278bc4e3a619cbc46dcd84a06f028eb_XL.jpg","datePublished":"2024-05-07T17:17:17+00:00","dateModified":"2024-05-08T06:19:01+00:00","breadcrumb":{"@id":"https:\/\/iraurgiberritzen.eus\/es\/el-alumnado-de-las-universidades-de-bizkaia-pagara-mucho-menos-por-el-transporte-diario\/#breadcrumb"},"inLanguage":"es","potentialAction":[{"@type":"ReadAction","target":["https:\/\/iraurgiberritzen.eus\/es\/el-alumnado-de-las-universidades-de-bizkaia-pagara-mucho-menos-por-el-transporte-diario\/"]}]},{"@type":"ImageObject","inLanguage":"es","@id":"https:\/\/iraurgiberritzen.eus\/es\/el-alumnado-de-las-universidades-de-bizkaia-pagara-mucho-menos-por-el-transporte-diario\/#primaryimage","url":"https:\/\/iraurgiberritzen.eus\/wp-content\/uploads\/2024\/05\/3278bc4e3a619cbc46dcd84a06f028eb_XL.jpg","contentUrl":"https:\/\/iraurgiberritzen.eus\/wp-content\/uploads\/2024\/05\/3278bc4e3a619cbc46dcd84a06f028eb_XL.jpg","width":775,"height":583},{"@type":"BreadcrumbList","@id":"https:\/\/iraurgiberritzen.eus\/es\/el-alumnado-de-las-universidades-de-bizkaia-pagara-mucho-menos-por-el-transporte-diario\/#breadcrumb","itemListElement":[{"@type":"ListItem","position":1,"name":"Home","item":"https:\/\/iraurgiberritzen.eus\/es\/"},{"@type":"ListItem","position":2,"name":"El alumnado de las universidades de Bizkaia pagar\u00e1 mucho menos por el transporte diario"}]},{"@type":"WebSite","@id":"https:\/\/iraurgiberritzen.eus\/es\/#website","url":"https:\/\/iraurgiberritzen.eus\/es\/","name":"Iraurgi Berritzen","description":"Urola Erdiko Garapen Agentzia","publisher":{"@id":"https:\/\/iraurgiberritzen.eus\/es\/#organization"},"potentialAction":[{"@type":"SearchAction","target":{"@type":"EntryPoint","urlTemplate":"https:\/\/iraurgiberritzen.eus\/es\/?s={search_term_string}"},"query-input":{"@type":"PropertyValueSpecification","valueRequired":true,"valueName":"search_term_string"}}],"inLanguage":"es"},{"@type":"Organization","@id":"https:\/\/iraurgiberritzen.eus\/es\/#organization","name":"Iraurgi Berritzen","url":"https:\/\/iraurgiberritzen.eus\/es\/","logo":{"@type":"ImageObject","inLanguage":"es","@id":"https:\/\/iraurgiberritzen.eus\/es\/#\/schema\/logo\/image\/","url":"https:\/\/iraurgiberritzen.eus\/wp-content\/uploads\/2024\/02\/IRAURGI-BERRITZEN-logotipoa_2.png","contentUrl":"https:\/\/iraurgiberritzen.eus\/wp-content\/uploads\/2024\/02\/IRAURGI-BERRITZEN-logotipoa_2.png","width":496,"height":190,"caption":"Iraurgi Berritzen"},"image":{"@id":"https:\/\/iraurgiberritzen.eus\/es\/#\/schema\/logo\/image\/"}},{"@type":"Person","@id":"https:\/\/iraurgiberritzen.eus\/es\/#\/schema\/person\/a32c9825b3e2bfcbe757a97f6a15c8a5","name":"ainara"}]}},"_links":{"self":[{"href":"https:\/\/iraurgiberritzen.eus\/es\/wp-json\/wp\/v2\/posts\/19981","targetHints":{"allow":["GET"]}}],"collection":[{"href":"https:\/\/iraurgiberritzen.eus\/es\/wp-json\/wp\/v2\/posts"}],"about":[{"href":"https:\/\/iraurgiberritzen.eus\/es\/wp-json\/wp\/v2\/types\/post"}],"author":[{"embeddable":true,"href":"https:\/\/iraurgiberritzen.eus\/es\/wp-json\/wp\/v2\/users\/4"}],"replies":[{"embeddable":true,"href":"https:\/\/iraurgiberritzen.eus\/es\/wp-json\/wp\/v2\/comments?post=19981"}],"version-history":[{"count":5,"href":"https:\/\/iraurgiberritzen.eus\/es\/wp-json\/wp\/v2\/posts\/19981\/revisions"}],"predecessor-version":[{"id":19983,"href":"https:\/\/iraurgiberritzen.eus\/es\/wp-json\/wp\/v2\/posts\/19981\/revisions\/19983"}],"wp:featuredmedia":[{"embeddable":true,"href":"https:\/\/iraurgiberritzen.eus\/es\/wp-json\/wp\/v2\/media\/19975"}],"wp:attachment":[{"href":"https:\/\/iraurgiberritzen.eus\/es\/wp-json\/wp\/v2\/media?parent=19981"}],"wp:term":[{"taxonomy":"category","embeddable":true,"href":"https:\/\/iraurgiberritzen.eus\/es\/wp-json\/wp\/v2\/categories?post=19981"},{"taxonomy":"post_tag","embeddable":true,"href":"https:\/\/iraurgiberritzen.eus\/es\/wp-json\/wp\/v2\/tags?post=19981"}],"curies":[{"name":"wp","href":"https:\/\/api.w.org\/{rel}","templated":true}]}}