{"id":20103,"date":"2024-05-16T09:08:40","date_gmt":"2024-05-16T07:08:40","guid":{"rendered":"https:\/\/iraurgiberritzen.eus\/?p=20103"},"modified":"2024-05-16T09:08:40","modified_gmt":"2024-05-16T07:08:40","slug":"impulsando-la-transformacion-digital-de-los-pequenos-negocios","status":"publish","type":"post","link":"https:\/\/iraurgiberritzen.eus\/es\/impulsando-la-transformacion-digital-de-los-pequenos-negocios\/","title":{"rendered":"Impulsando la Transformaci\u00f3n Digital de los Peque\u00f1os negocios"},"content":{"rendered":"<p>En los \u00faltimos meses, desde la iniciativa <strong>KLINK<\/strong>, y m\u00e1s concretamente dentro de <strong>KLINK BIDE<\/strong>, se ha estado trabajando para ofrecer a los peque\u00f1os negocios y comercios locales herramientas y conocimientos clave para impulsar su presencia digital y mejorar su comunicaci\u00f3n con los clientes. A trav\u00e9s de una serie de formaciones especializadas, se ha buscado fortalecer la competitividad y sostenibilidad de estos establecimientos en un entorno cada vez m\u00e1s digitalizado.<\/p>\n<p>Las formaciones, que abarcaron diversos aspectos de la presencia online y la comunicaci\u00f3n digital, incluyeron un Plan de Comunicaci\u00f3n para llegar a la clientela local, el uso de tecnolog\u00eda GPT para la generaci\u00f3n de contenido en redes sociales, talleres de fotograf\u00eda enfocados en Instagram, y el desarrollo de la identidad digital de cada negocio.<\/p>\n<p>En resumen, estas formaciones han proporcionado a los peque\u00f1os comercios y negocios locales las herramientas necesarias para adaptarse y prosperar en un entorno comercial cada vez m\u00e1s digital. Al mejorar su presencia online, optimizar su comunicaci\u00f3n y desarrollar una identidad digital s\u00f3lida, estos establecimientos est\u00e1n mejor posicionados para alcanzar el \u00e9xito en el mercado actual.<\/p>\n<p>El programa KLINK tiene como objetivo fomentar el emprendimiento en Urola Erdia y a lo largo del primer semestre se han organizado otras acciones en este programa. Entre ellas es de destacar la tertulia de caf\u00e9 que tuvo lugar en marzo como punto de partida para crear una red de emprendimiento.<\/p>\n<p>Por otra parte, en el seno de <strong>KLINK ATARI<\/strong> se han realizado diversas acciones para dar visibilidad al emprendimiento. En febrero se llev\u00f3 a cabo la entrega de premios dirigida a los j\u00f3venes del centro Izarraitz Lanbide Heziketa con el objetivo de reconocer sus proyectos empresariales innovadores de los mismos, o en abril, en el D\u00eda Internacional del Emprendimiento, se realiz\u00f3 un acto de reconocimiento dirigido a las personas emprendedoras locales. Siguiendo con el \u00e1mbito educativo, se ha desarrollado el proyecto \u00a1Izan Ekintzaile! en tres centros educativos de la comarca, promoviendo as\u00ed el esp\u00edritu emprendedor entre los j\u00f3venes.<\/p>\n<p>&nbsp;<\/p>\n","protected":false},"excerpt":{"rendered":"<p>En los \u00faltimos meses, desde la iniciativa KLINK, y m\u00e1s concretamente dentro de KLINK BIDE, se ha estado trabajando para ofrecer a los peque\u00f1os negocios y comercios locales herramientas y conocimientos clave para impulsar su presencia digital y mejorar su comunicaci\u00f3n con los clientes. A trav\u00e9s de una serie de formaciones especializadas, se ha buscado [&hellip;]<\/p>\n","protected":false},"author":4,"featured_media":20092,"comment_status":"closed","ping_status":"closed","sticky":false,"template":"","format":"standard","meta":{"_acf_changed":false,"footnotes":""},"categories":[4],"tags":[],"class_list":["post-20103","post","type-post","status-publish","format-standard","has-post-thumbnail","hentry","category-noticias","arloak-emprendimiento"],"acf":[],"yoast_head":"<!-- This site is optimized with the Yoast SEO plugin v27.4 - https:\/\/yoast.com\/product\/yoast-seo-wordpress\/ -->\n<title>Impulsando la Transformaci\u00f3n Digital de los Peque\u00f1os negocios - Iraurgi Berritzen<\/title>\n<meta name=\"robots\" content=\"index, follow, max-snippet:-1, max-image-preview:large, max-video-preview:-1\" \/>\n<link rel=\"canonical\" href=\"https:\/\/iraurgiberritzen.eus\/es\/impulsando-la-transformacion-digital-de-los-pequenos-negocios\/\" \/>\n<meta property=\"og:locale\" content=\"es_ES\" \/>\n<meta property=\"og:type\" content=\"article\" \/>\n<meta property=\"og:title\" content=\"Impulsando la Transformaci\u00f3n Digital de los Peque\u00f1os negocios - Iraurgi Berritzen\" \/>\n<meta property=\"og:description\" content=\"En los \u00faltimos meses, desde la iniciativa KLINK, y m\u00e1s concretamente dentro de KLINK BIDE, se ha estado trabajando para ofrecer a los peque\u00f1os negocios y comercios locales herramientas y conocimientos clave para impulsar su presencia digital y mejorar su comunicaci\u00f3n con los clientes. A trav\u00e9s de una serie de formaciones especializadas, se ha buscado [&hellip;]\" \/>\n<meta property=\"og:url\" content=\"https:\/\/iraurgiberritzen.eus\/es\/impulsando-la-transformacion-digital-de-los-pequenos-negocios\/\" \/>\n<meta property=\"og:site_name\" content=\"Iraurgi Berritzen\" \/>\n<meta property=\"article:published_time\" content=\"2024-05-16T07:08:40+00:00\" \/>\n<meta property=\"og:image\" content=\"https:\/\/iraurgiberritzen.eus\/wp-content\/uploads\/2024\/05\/IMG_1203-scaled.jpg\" \/>\n\t<meta property=\"og:image:width\" content=\"2560\" \/>\n\t<meta property=\"og:image:height\" content=\"1920\" \/>\n\t<meta property=\"og:image:type\" content=\"image\/jpeg\" \/>\n<meta name=\"author\" content=\"ainara\" \/>\n<meta name=\"twitter:card\" content=\"summary_large_image\" \/>\n<meta name=\"twitter:label1\" content=\"Escrito por\" \/>\n\t<meta name=\"twitter:data1\" content=\"ainara\" \/>\n\t<meta name=\"twitter:label2\" content=\"Tiempo de lectura\" \/>\n\t<meta name=\"twitter:data2\" content=\"2 minutos\" \/>\n<script type=\"application\/ld+json\" class=\"yoast-schema-graph\">{\"@context\":\"https:\\\/\\\/schema.org\",\"@graph\":[{\"@type\":\"Article\",\"@id\":\"https:\\\/\\\/iraurgiberritzen.eus\\\/es\\\/impulsando-la-transformacion-digital-de-los-pequenos-negocios\\\/#article\",\"isPartOf\":{\"@id\":\"https:\\\/\\\/iraurgiberritzen.eus\\\/es\\\/impulsando-la-transformacion-digital-de-los-pequenos-negocios\\\/\"},\"author\":{\"name\":\"ainara\",\"@id\":\"https:\\\/\\\/iraurgiberritzen.eus\\\/es\\\/#\\\/schema\\\/person\\\/a32c9825b3e2bfcbe757a97f6a15c8a5\"},\"headline\":\"Impulsando la Transformaci\u00f3n Digital de los Peque\u00f1os negocios\",\"datePublished\":\"2024-05-16T07:08:40+00:00\",\"mainEntityOfPage\":{\"@id\":\"https:\\\/\\\/iraurgiberritzen.eus\\\/es\\\/impulsando-la-transformacion-digital-de-los-pequenos-negocios\\\/\"},\"wordCount\":358,\"publisher\":{\"@id\":\"https:\\\/\\\/iraurgiberritzen.eus\\\/es\\\/#organization\"},\"image\":{\"@id\":\"https:\\\/\\\/iraurgiberritzen.eus\\\/es\\\/impulsando-la-transformacion-digital-de-los-pequenos-negocios\\\/#primaryimage\"},\"thumbnailUrl\":\"https:\\\/\\\/iraurgiberritzen.eus\\\/wp-content\\\/uploads\\\/2024\\\/05\\\/IMG_1203-scaled.jpg\",\"articleSection\":[\"Noticias\"],\"inLanguage\":\"es\"},{\"@type\":\"WebPage\",\"@id\":\"https:\\\/\\\/iraurgiberritzen.eus\\\/es\\\/impulsando-la-transformacion-digital-de-los-pequenos-negocios\\\/\",\"url\":\"https:\\\/\\\/iraurgiberritzen.eus\\\/es\\\/impulsando-la-transformacion-digital-de-los-pequenos-negocios\\\/\",\"name\":\"Impulsando la Transformaci\u00f3n Digital de los Peque\u00f1os negocios - Iraurgi Berritzen\",\"isPartOf\":{\"@id\":\"https:\\\/\\\/iraurgiberritzen.eus\\\/es\\\/#website\"},\"primaryImageOfPage\":{\"@id\":\"https:\\\/\\\/iraurgiberritzen.eus\\\/es\\\/impulsando-la-transformacion-digital-de-los-pequenos-negocios\\\/#primaryimage\"},\"image\":{\"@id\":\"https:\\\/\\\/iraurgiberritzen.eus\\\/es\\\/impulsando-la-transformacion-digital-de-los-pequenos-negocios\\\/#primaryimage\"},\"thumbnailUrl\":\"https:\\\/\\\/iraurgiberritzen.eus\\\/wp-content\\\/uploads\\\/2024\\\/05\\\/IMG_1203-scaled.jpg\",\"datePublished\":\"2024-05-16T07:08:40+00:00\",\"breadcrumb\":{\"@id\":\"https:\\\/\\\/iraurgiberritzen.eus\\\/es\\\/impulsando-la-transformacion-digital-de-los-pequenos-negocios\\\/#breadcrumb\"},\"inLanguage\":\"es\",\"potentialAction\":[{\"@type\":\"ReadAction\",\"target\":[\"https:\\\/\\\/iraurgiberritzen.eus\\\/es\\\/impulsando-la-transformacion-digital-de-los-pequenos-negocios\\\/\"]}]},{\"@type\":\"ImageObject\",\"inLanguage\":\"es\",\"@id\":\"https:\\\/\\\/iraurgiberritzen.eus\\\/es\\\/impulsando-la-transformacion-digital-de-los-pequenos-negocios\\\/#primaryimage\",\"url\":\"https:\\\/\\\/iraurgiberritzen.eus\\\/wp-content\\\/uploads\\\/2024\\\/05\\\/IMG_1203-scaled.jpg\",\"contentUrl\":\"https:\\\/\\\/iraurgiberritzen.eus\\\/wp-content\\\/uploads\\\/2024\\\/05\\\/IMG_1203-scaled.jpg\",\"width\":2560,\"height\":1920},{\"@type\":\"BreadcrumbList\",\"@id\":\"https:\\\/\\\/iraurgiberritzen.eus\\\/es\\\/impulsando-la-transformacion-digital-de-los-pequenos-negocios\\\/#breadcrumb\",\"itemListElement\":[{\"@type\":\"ListItem\",\"position\":1,\"name\":\"Home\",\"item\":\"https:\\\/\\\/iraurgiberritzen.eus\\\/es\\\/\"},{\"@type\":\"ListItem\",\"position\":2,\"name\":\"Impulsando la Transformaci\u00f3n Digital de los Peque\u00f1os negocios\"}]},{\"@type\":\"WebSite\",\"@id\":\"https:\\\/\\\/iraurgiberritzen.eus\\\/es\\\/#website\",\"url\":\"https:\\\/\\\/iraurgiberritzen.eus\\\/es\\\/\",\"name\":\"Iraurgi Berritzen\",\"description\":\"Urola Erdiko Garapen Agentzia\",\"publisher\":{\"@id\":\"https:\\\/\\\/iraurgiberritzen.eus\\\/es\\\/#organization\"},\"potentialAction\":[{\"@type\":\"SearchAction\",\"target\":{\"@type\":\"EntryPoint\",\"urlTemplate\":\"https:\\\/\\\/iraurgiberritzen.eus\\\/es\\\/?s={search_term_string}\"},\"query-input\":{\"@type\":\"PropertyValueSpecification\",\"valueRequired\":true,\"valueName\":\"search_term_string\"}}],\"inLanguage\":\"es\"},{\"@type\":\"Organization\",\"@id\":\"https:\\\/\\\/iraurgiberritzen.eus\\\/es\\\/#organization\",\"name\":\"Iraurgi Berritzen\",\"url\":\"https:\\\/\\\/iraurgiberritzen.eus\\\/es\\\/\",\"logo\":{\"@type\":\"ImageObject\",\"inLanguage\":\"es\",\"@id\":\"https:\\\/\\\/iraurgiberritzen.eus\\\/es\\\/#\\\/schema\\\/logo\\\/image\\\/\",\"url\":\"https:\\\/\\\/iraurgiberritzen.eus\\\/wp-content\\\/uploads\\\/2024\\\/02\\\/IRAURGI-BERRITZEN-logotipoa_2.png\",\"contentUrl\":\"https:\\\/\\\/iraurgiberritzen.eus\\\/wp-content\\\/uploads\\\/2024\\\/02\\\/IRAURGI-BERRITZEN-logotipoa_2.png\",\"width\":496,\"height\":190,\"caption\":\"Iraurgi Berritzen\"},\"image\":{\"@id\":\"https:\\\/\\\/iraurgiberritzen.eus\\\/es\\\/#\\\/schema\\\/logo\\\/image\\\/\"}},{\"@type\":\"Person\",\"@id\":\"https:\\\/\\\/iraurgiberritzen.eus\\\/es\\\/#\\\/schema\\\/person\\\/a32c9825b3e2bfcbe757a97f6a15c8a5\",\"name\":\"ainara\"}]}<\/script>\n<!-- \/ Yoast SEO plugin. -->","yoast_head_json":{"title":"Impulsando la Transformaci\u00f3n Digital de los Peque\u00f1os negocios - Iraurgi Berritzen","robots":{"index":"index","follow":"follow","max-snippet":"max-snippet:-1","max-image-preview":"max-image-preview:large","max-video-preview":"max-video-preview:-1"},"canonical":"https:\/\/iraurgiberritzen.eus\/es\/impulsando-la-transformacion-digital-de-los-pequenos-negocios\/","og_locale":"es_ES","og_type":"article","og_title":"Impulsando la Transformaci\u00f3n Digital de los Peque\u00f1os negocios - Iraurgi Berritzen","og_description":"En los \u00faltimos meses, desde la iniciativa KLINK, y m\u00e1s concretamente dentro de KLINK BIDE, se ha estado trabajando para ofrecer a los peque\u00f1os negocios y comercios locales herramientas y conocimientos clave para impulsar su presencia digital y mejorar su comunicaci\u00f3n con los clientes. A trav\u00e9s de una serie de formaciones especializadas, se ha buscado [&hellip;]","og_url":"https:\/\/iraurgiberritzen.eus\/es\/impulsando-la-transformacion-digital-de-los-pequenos-negocios\/","og_site_name":"Iraurgi Berritzen","article_published_time":"2024-05-16T07:08:40+00:00","og_image":[{"width":2560,"height":1920,"url":"https:\/\/iraurgiberritzen.eus\/wp-content\/uploads\/2024\/05\/IMG_1203-scaled.jpg","type":"image\/jpeg"}],"author":"ainara","twitter_card":"summary_large_image","twitter_misc":{"Escrito por":"ainara","Tiempo de lectura":"2 minutos"},"schema":{"@context":"https:\/\/schema.org","@graph":[{"@type":"Article","@id":"https:\/\/iraurgiberritzen.eus\/es\/impulsando-la-transformacion-digital-de-los-pequenos-negocios\/#article","isPartOf":{"@id":"https:\/\/iraurgiberritzen.eus\/es\/impulsando-la-transformacion-digital-de-los-pequenos-negocios\/"},"author":{"name":"ainara","@id":"https:\/\/iraurgiberritzen.eus\/es\/#\/schema\/person\/a32c9825b3e2bfcbe757a97f6a15c8a5"},"headline":"Impulsando la Transformaci\u00f3n Digital de los Peque\u00f1os negocios","datePublished":"2024-05-16T07:08:40+00:00","mainEntityOfPage":{"@id":"https:\/\/iraurgiberritzen.eus\/es\/impulsando-la-transformacion-digital-de-los-pequenos-negocios\/"},"wordCount":358,"publisher":{"@id":"https:\/\/iraurgiberritzen.eus\/es\/#organization"},"image":{"@id":"https:\/\/iraurgiberritzen.eus\/es\/impulsando-la-transformacion-digital-de-los-pequenos-negocios\/#primaryimage"},"thumbnailUrl":"https:\/\/iraurgiberritzen.eus\/wp-content\/uploads\/2024\/05\/IMG_1203-scaled.jpg","articleSection":["Noticias"],"inLanguage":"es"},{"@type":"WebPage","@id":"https:\/\/iraurgiberritzen.eus\/es\/impulsando-la-transformacion-digital-de-los-pequenos-negocios\/","url":"https:\/\/iraurgiberritzen.eus\/es\/impulsando-la-transformacion-digital-de-los-pequenos-negocios\/","name":"Impulsando la Transformaci\u00f3n Digital de los Peque\u00f1os negocios - Iraurgi Berritzen","isPartOf":{"@id":"https:\/\/iraurgiberritzen.eus\/es\/#website"},"primaryImageOfPage":{"@id":"https:\/\/iraurgiberritzen.eus\/es\/impulsando-la-transformacion-digital-de-los-pequenos-negocios\/#primaryimage"},"image":{"@id":"https:\/\/iraurgiberritzen.eus\/es\/impulsando-la-transformacion-digital-de-los-pequenos-negocios\/#primaryimage"},"thumbnailUrl":"https:\/\/iraurgiberritzen.eus\/wp-content\/uploads\/2024\/05\/IMG_1203-scaled.jpg","datePublished":"2024-05-16T07:08:40+00:00","breadcrumb":{"@id":"https:\/\/iraurgiberritzen.eus\/es\/impulsando-la-transformacion-digital-de-los-pequenos-negocios\/#breadcrumb"},"inLanguage":"es","potentialAction":[{"@type":"ReadAction","target":["https:\/\/iraurgiberritzen.eus\/es\/impulsando-la-transformacion-digital-de-los-pequenos-negocios\/"]}]},{"@type":"ImageObject","inLanguage":"es","@id":"https:\/\/iraurgiberritzen.eus\/es\/impulsando-la-transformacion-digital-de-los-pequenos-negocios\/#primaryimage","url":"https:\/\/iraurgiberritzen.eus\/wp-content\/uploads\/2024\/05\/IMG_1203-scaled.jpg","contentUrl":"https:\/\/iraurgiberritzen.eus\/wp-content\/uploads\/2024\/05\/IMG_1203-scaled.jpg","width":2560,"height":1920},{"@type":"BreadcrumbList","@id":"https:\/\/iraurgiberritzen.eus\/es\/impulsando-la-transformacion-digital-de-los-pequenos-negocios\/#breadcrumb","itemListElement":[{"@type":"ListItem","position":1,"name":"Home","item":"https:\/\/iraurgiberritzen.eus\/es\/"},{"@type":"ListItem","position":2,"name":"Impulsando la Transformaci\u00f3n Digital de los Peque\u00f1os negocios"}]},{"@type":"WebSite","@id":"https:\/\/iraurgiberritzen.eus\/es\/#website","url":"https:\/\/iraurgiberritzen.eus\/es\/","name":"Iraurgi Berritzen","description":"Urola Erdiko Garapen Agentzia","publisher":{"@id":"https:\/\/iraurgiberritzen.eus\/es\/#organization"},"potentialAction":[{"@type":"SearchAction","target":{"@type":"EntryPoint","urlTemplate":"https:\/\/iraurgiberritzen.eus\/es\/?s={search_term_string}"},"query-input":{"@type":"PropertyValueSpecification","valueRequired":true,"valueName":"search_term_string"}}],"inLanguage":"es"},{"@type":"Organization","@id":"https:\/\/iraurgiberritzen.eus\/es\/#organization","name":"Iraurgi Berritzen","url":"https:\/\/iraurgiberritzen.eus\/es\/","logo":{"@type":"ImageObject","inLanguage":"es","@id":"https:\/\/iraurgiberritzen.eus\/es\/#\/schema\/logo\/image\/","url":"https:\/\/iraurgiberritzen.eus\/wp-content\/uploads\/2024\/02\/IRAURGI-BERRITZEN-logotipoa_2.png","contentUrl":"https:\/\/iraurgiberritzen.eus\/wp-content\/uploads\/2024\/02\/IRAURGI-BERRITZEN-logotipoa_2.png","width":496,"height":190,"caption":"Iraurgi Berritzen"},"image":{"@id":"https:\/\/iraurgiberritzen.eus\/es\/#\/schema\/logo\/image\/"}},{"@type":"Person","@id":"https:\/\/iraurgiberritzen.eus\/es\/#\/schema\/person\/a32c9825b3e2bfcbe757a97f6a15c8a5","name":"ainara"}]}},"_links":{"self":[{"href":"https:\/\/iraurgiberritzen.eus\/es\/wp-json\/wp\/v2\/posts\/20103","targetHints":{"allow":["GET"]}}],"collection":[{"href":"https:\/\/iraurgiberritzen.eus\/es\/wp-json\/wp\/v2\/posts"}],"about":[{"href":"https:\/\/iraurgiberritzen.eus\/es\/wp-json\/wp\/v2\/types\/post"}],"author":[{"embeddable":true,"href":"https:\/\/iraurgiberritzen.eus\/es\/wp-json\/wp\/v2\/users\/4"}],"replies":[{"embeddable":true,"href":"https:\/\/iraurgiberritzen.eus\/es\/wp-json\/wp\/v2\/comments?post=20103"}],"version-history":[{"count":1,"href":"https:\/\/iraurgiberritzen.eus\/es\/wp-json\/wp\/v2\/posts\/20103\/revisions"}],"predecessor-version":[{"id":20104,"href":"https:\/\/iraurgiberritzen.eus\/es\/wp-json\/wp\/v2\/posts\/20103\/revisions\/20104"}],"wp:featuredmedia":[{"embeddable":true,"href":"https:\/\/iraurgiberritzen.eus\/es\/wp-json\/wp\/v2\/media\/20092"}],"wp:attachment":[{"href":"https:\/\/iraurgiberritzen.eus\/es\/wp-json\/wp\/v2\/media?parent=20103"}],"wp:term":[{"taxonomy":"category","embeddable":true,"href":"https:\/\/iraurgiberritzen.eus\/es\/wp-json\/wp\/v2\/categories?post=20103"},{"taxonomy":"post_tag","embeddable":true,"href":"https:\/\/iraurgiberritzen.eus\/es\/wp-json\/wp\/v2\/tags?post=20103"}],"curies":[{"name":"wp","href":"https:\/\/api.w.org\/{rel}","templated":true}]}}