{"id":20165,"date":"2024-05-22T13:56:46","date_gmt":"2024-05-22T11:56:46","guid":{"rendered":"https:\/\/iraurgiberritzen.eus\/?p=20165"},"modified":"2024-05-23T11:23:55","modified_gmt":"2024-05-23T09:23:55","slug":"empresas-de-urola-erdia-y-urola-garaia-comparten-experiencias-y-aprendizajes-de-los-proyectos-trabajados-en-economia-circular","status":"publish","type":"post","link":"https:\/\/iraurgiberritzen.eus\/es\/empresas-de-urola-erdia-y-urola-garaia-comparten-experiencias-y-aprendizajes-de-los-proyectos-trabajados-en-economia-circular\/","title":{"rendered":"Empresas de Urola Erdia y Urola Garaia comparten experiencias y aprendizajes de los proyectos trabajados en Econom\u00eda Circular"},"content":{"rendered":"<p>Hoy, 22 de Mayo, dentro del proyecto \u201cUrola Zirkularra\u201d y con el fin de impulsar la Econom\u00eda Circular en las comarcas de Urola Erdia y Urola Garaia se ha celebrado una sesi\u00f3n colectiva donde han tomado parte las 5 empresas que han desarrollado el proyecto, con el fin de compartir experiencias y aprendizajes. A su vez han estado presentes los expertos de B+I Strategy, quienes han apoyado en el desarrollo de los proyectos, representantes de Ihobe, as\u00ed como Iraurgi Berritzen y Uggasa, las 2 agencias de desarrollo e innovaci\u00f3n que son las que han impulsado el proyecto en su respectivas comarcas.<\/p>\n<p>El proyecto se puso en marcha en Junio del 2023 con el objetivo de identificar, valorar y priorizar nuevas oportunidades y nichos de mercado vinculados a la Econom\u00eda Circular en las pymes industriales de Urola Erdia y Urola Garaia, generando cada empresa un plan de acci\u00f3n individual para el impulso de dichas oportunidades.<br \/>\nLa sesi\u00f3n se ha iniciado presentando los resultados del proyecto, proceso de trabajo, resultados y aprendizajes conjuntos.<\/p>\n<p>A continuaci\u00f3n cada una de las 5 empresas ha compartido la valoraci\u00f3n del proceso, valoraci\u00f3n de oportunidades detectadas, aprendizajes, posibles barreras, etc.<\/p>\n<p>Por \u00faltimo, ha habido un espacio de debate y di\u00e1logo con Ihobe, dando adem\u00e1s a conocer las diferentes herramientas y apoyos existentes para poder avanzar en las oportunidades detectadas y recogidas en la hoja de ruta definida por cada empresa.<\/p>\n<p>La valoraci\u00f3n realizada por las 5 empresas participantes ha sido muy positiva. Zorionak por el trabajo realizado, y en especial a las 2 empresas de nuestra comarca, Glual Energy, S.L. y Elmubas Ib\u00e9rica, S.L.<\/p>\n<p>Este proyecto se ha realizado dentro del programa PYME Circular gracias a la financiaci\u00f3n recibida por el Gobierno Vasco a trav\u00e9s de la entidad p\u00fablica IHOBE.<\/p>\n","protected":false},"excerpt":{"rendered":"<p>Hoy, 22 de Mayo, dentro del proyecto \u201cUrola Zirkularra\u201d y con el fin de impulsar la Econom\u00eda Circular en las comarcas de Urola Erdia y Urola Garaia se ha celebrado una sesi\u00f3n colectiva donde han tomado parte las 5 empresas que han desarrollado el proyecto, con el fin de compartir experiencias y aprendizajes. A su [&hellip;]<\/p>\n","protected":false},"author":4,"featured_media":20168,"comment_status":"closed","ping_status":"closed","sticky":false,"template":"","format":"standard","meta":{"_acf_changed":false,"footnotes":""},"categories":[4],"tags":[],"class_list":["post-20165","post","type-post","status-publish","format-standard","has-post-thumbnail","hentry","category-noticias","arloak-enpresa"],"acf":[],"yoast_head":"<!-- This site is optimized with the Yoast SEO plugin v27.4 - https:\/\/yoast.com\/product\/yoast-seo-wordpress\/ -->\n<title>Empresas de Urola Erdia y Urola Garaia comparten experiencias y aprendizajes de los proyectos trabajados en Econom\u00eda Circular - Iraurgi Berritzen<\/title>\n<meta name=\"robots\" content=\"index, follow, max-snippet:-1, max-image-preview:large, max-video-preview:-1\" \/>\n<link rel=\"canonical\" href=\"https:\/\/iraurgiberritzen.eus\/es\/empresas-de-urola-erdia-y-urola-garaia-comparten-experiencias-y-aprendizajes-de-los-proyectos-trabajados-en-economia-circular\/\" \/>\n<meta property=\"og:locale\" content=\"es_ES\" \/>\n<meta property=\"og:type\" content=\"article\" \/>\n<meta property=\"og:title\" content=\"Empresas de Urola Erdia y Urola Garaia comparten experiencias y aprendizajes de los proyectos trabajados en Econom\u00eda Circular - Iraurgi Berritzen\" \/>\n<meta property=\"og:description\" content=\"Hoy, 22 de Mayo, dentro del proyecto \u201cUrola Zirkularra\u201d y con el fin de impulsar la Econom\u00eda Circular en las comarcas de Urola Erdia y Urola Garaia se ha celebrado una sesi\u00f3n colectiva donde han tomado parte las 5 empresas que han desarrollado el proyecto, con el fin de compartir experiencias y aprendizajes. A su [&hellip;]\" \/>\n<meta property=\"og:url\" content=\"https:\/\/iraurgiberritzen.eus\/es\/empresas-de-urola-erdia-y-urola-garaia-comparten-experiencias-y-aprendizajes-de-los-proyectos-trabajados-en-economia-circular\/\" \/>\n<meta property=\"og:site_name\" content=\"Iraurgi Berritzen\" \/>\n<meta property=\"article:published_time\" content=\"2024-05-22T11:56:46+00:00\" \/>\n<meta property=\"article:modified_time\" content=\"2024-05-23T09:23:55+00:00\" \/>\n<meta property=\"og:image\" content=\"https:\/\/iraurgiberritzen.eus\/wp-content\/uploads\/2024\/05\/WhatsApp-Image-2024-05-22-at-17.32.04.jpeg\" \/>\n\t<meta property=\"og:image:width\" content=\"1600\" \/>\n\t<meta property=\"og:image:height\" content=\"1200\" \/>\n\t<meta property=\"og:image:type\" content=\"image\/jpeg\" \/>\n<meta name=\"author\" content=\"ainara\" \/>\n<meta name=\"twitter:card\" content=\"summary_large_image\" \/>\n<meta name=\"twitter:label1\" content=\"Escrito por\" \/>\n\t<meta name=\"twitter:data1\" content=\"ainara\" \/>\n\t<meta name=\"twitter:label2\" content=\"Tiempo de lectura\" \/>\n\t<meta name=\"twitter:data2\" content=\"2 minutos\" \/>\n<script type=\"application\/ld+json\" class=\"yoast-schema-graph\">{\"@context\":\"https:\\\/\\\/schema.org\",\"@graph\":[{\"@type\":\"Article\",\"@id\":\"https:\\\/\\\/iraurgiberritzen.eus\\\/es\\\/empresas-de-urola-erdia-y-urola-garaia-comparten-experiencias-y-aprendizajes-de-los-proyectos-trabajados-en-economia-circular\\\/#article\",\"isPartOf\":{\"@id\":\"https:\\\/\\\/iraurgiberritzen.eus\\\/es\\\/empresas-de-urola-erdia-y-urola-garaia-comparten-experiencias-y-aprendizajes-de-los-proyectos-trabajados-en-economia-circular\\\/\"},\"author\":{\"name\":\"ainara\",\"@id\":\"https:\\\/\\\/iraurgiberritzen.eus\\\/es\\\/#\\\/schema\\\/person\\\/a32c9825b3e2bfcbe757a97f6a15c8a5\"},\"headline\":\"Empresas de Urola Erdia y Urola Garaia comparten experiencias y aprendizajes de los proyectos trabajados en Econom\u00eda Circular\",\"datePublished\":\"2024-05-22T11:56:46+00:00\",\"dateModified\":\"2024-05-23T09:23:55+00:00\",\"mainEntityOfPage\":{\"@id\":\"https:\\\/\\\/iraurgiberritzen.eus\\\/es\\\/empresas-de-urola-erdia-y-urola-garaia-comparten-experiencias-y-aprendizajes-de-los-proyectos-trabajados-en-economia-circular\\\/\"},\"wordCount\":324,\"publisher\":{\"@id\":\"https:\\\/\\\/iraurgiberritzen.eus\\\/es\\\/#organization\"},\"image\":{\"@id\":\"https:\\\/\\\/iraurgiberritzen.eus\\\/es\\\/empresas-de-urola-erdia-y-urola-garaia-comparten-experiencias-y-aprendizajes-de-los-proyectos-trabajados-en-economia-circular\\\/#primaryimage\"},\"thumbnailUrl\":\"https:\\\/\\\/iraurgiberritzen.eus\\\/wp-content\\\/uploads\\\/2024\\\/05\\\/WhatsApp-Image-2024-05-22-at-17.32.04.jpeg\",\"articleSection\":[\"Noticias\"],\"inLanguage\":\"es\"},{\"@type\":\"WebPage\",\"@id\":\"https:\\\/\\\/iraurgiberritzen.eus\\\/es\\\/empresas-de-urola-erdia-y-urola-garaia-comparten-experiencias-y-aprendizajes-de-los-proyectos-trabajados-en-economia-circular\\\/\",\"url\":\"https:\\\/\\\/iraurgiberritzen.eus\\\/es\\\/empresas-de-urola-erdia-y-urola-garaia-comparten-experiencias-y-aprendizajes-de-los-proyectos-trabajados-en-economia-circular\\\/\",\"name\":\"Empresas de Urola Erdia y Urola Garaia comparten experiencias y aprendizajes de los proyectos trabajados en Econom\u00eda Circular - Iraurgi Berritzen\",\"isPartOf\":{\"@id\":\"https:\\\/\\\/iraurgiberritzen.eus\\\/es\\\/#website\"},\"primaryImageOfPage\":{\"@id\":\"https:\\\/\\\/iraurgiberritzen.eus\\\/es\\\/empresas-de-urola-erdia-y-urola-garaia-comparten-experiencias-y-aprendizajes-de-los-proyectos-trabajados-en-economia-circular\\\/#primaryimage\"},\"image\":{\"@id\":\"https:\\\/\\\/iraurgiberritzen.eus\\\/es\\\/empresas-de-urola-erdia-y-urola-garaia-comparten-experiencias-y-aprendizajes-de-los-proyectos-trabajados-en-economia-circular\\\/#primaryimage\"},\"thumbnailUrl\":\"https:\\\/\\\/iraurgiberritzen.eus\\\/wp-content\\\/uploads\\\/2024\\\/05\\\/WhatsApp-Image-2024-05-22-at-17.32.04.jpeg\",\"datePublished\":\"2024-05-22T11:56:46+00:00\",\"dateModified\":\"2024-05-23T09:23:55+00:00\",\"breadcrumb\":{\"@id\":\"https:\\\/\\\/iraurgiberritzen.eus\\\/es\\\/empresas-de-urola-erdia-y-urola-garaia-comparten-experiencias-y-aprendizajes-de-los-proyectos-trabajados-en-economia-circular\\\/#breadcrumb\"},\"inLanguage\":\"es\",\"potentialAction\":[{\"@type\":\"ReadAction\",\"target\":[\"https:\\\/\\\/iraurgiberritzen.eus\\\/es\\\/empresas-de-urola-erdia-y-urola-garaia-comparten-experiencias-y-aprendizajes-de-los-proyectos-trabajados-en-economia-circular\\\/\"]}]},{\"@type\":\"ImageObject\",\"inLanguage\":\"es\",\"@id\":\"https:\\\/\\\/iraurgiberritzen.eus\\\/es\\\/empresas-de-urola-erdia-y-urola-garaia-comparten-experiencias-y-aprendizajes-de-los-proyectos-trabajados-en-economia-circular\\\/#primaryimage\",\"url\":\"https:\\\/\\\/iraurgiberritzen.eus\\\/wp-content\\\/uploads\\\/2024\\\/05\\\/WhatsApp-Image-2024-05-22-at-17.32.04.jpeg\",\"contentUrl\":\"https:\\\/\\\/iraurgiberritzen.eus\\\/wp-content\\\/uploads\\\/2024\\\/05\\\/WhatsApp-Image-2024-05-22-at-17.32.04.jpeg\",\"width\":1600,\"height\":1200},{\"@type\":\"BreadcrumbList\",\"@id\":\"https:\\\/\\\/iraurgiberritzen.eus\\\/es\\\/empresas-de-urola-erdia-y-urola-garaia-comparten-experiencias-y-aprendizajes-de-los-proyectos-trabajados-en-economia-circular\\\/#breadcrumb\",\"itemListElement\":[{\"@type\":\"ListItem\",\"position\":1,\"name\":\"Home\",\"item\":\"https:\\\/\\\/iraurgiberritzen.eus\\\/es\\\/\"},{\"@type\":\"ListItem\",\"position\":2,\"name\":\"Empresas de Urola Erdia y Urola Garaia comparten experiencias y aprendizajes de los proyectos trabajados en Econom\u00eda Circular\"}]},{\"@type\":\"WebSite\",\"@id\":\"https:\\\/\\\/iraurgiberritzen.eus\\\/es\\\/#website\",\"url\":\"https:\\\/\\\/iraurgiberritzen.eus\\\/es\\\/\",\"name\":\"Iraurgi Berritzen\",\"description\":\"Urola Erdiko Garapen Agentzia\",\"publisher\":{\"@id\":\"https:\\\/\\\/iraurgiberritzen.eus\\\/es\\\/#organization\"},\"potentialAction\":[{\"@type\":\"SearchAction\",\"target\":{\"@type\":\"EntryPoint\",\"urlTemplate\":\"https:\\\/\\\/iraurgiberritzen.eus\\\/es\\\/?s={search_term_string}\"},\"query-input\":{\"@type\":\"PropertyValueSpecification\",\"valueRequired\":true,\"valueName\":\"search_term_string\"}}],\"inLanguage\":\"es\"},{\"@type\":\"Organization\",\"@id\":\"https:\\\/\\\/iraurgiberritzen.eus\\\/es\\\/#organization\",\"name\":\"Iraurgi Berritzen\",\"url\":\"https:\\\/\\\/iraurgiberritzen.eus\\\/es\\\/\",\"logo\":{\"@type\":\"ImageObject\",\"inLanguage\":\"es\",\"@id\":\"https:\\\/\\\/iraurgiberritzen.eus\\\/es\\\/#\\\/schema\\\/logo\\\/image\\\/\",\"url\":\"https:\\\/\\\/iraurgiberritzen.eus\\\/wp-content\\\/uploads\\\/2024\\\/02\\\/IRAURGI-BERRITZEN-logotipoa_2.png\",\"contentUrl\":\"https:\\\/\\\/iraurgiberritzen.eus\\\/wp-content\\\/uploads\\\/2024\\\/02\\\/IRAURGI-BERRITZEN-logotipoa_2.png\",\"width\":496,\"height\":190,\"caption\":\"Iraurgi Berritzen\"},\"image\":{\"@id\":\"https:\\\/\\\/iraurgiberritzen.eus\\\/es\\\/#\\\/schema\\\/logo\\\/image\\\/\"}},{\"@type\":\"Person\",\"@id\":\"https:\\\/\\\/iraurgiberritzen.eus\\\/es\\\/#\\\/schema\\\/person\\\/a32c9825b3e2bfcbe757a97f6a15c8a5\",\"name\":\"ainara\"}]}<\/script>\n<!-- \/ Yoast SEO plugin. -->","yoast_head_json":{"title":"Empresas de Urola Erdia y Urola Garaia comparten experiencias y aprendizajes de los proyectos trabajados en Econom\u00eda Circular - Iraurgi Berritzen","robots":{"index":"index","follow":"follow","max-snippet":"max-snippet:-1","max-image-preview":"max-image-preview:large","max-video-preview":"max-video-preview:-1"},"canonical":"https:\/\/iraurgiberritzen.eus\/es\/empresas-de-urola-erdia-y-urola-garaia-comparten-experiencias-y-aprendizajes-de-los-proyectos-trabajados-en-economia-circular\/","og_locale":"es_ES","og_type":"article","og_title":"Empresas de Urola Erdia y Urola Garaia comparten experiencias y aprendizajes de los proyectos trabajados en Econom\u00eda Circular - Iraurgi Berritzen","og_description":"Hoy, 22 de Mayo, dentro del proyecto \u201cUrola Zirkularra\u201d y con el fin de impulsar la Econom\u00eda Circular en las comarcas de Urola Erdia y Urola Garaia se ha celebrado una sesi\u00f3n colectiva donde han tomado parte las 5 empresas que han desarrollado el proyecto, con el fin de compartir experiencias y aprendizajes. A su [&hellip;]","og_url":"https:\/\/iraurgiberritzen.eus\/es\/empresas-de-urola-erdia-y-urola-garaia-comparten-experiencias-y-aprendizajes-de-los-proyectos-trabajados-en-economia-circular\/","og_site_name":"Iraurgi Berritzen","article_published_time":"2024-05-22T11:56:46+00:00","article_modified_time":"2024-05-23T09:23:55+00:00","og_image":[{"width":1600,"height":1200,"url":"https:\/\/iraurgiberritzen.eus\/wp-content\/uploads\/2024\/05\/WhatsApp-Image-2024-05-22-at-17.32.04.jpeg","type":"image\/jpeg"}],"author":"ainara","twitter_card":"summary_large_image","twitter_misc":{"Escrito por":"ainara","Tiempo de lectura":"2 minutos"},"schema":{"@context":"https:\/\/schema.org","@graph":[{"@type":"Article","@id":"https:\/\/iraurgiberritzen.eus\/es\/empresas-de-urola-erdia-y-urola-garaia-comparten-experiencias-y-aprendizajes-de-los-proyectos-trabajados-en-economia-circular\/#article","isPartOf":{"@id":"https:\/\/iraurgiberritzen.eus\/es\/empresas-de-urola-erdia-y-urola-garaia-comparten-experiencias-y-aprendizajes-de-los-proyectos-trabajados-en-economia-circular\/"},"author":{"name":"ainara","@id":"https:\/\/iraurgiberritzen.eus\/es\/#\/schema\/person\/a32c9825b3e2bfcbe757a97f6a15c8a5"},"headline":"Empresas de Urola Erdia y Urola Garaia comparten experiencias y aprendizajes de los proyectos trabajados en Econom\u00eda Circular","datePublished":"2024-05-22T11:56:46+00:00","dateModified":"2024-05-23T09:23:55+00:00","mainEntityOfPage":{"@id":"https:\/\/iraurgiberritzen.eus\/es\/empresas-de-urola-erdia-y-urola-garaia-comparten-experiencias-y-aprendizajes-de-los-proyectos-trabajados-en-economia-circular\/"},"wordCount":324,"publisher":{"@id":"https:\/\/iraurgiberritzen.eus\/es\/#organization"},"image":{"@id":"https:\/\/iraurgiberritzen.eus\/es\/empresas-de-urola-erdia-y-urola-garaia-comparten-experiencias-y-aprendizajes-de-los-proyectos-trabajados-en-economia-circular\/#primaryimage"},"thumbnailUrl":"https:\/\/iraurgiberritzen.eus\/wp-content\/uploads\/2024\/05\/WhatsApp-Image-2024-05-22-at-17.32.04.jpeg","articleSection":["Noticias"],"inLanguage":"es"},{"@type":"WebPage","@id":"https:\/\/iraurgiberritzen.eus\/es\/empresas-de-urola-erdia-y-urola-garaia-comparten-experiencias-y-aprendizajes-de-los-proyectos-trabajados-en-economia-circular\/","url":"https:\/\/iraurgiberritzen.eus\/es\/empresas-de-urola-erdia-y-urola-garaia-comparten-experiencias-y-aprendizajes-de-los-proyectos-trabajados-en-economia-circular\/","name":"Empresas de Urola Erdia y Urola Garaia comparten experiencias y aprendizajes de los proyectos trabajados en Econom\u00eda Circular - Iraurgi Berritzen","isPartOf":{"@id":"https:\/\/iraurgiberritzen.eus\/es\/#website"},"primaryImageOfPage":{"@id":"https:\/\/iraurgiberritzen.eus\/es\/empresas-de-urola-erdia-y-urola-garaia-comparten-experiencias-y-aprendizajes-de-los-proyectos-trabajados-en-economia-circular\/#primaryimage"},"image":{"@id":"https:\/\/iraurgiberritzen.eus\/es\/empresas-de-urola-erdia-y-urola-garaia-comparten-experiencias-y-aprendizajes-de-los-proyectos-trabajados-en-economia-circular\/#primaryimage"},"thumbnailUrl":"https:\/\/iraurgiberritzen.eus\/wp-content\/uploads\/2024\/05\/WhatsApp-Image-2024-05-22-at-17.32.04.jpeg","datePublished":"2024-05-22T11:56:46+00:00","dateModified":"2024-05-23T09:23:55+00:00","breadcrumb":{"@id":"https:\/\/iraurgiberritzen.eus\/es\/empresas-de-urola-erdia-y-urola-garaia-comparten-experiencias-y-aprendizajes-de-los-proyectos-trabajados-en-economia-circular\/#breadcrumb"},"inLanguage":"es","potentialAction":[{"@type":"ReadAction","target":["https:\/\/iraurgiberritzen.eus\/es\/empresas-de-urola-erdia-y-urola-garaia-comparten-experiencias-y-aprendizajes-de-los-proyectos-trabajados-en-economia-circular\/"]}]},{"@type":"ImageObject","inLanguage":"es","@id":"https:\/\/iraurgiberritzen.eus\/es\/empresas-de-urola-erdia-y-urola-garaia-comparten-experiencias-y-aprendizajes-de-los-proyectos-trabajados-en-economia-circular\/#primaryimage","url":"https:\/\/iraurgiberritzen.eus\/wp-content\/uploads\/2024\/05\/WhatsApp-Image-2024-05-22-at-17.32.04.jpeg","contentUrl":"https:\/\/iraurgiberritzen.eus\/wp-content\/uploads\/2024\/05\/WhatsApp-Image-2024-05-22-at-17.32.04.jpeg","width":1600,"height":1200},{"@type":"BreadcrumbList","@id":"https:\/\/iraurgiberritzen.eus\/es\/empresas-de-urola-erdia-y-urola-garaia-comparten-experiencias-y-aprendizajes-de-los-proyectos-trabajados-en-economia-circular\/#breadcrumb","itemListElement":[{"@type":"ListItem","position":1,"name":"Home","item":"https:\/\/iraurgiberritzen.eus\/es\/"},{"@type":"ListItem","position":2,"name":"Empresas de Urola Erdia y Urola Garaia comparten experiencias y aprendizajes de los proyectos trabajados en Econom\u00eda Circular"}]},{"@type":"WebSite","@id":"https:\/\/iraurgiberritzen.eus\/es\/#website","url":"https:\/\/iraurgiberritzen.eus\/es\/","name":"Iraurgi Berritzen","description":"Urola Erdiko Garapen Agentzia","publisher":{"@id":"https:\/\/iraurgiberritzen.eus\/es\/#organization"},"potentialAction":[{"@type":"SearchAction","target":{"@type":"EntryPoint","urlTemplate":"https:\/\/iraurgiberritzen.eus\/es\/?s={search_term_string}"},"query-input":{"@type":"PropertyValueSpecification","valueRequired":true,"valueName":"search_term_string"}}],"inLanguage":"es"},{"@type":"Organization","@id":"https:\/\/iraurgiberritzen.eus\/es\/#organization","name":"Iraurgi Berritzen","url":"https:\/\/iraurgiberritzen.eus\/es\/","logo":{"@type":"ImageObject","inLanguage":"es","@id":"https:\/\/iraurgiberritzen.eus\/es\/#\/schema\/logo\/image\/","url":"https:\/\/iraurgiberritzen.eus\/wp-content\/uploads\/2024\/02\/IRAURGI-BERRITZEN-logotipoa_2.png","contentUrl":"https:\/\/iraurgiberritzen.eus\/wp-content\/uploads\/2024\/02\/IRAURGI-BERRITZEN-logotipoa_2.png","width":496,"height":190,"caption":"Iraurgi Berritzen"},"image":{"@id":"https:\/\/iraurgiberritzen.eus\/es\/#\/schema\/logo\/image\/"}},{"@type":"Person","@id":"https:\/\/iraurgiberritzen.eus\/es\/#\/schema\/person\/a32c9825b3e2bfcbe757a97f6a15c8a5","name":"ainara"}]}},"_links":{"self":[{"href":"https:\/\/iraurgiberritzen.eus\/es\/wp-json\/wp\/v2\/posts\/20165","targetHints":{"allow":["GET"]}}],"collection":[{"href":"https:\/\/iraurgiberritzen.eus\/es\/wp-json\/wp\/v2\/posts"}],"about":[{"href":"https:\/\/iraurgiberritzen.eus\/es\/wp-json\/wp\/v2\/types\/post"}],"author":[{"embeddable":true,"href":"https:\/\/iraurgiberritzen.eus\/es\/wp-json\/wp\/v2\/users\/4"}],"replies":[{"embeddable":true,"href":"https:\/\/iraurgiberritzen.eus\/es\/wp-json\/wp\/v2\/comments?post=20165"}],"version-history":[{"count":1,"href":"https:\/\/iraurgiberritzen.eus\/es\/wp-json\/wp\/v2\/posts\/20165\/revisions"}],"predecessor-version":[{"id":20166,"href":"https:\/\/iraurgiberritzen.eus\/es\/wp-json\/wp\/v2\/posts\/20165\/revisions\/20166"}],"wp:featuredmedia":[{"embeddable":true,"href":"https:\/\/iraurgiberritzen.eus\/es\/wp-json\/wp\/v2\/media\/20168"}],"wp:attachment":[{"href":"https:\/\/iraurgiberritzen.eus\/es\/wp-json\/wp\/v2\/media?parent=20165"}],"wp:term":[{"taxonomy":"category","embeddable":true,"href":"https:\/\/iraurgiberritzen.eus\/es\/wp-json\/wp\/v2\/categories?post=20165"},{"taxonomy":"post_tag","embeddable":true,"href":"https:\/\/iraurgiberritzen.eus\/es\/wp-json\/wp\/v2\/tags?post=20165"}],"curies":[{"name":"wp","href":"https:\/\/api.w.org\/{rel}","templated":true}]}}