{"id":20231,"date":"2024-05-30T14:26:13","date_gmt":"2024-05-30T12:26:13","guid":{"rendered":"https:\/\/iraurgiberritzen.eus\/?p=20231"},"modified":"2024-05-30T14:26:13","modified_gmt":"2024-05-30T12:26:13","slug":"5-establecimientos-comarcales-en-el-camino-de-la-excelencia","status":"publish","type":"post","link":"https:\/\/iraurgiberritzen.eus\/es\/5-establecimientos-comarcales-en-el-camino-de-la-excelencia\/","title":{"rendered":"5 establecimientos comarcales en el camino de la excelencia"},"content":{"rendered":"<p>De la mano de EUSKALIT_ y con la financiaci\u00f3n del Gobierno Vasco, se ha puesto en marcha una nueva convocatoria de \u201cSaltokitik Enpresara\u201d.<\/p>\n<p>El objetivo principal del programa es dotar a los comerciantes de herramientas y m\u00e9todos para gestionar diariamente sus puntos de venta para mejorar su posici\u00f3n competitiva, eficiencia empresarial y resultados de negocio. La metodolog\u00eda incluye formaci\u00f3n y apoyo pr\u00e1ctico para la aplicaci\u00f3n efectiva de buenas pr\u00e1cticas comerciales.<\/p>\n<p>En ella se alternan sesiones grupales e individuales y de sesi\u00f3n a sesi\u00f3n se lleva a cabo una aplicaci\u00f3n real de lo aprendido en el establecimiento de la mano de un experto.<\/p>\n<p>La participaci\u00f3n en el programa requiere un compromiso firme por parte de los establecimientos, ya que se llevar\u00e1 a cabo entre junio y noviembre.<\/p>\n<p>Especialmente rese\u00f1able es que en esta convocatoria participan 5 establecimientos de nuestra comarca, Furundarena Calzados, Arrospide Calzados, Larra\u00f1aga Deportes, Naiena tienda de ropa y Peluquer\u00eda NK.<\/p>\n","protected":false},"excerpt":{"rendered":"<p>De la mano de EUSKALIT_ y con la financiaci\u00f3n del Gobierno Vasco, se ha puesto en marcha una nueva convocatoria de \u201cSaltokitik Enpresara\u201d. El objetivo principal del programa es dotar a los comerciantes de herramientas y m\u00e9todos para gestionar diariamente sus puntos de venta para mejorar su posici\u00f3n competitiva, eficiencia empresarial y resultados de negocio. [&hellip;]<\/p>\n","protected":false},"author":4,"featured_media":20229,"comment_status":"closed","ping_status":"closed","sticky":false,"template":"","format":"standard","meta":{"_acf_changed":false,"footnotes":""},"categories":[4],"tags":[],"class_list":["post-20231","post","type-post","status-publish","format-standard","has-post-thumbnail","hentry","category-noticias","arloak-comercio"],"acf":[],"yoast_head":"<!-- This site is optimized with the Yoast SEO plugin v27.4 - https:\/\/yoast.com\/product\/yoast-seo-wordpress\/ -->\n<title>5 establecimientos comarcales en el camino de la excelencia - Iraurgi Berritzen<\/title>\n<meta name=\"robots\" content=\"index, follow, max-snippet:-1, max-image-preview:large, max-video-preview:-1\" \/>\n<link rel=\"canonical\" href=\"https:\/\/iraurgiberritzen.eus\/es\/5-establecimientos-comarcales-en-el-camino-de-la-excelencia\/\" \/>\n<meta property=\"og:locale\" content=\"es_ES\" \/>\n<meta property=\"og:type\" content=\"article\" \/>\n<meta property=\"og:title\" content=\"5 establecimientos comarcales en el camino de la excelencia - Iraurgi Berritzen\" \/>\n<meta property=\"og:description\" content=\"De la mano de EUSKALIT_ y con la financiaci\u00f3n del Gobierno Vasco, se ha puesto en marcha una nueva convocatoria de \u201cSaltokitik Enpresara\u201d. El objetivo principal del programa es dotar a los comerciantes de herramientas y m\u00e9todos para gestionar diariamente sus puntos de venta para mejorar su posici\u00f3n competitiva, eficiencia empresarial y resultados de negocio. [&hellip;]\" \/>\n<meta property=\"og:url\" content=\"https:\/\/iraurgiberritzen.eus\/es\/5-establecimientos-comarcales-en-el-camino-de-la-excelencia\/\" \/>\n<meta property=\"og:site_name\" content=\"Iraurgi Berritzen\" \/>\n<meta property=\"article:published_time\" content=\"2024-05-30T12:26:13+00:00\" \/>\n<meta property=\"og:image\" content=\"https:\/\/iraurgiberritzen.eus\/wp-content\/uploads\/2024\/05\/saltokitik-enpresara-2.png\" \/>\n\t<meta property=\"og:image:width\" content=\"700\" \/>\n\t<meta property=\"og:image:height\" content=\"500\" \/>\n\t<meta property=\"og:image:type\" content=\"image\/png\" \/>\n<meta name=\"author\" content=\"ainara\" \/>\n<meta name=\"twitter:card\" content=\"summary_large_image\" \/>\n<meta name=\"twitter:label1\" content=\"Escrito por\" \/>\n\t<meta name=\"twitter:data1\" content=\"ainara\" \/>\n\t<meta name=\"twitter:label2\" content=\"Tiempo de lectura\" \/>\n\t<meta name=\"twitter:data2\" content=\"1 minuto\" \/>\n<script type=\"application\/ld+json\" class=\"yoast-schema-graph\">{\"@context\":\"https:\\\/\\\/schema.org\",\"@graph\":[{\"@type\":\"Article\",\"@id\":\"https:\\\/\\\/iraurgiberritzen.eus\\\/es\\\/5-establecimientos-comarcales-en-el-camino-de-la-excelencia\\\/#article\",\"isPartOf\":{\"@id\":\"https:\\\/\\\/iraurgiberritzen.eus\\\/es\\\/5-establecimientos-comarcales-en-el-camino-de-la-excelencia\\\/\"},\"author\":{\"name\":\"ainara\",\"@id\":\"https:\\\/\\\/iraurgiberritzen.eus\\\/es\\\/#\\\/schema\\\/person\\\/a32c9825b3e2bfcbe757a97f6a15c8a5\"},\"headline\":\"5 establecimientos comarcales en el camino de la excelencia\",\"datePublished\":\"2024-05-30T12:26:13+00:00\",\"mainEntityOfPage\":{\"@id\":\"https:\\\/\\\/iraurgiberritzen.eus\\\/es\\\/5-establecimientos-comarcales-en-el-camino-de-la-excelencia\\\/\"},\"wordCount\":174,\"publisher\":{\"@id\":\"https:\\\/\\\/iraurgiberritzen.eus\\\/es\\\/#organization\"},\"image\":{\"@id\":\"https:\\\/\\\/iraurgiberritzen.eus\\\/es\\\/5-establecimientos-comarcales-en-el-camino-de-la-excelencia\\\/#primaryimage\"},\"thumbnailUrl\":\"https:\\\/\\\/iraurgiberritzen.eus\\\/wp-content\\\/uploads\\\/2024\\\/05\\\/saltokitik-enpresara-2.png\",\"articleSection\":[\"Noticias\"],\"inLanguage\":\"es\"},{\"@type\":\"WebPage\",\"@id\":\"https:\\\/\\\/iraurgiberritzen.eus\\\/es\\\/5-establecimientos-comarcales-en-el-camino-de-la-excelencia\\\/\",\"url\":\"https:\\\/\\\/iraurgiberritzen.eus\\\/es\\\/5-establecimientos-comarcales-en-el-camino-de-la-excelencia\\\/\",\"name\":\"5 establecimientos comarcales en el camino de la excelencia - Iraurgi Berritzen\",\"isPartOf\":{\"@id\":\"https:\\\/\\\/iraurgiberritzen.eus\\\/es\\\/#website\"},\"primaryImageOfPage\":{\"@id\":\"https:\\\/\\\/iraurgiberritzen.eus\\\/es\\\/5-establecimientos-comarcales-en-el-camino-de-la-excelencia\\\/#primaryimage\"},\"image\":{\"@id\":\"https:\\\/\\\/iraurgiberritzen.eus\\\/es\\\/5-establecimientos-comarcales-en-el-camino-de-la-excelencia\\\/#primaryimage\"},\"thumbnailUrl\":\"https:\\\/\\\/iraurgiberritzen.eus\\\/wp-content\\\/uploads\\\/2024\\\/05\\\/saltokitik-enpresara-2.png\",\"datePublished\":\"2024-05-30T12:26:13+00:00\",\"breadcrumb\":{\"@id\":\"https:\\\/\\\/iraurgiberritzen.eus\\\/es\\\/5-establecimientos-comarcales-en-el-camino-de-la-excelencia\\\/#breadcrumb\"},\"inLanguage\":\"es\",\"potentialAction\":[{\"@type\":\"ReadAction\",\"target\":[\"https:\\\/\\\/iraurgiberritzen.eus\\\/es\\\/5-establecimientos-comarcales-en-el-camino-de-la-excelencia\\\/\"]}]},{\"@type\":\"ImageObject\",\"inLanguage\":\"es\",\"@id\":\"https:\\\/\\\/iraurgiberritzen.eus\\\/es\\\/5-establecimientos-comarcales-en-el-camino-de-la-excelencia\\\/#primaryimage\",\"url\":\"https:\\\/\\\/iraurgiberritzen.eus\\\/wp-content\\\/uploads\\\/2024\\\/05\\\/saltokitik-enpresara-2.png\",\"contentUrl\":\"https:\\\/\\\/iraurgiberritzen.eus\\\/wp-content\\\/uploads\\\/2024\\\/05\\\/saltokitik-enpresara-2.png\",\"width\":700,\"height\":500},{\"@type\":\"BreadcrumbList\",\"@id\":\"https:\\\/\\\/iraurgiberritzen.eus\\\/es\\\/5-establecimientos-comarcales-en-el-camino-de-la-excelencia\\\/#breadcrumb\",\"itemListElement\":[{\"@type\":\"ListItem\",\"position\":1,\"name\":\"Home\",\"item\":\"https:\\\/\\\/iraurgiberritzen.eus\\\/es\\\/\"},{\"@type\":\"ListItem\",\"position\":2,\"name\":\"5 establecimientos comarcales en el camino de la excelencia\"}]},{\"@type\":\"WebSite\",\"@id\":\"https:\\\/\\\/iraurgiberritzen.eus\\\/es\\\/#website\",\"url\":\"https:\\\/\\\/iraurgiberritzen.eus\\\/es\\\/\",\"name\":\"Iraurgi Berritzen\",\"description\":\"Urola Erdiko Garapen Agentzia\",\"publisher\":{\"@id\":\"https:\\\/\\\/iraurgiberritzen.eus\\\/es\\\/#organization\"},\"potentialAction\":[{\"@type\":\"SearchAction\",\"target\":{\"@type\":\"EntryPoint\",\"urlTemplate\":\"https:\\\/\\\/iraurgiberritzen.eus\\\/es\\\/?s={search_term_string}\"},\"query-input\":{\"@type\":\"PropertyValueSpecification\",\"valueRequired\":true,\"valueName\":\"search_term_string\"}}],\"inLanguage\":\"es\"},{\"@type\":\"Organization\",\"@id\":\"https:\\\/\\\/iraurgiberritzen.eus\\\/es\\\/#organization\",\"name\":\"Iraurgi Berritzen\",\"url\":\"https:\\\/\\\/iraurgiberritzen.eus\\\/es\\\/\",\"logo\":{\"@type\":\"ImageObject\",\"inLanguage\":\"es\",\"@id\":\"https:\\\/\\\/iraurgiberritzen.eus\\\/es\\\/#\\\/schema\\\/logo\\\/image\\\/\",\"url\":\"https:\\\/\\\/iraurgiberritzen.eus\\\/wp-content\\\/uploads\\\/2024\\\/02\\\/IRAURGI-BERRITZEN-logotipoa_2.png\",\"contentUrl\":\"https:\\\/\\\/iraurgiberritzen.eus\\\/wp-content\\\/uploads\\\/2024\\\/02\\\/IRAURGI-BERRITZEN-logotipoa_2.png\",\"width\":496,\"height\":190,\"caption\":\"Iraurgi Berritzen\"},\"image\":{\"@id\":\"https:\\\/\\\/iraurgiberritzen.eus\\\/es\\\/#\\\/schema\\\/logo\\\/image\\\/\"}},{\"@type\":\"Person\",\"@id\":\"https:\\\/\\\/iraurgiberritzen.eus\\\/es\\\/#\\\/schema\\\/person\\\/a32c9825b3e2bfcbe757a97f6a15c8a5\",\"name\":\"ainara\"}]}<\/script>\n<!-- \/ Yoast SEO plugin. -->","yoast_head_json":{"title":"5 establecimientos comarcales en el camino de la excelencia - Iraurgi Berritzen","robots":{"index":"index","follow":"follow","max-snippet":"max-snippet:-1","max-image-preview":"max-image-preview:large","max-video-preview":"max-video-preview:-1"},"canonical":"https:\/\/iraurgiberritzen.eus\/es\/5-establecimientos-comarcales-en-el-camino-de-la-excelencia\/","og_locale":"es_ES","og_type":"article","og_title":"5 establecimientos comarcales en el camino de la excelencia - Iraurgi Berritzen","og_description":"De la mano de EUSKALIT_ y con la financiaci\u00f3n del Gobierno Vasco, se ha puesto en marcha una nueva convocatoria de \u201cSaltokitik Enpresara\u201d. El objetivo principal del programa es dotar a los comerciantes de herramientas y m\u00e9todos para gestionar diariamente sus puntos de venta para mejorar su posici\u00f3n competitiva, eficiencia empresarial y resultados de negocio. [&hellip;]","og_url":"https:\/\/iraurgiberritzen.eus\/es\/5-establecimientos-comarcales-en-el-camino-de-la-excelencia\/","og_site_name":"Iraurgi Berritzen","article_published_time":"2024-05-30T12:26:13+00:00","og_image":[{"width":700,"height":500,"url":"https:\/\/iraurgiberritzen.eus\/wp-content\/uploads\/2024\/05\/saltokitik-enpresara-2.png","type":"image\/png"}],"author":"ainara","twitter_card":"summary_large_image","twitter_misc":{"Escrito por":"ainara","Tiempo de lectura":"1 minuto"},"schema":{"@context":"https:\/\/schema.org","@graph":[{"@type":"Article","@id":"https:\/\/iraurgiberritzen.eus\/es\/5-establecimientos-comarcales-en-el-camino-de-la-excelencia\/#article","isPartOf":{"@id":"https:\/\/iraurgiberritzen.eus\/es\/5-establecimientos-comarcales-en-el-camino-de-la-excelencia\/"},"author":{"name":"ainara","@id":"https:\/\/iraurgiberritzen.eus\/es\/#\/schema\/person\/a32c9825b3e2bfcbe757a97f6a15c8a5"},"headline":"5 establecimientos comarcales en el camino de la excelencia","datePublished":"2024-05-30T12:26:13+00:00","mainEntityOfPage":{"@id":"https:\/\/iraurgiberritzen.eus\/es\/5-establecimientos-comarcales-en-el-camino-de-la-excelencia\/"},"wordCount":174,"publisher":{"@id":"https:\/\/iraurgiberritzen.eus\/es\/#organization"},"image":{"@id":"https:\/\/iraurgiberritzen.eus\/es\/5-establecimientos-comarcales-en-el-camino-de-la-excelencia\/#primaryimage"},"thumbnailUrl":"https:\/\/iraurgiberritzen.eus\/wp-content\/uploads\/2024\/05\/saltokitik-enpresara-2.png","articleSection":["Noticias"],"inLanguage":"es"},{"@type":"WebPage","@id":"https:\/\/iraurgiberritzen.eus\/es\/5-establecimientos-comarcales-en-el-camino-de-la-excelencia\/","url":"https:\/\/iraurgiberritzen.eus\/es\/5-establecimientos-comarcales-en-el-camino-de-la-excelencia\/","name":"5 establecimientos comarcales en el camino de la excelencia - Iraurgi Berritzen","isPartOf":{"@id":"https:\/\/iraurgiberritzen.eus\/es\/#website"},"primaryImageOfPage":{"@id":"https:\/\/iraurgiberritzen.eus\/es\/5-establecimientos-comarcales-en-el-camino-de-la-excelencia\/#primaryimage"},"image":{"@id":"https:\/\/iraurgiberritzen.eus\/es\/5-establecimientos-comarcales-en-el-camino-de-la-excelencia\/#primaryimage"},"thumbnailUrl":"https:\/\/iraurgiberritzen.eus\/wp-content\/uploads\/2024\/05\/saltokitik-enpresara-2.png","datePublished":"2024-05-30T12:26:13+00:00","breadcrumb":{"@id":"https:\/\/iraurgiberritzen.eus\/es\/5-establecimientos-comarcales-en-el-camino-de-la-excelencia\/#breadcrumb"},"inLanguage":"es","potentialAction":[{"@type":"ReadAction","target":["https:\/\/iraurgiberritzen.eus\/es\/5-establecimientos-comarcales-en-el-camino-de-la-excelencia\/"]}]},{"@type":"ImageObject","inLanguage":"es","@id":"https:\/\/iraurgiberritzen.eus\/es\/5-establecimientos-comarcales-en-el-camino-de-la-excelencia\/#primaryimage","url":"https:\/\/iraurgiberritzen.eus\/wp-content\/uploads\/2024\/05\/saltokitik-enpresara-2.png","contentUrl":"https:\/\/iraurgiberritzen.eus\/wp-content\/uploads\/2024\/05\/saltokitik-enpresara-2.png","width":700,"height":500},{"@type":"BreadcrumbList","@id":"https:\/\/iraurgiberritzen.eus\/es\/5-establecimientos-comarcales-en-el-camino-de-la-excelencia\/#breadcrumb","itemListElement":[{"@type":"ListItem","position":1,"name":"Home","item":"https:\/\/iraurgiberritzen.eus\/es\/"},{"@type":"ListItem","position":2,"name":"5 establecimientos comarcales en el camino de la excelencia"}]},{"@type":"WebSite","@id":"https:\/\/iraurgiberritzen.eus\/es\/#website","url":"https:\/\/iraurgiberritzen.eus\/es\/","name":"Iraurgi Berritzen","description":"Urola Erdiko Garapen Agentzia","publisher":{"@id":"https:\/\/iraurgiberritzen.eus\/es\/#organization"},"potentialAction":[{"@type":"SearchAction","target":{"@type":"EntryPoint","urlTemplate":"https:\/\/iraurgiberritzen.eus\/es\/?s={search_term_string}"},"query-input":{"@type":"PropertyValueSpecification","valueRequired":true,"valueName":"search_term_string"}}],"inLanguage":"es"},{"@type":"Organization","@id":"https:\/\/iraurgiberritzen.eus\/es\/#organization","name":"Iraurgi Berritzen","url":"https:\/\/iraurgiberritzen.eus\/es\/","logo":{"@type":"ImageObject","inLanguage":"es","@id":"https:\/\/iraurgiberritzen.eus\/es\/#\/schema\/logo\/image\/","url":"https:\/\/iraurgiberritzen.eus\/wp-content\/uploads\/2024\/02\/IRAURGI-BERRITZEN-logotipoa_2.png","contentUrl":"https:\/\/iraurgiberritzen.eus\/wp-content\/uploads\/2024\/02\/IRAURGI-BERRITZEN-logotipoa_2.png","width":496,"height":190,"caption":"Iraurgi Berritzen"},"image":{"@id":"https:\/\/iraurgiberritzen.eus\/es\/#\/schema\/logo\/image\/"}},{"@type":"Person","@id":"https:\/\/iraurgiberritzen.eus\/es\/#\/schema\/person\/a32c9825b3e2bfcbe757a97f6a15c8a5","name":"ainara"}]}},"_links":{"self":[{"href":"https:\/\/iraurgiberritzen.eus\/es\/wp-json\/wp\/v2\/posts\/20231","targetHints":{"allow":["GET"]}}],"collection":[{"href":"https:\/\/iraurgiberritzen.eus\/es\/wp-json\/wp\/v2\/posts"}],"about":[{"href":"https:\/\/iraurgiberritzen.eus\/es\/wp-json\/wp\/v2\/types\/post"}],"author":[{"embeddable":true,"href":"https:\/\/iraurgiberritzen.eus\/es\/wp-json\/wp\/v2\/users\/4"}],"replies":[{"embeddable":true,"href":"https:\/\/iraurgiberritzen.eus\/es\/wp-json\/wp\/v2\/comments?post=20231"}],"version-history":[{"count":1,"href":"https:\/\/iraurgiberritzen.eus\/es\/wp-json\/wp\/v2\/posts\/20231\/revisions"}],"predecessor-version":[{"id":20232,"href":"https:\/\/iraurgiberritzen.eus\/es\/wp-json\/wp\/v2\/posts\/20231\/revisions\/20232"}],"wp:featuredmedia":[{"embeddable":true,"href":"https:\/\/iraurgiberritzen.eus\/es\/wp-json\/wp\/v2\/media\/20229"}],"wp:attachment":[{"href":"https:\/\/iraurgiberritzen.eus\/es\/wp-json\/wp\/v2\/media?parent=20231"}],"wp:term":[{"taxonomy":"category","embeddable":true,"href":"https:\/\/iraurgiberritzen.eus\/es\/wp-json\/wp\/v2\/categories?post=20231"},{"taxonomy":"post_tag","embeddable":true,"href":"https:\/\/iraurgiberritzen.eus\/es\/wp-json\/wp\/v2\/tags?post=20231"}],"curies":[{"name":"wp","href":"https:\/\/api.w.org\/{rel}","templated":true}]}}