{"id":20250,"date":"2024-05-30T22:58:30","date_gmt":"2024-05-30T20:58:30","guid":{"rendered":"https:\/\/iraurgiberritzen.eus\/?p=20250"},"modified":"2024-05-31T08:21:40","modified_gmt":"2024-05-31T06:21:40","slug":"evaluacion-del-proyecto-elkarrekin-eraikitzen-con-los-equipos-de-trabajo-de-los-5-centros-de-la-comarca","status":"publish","type":"post","link":"https:\/\/iraurgiberritzen.eus\/es\/evaluacion-del-proyecto-elkarrekin-eraikitzen-con-los-equipos-de-trabajo-de-los-5-centros-de-la-comarca\/","title":{"rendered":"Evaluaci\u00f3n del proyecto ELKARREKIN ERAIKITZEN con los equipos de trabajo de los 5 centros de la comarca"},"content":{"rendered":"<p>310 alumnos divididos en 78 grupos de trabajo han mantenido otras tantas entrevistas con profesionales de diferentes agentes de la comarca a lo largo del proceso.<\/p>\n<p>Hoy, jueves 30 de mayo, el grupo de trabajo de l\u00edderes del proyecto Elkarrekin Eraikitzen de los 5 centros escolares, ha mantenido la reuni\u00f3n de evaluaci\u00f3n del proceso, con el objetivo de realizar la valoraci\u00f3n correspondiente e identificar mejoras para el nuevo curso.<\/p>\n<p>Valoraciones realmente positivas, poniendo en valor el proceso desde la perspectiva de empezar a dar los primeros pasos en el proceso de orientaci\u00f3n de los j\u00f3venes.<\/p>\n<p>Como todos los a\u00f1os, el 13 de junio se celebrar\u00e1 en el Elkargune de Azkoitia un acto de socializaci\u00f3n para cerrar el curso. El objetivo principal es la de dar protagonismo al alumnado y socializar lo realizado ante representantes de diferentes ayuntamientos y agentes.<\/p>\n<p>El siguiente v\u00eddeo recoge de forma breve tanto el objetivo como el despliegue operativo del proyecto:<\/p>\n<iframe loading=\"lazy\" title=\"ELKARREKIN ERAIKITZEN proiektua\" src=\"https:\/\/player.vimeo.com\/video\/868665839?dnt=1&amp;app_id=122963\" width=\"640\" height=\"360\" frameborder=\"0\" allow=\"autoplay; fullscreen; picture-in-picture; clipboard-write\"><\/iframe>\n","protected":false},"excerpt":{"rendered":"<p>310 alumnos divididos en 78 grupos de trabajo han mantenido otras tantas entrevistas con profesionales de diferentes agentes de la comarca a lo largo del proceso. Hoy, jueves 30 de mayo, el grupo de trabajo de l\u00edderes del proyecto Elkarrekin Eraikitzen de los 5 centros escolares, ha mantenido la reuni\u00f3n de evaluaci\u00f3n del proceso, con [&hellip;]<\/p>\n","protected":false},"author":4,"featured_media":20254,"comment_status":"closed","ping_status":"closed","sticky":false,"template":"","format":"standard","meta":{"_acf_changed":false,"footnotes":""},"categories":[4],"tags":[],"class_list":["post-20250","post","type-post","status-publish","format-standard","has-post-thumbnail","hentry","category-noticias","arloak-educacion","arloak-elkarrekin-eraikitzen-es"],"acf":[],"yoast_head":"<!-- This site is optimized with the Yoast SEO plugin v27.4 - https:\/\/yoast.com\/product\/yoast-seo-wordpress\/ -->\n<title>Evaluaci\u00f3n del proyecto ELKARREKIN ERAIKITZEN con los equipos de trabajo de los 5 centros de la comarca - Iraurgi Berritzen<\/title>\n<meta name=\"robots\" content=\"index, follow, max-snippet:-1, max-image-preview:large, max-video-preview:-1\" \/>\n<link rel=\"canonical\" href=\"https:\/\/iraurgiberritzen.eus\/es\/evaluacion-del-proyecto-elkarrekin-eraikitzen-con-los-equipos-de-trabajo-de-los-5-centros-de-la-comarca\/\" \/>\n<meta property=\"og:locale\" content=\"es_ES\" \/>\n<meta property=\"og:type\" content=\"article\" \/>\n<meta property=\"og:title\" content=\"Evaluaci\u00f3n del proyecto ELKARREKIN ERAIKITZEN con los equipos de trabajo de los 5 centros de la comarca - Iraurgi Berritzen\" \/>\n<meta property=\"og:description\" content=\"310 alumnos divididos en 78 grupos de trabajo han mantenido otras tantas entrevistas con profesionales de diferentes agentes de la comarca a lo largo del proceso. Hoy, jueves 30 de mayo, el grupo de trabajo de l\u00edderes del proyecto Elkarrekin Eraikitzen de los 5 centros escolares, ha mantenido la reuni\u00f3n de evaluaci\u00f3n del proceso, con [&hellip;]\" \/>\n<meta property=\"og:url\" content=\"https:\/\/iraurgiberritzen.eus\/es\/evaluacion-del-proyecto-elkarrekin-eraikitzen-con-los-equipos-de-trabajo-de-los-5-centros-de-la-comarca\/\" \/>\n<meta property=\"og:site_name\" content=\"Iraurgi Berritzen\" \/>\n<meta property=\"article:published_time\" content=\"2024-05-30T20:58:30+00:00\" \/>\n<meta property=\"article:modified_time\" content=\"2024-05-31T06:21:40+00:00\" \/>\n<meta property=\"og:image\" content=\"https:\/\/iraurgiberritzen.eus\/wp-content\/uploads\/2024\/05\/Diseno-sin-titulo-5-scaled.jpg\" \/>\n\t<meta property=\"og:image:width\" content=\"2560\" \/>\n\t<meta property=\"og:image:height\" content=\"1920\" \/>\n\t<meta property=\"og:image:type\" content=\"image\/jpeg\" \/>\n<meta name=\"author\" content=\"ainara\" \/>\n<meta name=\"twitter:card\" content=\"summary_large_image\" \/>\n<meta name=\"twitter:label1\" content=\"Escrito por\" \/>\n\t<meta name=\"twitter:data1\" content=\"ainara\" \/>\n\t<meta name=\"twitter:label2\" content=\"Tiempo de lectura\" \/>\n\t<meta name=\"twitter:data2\" content=\"2 minutos\" \/>\n<script type=\"application\/ld+json\" class=\"yoast-schema-graph\">{\"@context\":\"https:\\\/\\\/schema.org\",\"@graph\":[{\"@type\":\"Article\",\"@id\":\"https:\\\/\\\/iraurgiberritzen.eus\\\/es\\\/evaluacion-del-proyecto-elkarrekin-eraikitzen-con-los-equipos-de-trabajo-de-los-5-centros-de-la-comarca\\\/#article\",\"isPartOf\":{\"@id\":\"https:\\\/\\\/iraurgiberritzen.eus\\\/es\\\/evaluacion-del-proyecto-elkarrekin-eraikitzen-con-los-equipos-de-trabajo-de-los-5-centros-de-la-comarca\\\/\"},\"author\":{\"name\":\"ainara\",\"@id\":\"https:\\\/\\\/iraurgiberritzen.eus\\\/es\\\/#\\\/schema\\\/person\\\/a32c9825b3e2bfcbe757a97f6a15c8a5\"},\"headline\":\"Evaluaci\u00f3n del proyecto ELKARREKIN ERAIKITZEN con los equipos de trabajo de los 5 centros de la comarca\",\"datePublished\":\"2024-05-30T20:58:30+00:00\",\"dateModified\":\"2024-05-31T06:21:40+00:00\",\"mainEntityOfPage\":{\"@id\":\"https:\\\/\\\/iraurgiberritzen.eus\\\/es\\\/evaluacion-del-proyecto-elkarrekin-eraikitzen-con-los-equipos-de-trabajo-de-los-5-centros-de-la-comarca\\\/\"},\"wordCount\":179,\"publisher\":{\"@id\":\"https:\\\/\\\/iraurgiberritzen.eus\\\/es\\\/#organization\"},\"image\":{\"@id\":\"https:\\\/\\\/iraurgiberritzen.eus\\\/es\\\/evaluacion-del-proyecto-elkarrekin-eraikitzen-con-los-equipos-de-trabajo-de-los-5-centros-de-la-comarca\\\/#primaryimage\"},\"thumbnailUrl\":\"https:\\\/\\\/iraurgiberritzen.eus\\\/wp-content\\\/uploads\\\/2024\\\/05\\\/Diseno-sin-titulo-5-scaled.jpg\",\"articleSection\":[\"Noticias\"],\"inLanguage\":\"es\"},{\"@type\":\"WebPage\",\"@id\":\"https:\\\/\\\/iraurgiberritzen.eus\\\/es\\\/evaluacion-del-proyecto-elkarrekin-eraikitzen-con-los-equipos-de-trabajo-de-los-5-centros-de-la-comarca\\\/\",\"url\":\"https:\\\/\\\/iraurgiberritzen.eus\\\/es\\\/evaluacion-del-proyecto-elkarrekin-eraikitzen-con-los-equipos-de-trabajo-de-los-5-centros-de-la-comarca\\\/\",\"name\":\"Evaluaci\u00f3n del proyecto ELKARREKIN ERAIKITZEN con los equipos de trabajo de los 5 centros de la comarca - Iraurgi Berritzen\",\"isPartOf\":{\"@id\":\"https:\\\/\\\/iraurgiberritzen.eus\\\/es\\\/#website\"},\"primaryImageOfPage\":{\"@id\":\"https:\\\/\\\/iraurgiberritzen.eus\\\/es\\\/evaluacion-del-proyecto-elkarrekin-eraikitzen-con-los-equipos-de-trabajo-de-los-5-centros-de-la-comarca\\\/#primaryimage\"},\"image\":{\"@id\":\"https:\\\/\\\/iraurgiberritzen.eus\\\/es\\\/evaluacion-del-proyecto-elkarrekin-eraikitzen-con-los-equipos-de-trabajo-de-los-5-centros-de-la-comarca\\\/#primaryimage\"},\"thumbnailUrl\":\"https:\\\/\\\/iraurgiberritzen.eus\\\/wp-content\\\/uploads\\\/2024\\\/05\\\/Diseno-sin-titulo-5-scaled.jpg\",\"datePublished\":\"2024-05-30T20:58:30+00:00\",\"dateModified\":\"2024-05-31T06:21:40+00:00\",\"breadcrumb\":{\"@id\":\"https:\\\/\\\/iraurgiberritzen.eus\\\/es\\\/evaluacion-del-proyecto-elkarrekin-eraikitzen-con-los-equipos-de-trabajo-de-los-5-centros-de-la-comarca\\\/#breadcrumb\"},\"inLanguage\":\"es\",\"potentialAction\":[{\"@type\":\"ReadAction\",\"target\":[\"https:\\\/\\\/iraurgiberritzen.eus\\\/es\\\/evaluacion-del-proyecto-elkarrekin-eraikitzen-con-los-equipos-de-trabajo-de-los-5-centros-de-la-comarca\\\/\"]}]},{\"@type\":\"ImageObject\",\"inLanguage\":\"es\",\"@id\":\"https:\\\/\\\/iraurgiberritzen.eus\\\/es\\\/evaluacion-del-proyecto-elkarrekin-eraikitzen-con-los-equipos-de-trabajo-de-los-5-centros-de-la-comarca\\\/#primaryimage\",\"url\":\"https:\\\/\\\/iraurgiberritzen.eus\\\/wp-content\\\/uploads\\\/2024\\\/05\\\/Diseno-sin-titulo-5-scaled.jpg\",\"contentUrl\":\"https:\\\/\\\/iraurgiberritzen.eus\\\/wp-content\\\/uploads\\\/2024\\\/05\\\/Diseno-sin-titulo-5-scaled.jpg\",\"width\":2560,\"height\":1920},{\"@type\":\"BreadcrumbList\",\"@id\":\"https:\\\/\\\/iraurgiberritzen.eus\\\/es\\\/evaluacion-del-proyecto-elkarrekin-eraikitzen-con-los-equipos-de-trabajo-de-los-5-centros-de-la-comarca\\\/#breadcrumb\",\"itemListElement\":[{\"@type\":\"ListItem\",\"position\":1,\"name\":\"Home\",\"item\":\"https:\\\/\\\/iraurgiberritzen.eus\\\/es\\\/\"},{\"@type\":\"ListItem\",\"position\":2,\"name\":\"Evaluaci\u00f3n del proyecto ELKARREKIN ERAIKITZEN con los equipos de trabajo de los 5 centros de la comarca\"}]},{\"@type\":\"WebSite\",\"@id\":\"https:\\\/\\\/iraurgiberritzen.eus\\\/es\\\/#website\",\"url\":\"https:\\\/\\\/iraurgiberritzen.eus\\\/es\\\/\",\"name\":\"Iraurgi Berritzen\",\"description\":\"Urola Erdiko Garapen Agentzia\",\"publisher\":{\"@id\":\"https:\\\/\\\/iraurgiberritzen.eus\\\/es\\\/#organization\"},\"potentialAction\":[{\"@type\":\"SearchAction\",\"target\":{\"@type\":\"EntryPoint\",\"urlTemplate\":\"https:\\\/\\\/iraurgiberritzen.eus\\\/es\\\/?s={search_term_string}\"},\"query-input\":{\"@type\":\"PropertyValueSpecification\",\"valueRequired\":true,\"valueName\":\"search_term_string\"}}],\"inLanguage\":\"es\"},{\"@type\":\"Organization\",\"@id\":\"https:\\\/\\\/iraurgiberritzen.eus\\\/es\\\/#organization\",\"name\":\"Iraurgi Berritzen\",\"url\":\"https:\\\/\\\/iraurgiberritzen.eus\\\/es\\\/\",\"logo\":{\"@type\":\"ImageObject\",\"inLanguage\":\"es\",\"@id\":\"https:\\\/\\\/iraurgiberritzen.eus\\\/es\\\/#\\\/schema\\\/logo\\\/image\\\/\",\"url\":\"https:\\\/\\\/iraurgiberritzen.eus\\\/wp-content\\\/uploads\\\/2024\\\/02\\\/IRAURGI-BERRITZEN-logotipoa_2.png\",\"contentUrl\":\"https:\\\/\\\/iraurgiberritzen.eus\\\/wp-content\\\/uploads\\\/2024\\\/02\\\/IRAURGI-BERRITZEN-logotipoa_2.png\",\"width\":496,\"height\":190,\"caption\":\"Iraurgi Berritzen\"},\"image\":{\"@id\":\"https:\\\/\\\/iraurgiberritzen.eus\\\/es\\\/#\\\/schema\\\/logo\\\/image\\\/\"}},{\"@type\":\"Person\",\"@id\":\"https:\\\/\\\/iraurgiberritzen.eus\\\/es\\\/#\\\/schema\\\/person\\\/a32c9825b3e2bfcbe757a97f6a15c8a5\",\"name\":\"ainara\"}]}<\/script>\n<!-- \/ Yoast SEO plugin. -->","yoast_head_json":{"title":"Evaluaci\u00f3n del proyecto ELKARREKIN ERAIKITZEN con los equipos de trabajo de los 5 centros de la comarca - Iraurgi Berritzen","robots":{"index":"index","follow":"follow","max-snippet":"max-snippet:-1","max-image-preview":"max-image-preview:large","max-video-preview":"max-video-preview:-1"},"canonical":"https:\/\/iraurgiberritzen.eus\/es\/evaluacion-del-proyecto-elkarrekin-eraikitzen-con-los-equipos-de-trabajo-de-los-5-centros-de-la-comarca\/","og_locale":"es_ES","og_type":"article","og_title":"Evaluaci\u00f3n del proyecto ELKARREKIN ERAIKITZEN con los equipos de trabajo de los 5 centros de la comarca - Iraurgi Berritzen","og_description":"310 alumnos divididos en 78 grupos de trabajo han mantenido otras tantas entrevistas con profesionales de diferentes agentes de la comarca a lo largo del proceso. Hoy, jueves 30 de mayo, el grupo de trabajo de l\u00edderes del proyecto Elkarrekin Eraikitzen de los 5 centros escolares, ha mantenido la reuni\u00f3n de evaluaci\u00f3n del proceso, con [&hellip;]","og_url":"https:\/\/iraurgiberritzen.eus\/es\/evaluacion-del-proyecto-elkarrekin-eraikitzen-con-los-equipos-de-trabajo-de-los-5-centros-de-la-comarca\/","og_site_name":"Iraurgi Berritzen","article_published_time":"2024-05-30T20:58:30+00:00","article_modified_time":"2024-05-31T06:21:40+00:00","og_image":[{"width":2560,"height":1920,"url":"https:\/\/iraurgiberritzen.eus\/wp-content\/uploads\/2024\/05\/Diseno-sin-titulo-5-scaled.jpg","type":"image\/jpeg"}],"author":"ainara","twitter_card":"summary_large_image","twitter_misc":{"Escrito por":"ainara","Tiempo de lectura":"2 minutos"},"schema":{"@context":"https:\/\/schema.org","@graph":[{"@type":"Article","@id":"https:\/\/iraurgiberritzen.eus\/es\/evaluacion-del-proyecto-elkarrekin-eraikitzen-con-los-equipos-de-trabajo-de-los-5-centros-de-la-comarca\/#article","isPartOf":{"@id":"https:\/\/iraurgiberritzen.eus\/es\/evaluacion-del-proyecto-elkarrekin-eraikitzen-con-los-equipos-de-trabajo-de-los-5-centros-de-la-comarca\/"},"author":{"name":"ainara","@id":"https:\/\/iraurgiberritzen.eus\/es\/#\/schema\/person\/a32c9825b3e2bfcbe757a97f6a15c8a5"},"headline":"Evaluaci\u00f3n del proyecto ELKARREKIN ERAIKITZEN con los equipos de trabajo de los 5 centros de la comarca","datePublished":"2024-05-30T20:58:30+00:00","dateModified":"2024-05-31T06:21:40+00:00","mainEntityOfPage":{"@id":"https:\/\/iraurgiberritzen.eus\/es\/evaluacion-del-proyecto-elkarrekin-eraikitzen-con-los-equipos-de-trabajo-de-los-5-centros-de-la-comarca\/"},"wordCount":179,"publisher":{"@id":"https:\/\/iraurgiberritzen.eus\/es\/#organization"},"image":{"@id":"https:\/\/iraurgiberritzen.eus\/es\/evaluacion-del-proyecto-elkarrekin-eraikitzen-con-los-equipos-de-trabajo-de-los-5-centros-de-la-comarca\/#primaryimage"},"thumbnailUrl":"https:\/\/iraurgiberritzen.eus\/wp-content\/uploads\/2024\/05\/Diseno-sin-titulo-5-scaled.jpg","articleSection":["Noticias"],"inLanguage":"es"},{"@type":"WebPage","@id":"https:\/\/iraurgiberritzen.eus\/es\/evaluacion-del-proyecto-elkarrekin-eraikitzen-con-los-equipos-de-trabajo-de-los-5-centros-de-la-comarca\/","url":"https:\/\/iraurgiberritzen.eus\/es\/evaluacion-del-proyecto-elkarrekin-eraikitzen-con-los-equipos-de-trabajo-de-los-5-centros-de-la-comarca\/","name":"Evaluaci\u00f3n del proyecto ELKARREKIN ERAIKITZEN con los equipos de trabajo de los 5 centros de la comarca - Iraurgi Berritzen","isPartOf":{"@id":"https:\/\/iraurgiberritzen.eus\/es\/#website"},"primaryImageOfPage":{"@id":"https:\/\/iraurgiberritzen.eus\/es\/evaluacion-del-proyecto-elkarrekin-eraikitzen-con-los-equipos-de-trabajo-de-los-5-centros-de-la-comarca\/#primaryimage"},"image":{"@id":"https:\/\/iraurgiberritzen.eus\/es\/evaluacion-del-proyecto-elkarrekin-eraikitzen-con-los-equipos-de-trabajo-de-los-5-centros-de-la-comarca\/#primaryimage"},"thumbnailUrl":"https:\/\/iraurgiberritzen.eus\/wp-content\/uploads\/2024\/05\/Diseno-sin-titulo-5-scaled.jpg","datePublished":"2024-05-30T20:58:30+00:00","dateModified":"2024-05-31T06:21:40+00:00","breadcrumb":{"@id":"https:\/\/iraurgiberritzen.eus\/es\/evaluacion-del-proyecto-elkarrekin-eraikitzen-con-los-equipos-de-trabajo-de-los-5-centros-de-la-comarca\/#breadcrumb"},"inLanguage":"es","potentialAction":[{"@type":"ReadAction","target":["https:\/\/iraurgiberritzen.eus\/es\/evaluacion-del-proyecto-elkarrekin-eraikitzen-con-los-equipos-de-trabajo-de-los-5-centros-de-la-comarca\/"]}]},{"@type":"ImageObject","inLanguage":"es","@id":"https:\/\/iraurgiberritzen.eus\/es\/evaluacion-del-proyecto-elkarrekin-eraikitzen-con-los-equipos-de-trabajo-de-los-5-centros-de-la-comarca\/#primaryimage","url":"https:\/\/iraurgiberritzen.eus\/wp-content\/uploads\/2024\/05\/Diseno-sin-titulo-5-scaled.jpg","contentUrl":"https:\/\/iraurgiberritzen.eus\/wp-content\/uploads\/2024\/05\/Diseno-sin-titulo-5-scaled.jpg","width":2560,"height":1920},{"@type":"BreadcrumbList","@id":"https:\/\/iraurgiberritzen.eus\/es\/evaluacion-del-proyecto-elkarrekin-eraikitzen-con-los-equipos-de-trabajo-de-los-5-centros-de-la-comarca\/#breadcrumb","itemListElement":[{"@type":"ListItem","position":1,"name":"Home","item":"https:\/\/iraurgiberritzen.eus\/es\/"},{"@type":"ListItem","position":2,"name":"Evaluaci\u00f3n del proyecto ELKARREKIN ERAIKITZEN con los equipos de trabajo de los 5 centros de la comarca"}]},{"@type":"WebSite","@id":"https:\/\/iraurgiberritzen.eus\/es\/#website","url":"https:\/\/iraurgiberritzen.eus\/es\/","name":"Iraurgi Berritzen","description":"Urola Erdiko Garapen Agentzia","publisher":{"@id":"https:\/\/iraurgiberritzen.eus\/es\/#organization"},"potentialAction":[{"@type":"SearchAction","target":{"@type":"EntryPoint","urlTemplate":"https:\/\/iraurgiberritzen.eus\/es\/?s={search_term_string}"},"query-input":{"@type":"PropertyValueSpecification","valueRequired":true,"valueName":"search_term_string"}}],"inLanguage":"es"},{"@type":"Organization","@id":"https:\/\/iraurgiberritzen.eus\/es\/#organization","name":"Iraurgi Berritzen","url":"https:\/\/iraurgiberritzen.eus\/es\/","logo":{"@type":"ImageObject","inLanguage":"es","@id":"https:\/\/iraurgiberritzen.eus\/es\/#\/schema\/logo\/image\/","url":"https:\/\/iraurgiberritzen.eus\/wp-content\/uploads\/2024\/02\/IRAURGI-BERRITZEN-logotipoa_2.png","contentUrl":"https:\/\/iraurgiberritzen.eus\/wp-content\/uploads\/2024\/02\/IRAURGI-BERRITZEN-logotipoa_2.png","width":496,"height":190,"caption":"Iraurgi Berritzen"},"image":{"@id":"https:\/\/iraurgiberritzen.eus\/es\/#\/schema\/logo\/image\/"}},{"@type":"Person","@id":"https:\/\/iraurgiberritzen.eus\/es\/#\/schema\/person\/a32c9825b3e2bfcbe757a97f6a15c8a5","name":"ainara"}]}},"_links":{"self":[{"href":"https:\/\/iraurgiberritzen.eus\/es\/wp-json\/wp\/v2\/posts\/20250","targetHints":{"allow":["GET"]}}],"collection":[{"href":"https:\/\/iraurgiberritzen.eus\/es\/wp-json\/wp\/v2\/posts"}],"about":[{"href":"https:\/\/iraurgiberritzen.eus\/es\/wp-json\/wp\/v2\/types\/post"}],"author":[{"embeddable":true,"href":"https:\/\/iraurgiberritzen.eus\/es\/wp-json\/wp\/v2\/users\/4"}],"replies":[{"embeddable":true,"href":"https:\/\/iraurgiberritzen.eus\/es\/wp-json\/wp\/v2\/comments?post=20250"}],"version-history":[{"count":2,"href":"https:\/\/iraurgiberritzen.eus\/es\/wp-json\/wp\/v2\/posts\/20250\/revisions"}],"predecessor-version":[{"id":20257,"href":"https:\/\/iraurgiberritzen.eus\/es\/wp-json\/wp\/v2\/posts\/20250\/revisions\/20257"}],"wp:featuredmedia":[{"embeddable":true,"href":"https:\/\/iraurgiberritzen.eus\/es\/wp-json\/wp\/v2\/media\/20254"}],"wp:attachment":[{"href":"https:\/\/iraurgiberritzen.eus\/es\/wp-json\/wp\/v2\/media?parent=20250"}],"wp:term":[{"taxonomy":"category","embeddable":true,"href":"https:\/\/iraurgiberritzen.eus\/es\/wp-json\/wp\/v2\/categories?post=20250"},{"taxonomy":"post_tag","embeddable":true,"href":"https:\/\/iraurgiberritzen.eus\/es\/wp-json\/wp\/v2\/tags?post=20250"}],"curies":[{"name":"wp","href":"https:\/\/api.w.org\/{rel}","templated":true}]}}