{"id":20287,"date":"2024-06-03T11:42:50","date_gmt":"2024-06-03T09:42:50","guid":{"rendered":"https:\/\/iraurgiberritzen.eus\/?p=20287"},"modified":"2024-06-03T11:47:22","modified_gmt":"2024-06-03T09:47:22","slug":"conclusiones-del-analisis-del-tejido-industrial-de-urola-erdia-2024","status":"publish","type":"post","link":"https:\/\/iraurgiberritzen.eus\/es\/conclusiones-del-analisis-del-tejido-industrial-de-urola-erdia-2024\/","title":{"rendered":"Conclusiones del an\u00e1lisis del tejido industrial de Urola Erdia 2024"},"content":{"rendered":"<p>Con el fin de realizar un an\u00e1lisis de la situaci\u00f3n general del tejido industrial de Urola Erdia y detectar sus necesidades a corto y medio plazo, entre el 2 de febrero y el 10 de abril, Iraurgi Berritzen, en colaboraci\u00f3n con los ayuntamientos de la comarca, ha realizado un <strong>an\u00e1lisis de la situaci\u00f3n actual de la industria<\/strong> a trav\u00e9s de un cuestionario espec\u00edfico que se ha hecho llegar a <strong>114<\/strong> empresas industriales de la comarca.<\/p>\n<p>En total se han recibido <strong>43<\/strong> respuestas, casi el <strong>37%<\/strong> de las empresas a las que se envi\u00f3 el cuestionario. Sin embargo, las empresas que han respondido, representan alrededor del <strong>68%<\/strong> del empleo creado por la industria en la comarca; en consecuencia, los resultados de este informe son significativos para conocer el estado del sector industria comarcal.<\/p>\n<p>A trav\u00e9s de los resultados obtenidos se ha elaborado un documento que resume las conclusiones de la situaci\u00f3n del tejido industrial en la comarca.\u00a0\u00a0El documento para m\u00e1s informaci\u00f3n est\u00e1 disponible en el siguiente enlace: <a href=\"https:\/\/iraurgiberritzen.eus\/wp-content\/uploads\/2024\/06\/DIAGNOSTIKOA-2024_ES.pdf\">Conclusiones del an\u00e1lisis<\/a><\/p>\n<p>&nbsp;<\/p>\n","protected":false},"excerpt":{"rendered":"<p>Con el fin de realizar un an\u00e1lisis de la situaci\u00f3n general del tejido industrial de Urola Erdia y detectar sus necesidades a corto y medio plazo, entre el 2 de febrero y el 10 de abril, Iraurgi Berritzen, en colaboraci\u00f3n con los ayuntamientos de la comarca, ha realizado un an\u00e1lisis de la situaci\u00f3n actual de [&hellip;]<\/p>\n","protected":false},"author":4,"featured_media":20276,"comment_status":"closed","ping_status":"closed","sticky":false,"template":"","format":"standard","meta":{"_acf_changed":false,"footnotes":""},"categories":[4],"tags":[],"class_list":["post-20287","post","type-post","status-publish","format-standard","has-post-thumbnail","hentry","category-noticias","arloak-enpresa"],"acf":[],"yoast_head":"<!-- This site is optimized with the Yoast SEO plugin v27.4 - https:\/\/yoast.com\/product\/yoast-seo-wordpress\/ -->\n<title>Conclusiones del an\u00e1lisis del tejido industrial de Urola Erdia 2024 - Iraurgi Berritzen<\/title>\n<meta name=\"robots\" content=\"index, follow, max-snippet:-1, max-image-preview:large, max-video-preview:-1\" \/>\n<link rel=\"canonical\" href=\"https:\/\/iraurgiberritzen.eus\/es\/conclusiones-del-analisis-del-tejido-industrial-de-urola-erdia-2024\/\" \/>\n<meta property=\"og:locale\" content=\"es_ES\" \/>\n<meta property=\"og:type\" content=\"article\" \/>\n<meta property=\"og:title\" content=\"Conclusiones del an\u00e1lisis del tejido industrial de Urola Erdia 2024 - Iraurgi Berritzen\" \/>\n<meta property=\"og:description\" content=\"Con el fin de realizar un an\u00e1lisis de la situaci\u00f3n general del tejido industrial de Urola Erdia y detectar sus necesidades a corto y medio plazo, entre el 2 de febrero y el 10 de abril, Iraurgi Berritzen, en colaboraci\u00f3n con los ayuntamientos de la comarca, ha realizado un an\u00e1lisis de la situaci\u00f3n actual de [&hellip;]\" \/>\n<meta property=\"og:url\" content=\"https:\/\/iraurgiberritzen.eus\/es\/conclusiones-del-analisis-del-tejido-industrial-de-urola-erdia-2024\/\" \/>\n<meta property=\"og:site_name\" content=\"Iraurgi Berritzen\" \/>\n<meta property=\"article:published_time\" content=\"2024-06-03T09:42:50+00:00\" \/>\n<meta property=\"article:modified_time\" content=\"2024-06-03T09:47:22+00:00\" \/>\n<meta property=\"og:image\" content=\"https:\/\/iraurgiberritzen.eus\/wp-content\/uploads\/2024\/06\/Copia-de-Copia-de-IKASIZ-JARDUNALDIAK.png\" \/>\n\t<meta property=\"og:image:width\" content=\"1920\" \/>\n\t<meta property=\"og:image:height\" content=\"1080\" \/>\n\t<meta property=\"og:image:type\" content=\"image\/png\" \/>\n<meta name=\"author\" content=\"ainara\" \/>\n<meta name=\"twitter:card\" content=\"summary_large_image\" \/>\n<meta name=\"twitter:label1\" content=\"Escrito por\" \/>\n\t<meta name=\"twitter:data1\" content=\"ainara\" \/>\n\t<meta name=\"twitter:label2\" content=\"Tiempo de lectura\" \/>\n\t<meta name=\"twitter:data2\" content=\"2 minutos\" \/>\n<script type=\"application\/ld+json\" class=\"yoast-schema-graph\">{\"@context\":\"https:\\\/\\\/schema.org\",\"@graph\":[{\"@type\":\"Article\",\"@id\":\"https:\\\/\\\/iraurgiberritzen.eus\\\/es\\\/conclusiones-del-analisis-del-tejido-industrial-de-urola-erdia-2024\\\/#article\",\"isPartOf\":{\"@id\":\"https:\\\/\\\/iraurgiberritzen.eus\\\/es\\\/conclusiones-del-analisis-del-tejido-industrial-de-urola-erdia-2024\\\/\"},\"author\":{\"name\":\"ainara\",\"@id\":\"https:\\\/\\\/iraurgiberritzen.eus\\\/es\\\/#\\\/schema\\\/person\\\/a32c9825b3e2bfcbe757a97f6a15c8a5\"},\"headline\":\"Conclusiones del an\u00e1lisis del tejido industrial de Urola Erdia 2024\",\"datePublished\":\"2024-06-03T09:42:50+00:00\",\"dateModified\":\"2024-06-03T09:47:22+00:00\",\"mainEntityOfPage\":{\"@id\":\"https:\\\/\\\/iraurgiberritzen.eus\\\/es\\\/conclusiones-del-analisis-del-tejido-industrial-de-urola-erdia-2024\\\/\"},\"wordCount\":187,\"publisher\":{\"@id\":\"https:\\\/\\\/iraurgiberritzen.eus\\\/es\\\/#organization\"},\"image\":{\"@id\":\"https:\\\/\\\/iraurgiberritzen.eus\\\/es\\\/conclusiones-del-analisis-del-tejido-industrial-de-urola-erdia-2024\\\/#primaryimage\"},\"thumbnailUrl\":\"https:\\\/\\\/iraurgiberritzen.eus\\\/wp-content\\\/uploads\\\/2024\\\/06\\\/Copia-de-Copia-de-IKASIZ-JARDUNALDIAK.png\",\"articleSection\":[\"Noticias\"],\"inLanguage\":\"es\"},{\"@type\":\"WebPage\",\"@id\":\"https:\\\/\\\/iraurgiberritzen.eus\\\/es\\\/conclusiones-del-analisis-del-tejido-industrial-de-urola-erdia-2024\\\/\",\"url\":\"https:\\\/\\\/iraurgiberritzen.eus\\\/es\\\/conclusiones-del-analisis-del-tejido-industrial-de-urola-erdia-2024\\\/\",\"name\":\"Conclusiones del an\u00e1lisis del tejido industrial de Urola Erdia 2024 - Iraurgi Berritzen\",\"isPartOf\":{\"@id\":\"https:\\\/\\\/iraurgiberritzen.eus\\\/es\\\/#website\"},\"primaryImageOfPage\":{\"@id\":\"https:\\\/\\\/iraurgiberritzen.eus\\\/es\\\/conclusiones-del-analisis-del-tejido-industrial-de-urola-erdia-2024\\\/#primaryimage\"},\"image\":{\"@id\":\"https:\\\/\\\/iraurgiberritzen.eus\\\/es\\\/conclusiones-del-analisis-del-tejido-industrial-de-urola-erdia-2024\\\/#primaryimage\"},\"thumbnailUrl\":\"https:\\\/\\\/iraurgiberritzen.eus\\\/wp-content\\\/uploads\\\/2024\\\/06\\\/Copia-de-Copia-de-IKASIZ-JARDUNALDIAK.png\",\"datePublished\":\"2024-06-03T09:42:50+00:00\",\"dateModified\":\"2024-06-03T09:47:22+00:00\",\"breadcrumb\":{\"@id\":\"https:\\\/\\\/iraurgiberritzen.eus\\\/es\\\/conclusiones-del-analisis-del-tejido-industrial-de-urola-erdia-2024\\\/#breadcrumb\"},\"inLanguage\":\"es\",\"potentialAction\":[{\"@type\":\"ReadAction\",\"target\":[\"https:\\\/\\\/iraurgiberritzen.eus\\\/es\\\/conclusiones-del-analisis-del-tejido-industrial-de-urola-erdia-2024\\\/\"]}]},{\"@type\":\"ImageObject\",\"inLanguage\":\"es\",\"@id\":\"https:\\\/\\\/iraurgiberritzen.eus\\\/es\\\/conclusiones-del-analisis-del-tejido-industrial-de-urola-erdia-2024\\\/#primaryimage\",\"url\":\"https:\\\/\\\/iraurgiberritzen.eus\\\/wp-content\\\/uploads\\\/2024\\\/06\\\/Copia-de-Copia-de-IKASIZ-JARDUNALDIAK.png\",\"contentUrl\":\"https:\\\/\\\/iraurgiberritzen.eus\\\/wp-content\\\/uploads\\\/2024\\\/06\\\/Copia-de-Copia-de-IKASIZ-JARDUNALDIAK.png\",\"width\":1920,\"height\":1080},{\"@type\":\"BreadcrumbList\",\"@id\":\"https:\\\/\\\/iraurgiberritzen.eus\\\/es\\\/conclusiones-del-analisis-del-tejido-industrial-de-urola-erdia-2024\\\/#breadcrumb\",\"itemListElement\":[{\"@type\":\"ListItem\",\"position\":1,\"name\":\"Home\",\"item\":\"https:\\\/\\\/iraurgiberritzen.eus\\\/es\\\/\"},{\"@type\":\"ListItem\",\"position\":2,\"name\":\"Conclusiones del an\u00e1lisis del tejido industrial de Urola Erdia 2024\"}]},{\"@type\":\"WebSite\",\"@id\":\"https:\\\/\\\/iraurgiberritzen.eus\\\/es\\\/#website\",\"url\":\"https:\\\/\\\/iraurgiberritzen.eus\\\/es\\\/\",\"name\":\"Iraurgi Berritzen\",\"description\":\"Urola Erdiko Garapen Agentzia\",\"publisher\":{\"@id\":\"https:\\\/\\\/iraurgiberritzen.eus\\\/es\\\/#organization\"},\"potentialAction\":[{\"@type\":\"SearchAction\",\"target\":{\"@type\":\"EntryPoint\",\"urlTemplate\":\"https:\\\/\\\/iraurgiberritzen.eus\\\/es\\\/?s={search_term_string}\"},\"query-input\":{\"@type\":\"PropertyValueSpecification\",\"valueRequired\":true,\"valueName\":\"search_term_string\"}}],\"inLanguage\":\"es\"},{\"@type\":\"Organization\",\"@id\":\"https:\\\/\\\/iraurgiberritzen.eus\\\/es\\\/#organization\",\"name\":\"Iraurgi Berritzen\",\"url\":\"https:\\\/\\\/iraurgiberritzen.eus\\\/es\\\/\",\"logo\":{\"@type\":\"ImageObject\",\"inLanguage\":\"es\",\"@id\":\"https:\\\/\\\/iraurgiberritzen.eus\\\/es\\\/#\\\/schema\\\/logo\\\/image\\\/\",\"url\":\"https:\\\/\\\/iraurgiberritzen.eus\\\/wp-content\\\/uploads\\\/2024\\\/02\\\/IRAURGI-BERRITZEN-logotipoa_2.png\",\"contentUrl\":\"https:\\\/\\\/iraurgiberritzen.eus\\\/wp-content\\\/uploads\\\/2024\\\/02\\\/IRAURGI-BERRITZEN-logotipoa_2.png\",\"width\":496,\"height\":190,\"caption\":\"Iraurgi Berritzen\"},\"image\":{\"@id\":\"https:\\\/\\\/iraurgiberritzen.eus\\\/es\\\/#\\\/schema\\\/logo\\\/image\\\/\"}},{\"@type\":\"Person\",\"@id\":\"https:\\\/\\\/iraurgiberritzen.eus\\\/es\\\/#\\\/schema\\\/person\\\/a32c9825b3e2bfcbe757a97f6a15c8a5\",\"name\":\"ainara\"}]}<\/script>\n<!-- \/ Yoast SEO plugin. -->","yoast_head_json":{"title":"Conclusiones del an\u00e1lisis del tejido industrial de Urola Erdia 2024 - Iraurgi Berritzen","robots":{"index":"index","follow":"follow","max-snippet":"max-snippet:-1","max-image-preview":"max-image-preview:large","max-video-preview":"max-video-preview:-1"},"canonical":"https:\/\/iraurgiberritzen.eus\/es\/conclusiones-del-analisis-del-tejido-industrial-de-urola-erdia-2024\/","og_locale":"es_ES","og_type":"article","og_title":"Conclusiones del an\u00e1lisis del tejido industrial de Urola Erdia 2024 - Iraurgi Berritzen","og_description":"Con el fin de realizar un an\u00e1lisis de la situaci\u00f3n general del tejido industrial de Urola Erdia y detectar sus necesidades a corto y medio plazo, entre el 2 de febrero y el 10 de abril, Iraurgi Berritzen, en colaboraci\u00f3n con los ayuntamientos de la comarca, ha realizado un an\u00e1lisis de la situaci\u00f3n actual de [&hellip;]","og_url":"https:\/\/iraurgiberritzen.eus\/es\/conclusiones-del-analisis-del-tejido-industrial-de-urola-erdia-2024\/","og_site_name":"Iraurgi Berritzen","article_published_time":"2024-06-03T09:42:50+00:00","article_modified_time":"2024-06-03T09:47:22+00:00","og_image":[{"width":1920,"height":1080,"url":"https:\/\/iraurgiberritzen.eus\/wp-content\/uploads\/2024\/06\/Copia-de-Copia-de-IKASIZ-JARDUNALDIAK.png","type":"image\/png"}],"author":"ainara","twitter_card":"summary_large_image","twitter_misc":{"Escrito por":"ainara","Tiempo de lectura":"2 minutos"},"schema":{"@context":"https:\/\/schema.org","@graph":[{"@type":"Article","@id":"https:\/\/iraurgiberritzen.eus\/es\/conclusiones-del-analisis-del-tejido-industrial-de-urola-erdia-2024\/#article","isPartOf":{"@id":"https:\/\/iraurgiberritzen.eus\/es\/conclusiones-del-analisis-del-tejido-industrial-de-urola-erdia-2024\/"},"author":{"name":"ainara","@id":"https:\/\/iraurgiberritzen.eus\/es\/#\/schema\/person\/a32c9825b3e2bfcbe757a97f6a15c8a5"},"headline":"Conclusiones del an\u00e1lisis del tejido industrial de Urola Erdia 2024","datePublished":"2024-06-03T09:42:50+00:00","dateModified":"2024-06-03T09:47:22+00:00","mainEntityOfPage":{"@id":"https:\/\/iraurgiberritzen.eus\/es\/conclusiones-del-analisis-del-tejido-industrial-de-urola-erdia-2024\/"},"wordCount":187,"publisher":{"@id":"https:\/\/iraurgiberritzen.eus\/es\/#organization"},"image":{"@id":"https:\/\/iraurgiberritzen.eus\/es\/conclusiones-del-analisis-del-tejido-industrial-de-urola-erdia-2024\/#primaryimage"},"thumbnailUrl":"https:\/\/iraurgiberritzen.eus\/wp-content\/uploads\/2024\/06\/Copia-de-Copia-de-IKASIZ-JARDUNALDIAK.png","articleSection":["Noticias"],"inLanguage":"es"},{"@type":"WebPage","@id":"https:\/\/iraurgiberritzen.eus\/es\/conclusiones-del-analisis-del-tejido-industrial-de-urola-erdia-2024\/","url":"https:\/\/iraurgiberritzen.eus\/es\/conclusiones-del-analisis-del-tejido-industrial-de-urola-erdia-2024\/","name":"Conclusiones del an\u00e1lisis del tejido industrial de Urola Erdia 2024 - Iraurgi Berritzen","isPartOf":{"@id":"https:\/\/iraurgiberritzen.eus\/es\/#website"},"primaryImageOfPage":{"@id":"https:\/\/iraurgiberritzen.eus\/es\/conclusiones-del-analisis-del-tejido-industrial-de-urola-erdia-2024\/#primaryimage"},"image":{"@id":"https:\/\/iraurgiberritzen.eus\/es\/conclusiones-del-analisis-del-tejido-industrial-de-urola-erdia-2024\/#primaryimage"},"thumbnailUrl":"https:\/\/iraurgiberritzen.eus\/wp-content\/uploads\/2024\/06\/Copia-de-Copia-de-IKASIZ-JARDUNALDIAK.png","datePublished":"2024-06-03T09:42:50+00:00","dateModified":"2024-06-03T09:47:22+00:00","breadcrumb":{"@id":"https:\/\/iraurgiberritzen.eus\/es\/conclusiones-del-analisis-del-tejido-industrial-de-urola-erdia-2024\/#breadcrumb"},"inLanguage":"es","potentialAction":[{"@type":"ReadAction","target":["https:\/\/iraurgiberritzen.eus\/es\/conclusiones-del-analisis-del-tejido-industrial-de-urola-erdia-2024\/"]}]},{"@type":"ImageObject","inLanguage":"es","@id":"https:\/\/iraurgiberritzen.eus\/es\/conclusiones-del-analisis-del-tejido-industrial-de-urola-erdia-2024\/#primaryimage","url":"https:\/\/iraurgiberritzen.eus\/wp-content\/uploads\/2024\/06\/Copia-de-Copia-de-IKASIZ-JARDUNALDIAK.png","contentUrl":"https:\/\/iraurgiberritzen.eus\/wp-content\/uploads\/2024\/06\/Copia-de-Copia-de-IKASIZ-JARDUNALDIAK.png","width":1920,"height":1080},{"@type":"BreadcrumbList","@id":"https:\/\/iraurgiberritzen.eus\/es\/conclusiones-del-analisis-del-tejido-industrial-de-urola-erdia-2024\/#breadcrumb","itemListElement":[{"@type":"ListItem","position":1,"name":"Home","item":"https:\/\/iraurgiberritzen.eus\/es\/"},{"@type":"ListItem","position":2,"name":"Conclusiones del an\u00e1lisis del tejido industrial de Urola Erdia 2024"}]},{"@type":"WebSite","@id":"https:\/\/iraurgiberritzen.eus\/es\/#website","url":"https:\/\/iraurgiberritzen.eus\/es\/","name":"Iraurgi Berritzen","description":"Urola Erdiko Garapen Agentzia","publisher":{"@id":"https:\/\/iraurgiberritzen.eus\/es\/#organization"},"potentialAction":[{"@type":"SearchAction","target":{"@type":"EntryPoint","urlTemplate":"https:\/\/iraurgiberritzen.eus\/es\/?s={search_term_string}"},"query-input":{"@type":"PropertyValueSpecification","valueRequired":true,"valueName":"search_term_string"}}],"inLanguage":"es"},{"@type":"Organization","@id":"https:\/\/iraurgiberritzen.eus\/es\/#organization","name":"Iraurgi Berritzen","url":"https:\/\/iraurgiberritzen.eus\/es\/","logo":{"@type":"ImageObject","inLanguage":"es","@id":"https:\/\/iraurgiberritzen.eus\/es\/#\/schema\/logo\/image\/","url":"https:\/\/iraurgiberritzen.eus\/wp-content\/uploads\/2024\/02\/IRAURGI-BERRITZEN-logotipoa_2.png","contentUrl":"https:\/\/iraurgiberritzen.eus\/wp-content\/uploads\/2024\/02\/IRAURGI-BERRITZEN-logotipoa_2.png","width":496,"height":190,"caption":"Iraurgi Berritzen"},"image":{"@id":"https:\/\/iraurgiberritzen.eus\/es\/#\/schema\/logo\/image\/"}},{"@type":"Person","@id":"https:\/\/iraurgiberritzen.eus\/es\/#\/schema\/person\/a32c9825b3e2bfcbe757a97f6a15c8a5","name":"ainara"}]}},"_links":{"self":[{"href":"https:\/\/iraurgiberritzen.eus\/es\/wp-json\/wp\/v2\/posts\/20287","targetHints":{"allow":["GET"]}}],"collection":[{"href":"https:\/\/iraurgiberritzen.eus\/es\/wp-json\/wp\/v2\/posts"}],"about":[{"href":"https:\/\/iraurgiberritzen.eus\/es\/wp-json\/wp\/v2\/types\/post"}],"author":[{"embeddable":true,"href":"https:\/\/iraurgiberritzen.eus\/es\/wp-json\/wp\/v2\/users\/4"}],"replies":[{"embeddable":true,"href":"https:\/\/iraurgiberritzen.eus\/es\/wp-json\/wp\/v2\/comments?post=20287"}],"version-history":[{"count":2,"href":"https:\/\/iraurgiberritzen.eus\/es\/wp-json\/wp\/v2\/posts\/20287\/revisions"}],"predecessor-version":[{"id":20293,"href":"https:\/\/iraurgiberritzen.eus\/es\/wp-json\/wp\/v2\/posts\/20287\/revisions\/20293"}],"wp:featuredmedia":[{"embeddable":true,"href":"https:\/\/iraurgiberritzen.eus\/es\/wp-json\/wp\/v2\/media\/20276"}],"wp:attachment":[{"href":"https:\/\/iraurgiberritzen.eus\/es\/wp-json\/wp\/v2\/media?parent=20287"}],"wp:term":[{"taxonomy":"category","embeddable":true,"href":"https:\/\/iraurgiberritzen.eus\/es\/wp-json\/wp\/v2\/categories?post=20287"},{"taxonomy":"post_tag","embeddable":true,"href":"https:\/\/iraurgiberritzen.eus\/es\/wp-json\/wp\/v2\/tags?post=20287"}],"curies":[{"name":"wp","href":"https:\/\/api.w.org\/{rel}","templated":true}]}}