{"id":20318,"date":"2024-06-04T14:08:54","date_gmt":"2024-06-04T12:08:54","guid":{"rendered":"https:\/\/iraurgiberritzen.eus\/?p=20318"},"modified":"2024-06-04T14:12:31","modified_gmt":"2024-06-04T12:12:31","slug":"el-grupo-de-responsables-de-personas-comparte-aprendizajes-y-experiencias-sobre-el-desarrollo-del-liderazgo-de-responsables","status":"publish","type":"post","link":"https:\/\/iraurgiberritzen.eus\/es\/el-grupo-de-responsables-de-personas-comparte-aprendizajes-y-experiencias-sobre-el-desarrollo-del-liderazgo-de-responsables\/","title":{"rendered":"El Grupo de Responsables de Personas comparte aprendizajes y experiencias sobre el \u00abDesarrollo del Liderazgo de Responsables\u00bb"},"content":{"rendered":"<p>El grupo, formado por Responsables de Personas de 20 empresas de la comarca, comparte como aprendizaje colectivo, espacios de colaboraci\u00f3n para intercambiar conocimiento y pr\u00e1cticas de nuevos modelos de gesti\u00f3n del talento de las personas en las empresas. A\u00f1o tras a\u00f1o, desde IB como facilitador del grupo de trabajo, se elabora un plan de trabajo en base a los intereses de las empresas.<\/p>\n<p>Hoy, 4 de junio, el grupo ha llevado a cabo la segunda sesi\u00f3n de trabajo de este a\u00f1o en el Palacio Basazabal de Azpeitia con la participaci\u00f3n de representantes de 10 empresas, donde han abordado la tem\u00e1tica del <strong>\u00abDesarrollo de Liderazgo de Responsables<\/strong>\u00ab. En el marco de la sesi\u00f3n de trabajo se han realizado diferentes din\u00e1micas y ha sido dirigida de la mano de Nerea Urcola.<\/p>\n<p>En la sesi\u00f3n de trabajo de hoy, adem\u00e1s de compartir lo realizado por las empresas desde la \u00faltima reuni\u00f3n, han tenido la oportunidad de reflexionar sobre las funciones, dificultades, y oportunidades de mejora para los mandos intermedios.<\/p>\n<p>Al finalizar la sesi\u00f3n se han identificado las acciones que se desarrollar\u00e1n para la siguiente sesi\u00f3n de trabajo.<\/p>\n<p>Esta iniciativa est\u00e1 patrocinada por el Departamento de Promoci\u00f3n Econ\u00f3mica de la Diputaci\u00f3n Foral de Gipuzkoa y se enmarca en el Proyecto UE Talent Ikasiz.<\/p>\n","protected":false},"excerpt":{"rendered":"<p>El grupo, formado por Responsables de Personas de 20 empresas de la comarca, comparte como aprendizaje colectivo, espacios de colaboraci\u00f3n para intercambiar conocimiento y pr\u00e1cticas de nuevos modelos de gesti\u00f3n del talento de las personas en las empresas. A\u00f1o tras a\u00f1o, desde IB como facilitador del grupo de trabajo, se elabora un plan de trabajo [&hellip;]<\/p>\n","protected":false},"author":4,"featured_media":20314,"comment_status":"closed","ping_status":"closed","sticky":false,"template":"","format":"standard","meta":{"_acf_changed":false,"footnotes":""},"categories":[4],"tags":[],"class_list":["post-20318","post","type-post","status-publish","format-standard","has-post-thumbnail","hentry","category-noticias","arloak-enpresa"],"acf":[],"yoast_head":"<!-- This site is optimized with the Yoast SEO plugin v27.4 - https:\/\/yoast.com\/product\/yoast-seo-wordpress\/ -->\n<title>El Grupo de Responsables de Personas comparte aprendizajes y experiencias sobre el &quot;Desarrollo del Liderazgo de Responsables&quot; - Iraurgi Berritzen<\/title>\n<meta name=\"robots\" content=\"index, follow, max-snippet:-1, max-image-preview:large, max-video-preview:-1\" \/>\n<link rel=\"canonical\" href=\"https:\/\/iraurgiberritzen.eus\/es\/el-grupo-de-responsables-de-personas-comparte-aprendizajes-y-experiencias-sobre-el-desarrollo-del-liderazgo-de-responsables\/\" \/>\n<meta property=\"og:locale\" content=\"es_ES\" \/>\n<meta property=\"og:type\" content=\"article\" \/>\n<meta property=\"og:title\" content=\"El Grupo de Responsables de Personas comparte aprendizajes y experiencias sobre el &quot;Desarrollo del Liderazgo de Responsables&quot; - Iraurgi Berritzen\" \/>\n<meta property=\"og:description\" content=\"El grupo, formado por Responsables de Personas de 20 empresas de la comarca, comparte como aprendizaje colectivo, espacios de colaboraci\u00f3n para intercambiar conocimiento y pr\u00e1cticas de nuevos modelos de gesti\u00f3n del talento de las personas en las empresas. A\u00f1o tras a\u00f1o, desde IB como facilitador del grupo de trabajo, se elabora un plan de trabajo [&hellip;]\" \/>\n<meta property=\"og:url\" content=\"https:\/\/iraurgiberritzen.eus\/es\/el-grupo-de-responsables-de-personas-comparte-aprendizajes-y-experiencias-sobre-el-desarrollo-del-liderazgo-de-responsables\/\" \/>\n<meta property=\"og:site_name\" content=\"Iraurgi Berritzen\" \/>\n<meta property=\"article:published_time\" content=\"2024-06-04T12:08:54+00:00\" \/>\n<meta property=\"article:modified_time\" content=\"2024-06-04T12:12:31+00:00\" \/>\n<meta property=\"og:image\" content=\"https:\/\/iraurgiberritzen.eus\/wp-content\/uploads\/2024\/06\/WhatsApp-Image-2024-06-04-at-12.06.37.jpeg\" \/>\n\t<meta property=\"og:image:width\" content=\"1600\" \/>\n\t<meta property=\"og:image:height\" content=\"1200\" \/>\n\t<meta property=\"og:image:type\" content=\"image\/jpeg\" \/>\n<meta name=\"author\" content=\"ainara\" \/>\n<meta name=\"twitter:card\" content=\"summary_large_image\" \/>\n<meta name=\"twitter:label1\" content=\"Escrito por\" \/>\n\t<meta name=\"twitter:data1\" content=\"ainara\" \/>\n\t<meta name=\"twitter:label2\" content=\"Tiempo de lectura\" \/>\n\t<meta name=\"twitter:data2\" content=\"2 minutos\" \/>\n<script type=\"application\/ld+json\" class=\"yoast-schema-graph\">{\"@context\":\"https:\\\/\\\/schema.org\",\"@graph\":[{\"@type\":\"Article\",\"@id\":\"https:\\\/\\\/iraurgiberritzen.eus\\\/es\\\/el-grupo-de-responsables-de-personas-comparte-aprendizajes-y-experiencias-sobre-el-desarrollo-del-liderazgo-de-responsables\\\/#article\",\"isPartOf\":{\"@id\":\"https:\\\/\\\/iraurgiberritzen.eus\\\/es\\\/el-grupo-de-responsables-de-personas-comparte-aprendizajes-y-experiencias-sobre-el-desarrollo-del-liderazgo-de-responsables\\\/\"},\"author\":{\"name\":\"ainara\",\"@id\":\"https:\\\/\\\/iraurgiberritzen.eus\\\/es\\\/#\\\/schema\\\/person\\\/a32c9825b3e2bfcbe757a97f6a15c8a5\"},\"headline\":\"El Grupo de Responsables de Personas comparte aprendizajes y experiencias sobre el \u00abDesarrollo del Liderazgo de Responsables\u00bb\",\"datePublished\":\"2024-06-04T12:08:54+00:00\",\"dateModified\":\"2024-06-04T12:12:31+00:00\",\"mainEntityOfPage\":{\"@id\":\"https:\\\/\\\/iraurgiberritzen.eus\\\/es\\\/el-grupo-de-responsables-de-personas-comparte-aprendizajes-y-experiencias-sobre-el-desarrollo-del-liderazgo-de-responsables\\\/\"},\"wordCount\":243,\"publisher\":{\"@id\":\"https:\\\/\\\/iraurgiberritzen.eus\\\/es\\\/#organization\"},\"image\":{\"@id\":\"https:\\\/\\\/iraurgiberritzen.eus\\\/es\\\/el-grupo-de-responsables-de-personas-comparte-aprendizajes-y-experiencias-sobre-el-desarrollo-del-liderazgo-de-responsables\\\/#primaryimage\"},\"thumbnailUrl\":\"https:\\\/\\\/iraurgiberritzen.eus\\\/wp-content\\\/uploads\\\/2024\\\/06\\\/WhatsApp-Image-2024-06-04-at-12.06.37.jpeg\",\"articleSection\":[\"Noticias\"],\"inLanguage\":\"es\"},{\"@type\":\"WebPage\",\"@id\":\"https:\\\/\\\/iraurgiberritzen.eus\\\/es\\\/el-grupo-de-responsables-de-personas-comparte-aprendizajes-y-experiencias-sobre-el-desarrollo-del-liderazgo-de-responsables\\\/\",\"url\":\"https:\\\/\\\/iraurgiberritzen.eus\\\/es\\\/el-grupo-de-responsables-de-personas-comparte-aprendizajes-y-experiencias-sobre-el-desarrollo-del-liderazgo-de-responsables\\\/\",\"name\":\"El Grupo de Responsables de Personas comparte aprendizajes y experiencias sobre el \\\"Desarrollo del Liderazgo de Responsables\\\" - Iraurgi Berritzen\",\"isPartOf\":{\"@id\":\"https:\\\/\\\/iraurgiberritzen.eus\\\/es\\\/#website\"},\"primaryImageOfPage\":{\"@id\":\"https:\\\/\\\/iraurgiberritzen.eus\\\/es\\\/el-grupo-de-responsables-de-personas-comparte-aprendizajes-y-experiencias-sobre-el-desarrollo-del-liderazgo-de-responsables\\\/#primaryimage\"},\"image\":{\"@id\":\"https:\\\/\\\/iraurgiberritzen.eus\\\/es\\\/el-grupo-de-responsables-de-personas-comparte-aprendizajes-y-experiencias-sobre-el-desarrollo-del-liderazgo-de-responsables\\\/#primaryimage\"},\"thumbnailUrl\":\"https:\\\/\\\/iraurgiberritzen.eus\\\/wp-content\\\/uploads\\\/2024\\\/06\\\/WhatsApp-Image-2024-06-04-at-12.06.37.jpeg\",\"datePublished\":\"2024-06-04T12:08:54+00:00\",\"dateModified\":\"2024-06-04T12:12:31+00:00\",\"breadcrumb\":{\"@id\":\"https:\\\/\\\/iraurgiberritzen.eus\\\/es\\\/el-grupo-de-responsables-de-personas-comparte-aprendizajes-y-experiencias-sobre-el-desarrollo-del-liderazgo-de-responsables\\\/#breadcrumb\"},\"inLanguage\":\"es\",\"potentialAction\":[{\"@type\":\"ReadAction\",\"target\":[\"https:\\\/\\\/iraurgiberritzen.eus\\\/es\\\/el-grupo-de-responsables-de-personas-comparte-aprendizajes-y-experiencias-sobre-el-desarrollo-del-liderazgo-de-responsables\\\/\"]}]},{\"@type\":\"ImageObject\",\"inLanguage\":\"es\",\"@id\":\"https:\\\/\\\/iraurgiberritzen.eus\\\/es\\\/el-grupo-de-responsables-de-personas-comparte-aprendizajes-y-experiencias-sobre-el-desarrollo-del-liderazgo-de-responsables\\\/#primaryimage\",\"url\":\"https:\\\/\\\/iraurgiberritzen.eus\\\/wp-content\\\/uploads\\\/2024\\\/06\\\/WhatsApp-Image-2024-06-04-at-12.06.37.jpeg\",\"contentUrl\":\"https:\\\/\\\/iraurgiberritzen.eus\\\/wp-content\\\/uploads\\\/2024\\\/06\\\/WhatsApp-Image-2024-06-04-at-12.06.37.jpeg\",\"width\":1600,\"height\":1200},{\"@type\":\"BreadcrumbList\",\"@id\":\"https:\\\/\\\/iraurgiberritzen.eus\\\/es\\\/el-grupo-de-responsables-de-personas-comparte-aprendizajes-y-experiencias-sobre-el-desarrollo-del-liderazgo-de-responsables\\\/#breadcrumb\",\"itemListElement\":[{\"@type\":\"ListItem\",\"position\":1,\"name\":\"Home\",\"item\":\"https:\\\/\\\/iraurgiberritzen.eus\\\/es\\\/\"},{\"@type\":\"ListItem\",\"position\":2,\"name\":\"El Grupo de Responsables de Personas comparte aprendizajes y experiencias sobre el &#8220;Desarrollo del Liderazgo de Responsables&#8221;\"}]},{\"@type\":\"WebSite\",\"@id\":\"https:\\\/\\\/iraurgiberritzen.eus\\\/es\\\/#website\",\"url\":\"https:\\\/\\\/iraurgiberritzen.eus\\\/es\\\/\",\"name\":\"Iraurgi Berritzen\",\"description\":\"Urola Erdiko Garapen Agentzia\",\"publisher\":{\"@id\":\"https:\\\/\\\/iraurgiberritzen.eus\\\/es\\\/#organization\"},\"potentialAction\":[{\"@type\":\"SearchAction\",\"target\":{\"@type\":\"EntryPoint\",\"urlTemplate\":\"https:\\\/\\\/iraurgiberritzen.eus\\\/es\\\/?s={search_term_string}\"},\"query-input\":{\"@type\":\"PropertyValueSpecification\",\"valueRequired\":true,\"valueName\":\"search_term_string\"}}],\"inLanguage\":\"es\"},{\"@type\":\"Organization\",\"@id\":\"https:\\\/\\\/iraurgiberritzen.eus\\\/es\\\/#organization\",\"name\":\"Iraurgi Berritzen\",\"url\":\"https:\\\/\\\/iraurgiberritzen.eus\\\/es\\\/\",\"logo\":{\"@type\":\"ImageObject\",\"inLanguage\":\"es\",\"@id\":\"https:\\\/\\\/iraurgiberritzen.eus\\\/es\\\/#\\\/schema\\\/logo\\\/image\\\/\",\"url\":\"https:\\\/\\\/iraurgiberritzen.eus\\\/wp-content\\\/uploads\\\/2024\\\/02\\\/IRAURGI-BERRITZEN-logotipoa_2.png\",\"contentUrl\":\"https:\\\/\\\/iraurgiberritzen.eus\\\/wp-content\\\/uploads\\\/2024\\\/02\\\/IRAURGI-BERRITZEN-logotipoa_2.png\",\"width\":496,\"height\":190,\"caption\":\"Iraurgi Berritzen\"},\"image\":{\"@id\":\"https:\\\/\\\/iraurgiberritzen.eus\\\/es\\\/#\\\/schema\\\/logo\\\/image\\\/\"}},{\"@type\":\"Person\",\"@id\":\"https:\\\/\\\/iraurgiberritzen.eus\\\/es\\\/#\\\/schema\\\/person\\\/a32c9825b3e2bfcbe757a97f6a15c8a5\",\"name\":\"ainara\"}]}<\/script>\n<!-- \/ Yoast SEO plugin. -->","yoast_head_json":{"title":"El Grupo de Responsables de Personas comparte aprendizajes y experiencias sobre el \"Desarrollo del Liderazgo de Responsables\" - Iraurgi Berritzen","robots":{"index":"index","follow":"follow","max-snippet":"max-snippet:-1","max-image-preview":"max-image-preview:large","max-video-preview":"max-video-preview:-1"},"canonical":"https:\/\/iraurgiberritzen.eus\/es\/el-grupo-de-responsables-de-personas-comparte-aprendizajes-y-experiencias-sobre-el-desarrollo-del-liderazgo-de-responsables\/","og_locale":"es_ES","og_type":"article","og_title":"El Grupo de Responsables de Personas comparte aprendizajes y experiencias sobre el \"Desarrollo del Liderazgo de Responsables\" - Iraurgi Berritzen","og_description":"El grupo, formado por Responsables de Personas de 20 empresas de la comarca, comparte como aprendizaje colectivo, espacios de colaboraci\u00f3n para intercambiar conocimiento y pr\u00e1cticas de nuevos modelos de gesti\u00f3n del talento de las personas en las empresas. A\u00f1o tras a\u00f1o, desde IB como facilitador del grupo de trabajo, se elabora un plan de trabajo [&hellip;]","og_url":"https:\/\/iraurgiberritzen.eus\/es\/el-grupo-de-responsables-de-personas-comparte-aprendizajes-y-experiencias-sobre-el-desarrollo-del-liderazgo-de-responsables\/","og_site_name":"Iraurgi Berritzen","article_published_time":"2024-06-04T12:08:54+00:00","article_modified_time":"2024-06-04T12:12:31+00:00","og_image":[{"width":1600,"height":1200,"url":"https:\/\/iraurgiberritzen.eus\/wp-content\/uploads\/2024\/06\/WhatsApp-Image-2024-06-04-at-12.06.37.jpeg","type":"image\/jpeg"}],"author":"ainara","twitter_card":"summary_large_image","twitter_misc":{"Escrito por":"ainara","Tiempo de lectura":"2 minutos"},"schema":{"@context":"https:\/\/schema.org","@graph":[{"@type":"Article","@id":"https:\/\/iraurgiberritzen.eus\/es\/el-grupo-de-responsables-de-personas-comparte-aprendizajes-y-experiencias-sobre-el-desarrollo-del-liderazgo-de-responsables\/#article","isPartOf":{"@id":"https:\/\/iraurgiberritzen.eus\/es\/el-grupo-de-responsables-de-personas-comparte-aprendizajes-y-experiencias-sobre-el-desarrollo-del-liderazgo-de-responsables\/"},"author":{"name":"ainara","@id":"https:\/\/iraurgiberritzen.eus\/es\/#\/schema\/person\/a32c9825b3e2bfcbe757a97f6a15c8a5"},"headline":"El Grupo de Responsables de Personas comparte aprendizajes y experiencias sobre el \u00abDesarrollo del Liderazgo de Responsables\u00bb","datePublished":"2024-06-04T12:08:54+00:00","dateModified":"2024-06-04T12:12:31+00:00","mainEntityOfPage":{"@id":"https:\/\/iraurgiberritzen.eus\/es\/el-grupo-de-responsables-de-personas-comparte-aprendizajes-y-experiencias-sobre-el-desarrollo-del-liderazgo-de-responsables\/"},"wordCount":243,"publisher":{"@id":"https:\/\/iraurgiberritzen.eus\/es\/#organization"},"image":{"@id":"https:\/\/iraurgiberritzen.eus\/es\/el-grupo-de-responsables-de-personas-comparte-aprendizajes-y-experiencias-sobre-el-desarrollo-del-liderazgo-de-responsables\/#primaryimage"},"thumbnailUrl":"https:\/\/iraurgiberritzen.eus\/wp-content\/uploads\/2024\/06\/WhatsApp-Image-2024-06-04-at-12.06.37.jpeg","articleSection":["Noticias"],"inLanguage":"es"},{"@type":"WebPage","@id":"https:\/\/iraurgiberritzen.eus\/es\/el-grupo-de-responsables-de-personas-comparte-aprendizajes-y-experiencias-sobre-el-desarrollo-del-liderazgo-de-responsables\/","url":"https:\/\/iraurgiberritzen.eus\/es\/el-grupo-de-responsables-de-personas-comparte-aprendizajes-y-experiencias-sobre-el-desarrollo-del-liderazgo-de-responsables\/","name":"El Grupo de Responsables de Personas comparte aprendizajes y experiencias sobre el \"Desarrollo del Liderazgo de Responsables\" - Iraurgi Berritzen","isPartOf":{"@id":"https:\/\/iraurgiberritzen.eus\/es\/#website"},"primaryImageOfPage":{"@id":"https:\/\/iraurgiberritzen.eus\/es\/el-grupo-de-responsables-de-personas-comparte-aprendizajes-y-experiencias-sobre-el-desarrollo-del-liderazgo-de-responsables\/#primaryimage"},"image":{"@id":"https:\/\/iraurgiberritzen.eus\/es\/el-grupo-de-responsables-de-personas-comparte-aprendizajes-y-experiencias-sobre-el-desarrollo-del-liderazgo-de-responsables\/#primaryimage"},"thumbnailUrl":"https:\/\/iraurgiberritzen.eus\/wp-content\/uploads\/2024\/06\/WhatsApp-Image-2024-06-04-at-12.06.37.jpeg","datePublished":"2024-06-04T12:08:54+00:00","dateModified":"2024-06-04T12:12:31+00:00","breadcrumb":{"@id":"https:\/\/iraurgiberritzen.eus\/es\/el-grupo-de-responsables-de-personas-comparte-aprendizajes-y-experiencias-sobre-el-desarrollo-del-liderazgo-de-responsables\/#breadcrumb"},"inLanguage":"es","potentialAction":[{"@type":"ReadAction","target":["https:\/\/iraurgiberritzen.eus\/es\/el-grupo-de-responsables-de-personas-comparte-aprendizajes-y-experiencias-sobre-el-desarrollo-del-liderazgo-de-responsables\/"]}]},{"@type":"ImageObject","inLanguage":"es","@id":"https:\/\/iraurgiberritzen.eus\/es\/el-grupo-de-responsables-de-personas-comparte-aprendizajes-y-experiencias-sobre-el-desarrollo-del-liderazgo-de-responsables\/#primaryimage","url":"https:\/\/iraurgiberritzen.eus\/wp-content\/uploads\/2024\/06\/WhatsApp-Image-2024-06-04-at-12.06.37.jpeg","contentUrl":"https:\/\/iraurgiberritzen.eus\/wp-content\/uploads\/2024\/06\/WhatsApp-Image-2024-06-04-at-12.06.37.jpeg","width":1600,"height":1200},{"@type":"BreadcrumbList","@id":"https:\/\/iraurgiberritzen.eus\/es\/el-grupo-de-responsables-de-personas-comparte-aprendizajes-y-experiencias-sobre-el-desarrollo-del-liderazgo-de-responsables\/#breadcrumb","itemListElement":[{"@type":"ListItem","position":1,"name":"Home","item":"https:\/\/iraurgiberritzen.eus\/es\/"},{"@type":"ListItem","position":2,"name":"El Grupo de Responsables de Personas comparte aprendizajes y experiencias sobre el &#8220;Desarrollo del Liderazgo de Responsables&#8221;"}]},{"@type":"WebSite","@id":"https:\/\/iraurgiberritzen.eus\/es\/#website","url":"https:\/\/iraurgiberritzen.eus\/es\/","name":"Iraurgi Berritzen","description":"Urola Erdiko Garapen Agentzia","publisher":{"@id":"https:\/\/iraurgiberritzen.eus\/es\/#organization"},"potentialAction":[{"@type":"SearchAction","target":{"@type":"EntryPoint","urlTemplate":"https:\/\/iraurgiberritzen.eus\/es\/?s={search_term_string}"},"query-input":{"@type":"PropertyValueSpecification","valueRequired":true,"valueName":"search_term_string"}}],"inLanguage":"es"},{"@type":"Organization","@id":"https:\/\/iraurgiberritzen.eus\/es\/#organization","name":"Iraurgi Berritzen","url":"https:\/\/iraurgiberritzen.eus\/es\/","logo":{"@type":"ImageObject","inLanguage":"es","@id":"https:\/\/iraurgiberritzen.eus\/es\/#\/schema\/logo\/image\/","url":"https:\/\/iraurgiberritzen.eus\/wp-content\/uploads\/2024\/02\/IRAURGI-BERRITZEN-logotipoa_2.png","contentUrl":"https:\/\/iraurgiberritzen.eus\/wp-content\/uploads\/2024\/02\/IRAURGI-BERRITZEN-logotipoa_2.png","width":496,"height":190,"caption":"Iraurgi Berritzen"},"image":{"@id":"https:\/\/iraurgiberritzen.eus\/es\/#\/schema\/logo\/image\/"}},{"@type":"Person","@id":"https:\/\/iraurgiberritzen.eus\/es\/#\/schema\/person\/a32c9825b3e2bfcbe757a97f6a15c8a5","name":"ainara"}]}},"_links":{"self":[{"href":"https:\/\/iraurgiberritzen.eus\/es\/wp-json\/wp\/v2\/posts\/20318","targetHints":{"allow":["GET"]}}],"collection":[{"href":"https:\/\/iraurgiberritzen.eus\/es\/wp-json\/wp\/v2\/posts"}],"about":[{"href":"https:\/\/iraurgiberritzen.eus\/es\/wp-json\/wp\/v2\/types\/post"}],"author":[{"embeddable":true,"href":"https:\/\/iraurgiberritzen.eus\/es\/wp-json\/wp\/v2\/users\/4"}],"replies":[{"embeddable":true,"href":"https:\/\/iraurgiberritzen.eus\/es\/wp-json\/wp\/v2\/comments?post=20318"}],"version-history":[{"count":2,"href":"https:\/\/iraurgiberritzen.eus\/es\/wp-json\/wp\/v2\/posts\/20318\/revisions"}],"predecessor-version":[{"id":20322,"href":"https:\/\/iraurgiberritzen.eus\/es\/wp-json\/wp\/v2\/posts\/20318\/revisions\/20322"}],"wp:featuredmedia":[{"embeddable":true,"href":"https:\/\/iraurgiberritzen.eus\/es\/wp-json\/wp\/v2\/media\/20314"}],"wp:attachment":[{"href":"https:\/\/iraurgiberritzen.eus\/es\/wp-json\/wp\/v2\/media?parent=20318"}],"wp:term":[{"taxonomy":"category","embeddable":true,"href":"https:\/\/iraurgiberritzen.eus\/es\/wp-json\/wp\/v2\/categories?post=20318"},{"taxonomy":"post_tag","embeddable":true,"href":"https:\/\/iraurgiberritzen.eus\/es\/wp-json\/wp\/v2\/tags?post=20318"}],"curies":[{"name":"wp","href":"https:\/\/api.w.org\/{rel}","templated":true}]}}