{"id":20353,"date":"2024-06-06T16:26:09","date_gmt":"2024-06-06T14:26:09","guid":{"rendered":"https:\/\/iraurgiberritzen.eus\/?p=20353"},"modified":"2024-06-06T16:26:09","modified_gmt":"2024-06-06T14:26:09","slug":"iraurgi-berritzen-y-la-diputacion-foral-suscriben-un-acuerdo-para-impulsar-la-sostenibilidad-energetica","status":"publish","type":"post","link":"https:\/\/iraurgiberritzen.eus\/es\/iraurgi-berritzen-y-la-diputacion-foral-suscriben-un-acuerdo-para-impulsar-la-sostenibilidad-energetica\/","title":{"rendered":"Iraurgi Berritzen y la Diputaci\u00f3n Foral suscriben un acuerdo para impulsar la sostenibilidad energ\u00e9tica"},"content":{"rendered":"<p>La Diputaci\u00f3n Foral de Gipuzkoa ha suscrito sendos acuerdos con las agencias de desarrollo comarcal del territorio, entre otras, con Iraurgi Berritzen, con el fin de impulsar en Gipuzkoa la transici\u00f3n energ\u00e9tica. El departamento de Sostenibilidad de la instituci\u00f3n foral destinar\u00e1 550.000 euros para impulsar en los municipios planes de energ\u00eda, medidas para reducir la pobreza energ\u00e9tica y fomentar un modelo energ\u00e9tico eficiente.<\/p>\n<p>La alcaldesa y presidenta de Iraurgi Berritzen Ana Azkoitia ha se\u00f1alado que Iraurgi Berritzen recibir\u00e1 una ayuda de 55.000 euros por medio del acuerdo de colaboraci\u00f3n suscrito esta ma\u00f1ana. La subvenci\u00f3n se destinar\u00e1 a proyectos definidos por la Mesa de Energ\u00eda y Clima en la que est\u00e1n representados Iraurgi Berritzen, Urkome y los Ayuntamientos.<br \/>\n\u201cDesarrollaremos tres proyectos o l\u00edneas de trabajo\u201d, ha explicado Ana Azkoitia.<\/p>\n<p>\u00abPor un lado, tenemos como objetivo analizar y mejorar la eficiencia energ\u00e9tica de las empresas de la comarca. Para ello, se analizar\u00e1 la situaci\u00f3n energ\u00e9tica actual de la empresa, identificando las fuentes de energ\u00eda y los consumos, y proponiendo acciones de mejora \u00ab. El proyecto est\u00e1 dirigido a la industria, el comercio, la hosteler\u00eda y el sector primario. Asimismo, se celebrar\u00e1n unas jornadas divulgativas. Se busca que unas diez empresas de diversas actividades logren una optimizaci\u00f3n energ\u00e9tica y reduzcan el impacto ambiental.<\/p>\n<p>El segundo proyecto contempla la elaboraci\u00f3n del diagn\u00f3stico del Plan de Movilidad Sostenible de Urola Medio. \u00abSe evaluar\u00e1 la infraestructura del transporte, es decir, carreteras, v\u00edas peatonales, carriles bici o paradas de autob\u00fas. El objetivo es que, tras la evaluaci\u00f3n, se desarrolle un plan que mejore la eficiencia y seguridad de nuestro sistema de transportes, fomentando la sostenibilidad \u00ab.<br \/>\nLa tercera l\u00ednea de trabajo est\u00e1 relacionada con la sensibilizaci\u00f3n. Para fomentar la conciencia sobre la importancia de las pr\u00e1cticas sostenibles y su impacto positivo, la idea es realizar campa\u00f1as informativas.<\/p>\n<p>Han suscrito los convenios de colaboraci\u00f3n por una parte, el diputado de Sostenibilidad Jos\u00e9 Ignacio Asensio, y por otra, las comarcas de Debabarrena, Oarsoaldea, Tolosaldea, Urola Erdia, Goierri, Urola Garaia, Debagoiena, Beterri-Buruntza, Bidasoa eta Urola Kosta eskualdeek.<\/p>\n<p>El diputado de Sostenibilidad ha se\u00f1alado que \u201cahora m\u00e1s que nunca, es vital avanzar hacia una transici\u00f3n energ\u00e9tica justa y sostenible en Gipuzkoa. Con esta inversi\u00f3n de 550.000 euros, apoyamos a nuestras comarcas para que desarrollen planes de energ\u00eda locales que promuevan el uso de energ\u00edas renovables y la eficiencia energ\u00e9tica. Esto ayudar\u00e1 a combatir la pobreza energ\u00e9tica, reducir\u00e1 nuestra dependencia energ\u00e9tica y las emisiones de CO2, en l\u00ednea con nuestra Estrategia guipuzcoana de Cambio Clim\u00e1tico &#8216;Gipuzkoa Klima 2050&#8217;. La participaci\u00f3n de las agencias de desarrollo comarcal es crucial, ya que son las entidades m\u00e1s cercanas a la ciudadan\u00eda y pueden coordinar acciones efectivas a nivel local. Estamos comprometidos en trabajar codo a codo con todos los municipios para lograr una Gipuzkoa m\u00e1s verde y justa para todos\u201d.<\/p>\n","protected":false},"excerpt":{"rendered":"<p>La Diputaci\u00f3n Foral de Gipuzkoa ha suscrito sendos acuerdos con las agencias de desarrollo comarcal del territorio, entre otras, con Iraurgi Berritzen, con el fin de impulsar en Gipuzkoa la transici\u00f3n energ\u00e9tica. El departamento de Sostenibilidad de la instituci\u00f3n foral destinar\u00e1 550.000 euros para impulsar en los municipios planes de energ\u00eda, medidas para reducir la [&hellip;]<\/p>\n","protected":false},"author":4,"featured_media":20347,"comment_status":"closed","ping_status":"closed","sticky":false,"template":"","format":"standard","meta":{"_acf_changed":false,"footnotes":""},"categories":[4],"tags":[],"class_list":["post-20353","post","type-post","status-publish","format-standard","has-post-thumbnail","hentry","category-noticias","arloak-desarrollo-local"],"acf":[],"yoast_head":"<!-- This site is optimized with the Yoast SEO plugin v27.4 - https:\/\/yoast.com\/product\/yoast-seo-wordpress\/ -->\n<title>Iraurgi Berritzen y la Diputaci\u00f3n Foral suscriben un acuerdo para impulsar la sostenibilidad energ\u00e9tica - Iraurgi Berritzen<\/title>\n<meta name=\"robots\" content=\"index, follow, max-snippet:-1, max-image-preview:large, max-video-preview:-1\" \/>\n<link rel=\"canonical\" href=\"https:\/\/iraurgiberritzen.eus\/es\/iraurgi-berritzen-y-la-diputacion-foral-suscriben-un-acuerdo-para-impulsar-la-sostenibilidad-energetica\/\" \/>\n<meta property=\"og:locale\" content=\"es_ES\" \/>\n<meta property=\"og:type\" content=\"article\" \/>\n<meta property=\"og:title\" content=\"Iraurgi Berritzen y la Diputaci\u00f3n Foral suscriben un acuerdo para impulsar la sostenibilidad energ\u00e9tica - Iraurgi Berritzen\" \/>\n<meta property=\"og:description\" content=\"La Diputaci\u00f3n Foral de Gipuzkoa ha suscrito sendos acuerdos con las agencias de desarrollo comarcal del territorio, entre otras, con Iraurgi Berritzen, con el fin de impulsar en Gipuzkoa la transici\u00f3n energ\u00e9tica. El departamento de Sostenibilidad de la instituci\u00f3n foral destinar\u00e1 550.000 euros para impulsar en los municipios planes de energ\u00eda, medidas para reducir la [&hellip;]\" \/>\n<meta property=\"og:url\" content=\"https:\/\/iraurgiberritzen.eus\/es\/iraurgi-berritzen-y-la-diputacion-foral-suscriben-un-acuerdo-para-impulsar-la-sostenibilidad-energetica\/\" \/>\n<meta property=\"og:site_name\" content=\"Iraurgi Berritzen\" \/>\n<meta property=\"article:published_time\" content=\"2024-06-06T14:26:09+00:00\" \/>\n<meta property=\"og:image\" content=\"https:\/\/iraurgiberritzen.eus\/wp-content\/uploads\/2024\/06\/thumbnail_IMG_6693.jpg\" \/>\n\t<meta property=\"og:image:width\" content=\"1920\" \/>\n\t<meta property=\"og:image:height\" content=\"1440\" \/>\n\t<meta property=\"og:image:type\" content=\"image\/jpeg\" \/>\n<meta name=\"author\" content=\"ainara\" \/>\n<meta name=\"twitter:card\" content=\"summary_large_image\" \/>\n<meta name=\"twitter:label1\" content=\"Escrito por\" \/>\n\t<meta name=\"twitter:data1\" content=\"ainara\" \/>\n\t<meta name=\"twitter:label2\" content=\"Tiempo de lectura\" \/>\n\t<meta name=\"twitter:data2\" content=\"3 minutos\" \/>\n<script type=\"application\/ld+json\" class=\"yoast-schema-graph\">{\"@context\":\"https:\\\/\\\/schema.org\",\"@graph\":[{\"@type\":\"Article\",\"@id\":\"https:\\\/\\\/iraurgiberritzen.eus\\\/es\\\/iraurgi-berritzen-y-la-diputacion-foral-suscriben-un-acuerdo-para-impulsar-la-sostenibilidad-energetica\\\/#article\",\"isPartOf\":{\"@id\":\"https:\\\/\\\/iraurgiberritzen.eus\\\/es\\\/iraurgi-berritzen-y-la-diputacion-foral-suscriben-un-acuerdo-para-impulsar-la-sostenibilidad-energetica\\\/\"},\"author\":{\"name\":\"ainara\",\"@id\":\"https:\\\/\\\/iraurgiberritzen.eus\\\/es\\\/#\\\/schema\\\/person\\\/a32c9825b3e2bfcbe757a97f6a15c8a5\"},\"headline\":\"Iraurgi Berritzen y la Diputaci\u00f3n Foral suscriben un acuerdo para impulsar la sostenibilidad energ\u00e9tica\",\"datePublished\":\"2024-06-06T14:26:09+00:00\",\"mainEntityOfPage\":{\"@id\":\"https:\\\/\\\/iraurgiberritzen.eus\\\/es\\\/iraurgi-berritzen-y-la-diputacion-foral-suscriben-un-acuerdo-para-impulsar-la-sostenibilidad-energetica\\\/\"},\"wordCount\":523,\"publisher\":{\"@id\":\"https:\\\/\\\/iraurgiberritzen.eus\\\/es\\\/#organization\"},\"image\":{\"@id\":\"https:\\\/\\\/iraurgiberritzen.eus\\\/es\\\/iraurgi-berritzen-y-la-diputacion-foral-suscriben-un-acuerdo-para-impulsar-la-sostenibilidad-energetica\\\/#primaryimage\"},\"thumbnailUrl\":\"https:\\\/\\\/iraurgiberritzen.eus\\\/wp-content\\\/uploads\\\/2024\\\/06\\\/thumbnail_IMG_6693.jpg\",\"articleSection\":[\"Noticias\"],\"inLanguage\":\"es\"},{\"@type\":\"WebPage\",\"@id\":\"https:\\\/\\\/iraurgiberritzen.eus\\\/es\\\/iraurgi-berritzen-y-la-diputacion-foral-suscriben-un-acuerdo-para-impulsar-la-sostenibilidad-energetica\\\/\",\"url\":\"https:\\\/\\\/iraurgiberritzen.eus\\\/es\\\/iraurgi-berritzen-y-la-diputacion-foral-suscriben-un-acuerdo-para-impulsar-la-sostenibilidad-energetica\\\/\",\"name\":\"Iraurgi Berritzen y la Diputaci\u00f3n Foral suscriben un acuerdo para impulsar la sostenibilidad energ\u00e9tica - Iraurgi Berritzen\",\"isPartOf\":{\"@id\":\"https:\\\/\\\/iraurgiberritzen.eus\\\/es\\\/#website\"},\"primaryImageOfPage\":{\"@id\":\"https:\\\/\\\/iraurgiberritzen.eus\\\/es\\\/iraurgi-berritzen-y-la-diputacion-foral-suscriben-un-acuerdo-para-impulsar-la-sostenibilidad-energetica\\\/#primaryimage\"},\"image\":{\"@id\":\"https:\\\/\\\/iraurgiberritzen.eus\\\/es\\\/iraurgi-berritzen-y-la-diputacion-foral-suscriben-un-acuerdo-para-impulsar-la-sostenibilidad-energetica\\\/#primaryimage\"},\"thumbnailUrl\":\"https:\\\/\\\/iraurgiberritzen.eus\\\/wp-content\\\/uploads\\\/2024\\\/06\\\/thumbnail_IMG_6693.jpg\",\"datePublished\":\"2024-06-06T14:26:09+00:00\",\"breadcrumb\":{\"@id\":\"https:\\\/\\\/iraurgiberritzen.eus\\\/es\\\/iraurgi-berritzen-y-la-diputacion-foral-suscriben-un-acuerdo-para-impulsar-la-sostenibilidad-energetica\\\/#breadcrumb\"},\"inLanguage\":\"es\",\"potentialAction\":[{\"@type\":\"ReadAction\",\"target\":[\"https:\\\/\\\/iraurgiberritzen.eus\\\/es\\\/iraurgi-berritzen-y-la-diputacion-foral-suscriben-un-acuerdo-para-impulsar-la-sostenibilidad-energetica\\\/\"]}]},{\"@type\":\"ImageObject\",\"inLanguage\":\"es\",\"@id\":\"https:\\\/\\\/iraurgiberritzen.eus\\\/es\\\/iraurgi-berritzen-y-la-diputacion-foral-suscriben-un-acuerdo-para-impulsar-la-sostenibilidad-energetica\\\/#primaryimage\",\"url\":\"https:\\\/\\\/iraurgiberritzen.eus\\\/wp-content\\\/uploads\\\/2024\\\/06\\\/thumbnail_IMG_6693.jpg\",\"contentUrl\":\"https:\\\/\\\/iraurgiberritzen.eus\\\/wp-content\\\/uploads\\\/2024\\\/06\\\/thumbnail_IMG_6693.jpg\",\"width\":1920,\"height\":1440},{\"@type\":\"BreadcrumbList\",\"@id\":\"https:\\\/\\\/iraurgiberritzen.eus\\\/es\\\/iraurgi-berritzen-y-la-diputacion-foral-suscriben-un-acuerdo-para-impulsar-la-sostenibilidad-energetica\\\/#breadcrumb\",\"itemListElement\":[{\"@type\":\"ListItem\",\"position\":1,\"name\":\"Home\",\"item\":\"https:\\\/\\\/iraurgiberritzen.eus\\\/es\\\/\"},{\"@type\":\"ListItem\",\"position\":2,\"name\":\"Iraurgi Berritzen y la Diputaci\u00f3n Foral suscriben un acuerdo para impulsar la sostenibilidad energ\u00e9tica\"}]},{\"@type\":\"WebSite\",\"@id\":\"https:\\\/\\\/iraurgiberritzen.eus\\\/es\\\/#website\",\"url\":\"https:\\\/\\\/iraurgiberritzen.eus\\\/es\\\/\",\"name\":\"Iraurgi Berritzen\",\"description\":\"Urola Erdiko Garapen Agentzia\",\"publisher\":{\"@id\":\"https:\\\/\\\/iraurgiberritzen.eus\\\/es\\\/#organization\"},\"potentialAction\":[{\"@type\":\"SearchAction\",\"target\":{\"@type\":\"EntryPoint\",\"urlTemplate\":\"https:\\\/\\\/iraurgiberritzen.eus\\\/es\\\/?s={search_term_string}\"},\"query-input\":{\"@type\":\"PropertyValueSpecification\",\"valueRequired\":true,\"valueName\":\"search_term_string\"}}],\"inLanguage\":\"es\"},{\"@type\":\"Organization\",\"@id\":\"https:\\\/\\\/iraurgiberritzen.eus\\\/es\\\/#organization\",\"name\":\"Iraurgi Berritzen\",\"url\":\"https:\\\/\\\/iraurgiberritzen.eus\\\/es\\\/\",\"logo\":{\"@type\":\"ImageObject\",\"inLanguage\":\"es\",\"@id\":\"https:\\\/\\\/iraurgiberritzen.eus\\\/es\\\/#\\\/schema\\\/logo\\\/image\\\/\",\"url\":\"https:\\\/\\\/iraurgiberritzen.eus\\\/wp-content\\\/uploads\\\/2024\\\/02\\\/IRAURGI-BERRITZEN-logotipoa_2.png\",\"contentUrl\":\"https:\\\/\\\/iraurgiberritzen.eus\\\/wp-content\\\/uploads\\\/2024\\\/02\\\/IRAURGI-BERRITZEN-logotipoa_2.png\",\"width\":496,\"height\":190,\"caption\":\"Iraurgi Berritzen\"},\"image\":{\"@id\":\"https:\\\/\\\/iraurgiberritzen.eus\\\/es\\\/#\\\/schema\\\/logo\\\/image\\\/\"}},{\"@type\":\"Person\",\"@id\":\"https:\\\/\\\/iraurgiberritzen.eus\\\/es\\\/#\\\/schema\\\/person\\\/a32c9825b3e2bfcbe757a97f6a15c8a5\",\"name\":\"ainara\"}]}<\/script>\n<!-- \/ Yoast SEO plugin. -->","yoast_head_json":{"title":"Iraurgi Berritzen y la Diputaci\u00f3n Foral suscriben un acuerdo para impulsar la sostenibilidad energ\u00e9tica - Iraurgi Berritzen","robots":{"index":"index","follow":"follow","max-snippet":"max-snippet:-1","max-image-preview":"max-image-preview:large","max-video-preview":"max-video-preview:-1"},"canonical":"https:\/\/iraurgiberritzen.eus\/es\/iraurgi-berritzen-y-la-diputacion-foral-suscriben-un-acuerdo-para-impulsar-la-sostenibilidad-energetica\/","og_locale":"es_ES","og_type":"article","og_title":"Iraurgi Berritzen y la Diputaci\u00f3n Foral suscriben un acuerdo para impulsar la sostenibilidad energ\u00e9tica - Iraurgi Berritzen","og_description":"La Diputaci\u00f3n Foral de Gipuzkoa ha suscrito sendos acuerdos con las agencias de desarrollo comarcal del territorio, entre otras, con Iraurgi Berritzen, con el fin de impulsar en Gipuzkoa la transici\u00f3n energ\u00e9tica. El departamento de Sostenibilidad de la instituci\u00f3n foral destinar\u00e1 550.000 euros para impulsar en los municipios planes de energ\u00eda, medidas para reducir la [&hellip;]","og_url":"https:\/\/iraurgiberritzen.eus\/es\/iraurgi-berritzen-y-la-diputacion-foral-suscriben-un-acuerdo-para-impulsar-la-sostenibilidad-energetica\/","og_site_name":"Iraurgi Berritzen","article_published_time":"2024-06-06T14:26:09+00:00","og_image":[{"width":1920,"height":1440,"url":"https:\/\/iraurgiberritzen.eus\/wp-content\/uploads\/2024\/06\/thumbnail_IMG_6693.jpg","type":"image\/jpeg"}],"author":"ainara","twitter_card":"summary_large_image","twitter_misc":{"Escrito por":"ainara","Tiempo de lectura":"3 minutos"},"schema":{"@context":"https:\/\/schema.org","@graph":[{"@type":"Article","@id":"https:\/\/iraurgiberritzen.eus\/es\/iraurgi-berritzen-y-la-diputacion-foral-suscriben-un-acuerdo-para-impulsar-la-sostenibilidad-energetica\/#article","isPartOf":{"@id":"https:\/\/iraurgiberritzen.eus\/es\/iraurgi-berritzen-y-la-diputacion-foral-suscriben-un-acuerdo-para-impulsar-la-sostenibilidad-energetica\/"},"author":{"name":"ainara","@id":"https:\/\/iraurgiberritzen.eus\/es\/#\/schema\/person\/a32c9825b3e2bfcbe757a97f6a15c8a5"},"headline":"Iraurgi Berritzen y la Diputaci\u00f3n Foral suscriben un acuerdo para impulsar la sostenibilidad energ\u00e9tica","datePublished":"2024-06-06T14:26:09+00:00","mainEntityOfPage":{"@id":"https:\/\/iraurgiberritzen.eus\/es\/iraurgi-berritzen-y-la-diputacion-foral-suscriben-un-acuerdo-para-impulsar-la-sostenibilidad-energetica\/"},"wordCount":523,"publisher":{"@id":"https:\/\/iraurgiberritzen.eus\/es\/#organization"},"image":{"@id":"https:\/\/iraurgiberritzen.eus\/es\/iraurgi-berritzen-y-la-diputacion-foral-suscriben-un-acuerdo-para-impulsar-la-sostenibilidad-energetica\/#primaryimage"},"thumbnailUrl":"https:\/\/iraurgiberritzen.eus\/wp-content\/uploads\/2024\/06\/thumbnail_IMG_6693.jpg","articleSection":["Noticias"],"inLanguage":"es"},{"@type":"WebPage","@id":"https:\/\/iraurgiberritzen.eus\/es\/iraurgi-berritzen-y-la-diputacion-foral-suscriben-un-acuerdo-para-impulsar-la-sostenibilidad-energetica\/","url":"https:\/\/iraurgiberritzen.eus\/es\/iraurgi-berritzen-y-la-diputacion-foral-suscriben-un-acuerdo-para-impulsar-la-sostenibilidad-energetica\/","name":"Iraurgi Berritzen y la Diputaci\u00f3n Foral suscriben un acuerdo para impulsar la sostenibilidad energ\u00e9tica - Iraurgi Berritzen","isPartOf":{"@id":"https:\/\/iraurgiberritzen.eus\/es\/#website"},"primaryImageOfPage":{"@id":"https:\/\/iraurgiberritzen.eus\/es\/iraurgi-berritzen-y-la-diputacion-foral-suscriben-un-acuerdo-para-impulsar-la-sostenibilidad-energetica\/#primaryimage"},"image":{"@id":"https:\/\/iraurgiberritzen.eus\/es\/iraurgi-berritzen-y-la-diputacion-foral-suscriben-un-acuerdo-para-impulsar-la-sostenibilidad-energetica\/#primaryimage"},"thumbnailUrl":"https:\/\/iraurgiberritzen.eus\/wp-content\/uploads\/2024\/06\/thumbnail_IMG_6693.jpg","datePublished":"2024-06-06T14:26:09+00:00","breadcrumb":{"@id":"https:\/\/iraurgiberritzen.eus\/es\/iraurgi-berritzen-y-la-diputacion-foral-suscriben-un-acuerdo-para-impulsar-la-sostenibilidad-energetica\/#breadcrumb"},"inLanguage":"es","potentialAction":[{"@type":"ReadAction","target":["https:\/\/iraurgiberritzen.eus\/es\/iraurgi-berritzen-y-la-diputacion-foral-suscriben-un-acuerdo-para-impulsar-la-sostenibilidad-energetica\/"]}]},{"@type":"ImageObject","inLanguage":"es","@id":"https:\/\/iraurgiberritzen.eus\/es\/iraurgi-berritzen-y-la-diputacion-foral-suscriben-un-acuerdo-para-impulsar-la-sostenibilidad-energetica\/#primaryimage","url":"https:\/\/iraurgiberritzen.eus\/wp-content\/uploads\/2024\/06\/thumbnail_IMG_6693.jpg","contentUrl":"https:\/\/iraurgiberritzen.eus\/wp-content\/uploads\/2024\/06\/thumbnail_IMG_6693.jpg","width":1920,"height":1440},{"@type":"BreadcrumbList","@id":"https:\/\/iraurgiberritzen.eus\/es\/iraurgi-berritzen-y-la-diputacion-foral-suscriben-un-acuerdo-para-impulsar-la-sostenibilidad-energetica\/#breadcrumb","itemListElement":[{"@type":"ListItem","position":1,"name":"Home","item":"https:\/\/iraurgiberritzen.eus\/es\/"},{"@type":"ListItem","position":2,"name":"Iraurgi Berritzen y la Diputaci\u00f3n Foral suscriben un acuerdo para impulsar la sostenibilidad energ\u00e9tica"}]},{"@type":"WebSite","@id":"https:\/\/iraurgiberritzen.eus\/es\/#website","url":"https:\/\/iraurgiberritzen.eus\/es\/","name":"Iraurgi Berritzen","description":"Urola Erdiko Garapen Agentzia","publisher":{"@id":"https:\/\/iraurgiberritzen.eus\/es\/#organization"},"potentialAction":[{"@type":"SearchAction","target":{"@type":"EntryPoint","urlTemplate":"https:\/\/iraurgiberritzen.eus\/es\/?s={search_term_string}"},"query-input":{"@type":"PropertyValueSpecification","valueRequired":true,"valueName":"search_term_string"}}],"inLanguage":"es"},{"@type":"Organization","@id":"https:\/\/iraurgiberritzen.eus\/es\/#organization","name":"Iraurgi Berritzen","url":"https:\/\/iraurgiberritzen.eus\/es\/","logo":{"@type":"ImageObject","inLanguage":"es","@id":"https:\/\/iraurgiberritzen.eus\/es\/#\/schema\/logo\/image\/","url":"https:\/\/iraurgiberritzen.eus\/wp-content\/uploads\/2024\/02\/IRAURGI-BERRITZEN-logotipoa_2.png","contentUrl":"https:\/\/iraurgiberritzen.eus\/wp-content\/uploads\/2024\/02\/IRAURGI-BERRITZEN-logotipoa_2.png","width":496,"height":190,"caption":"Iraurgi Berritzen"},"image":{"@id":"https:\/\/iraurgiberritzen.eus\/es\/#\/schema\/logo\/image\/"}},{"@type":"Person","@id":"https:\/\/iraurgiberritzen.eus\/es\/#\/schema\/person\/a32c9825b3e2bfcbe757a97f6a15c8a5","name":"ainara"}]}},"_links":{"self":[{"href":"https:\/\/iraurgiberritzen.eus\/es\/wp-json\/wp\/v2\/posts\/20353","targetHints":{"allow":["GET"]}}],"collection":[{"href":"https:\/\/iraurgiberritzen.eus\/es\/wp-json\/wp\/v2\/posts"}],"about":[{"href":"https:\/\/iraurgiberritzen.eus\/es\/wp-json\/wp\/v2\/types\/post"}],"author":[{"embeddable":true,"href":"https:\/\/iraurgiberritzen.eus\/es\/wp-json\/wp\/v2\/users\/4"}],"replies":[{"embeddable":true,"href":"https:\/\/iraurgiberritzen.eus\/es\/wp-json\/wp\/v2\/comments?post=20353"}],"version-history":[{"count":1,"href":"https:\/\/iraurgiberritzen.eus\/es\/wp-json\/wp\/v2\/posts\/20353\/revisions"}],"predecessor-version":[{"id":20354,"href":"https:\/\/iraurgiberritzen.eus\/es\/wp-json\/wp\/v2\/posts\/20353\/revisions\/20354"}],"wp:featuredmedia":[{"embeddable":true,"href":"https:\/\/iraurgiberritzen.eus\/es\/wp-json\/wp\/v2\/media\/20347"}],"wp:attachment":[{"href":"https:\/\/iraurgiberritzen.eus\/es\/wp-json\/wp\/v2\/media?parent=20353"}],"wp:term":[{"taxonomy":"category","embeddable":true,"href":"https:\/\/iraurgiberritzen.eus\/es\/wp-json\/wp\/v2\/categories?post=20353"},{"taxonomy":"post_tag","embeddable":true,"href":"https:\/\/iraurgiberritzen.eus\/es\/wp-json\/wp\/v2\/tags?post=20353"}],"curies":[{"name":"wp","href":"https:\/\/api.w.org\/{rel}","templated":true}]}}