{"id":20450,"date":"2024-06-11T14:04:51","date_gmt":"2024-06-11T12:04:51","guid":{"rendered":"https:\/\/iraurgiberritzen.eus\/?p=20450"},"modified":"2024-06-11T14:04:51","modified_gmt":"2024-06-11T12:04:51","slug":"5-empresas-de-la-comarca-comparten-las-experiencias-y-proyectos-que-han-trabajado-en-el-marco-de-la-transformacion-digital","status":"publish","type":"post","link":"https:\/\/iraurgiberritzen.eus\/es\/5-empresas-de-la-comarca-comparten-las-experiencias-y-proyectos-que-han-trabajado-en-el-marco-de-la-transformacion-digital\/","title":{"rendered":"5 empresas de la comarca comparten las experiencias y proyectos que han trabajado en el marco de la transformaci\u00f3n digital"},"content":{"rendered":"<p>Iraurgi Berritzen puso en marcha el pasado a\u00f1o el proyecto \u201cUrEraldatzen -Impulsando la Transformaci\u00f3n Digital en las empresas de Urola Erdia\u201d, con el objetivo de seguir apoyando a las empresas de la comarca en el proceso de Transformaci\u00f3n Digital e incorporar la digitalizaci\u00f3n a su realidad concreta.<\/p>\n<p>En este sentido, y con el objetivo de dar respuesta a las necesidades de las empresas de la comarca, tras las sesiones de trabajo realizadas con los diferentes representantes, 5 empresas de la comarca han podido identificar y priorizar las principales oportunidades de mejora en el negocio y la eficiencia interna que les pueda aportar la digitalizaci\u00f3n y a continuaci\u00f3n definir y desarrollar el plan de transformaci\u00f3n digital de cada empresa.<\/p>\n<p>En la sesi\u00f3n de trabajo celebrado hoy martes, 11 de junio en el Palacio Basazabal de Azpeitia, las 5 empresas participantes en el proyecto han compartido sus experiencias y las l\u00edneas de actuaci\u00f3n que han trabajado a lo largo del proceso: problem\u00e1tica\/mejoras identificadas, oportunidades trabajadas durante el proyecto, avances realizados y resultados, aprendizajes, situaci\u00f3n actual y siguientes pasos.<\/p>\n<p>Las 5 empresas participantes en el proceso han realizado una valoraci\u00f3n muy positiva. Calderer\u00eda Aizgo, S.L.; Calderer\u00eda CPK; Elmubas Ib\u00e9rica, S.L.; Intza, S.A.; Calderer\u00eda Zaher, S.L.<\/p>\n<p>Para el desarrollo del proyecto con cada empresa se ha contado con la colaboraci\u00f3n de Digitalentu, expertos en digitalizaci\u00f3n y servitizaci\u00f3n.<\/p>\n<p>Adem\u00e1s, hemos contado con la presencia de representantes del departamento de innovaci\u00f3n de la DFG.<\/p>\n<p>Finalmente, ha habido un espacio de di\u00e1logo y debate entre los diferentes agentes.<\/p>\n<p>Esta iniciativa se enmarca dentro del Programa PYME DIGITAL financiado por la Diputaci\u00f3n Foral de Gipuzkoa.<\/p>\n","protected":false},"excerpt":{"rendered":"<p>Iraurgi Berritzen puso en marcha el pasado a\u00f1o el proyecto \u201cUrEraldatzen -Impulsando la Transformaci\u00f3n Digital en las empresas de Urola Erdia\u201d, con el objetivo de seguir apoyando a las empresas de la comarca en el proceso de Transformaci\u00f3n Digital e incorporar la digitalizaci\u00f3n a su realidad concreta. En este sentido, y con el objetivo de [&hellip;]<\/p>\n","protected":false},"author":4,"featured_media":20445,"comment_status":"closed","ping_status":"closed","sticky":false,"template":"","format":"standard","meta":{"_acf_changed":false,"footnotes":""},"categories":[4],"tags":[],"class_list":["post-20450","post","type-post","status-publish","format-standard","has-post-thumbnail","hentry","category-noticias"],"acf":[],"yoast_head":"<!-- This site is optimized with the Yoast SEO plugin v27.4 - https:\/\/yoast.com\/product\/yoast-seo-wordpress\/ -->\n<title>5 empresas de la comarca comparten las experiencias y proyectos que han trabajado en el marco de la transformaci\u00f3n digital - Iraurgi Berritzen<\/title>\n<meta name=\"robots\" content=\"index, follow, max-snippet:-1, max-image-preview:large, max-video-preview:-1\" \/>\n<link rel=\"canonical\" href=\"https:\/\/iraurgiberritzen.eus\/es\/5-empresas-de-la-comarca-comparten-las-experiencias-y-proyectos-que-han-trabajado-en-el-marco-de-la-transformacion-digital\/\" \/>\n<meta property=\"og:locale\" content=\"es_ES\" \/>\n<meta property=\"og:type\" content=\"article\" \/>\n<meta property=\"og:title\" content=\"5 empresas de la comarca comparten las experiencias y proyectos que han trabajado en el marco de la transformaci\u00f3n digital - Iraurgi Berritzen\" \/>\n<meta property=\"og:description\" content=\"Iraurgi Berritzen puso en marcha el pasado a\u00f1o el proyecto \u201cUrEraldatzen -Impulsando la Transformaci\u00f3n Digital en las empresas de Urola Erdia\u201d, con el objetivo de seguir apoyando a las empresas de la comarca en el proceso de Transformaci\u00f3n Digital e incorporar la digitalizaci\u00f3n a su realidad concreta. En este sentido, y con el objetivo de [&hellip;]\" \/>\n<meta property=\"og:url\" content=\"https:\/\/iraurgiberritzen.eus\/es\/5-empresas-de-la-comarca-comparten-las-experiencias-y-proyectos-que-han-trabajado-en-el-marco-de-la-transformacion-digital\/\" \/>\n<meta property=\"og:site_name\" content=\"Iraurgi Berritzen\" \/>\n<meta property=\"article:published_time\" content=\"2024-06-11T12:04:51+00:00\" \/>\n<meta property=\"og:image\" content=\"https:\/\/iraurgiberritzen.eus\/wp-content\/uploads\/2024\/06\/20240611_104455-scaled.jpg\" \/>\n\t<meta property=\"og:image:width\" content=\"2560\" \/>\n\t<meta property=\"og:image:height\" content=\"1920\" \/>\n\t<meta property=\"og:image:type\" content=\"image\/jpeg\" \/>\n<meta name=\"author\" content=\"ainara\" \/>\n<meta name=\"twitter:card\" content=\"summary_large_image\" \/>\n<meta name=\"twitter:label1\" content=\"Escrito por\" \/>\n\t<meta name=\"twitter:data1\" content=\"ainara\" \/>\n\t<meta name=\"twitter:label2\" content=\"Tiempo de lectura\" \/>\n\t<meta name=\"twitter:data2\" content=\"2 minutos\" \/>\n<script type=\"application\/ld+json\" class=\"yoast-schema-graph\">{\"@context\":\"https:\\\/\\\/schema.org\",\"@graph\":[{\"@type\":\"Article\",\"@id\":\"https:\\\/\\\/iraurgiberritzen.eus\\\/es\\\/5-empresas-de-la-comarca-comparten-las-experiencias-y-proyectos-que-han-trabajado-en-el-marco-de-la-transformacion-digital\\\/#article\",\"isPartOf\":{\"@id\":\"https:\\\/\\\/iraurgiberritzen.eus\\\/es\\\/5-empresas-de-la-comarca-comparten-las-experiencias-y-proyectos-que-han-trabajado-en-el-marco-de-la-transformacion-digital\\\/\"},\"author\":{\"name\":\"ainara\",\"@id\":\"https:\\\/\\\/iraurgiberritzen.eus\\\/es\\\/#\\\/schema\\\/person\\\/a32c9825b3e2bfcbe757a97f6a15c8a5\"},\"headline\":\"5 empresas de la comarca comparten las experiencias y proyectos que han trabajado en el marco de la transformaci\u00f3n digital\",\"datePublished\":\"2024-06-11T12:04:51+00:00\",\"mainEntityOfPage\":{\"@id\":\"https:\\\/\\\/iraurgiberritzen.eus\\\/es\\\/5-empresas-de-la-comarca-comparten-las-experiencias-y-proyectos-que-han-trabajado-en-el-marco-de-la-transformacion-digital\\\/\"},\"wordCount\":312,\"publisher\":{\"@id\":\"https:\\\/\\\/iraurgiberritzen.eus\\\/es\\\/#organization\"},\"image\":{\"@id\":\"https:\\\/\\\/iraurgiberritzen.eus\\\/es\\\/5-empresas-de-la-comarca-comparten-las-experiencias-y-proyectos-que-han-trabajado-en-el-marco-de-la-transformacion-digital\\\/#primaryimage\"},\"thumbnailUrl\":\"https:\\\/\\\/iraurgiberritzen.eus\\\/wp-content\\\/uploads\\\/2024\\\/06\\\/20240611_104455-scaled.jpg\",\"articleSection\":[\"Noticias\"],\"inLanguage\":\"es\"},{\"@type\":\"WebPage\",\"@id\":\"https:\\\/\\\/iraurgiberritzen.eus\\\/es\\\/5-empresas-de-la-comarca-comparten-las-experiencias-y-proyectos-que-han-trabajado-en-el-marco-de-la-transformacion-digital\\\/\",\"url\":\"https:\\\/\\\/iraurgiberritzen.eus\\\/es\\\/5-empresas-de-la-comarca-comparten-las-experiencias-y-proyectos-que-han-trabajado-en-el-marco-de-la-transformacion-digital\\\/\",\"name\":\"5 empresas de la comarca comparten las experiencias y proyectos que han trabajado en el marco de la transformaci\u00f3n digital - Iraurgi Berritzen\",\"isPartOf\":{\"@id\":\"https:\\\/\\\/iraurgiberritzen.eus\\\/es\\\/#website\"},\"primaryImageOfPage\":{\"@id\":\"https:\\\/\\\/iraurgiberritzen.eus\\\/es\\\/5-empresas-de-la-comarca-comparten-las-experiencias-y-proyectos-que-han-trabajado-en-el-marco-de-la-transformacion-digital\\\/#primaryimage\"},\"image\":{\"@id\":\"https:\\\/\\\/iraurgiberritzen.eus\\\/es\\\/5-empresas-de-la-comarca-comparten-las-experiencias-y-proyectos-que-han-trabajado-en-el-marco-de-la-transformacion-digital\\\/#primaryimage\"},\"thumbnailUrl\":\"https:\\\/\\\/iraurgiberritzen.eus\\\/wp-content\\\/uploads\\\/2024\\\/06\\\/20240611_104455-scaled.jpg\",\"datePublished\":\"2024-06-11T12:04:51+00:00\",\"breadcrumb\":{\"@id\":\"https:\\\/\\\/iraurgiberritzen.eus\\\/es\\\/5-empresas-de-la-comarca-comparten-las-experiencias-y-proyectos-que-han-trabajado-en-el-marco-de-la-transformacion-digital\\\/#breadcrumb\"},\"inLanguage\":\"es\",\"potentialAction\":[{\"@type\":\"ReadAction\",\"target\":[\"https:\\\/\\\/iraurgiberritzen.eus\\\/es\\\/5-empresas-de-la-comarca-comparten-las-experiencias-y-proyectos-que-han-trabajado-en-el-marco-de-la-transformacion-digital\\\/\"]}]},{\"@type\":\"ImageObject\",\"inLanguage\":\"es\",\"@id\":\"https:\\\/\\\/iraurgiberritzen.eus\\\/es\\\/5-empresas-de-la-comarca-comparten-las-experiencias-y-proyectos-que-han-trabajado-en-el-marco-de-la-transformacion-digital\\\/#primaryimage\",\"url\":\"https:\\\/\\\/iraurgiberritzen.eus\\\/wp-content\\\/uploads\\\/2024\\\/06\\\/20240611_104455-scaled.jpg\",\"contentUrl\":\"https:\\\/\\\/iraurgiberritzen.eus\\\/wp-content\\\/uploads\\\/2024\\\/06\\\/20240611_104455-scaled.jpg\",\"width\":2560,\"height\":1920},{\"@type\":\"BreadcrumbList\",\"@id\":\"https:\\\/\\\/iraurgiberritzen.eus\\\/es\\\/5-empresas-de-la-comarca-comparten-las-experiencias-y-proyectos-que-han-trabajado-en-el-marco-de-la-transformacion-digital\\\/#breadcrumb\",\"itemListElement\":[{\"@type\":\"ListItem\",\"position\":1,\"name\":\"Home\",\"item\":\"https:\\\/\\\/iraurgiberritzen.eus\\\/es\\\/\"},{\"@type\":\"ListItem\",\"position\":2,\"name\":\"5 empresas de la comarca comparten las experiencias y proyectos que han trabajado en el marco de la transformaci\u00f3n digital\"}]},{\"@type\":\"WebSite\",\"@id\":\"https:\\\/\\\/iraurgiberritzen.eus\\\/es\\\/#website\",\"url\":\"https:\\\/\\\/iraurgiberritzen.eus\\\/es\\\/\",\"name\":\"Iraurgi Berritzen\",\"description\":\"Urola Erdiko Garapen Agentzia\",\"publisher\":{\"@id\":\"https:\\\/\\\/iraurgiberritzen.eus\\\/es\\\/#organization\"},\"potentialAction\":[{\"@type\":\"SearchAction\",\"target\":{\"@type\":\"EntryPoint\",\"urlTemplate\":\"https:\\\/\\\/iraurgiberritzen.eus\\\/es\\\/?s={search_term_string}\"},\"query-input\":{\"@type\":\"PropertyValueSpecification\",\"valueRequired\":true,\"valueName\":\"search_term_string\"}}],\"inLanguage\":\"es\"},{\"@type\":\"Organization\",\"@id\":\"https:\\\/\\\/iraurgiberritzen.eus\\\/es\\\/#organization\",\"name\":\"Iraurgi Berritzen\",\"url\":\"https:\\\/\\\/iraurgiberritzen.eus\\\/es\\\/\",\"logo\":{\"@type\":\"ImageObject\",\"inLanguage\":\"es\",\"@id\":\"https:\\\/\\\/iraurgiberritzen.eus\\\/es\\\/#\\\/schema\\\/logo\\\/image\\\/\",\"url\":\"https:\\\/\\\/iraurgiberritzen.eus\\\/wp-content\\\/uploads\\\/2024\\\/02\\\/IRAURGI-BERRITZEN-logotipoa_2.png\",\"contentUrl\":\"https:\\\/\\\/iraurgiberritzen.eus\\\/wp-content\\\/uploads\\\/2024\\\/02\\\/IRAURGI-BERRITZEN-logotipoa_2.png\",\"width\":496,\"height\":190,\"caption\":\"Iraurgi Berritzen\"},\"image\":{\"@id\":\"https:\\\/\\\/iraurgiberritzen.eus\\\/es\\\/#\\\/schema\\\/logo\\\/image\\\/\"}},{\"@type\":\"Person\",\"@id\":\"https:\\\/\\\/iraurgiberritzen.eus\\\/es\\\/#\\\/schema\\\/person\\\/a32c9825b3e2bfcbe757a97f6a15c8a5\",\"name\":\"ainara\"}]}<\/script>\n<!-- \/ Yoast SEO plugin. -->","yoast_head_json":{"title":"5 empresas de la comarca comparten las experiencias y proyectos que han trabajado en el marco de la transformaci\u00f3n digital - Iraurgi Berritzen","robots":{"index":"index","follow":"follow","max-snippet":"max-snippet:-1","max-image-preview":"max-image-preview:large","max-video-preview":"max-video-preview:-1"},"canonical":"https:\/\/iraurgiberritzen.eus\/es\/5-empresas-de-la-comarca-comparten-las-experiencias-y-proyectos-que-han-trabajado-en-el-marco-de-la-transformacion-digital\/","og_locale":"es_ES","og_type":"article","og_title":"5 empresas de la comarca comparten las experiencias y proyectos que han trabajado en el marco de la transformaci\u00f3n digital - Iraurgi Berritzen","og_description":"Iraurgi Berritzen puso en marcha el pasado a\u00f1o el proyecto \u201cUrEraldatzen -Impulsando la Transformaci\u00f3n Digital en las empresas de Urola Erdia\u201d, con el objetivo de seguir apoyando a las empresas de la comarca en el proceso de Transformaci\u00f3n Digital e incorporar la digitalizaci\u00f3n a su realidad concreta. En este sentido, y con el objetivo de [&hellip;]","og_url":"https:\/\/iraurgiberritzen.eus\/es\/5-empresas-de-la-comarca-comparten-las-experiencias-y-proyectos-que-han-trabajado-en-el-marco-de-la-transformacion-digital\/","og_site_name":"Iraurgi Berritzen","article_published_time":"2024-06-11T12:04:51+00:00","og_image":[{"width":2560,"height":1920,"url":"https:\/\/iraurgiberritzen.eus\/wp-content\/uploads\/2024\/06\/20240611_104455-scaled.jpg","type":"image\/jpeg"}],"author":"ainara","twitter_card":"summary_large_image","twitter_misc":{"Escrito por":"ainara","Tiempo de lectura":"2 minutos"},"schema":{"@context":"https:\/\/schema.org","@graph":[{"@type":"Article","@id":"https:\/\/iraurgiberritzen.eus\/es\/5-empresas-de-la-comarca-comparten-las-experiencias-y-proyectos-que-han-trabajado-en-el-marco-de-la-transformacion-digital\/#article","isPartOf":{"@id":"https:\/\/iraurgiberritzen.eus\/es\/5-empresas-de-la-comarca-comparten-las-experiencias-y-proyectos-que-han-trabajado-en-el-marco-de-la-transformacion-digital\/"},"author":{"name":"ainara","@id":"https:\/\/iraurgiberritzen.eus\/es\/#\/schema\/person\/a32c9825b3e2bfcbe757a97f6a15c8a5"},"headline":"5 empresas de la comarca comparten las experiencias y proyectos que han trabajado en el marco de la transformaci\u00f3n digital","datePublished":"2024-06-11T12:04:51+00:00","mainEntityOfPage":{"@id":"https:\/\/iraurgiberritzen.eus\/es\/5-empresas-de-la-comarca-comparten-las-experiencias-y-proyectos-que-han-trabajado-en-el-marco-de-la-transformacion-digital\/"},"wordCount":312,"publisher":{"@id":"https:\/\/iraurgiberritzen.eus\/es\/#organization"},"image":{"@id":"https:\/\/iraurgiberritzen.eus\/es\/5-empresas-de-la-comarca-comparten-las-experiencias-y-proyectos-que-han-trabajado-en-el-marco-de-la-transformacion-digital\/#primaryimage"},"thumbnailUrl":"https:\/\/iraurgiberritzen.eus\/wp-content\/uploads\/2024\/06\/20240611_104455-scaled.jpg","articleSection":["Noticias"],"inLanguage":"es"},{"@type":"WebPage","@id":"https:\/\/iraurgiberritzen.eus\/es\/5-empresas-de-la-comarca-comparten-las-experiencias-y-proyectos-que-han-trabajado-en-el-marco-de-la-transformacion-digital\/","url":"https:\/\/iraurgiberritzen.eus\/es\/5-empresas-de-la-comarca-comparten-las-experiencias-y-proyectos-que-han-trabajado-en-el-marco-de-la-transformacion-digital\/","name":"5 empresas de la comarca comparten las experiencias y proyectos que han trabajado en el marco de la transformaci\u00f3n digital - Iraurgi Berritzen","isPartOf":{"@id":"https:\/\/iraurgiberritzen.eus\/es\/#website"},"primaryImageOfPage":{"@id":"https:\/\/iraurgiberritzen.eus\/es\/5-empresas-de-la-comarca-comparten-las-experiencias-y-proyectos-que-han-trabajado-en-el-marco-de-la-transformacion-digital\/#primaryimage"},"image":{"@id":"https:\/\/iraurgiberritzen.eus\/es\/5-empresas-de-la-comarca-comparten-las-experiencias-y-proyectos-que-han-trabajado-en-el-marco-de-la-transformacion-digital\/#primaryimage"},"thumbnailUrl":"https:\/\/iraurgiberritzen.eus\/wp-content\/uploads\/2024\/06\/20240611_104455-scaled.jpg","datePublished":"2024-06-11T12:04:51+00:00","breadcrumb":{"@id":"https:\/\/iraurgiberritzen.eus\/es\/5-empresas-de-la-comarca-comparten-las-experiencias-y-proyectos-que-han-trabajado-en-el-marco-de-la-transformacion-digital\/#breadcrumb"},"inLanguage":"es","potentialAction":[{"@type":"ReadAction","target":["https:\/\/iraurgiberritzen.eus\/es\/5-empresas-de-la-comarca-comparten-las-experiencias-y-proyectos-que-han-trabajado-en-el-marco-de-la-transformacion-digital\/"]}]},{"@type":"ImageObject","inLanguage":"es","@id":"https:\/\/iraurgiberritzen.eus\/es\/5-empresas-de-la-comarca-comparten-las-experiencias-y-proyectos-que-han-trabajado-en-el-marco-de-la-transformacion-digital\/#primaryimage","url":"https:\/\/iraurgiberritzen.eus\/wp-content\/uploads\/2024\/06\/20240611_104455-scaled.jpg","contentUrl":"https:\/\/iraurgiberritzen.eus\/wp-content\/uploads\/2024\/06\/20240611_104455-scaled.jpg","width":2560,"height":1920},{"@type":"BreadcrumbList","@id":"https:\/\/iraurgiberritzen.eus\/es\/5-empresas-de-la-comarca-comparten-las-experiencias-y-proyectos-que-han-trabajado-en-el-marco-de-la-transformacion-digital\/#breadcrumb","itemListElement":[{"@type":"ListItem","position":1,"name":"Home","item":"https:\/\/iraurgiberritzen.eus\/es\/"},{"@type":"ListItem","position":2,"name":"5 empresas de la comarca comparten las experiencias y proyectos que han trabajado en el marco de la transformaci\u00f3n digital"}]},{"@type":"WebSite","@id":"https:\/\/iraurgiberritzen.eus\/es\/#website","url":"https:\/\/iraurgiberritzen.eus\/es\/","name":"Iraurgi Berritzen","description":"Urola Erdiko Garapen Agentzia","publisher":{"@id":"https:\/\/iraurgiberritzen.eus\/es\/#organization"},"potentialAction":[{"@type":"SearchAction","target":{"@type":"EntryPoint","urlTemplate":"https:\/\/iraurgiberritzen.eus\/es\/?s={search_term_string}"},"query-input":{"@type":"PropertyValueSpecification","valueRequired":true,"valueName":"search_term_string"}}],"inLanguage":"es"},{"@type":"Organization","@id":"https:\/\/iraurgiberritzen.eus\/es\/#organization","name":"Iraurgi Berritzen","url":"https:\/\/iraurgiberritzen.eus\/es\/","logo":{"@type":"ImageObject","inLanguage":"es","@id":"https:\/\/iraurgiberritzen.eus\/es\/#\/schema\/logo\/image\/","url":"https:\/\/iraurgiberritzen.eus\/wp-content\/uploads\/2024\/02\/IRAURGI-BERRITZEN-logotipoa_2.png","contentUrl":"https:\/\/iraurgiberritzen.eus\/wp-content\/uploads\/2024\/02\/IRAURGI-BERRITZEN-logotipoa_2.png","width":496,"height":190,"caption":"Iraurgi Berritzen"},"image":{"@id":"https:\/\/iraurgiberritzen.eus\/es\/#\/schema\/logo\/image\/"}},{"@type":"Person","@id":"https:\/\/iraurgiberritzen.eus\/es\/#\/schema\/person\/a32c9825b3e2bfcbe757a97f6a15c8a5","name":"ainara"}]}},"_links":{"self":[{"href":"https:\/\/iraurgiberritzen.eus\/es\/wp-json\/wp\/v2\/posts\/20450","targetHints":{"allow":["GET"]}}],"collection":[{"href":"https:\/\/iraurgiberritzen.eus\/es\/wp-json\/wp\/v2\/posts"}],"about":[{"href":"https:\/\/iraurgiberritzen.eus\/es\/wp-json\/wp\/v2\/types\/post"}],"author":[{"embeddable":true,"href":"https:\/\/iraurgiberritzen.eus\/es\/wp-json\/wp\/v2\/users\/4"}],"replies":[{"embeddable":true,"href":"https:\/\/iraurgiberritzen.eus\/es\/wp-json\/wp\/v2\/comments?post=20450"}],"version-history":[{"count":1,"href":"https:\/\/iraurgiberritzen.eus\/es\/wp-json\/wp\/v2\/posts\/20450\/revisions"}],"predecessor-version":[{"id":20451,"href":"https:\/\/iraurgiberritzen.eus\/es\/wp-json\/wp\/v2\/posts\/20450\/revisions\/20451"}],"wp:featuredmedia":[{"embeddable":true,"href":"https:\/\/iraurgiberritzen.eus\/es\/wp-json\/wp\/v2\/media\/20445"}],"wp:attachment":[{"href":"https:\/\/iraurgiberritzen.eus\/es\/wp-json\/wp\/v2\/media?parent=20450"}],"wp:term":[{"taxonomy":"category","embeddable":true,"href":"https:\/\/iraurgiberritzen.eus\/es\/wp-json\/wp\/v2\/categories?post=20450"},{"taxonomy":"post_tag","embeddable":true,"href":"https:\/\/iraurgiberritzen.eus\/es\/wp-json\/wp\/v2\/tags?post=20450"}],"curies":[{"name":"wp","href":"https:\/\/api.w.org\/{rel}","templated":true}]}}