{"id":20465,"date":"2024-06-12T07:08:17","date_gmt":"2024-06-12T05:08:17","guid":{"rendered":"https:\/\/iraurgiberritzen.eus\/?p=20465"},"modified":"2024-06-12T07:10:38","modified_gmt":"2024-06-12T05:10:38","slug":"el-proximo-18-de-junio-se-celebrara-en-azpeitia-una-jornada-dirigida-a-empresas-sobre-e-commerce-nueva-estrategia-comercial","status":"publish","type":"post","link":"https:\/\/iraurgiberritzen.eus\/es\/el-proximo-18-de-junio-se-celebrara-en-azpeitia-una-jornada-dirigida-a-empresas-sobre-e-commerce-nueva-estrategia-comercial\/","title":{"rendered":"El pr\u00f3ximo 18 de junio se celebrar\u00e1 en Azpeitia una jornada dirigida a empresas sobre \u00abE-Commerce, nueva estrategia comercial\u00bb"},"content":{"rendered":"<h5>La jornada se celebrar\u00e1 en el Palacio Basazabal de Azpeitia, el 18 de junio, de 09:30 a 12:30.<\/h5>\n<p>&nbsp;<\/p>\n<p>Esta jornada dirigida a las empresas industriales de la comarca, se ha organizado por iniciativa de la empresa Astigarraga Kit Line en colaboraci\u00f3n con Iraurgi Berritzen, en el marco del programa Ikasiz 2024. La jornada, organizada bajo el lema \u00abE-Commerce, nueva estrategia comercial\u00bb permitir\u00e1 conocer y compartir experiencias sobre aspectos cr\u00edticos en el \u00e1mbito del comercio electr\u00f3nico y contar\u00e1 con la presencia de diferentes expertos y empresas.<\/p>\n<p>Desde<strong> \u00c1gora Digital<\/strong> (Alejandro Ramos) presentar\u00e1 las diferentes opciones y criterios de elecci\u00f3n de plataformas E-Commerce. Adem\u00e1s, la empresa invitada <strong>Tiral\u00edneas<\/strong>, (Jaime Moro) mostrar\u00e1 servicios que ofrecen las agencias de marketing o digitalizaci\u00f3n en este \u00e1mbito y desde<strong> Ranpak<\/strong> (Antonio Juarez) destacar\u00e1 la importancia del \u00e1mbito de la log\u00edstica y el transporte en el e-commerce.<\/p>\n<p>Adem\u00e1s, se celebrar\u00e1 una mesa redonda de la mano de representantes de <strong>Astigarraga Kit Line<\/strong> (Djuniet Astigarraga) y <strong>Sammic<\/strong> (Amaia Altuna) sobre las experiencias de las empresas de la comarca en el \u00e1mbito del e-commerce .<\/p>\n<p>Esta jornada est\u00e1 dirigida a responsables de empresas que actualmente est\u00e1n vendiendo online o que tienen como objetivo lanzar un nuevo modelo de negocio online, gestores de negocio con una idea basada en el comercio electr\u00f3nico o con un e-commerce que quieren mejorar, y profesionales que trabajan en el entorno e-commerce.<\/p>\n<p>Ver m\u00e1s detalles de la jornada en el siguiente<strong><a href=\"https:\/\/mcusercontent.com\/2d8efe8a0ff1f67eeea7bfe97\/files\/7e061396-a87f-8fdf-b6b9-dd5f69a066bf\/IB_Ikasiz_E_commerce_18062024_ES.pdf?utm_source=ENPRESA&amp;utm_campaign=f1c59f68df-MAILCHIMP_2024_05_27_IKASIZ+2024_E-COMMERCE_COPY_0&amp;utm_medium=email&amp;utm_term=0_c85976b51b-f1c59f68df-517518153\" target=\"_blank\" rel=\"noopener\"> programa<\/a><\/strong>.<\/p>\n<p>Las empresas interesadas deber\u00e1n rellenar este <strong><a href=\"https:\/\/forms.office.com\/Pages\/ResponsePage.aspx?id=S5DeT3Jq90W0WLjBrBndp1jySGu9zxtIpCkBAthDUWpUNjQ3STJPOUJYRDJCMzZUVFdYVDVJMkxGTiQlQCN0PWcu\" target=\"_blank\" rel=\"noopener\">formulario<\/a><\/strong> o llamar al tel\u00e9fono <strong>620 04 88 97<\/strong>.<\/p>\n","protected":false},"excerpt":{"rendered":"<p>La jornada se celebrar\u00e1 en el Palacio Basazabal de Azpeitia, el 18 de junio, de 09:30 a 12:30. &nbsp; Esta jornada dirigida a las empresas industriales de la comarca, se ha organizado por iniciativa de la empresa Astigarraga Kit Line en colaboraci\u00f3n con Iraurgi Berritzen, en el marco del programa Ikasiz 2024. La jornada, organizada [&hellip;]<\/p>\n","protected":false},"author":4,"featured_media":20461,"comment_status":"closed","ping_status":"closed","sticky":false,"template":"","format":"standard","meta":{"_acf_changed":false,"footnotes":""},"categories":[4],"tags":[],"class_list":["post-20465","post","type-post","status-publish","format-standard","has-post-thumbnail","hentry","category-noticias","arloak-enpresa"],"acf":[],"yoast_head":"<!-- This site is optimized with the Yoast SEO plugin v27.4 - https:\/\/yoast.com\/product\/yoast-seo-wordpress\/ -->\n<title>El pr\u00f3ximo 18 de junio se celebrar\u00e1 en Azpeitia una jornada dirigida a empresas sobre &quot;E-Commerce, nueva estrategia comercial&quot; - Iraurgi Berritzen<\/title>\n<meta name=\"robots\" content=\"index, follow, max-snippet:-1, max-image-preview:large, max-video-preview:-1\" \/>\n<link rel=\"canonical\" href=\"https:\/\/iraurgiberritzen.eus\/es\/el-proximo-18-de-junio-se-celebrara-en-azpeitia-una-jornada-dirigida-a-empresas-sobre-e-commerce-nueva-estrategia-comercial\/\" \/>\n<meta property=\"og:locale\" content=\"es_ES\" \/>\n<meta property=\"og:type\" content=\"article\" \/>\n<meta property=\"og:title\" content=\"El pr\u00f3ximo 18 de junio se celebrar\u00e1 en Azpeitia una jornada dirigida a empresas sobre &quot;E-Commerce, nueva estrategia comercial&quot; - Iraurgi Berritzen\" \/>\n<meta property=\"og:description\" content=\"La jornada se celebrar\u00e1 en el Palacio Basazabal de Azpeitia, el 18 de junio, de 09:30 a 12:30. &nbsp; Esta jornada dirigida a las empresas industriales de la comarca, se ha organizado por iniciativa de la empresa Astigarraga Kit Line en colaboraci\u00f3n con Iraurgi Berritzen, en el marco del programa Ikasiz 2024. La jornada, organizada [&hellip;]\" \/>\n<meta property=\"og:url\" content=\"https:\/\/iraurgiberritzen.eus\/es\/el-proximo-18-de-junio-se-celebrara-en-azpeitia-una-jornada-dirigida-a-empresas-sobre-e-commerce-nueva-estrategia-comercial\/\" \/>\n<meta property=\"og:site_name\" content=\"Iraurgi Berritzen\" \/>\n<meta property=\"article:published_time\" content=\"2024-06-12T05:08:17+00:00\" \/>\n<meta property=\"article:modified_time\" content=\"2024-06-12T05:10:38+00:00\" \/>\n<meta property=\"og:image\" content=\"https:\/\/iraurgiberritzen.eus\/wp-content\/uploads\/2024\/06\/Copia-de-Copia-de-IKASIZ-JARDUNALDIAK-3.png\" \/>\n\t<meta property=\"og:image:width\" content=\"800\" \/>\n\t<meta property=\"og:image:height\" content=\"550\" \/>\n\t<meta property=\"og:image:type\" content=\"image\/png\" \/>\n<meta name=\"author\" content=\"ainara\" \/>\n<meta name=\"twitter:card\" content=\"summary_large_image\" \/>\n<meta name=\"twitter:label1\" content=\"Escrito por\" \/>\n\t<meta name=\"twitter:data1\" content=\"ainara\" \/>\n\t<meta name=\"twitter:label2\" content=\"Tiempo de lectura\" \/>\n\t<meta name=\"twitter:data2\" content=\"2 minutos\" \/>\n<script type=\"application\/ld+json\" class=\"yoast-schema-graph\">{\"@context\":\"https:\\\/\\\/schema.org\",\"@graph\":[{\"@type\":\"Article\",\"@id\":\"https:\\\/\\\/iraurgiberritzen.eus\\\/es\\\/el-proximo-18-de-junio-se-celebrara-en-azpeitia-una-jornada-dirigida-a-empresas-sobre-e-commerce-nueva-estrategia-comercial\\\/#article\",\"isPartOf\":{\"@id\":\"https:\\\/\\\/iraurgiberritzen.eus\\\/es\\\/el-proximo-18-de-junio-se-celebrara-en-azpeitia-una-jornada-dirigida-a-empresas-sobre-e-commerce-nueva-estrategia-comercial\\\/\"},\"author\":{\"name\":\"ainara\",\"@id\":\"https:\\\/\\\/iraurgiberritzen.eus\\\/es\\\/#\\\/schema\\\/person\\\/a32c9825b3e2bfcbe757a97f6a15c8a5\"},\"headline\":\"El pr\u00f3ximo 18 de junio se celebrar\u00e1 en Azpeitia una jornada dirigida a empresas sobre \u00abE-Commerce, nueva estrategia comercial\u00bb\",\"datePublished\":\"2024-06-12T05:08:17+00:00\",\"dateModified\":\"2024-06-12T05:10:38+00:00\",\"mainEntityOfPage\":{\"@id\":\"https:\\\/\\\/iraurgiberritzen.eus\\\/es\\\/el-proximo-18-de-junio-se-celebrara-en-azpeitia-una-jornada-dirigida-a-empresas-sobre-e-commerce-nueva-estrategia-comercial\\\/\"},\"wordCount\":277,\"publisher\":{\"@id\":\"https:\\\/\\\/iraurgiberritzen.eus\\\/es\\\/#organization\"},\"image\":{\"@id\":\"https:\\\/\\\/iraurgiberritzen.eus\\\/es\\\/el-proximo-18-de-junio-se-celebrara-en-azpeitia-una-jornada-dirigida-a-empresas-sobre-e-commerce-nueva-estrategia-comercial\\\/#primaryimage\"},\"thumbnailUrl\":\"https:\\\/\\\/iraurgiberritzen.eus\\\/wp-content\\\/uploads\\\/2024\\\/06\\\/Copia-de-Copia-de-IKASIZ-JARDUNALDIAK-3.png\",\"articleSection\":[\"Noticias\"],\"inLanguage\":\"es\"},{\"@type\":\"WebPage\",\"@id\":\"https:\\\/\\\/iraurgiberritzen.eus\\\/es\\\/el-proximo-18-de-junio-se-celebrara-en-azpeitia-una-jornada-dirigida-a-empresas-sobre-e-commerce-nueva-estrategia-comercial\\\/\",\"url\":\"https:\\\/\\\/iraurgiberritzen.eus\\\/es\\\/el-proximo-18-de-junio-se-celebrara-en-azpeitia-una-jornada-dirigida-a-empresas-sobre-e-commerce-nueva-estrategia-comercial\\\/\",\"name\":\"El pr\u00f3ximo 18 de junio se celebrar\u00e1 en Azpeitia una jornada dirigida a empresas sobre \\\"E-Commerce, nueva estrategia comercial\\\" - Iraurgi Berritzen\",\"isPartOf\":{\"@id\":\"https:\\\/\\\/iraurgiberritzen.eus\\\/es\\\/#website\"},\"primaryImageOfPage\":{\"@id\":\"https:\\\/\\\/iraurgiberritzen.eus\\\/es\\\/el-proximo-18-de-junio-se-celebrara-en-azpeitia-una-jornada-dirigida-a-empresas-sobre-e-commerce-nueva-estrategia-comercial\\\/#primaryimage\"},\"image\":{\"@id\":\"https:\\\/\\\/iraurgiberritzen.eus\\\/es\\\/el-proximo-18-de-junio-se-celebrara-en-azpeitia-una-jornada-dirigida-a-empresas-sobre-e-commerce-nueva-estrategia-comercial\\\/#primaryimage\"},\"thumbnailUrl\":\"https:\\\/\\\/iraurgiberritzen.eus\\\/wp-content\\\/uploads\\\/2024\\\/06\\\/Copia-de-Copia-de-IKASIZ-JARDUNALDIAK-3.png\",\"datePublished\":\"2024-06-12T05:08:17+00:00\",\"dateModified\":\"2024-06-12T05:10:38+00:00\",\"breadcrumb\":{\"@id\":\"https:\\\/\\\/iraurgiberritzen.eus\\\/es\\\/el-proximo-18-de-junio-se-celebrara-en-azpeitia-una-jornada-dirigida-a-empresas-sobre-e-commerce-nueva-estrategia-comercial\\\/#breadcrumb\"},\"inLanguage\":\"es\",\"potentialAction\":[{\"@type\":\"ReadAction\",\"target\":[\"https:\\\/\\\/iraurgiberritzen.eus\\\/es\\\/el-proximo-18-de-junio-se-celebrara-en-azpeitia-una-jornada-dirigida-a-empresas-sobre-e-commerce-nueva-estrategia-comercial\\\/\"]}]},{\"@type\":\"ImageObject\",\"inLanguage\":\"es\",\"@id\":\"https:\\\/\\\/iraurgiberritzen.eus\\\/es\\\/el-proximo-18-de-junio-se-celebrara-en-azpeitia-una-jornada-dirigida-a-empresas-sobre-e-commerce-nueva-estrategia-comercial\\\/#primaryimage\",\"url\":\"https:\\\/\\\/iraurgiberritzen.eus\\\/wp-content\\\/uploads\\\/2024\\\/06\\\/Copia-de-Copia-de-IKASIZ-JARDUNALDIAK-3.png\",\"contentUrl\":\"https:\\\/\\\/iraurgiberritzen.eus\\\/wp-content\\\/uploads\\\/2024\\\/06\\\/Copia-de-Copia-de-IKASIZ-JARDUNALDIAK-3.png\",\"width\":800,\"height\":550},{\"@type\":\"BreadcrumbList\",\"@id\":\"https:\\\/\\\/iraurgiberritzen.eus\\\/es\\\/el-proximo-18-de-junio-se-celebrara-en-azpeitia-una-jornada-dirigida-a-empresas-sobre-e-commerce-nueva-estrategia-comercial\\\/#breadcrumb\",\"itemListElement\":[{\"@type\":\"ListItem\",\"position\":1,\"name\":\"Home\",\"item\":\"https:\\\/\\\/iraurgiberritzen.eus\\\/es\\\/\"},{\"@type\":\"ListItem\",\"position\":2,\"name\":\"El pr\u00f3ximo 18 de junio se celebrar\u00e1 en Azpeitia una jornada dirigida a empresas sobre &#8220;E-Commerce, nueva estrategia comercial&#8221;\"}]},{\"@type\":\"WebSite\",\"@id\":\"https:\\\/\\\/iraurgiberritzen.eus\\\/es\\\/#website\",\"url\":\"https:\\\/\\\/iraurgiberritzen.eus\\\/es\\\/\",\"name\":\"Iraurgi Berritzen\",\"description\":\"Urola Erdiko Garapen Agentzia\",\"publisher\":{\"@id\":\"https:\\\/\\\/iraurgiberritzen.eus\\\/es\\\/#organization\"},\"potentialAction\":[{\"@type\":\"SearchAction\",\"target\":{\"@type\":\"EntryPoint\",\"urlTemplate\":\"https:\\\/\\\/iraurgiberritzen.eus\\\/es\\\/?s={search_term_string}\"},\"query-input\":{\"@type\":\"PropertyValueSpecification\",\"valueRequired\":true,\"valueName\":\"search_term_string\"}}],\"inLanguage\":\"es\"},{\"@type\":\"Organization\",\"@id\":\"https:\\\/\\\/iraurgiberritzen.eus\\\/es\\\/#organization\",\"name\":\"Iraurgi Berritzen\",\"url\":\"https:\\\/\\\/iraurgiberritzen.eus\\\/es\\\/\",\"logo\":{\"@type\":\"ImageObject\",\"inLanguage\":\"es\",\"@id\":\"https:\\\/\\\/iraurgiberritzen.eus\\\/es\\\/#\\\/schema\\\/logo\\\/image\\\/\",\"url\":\"https:\\\/\\\/iraurgiberritzen.eus\\\/wp-content\\\/uploads\\\/2024\\\/02\\\/IRAURGI-BERRITZEN-logotipoa_2.png\",\"contentUrl\":\"https:\\\/\\\/iraurgiberritzen.eus\\\/wp-content\\\/uploads\\\/2024\\\/02\\\/IRAURGI-BERRITZEN-logotipoa_2.png\",\"width\":496,\"height\":190,\"caption\":\"Iraurgi Berritzen\"},\"image\":{\"@id\":\"https:\\\/\\\/iraurgiberritzen.eus\\\/es\\\/#\\\/schema\\\/logo\\\/image\\\/\"}},{\"@type\":\"Person\",\"@id\":\"https:\\\/\\\/iraurgiberritzen.eus\\\/es\\\/#\\\/schema\\\/person\\\/a32c9825b3e2bfcbe757a97f6a15c8a5\",\"name\":\"ainara\"}]}<\/script>\n<!-- \/ Yoast SEO plugin. -->","yoast_head_json":{"title":"El pr\u00f3ximo 18 de junio se celebrar\u00e1 en Azpeitia una jornada dirigida a empresas sobre \"E-Commerce, nueva estrategia comercial\" - Iraurgi Berritzen","robots":{"index":"index","follow":"follow","max-snippet":"max-snippet:-1","max-image-preview":"max-image-preview:large","max-video-preview":"max-video-preview:-1"},"canonical":"https:\/\/iraurgiberritzen.eus\/es\/el-proximo-18-de-junio-se-celebrara-en-azpeitia-una-jornada-dirigida-a-empresas-sobre-e-commerce-nueva-estrategia-comercial\/","og_locale":"es_ES","og_type":"article","og_title":"El pr\u00f3ximo 18 de junio se celebrar\u00e1 en Azpeitia una jornada dirigida a empresas sobre \"E-Commerce, nueva estrategia comercial\" - Iraurgi Berritzen","og_description":"La jornada se celebrar\u00e1 en el Palacio Basazabal de Azpeitia, el 18 de junio, de 09:30 a 12:30. &nbsp; Esta jornada dirigida a las empresas industriales de la comarca, se ha organizado por iniciativa de la empresa Astigarraga Kit Line en colaboraci\u00f3n con Iraurgi Berritzen, en el marco del programa Ikasiz 2024. La jornada, organizada [&hellip;]","og_url":"https:\/\/iraurgiberritzen.eus\/es\/el-proximo-18-de-junio-se-celebrara-en-azpeitia-una-jornada-dirigida-a-empresas-sobre-e-commerce-nueva-estrategia-comercial\/","og_site_name":"Iraurgi Berritzen","article_published_time":"2024-06-12T05:08:17+00:00","article_modified_time":"2024-06-12T05:10:38+00:00","og_image":[{"width":800,"height":550,"url":"https:\/\/iraurgiberritzen.eus\/wp-content\/uploads\/2024\/06\/Copia-de-Copia-de-IKASIZ-JARDUNALDIAK-3.png","type":"image\/png"}],"author":"ainara","twitter_card":"summary_large_image","twitter_misc":{"Escrito por":"ainara","Tiempo de lectura":"2 minutos"},"schema":{"@context":"https:\/\/schema.org","@graph":[{"@type":"Article","@id":"https:\/\/iraurgiberritzen.eus\/es\/el-proximo-18-de-junio-se-celebrara-en-azpeitia-una-jornada-dirigida-a-empresas-sobre-e-commerce-nueva-estrategia-comercial\/#article","isPartOf":{"@id":"https:\/\/iraurgiberritzen.eus\/es\/el-proximo-18-de-junio-se-celebrara-en-azpeitia-una-jornada-dirigida-a-empresas-sobre-e-commerce-nueva-estrategia-comercial\/"},"author":{"name":"ainara","@id":"https:\/\/iraurgiberritzen.eus\/es\/#\/schema\/person\/a32c9825b3e2bfcbe757a97f6a15c8a5"},"headline":"El pr\u00f3ximo 18 de junio se celebrar\u00e1 en Azpeitia una jornada dirigida a empresas sobre \u00abE-Commerce, nueva estrategia comercial\u00bb","datePublished":"2024-06-12T05:08:17+00:00","dateModified":"2024-06-12T05:10:38+00:00","mainEntityOfPage":{"@id":"https:\/\/iraurgiberritzen.eus\/es\/el-proximo-18-de-junio-se-celebrara-en-azpeitia-una-jornada-dirigida-a-empresas-sobre-e-commerce-nueva-estrategia-comercial\/"},"wordCount":277,"publisher":{"@id":"https:\/\/iraurgiberritzen.eus\/es\/#organization"},"image":{"@id":"https:\/\/iraurgiberritzen.eus\/es\/el-proximo-18-de-junio-se-celebrara-en-azpeitia-una-jornada-dirigida-a-empresas-sobre-e-commerce-nueva-estrategia-comercial\/#primaryimage"},"thumbnailUrl":"https:\/\/iraurgiberritzen.eus\/wp-content\/uploads\/2024\/06\/Copia-de-Copia-de-IKASIZ-JARDUNALDIAK-3.png","articleSection":["Noticias"],"inLanguage":"es"},{"@type":"WebPage","@id":"https:\/\/iraurgiberritzen.eus\/es\/el-proximo-18-de-junio-se-celebrara-en-azpeitia-una-jornada-dirigida-a-empresas-sobre-e-commerce-nueva-estrategia-comercial\/","url":"https:\/\/iraurgiberritzen.eus\/es\/el-proximo-18-de-junio-se-celebrara-en-azpeitia-una-jornada-dirigida-a-empresas-sobre-e-commerce-nueva-estrategia-comercial\/","name":"El pr\u00f3ximo 18 de junio se celebrar\u00e1 en Azpeitia una jornada dirigida a empresas sobre \"E-Commerce, nueva estrategia comercial\" - Iraurgi Berritzen","isPartOf":{"@id":"https:\/\/iraurgiberritzen.eus\/es\/#website"},"primaryImageOfPage":{"@id":"https:\/\/iraurgiberritzen.eus\/es\/el-proximo-18-de-junio-se-celebrara-en-azpeitia-una-jornada-dirigida-a-empresas-sobre-e-commerce-nueva-estrategia-comercial\/#primaryimage"},"image":{"@id":"https:\/\/iraurgiberritzen.eus\/es\/el-proximo-18-de-junio-se-celebrara-en-azpeitia-una-jornada-dirigida-a-empresas-sobre-e-commerce-nueva-estrategia-comercial\/#primaryimage"},"thumbnailUrl":"https:\/\/iraurgiberritzen.eus\/wp-content\/uploads\/2024\/06\/Copia-de-Copia-de-IKASIZ-JARDUNALDIAK-3.png","datePublished":"2024-06-12T05:08:17+00:00","dateModified":"2024-06-12T05:10:38+00:00","breadcrumb":{"@id":"https:\/\/iraurgiberritzen.eus\/es\/el-proximo-18-de-junio-se-celebrara-en-azpeitia-una-jornada-dirigida-a-empresas-sobre-e-commerce-nueva-estrategia-comercial\/#breadcrumb"},"inLanguage":"es","potentialAction":[{"@type":"ReadAction","target":["https:\/\/iraurgiberritzen.eus\/es\/el-proximo-18-de-junio-se-celebrara-en-azpeitia-una-jornada-dirigida-a-empresas-sobre-e-commerce-nueva-estrategia-comercial\/"]}]},{"@type":"ImageObject","inLanguage":"es","@id":"https:\/\/iraurgiberritzen.eus\/es\/el-proximo-18-de-junio-se-celebrara-en-azpeitia-una-jornada-dirigida-a-empresas-sobre-e-commerce-nueva-estrategia-comercial\/#primaryimage","url":"https:\/\/iraurgiberritzen.eus\/wp-content\/uploads\/2024\/06\/Copia-de-Copia-de-IKASIZ-JARDUNALDIAK-3.png","contentUrl":"https:\/\/iraurgiberritzen.eus\/wp-content\/uploads\/2024\/06\/Copia-de-Copia-de-IKASIZ-JARDUNALDIAK-3.png","width":800,"height":550},{"@type":"BreadcrumbList","@id":"https:\/\/iraurgiberritzen.eus\/es\/el-proximo-18-de-junio-se-celebrara-en-azpeitia-una-jornada-dirigida-a-empresas-sobre-e-commerce-nueva-estrategia-comercial\/#breadcrumb","itemListElement":[{"@type":"ListItem","position":1,"name":"Home","item":"https:\/\/iraurgiberritzen.eus\/es\/"},{"@type":"ListItem","position":2,"name":"El pr\u00f3ximo 18 de junio se celebrar\u00e1 en Azpeitia una jornada dirigida a empresas sobre &#8220;E-Commerce, nueva estrategia comercial&#8221;"}]},{"@type":"WebSite","@id":"https:\/\/iraurgiberritzen.eus\/es\/#website","url":"https:\/\/iraurgiberritzen.eus\/es\/","name":"Iraurgi Berritzen","description":"Urola Erdiko Garapen Agentzia","publisher":{"@id":"https:\/\/iraurgiberritzen.eus\/es\/#organization"},"potentialAction":[{"@type":"SearchAction","target":{"@type":"EntryPoint","urlTemplate":"https:\/\/iraurgiberritzen.eus\/es\/?s={search_term_string}"},"query-input":{"@type":"PropertyValueSpecification","valueRequired":true,"valueName":"search_term_string"}}],"inLanguage":"es"},{"@type":"Organization","@id":"https:\/\/iraurgiberritzen.eus\/es\/#organization","name":"Iraurgi Berritzen","url":"https:\/\/iraurgiberritzen.eus\/es\/","logo":{"@type":"ImageObject","inLanguage":"es","@id":"https:\/\/iraurgiberritzen.eus\/es\/#\/schema\/logo\/image\/","url":"https:\/\/iraurgiberritzen.eus\/wp-content\/uploads\/2024\/02\/IRAURGI-BERRITZEN-logotipoa_2.png","contentUrl":"https:\/\/iraurgiberritzen.eus\/wp-content\/uploads\/2024\/02\/IRAURGI-BERRITZEN-logotipoa_2.png","width":496,"height":190,"caption":"Iraurgi Berritzen"},"image":{"@id":"https:\/\/iraurgiberritzen.eus\/es\/#\/schema\/logo\/image\/"}},{"@type":"Person","@id":"https:\/\/iraurgiberritzen.eus\/es\/#\/schema\/person\/a32c9825b3e2bfcbe757a97f6a15c8a5","name":"ainara"}]}},"_links":{"self":[{"href":"https:\/\/iraurgiberritzen.eus\/es\/wp-json\/wp\/v2\/posts\/20465","targetHints":{"allow":["GET"]}}],"collection":[{"href":"https:\/\/iraurgiberritzen.eus\/es\/wp-json\/wp\/v2\/posts"}],"about":[{"href":"https:\/\/iraurgiberritzen.eus\/es\/wp-json\/wp\/v2\/types\/post"}],"author":[{"embeddable":true,"href":"https:\/\/iraurgiberritzen.eus\/es\/wp-json\/wp\/v2\/users\/4"}],"replies":[{"embeddable":true,"href":"https:\/\/iraurgiberritzen.eus\/es\/wp-json\/wp\/v2\/comments?post=20465"}],"version-history":[{"count":3,"href":"https:\/\/iraurgiberritzen.eus\/es\/wp-json\/wp\/v2\/posts\/20465\/revisions"}],"predecessor-version":[{"id":20469,"href":"https:\/\/iraurgiberritzen.eus\/es\/wp-json\/wp\/v2\/posts\/20465\/revisions\/20469"}],"wp:featuredmedia":[{"embeddable":true,"href":"https:\/\/iraurgiberritzen.eus\/es\/wp-json\/wp\/v2\/media\/20461"}],"wp:attachment":[{"href":"https:\/\/iraurgiberritzen.eus\/es\/wp-json\/wp\/v2\/media?parent=20465"}],"wp:term":[{"taxonomy":"category","embeddable":true,"href":"https:\/\/iraurgiberritzen.eus\/es\/wp-json\/wp\/v2\/categories?post=20465"},{"taxonomy":"post_tag","embeddable":true,"href":"https:\/\/iraurgiberritzen.eus\/es\/wp-json\/wp\/v2\/tags?post=20465"}],"curies":[{"name":"wp","href":"https:\/\/api.w.org\/{rel}","templated":true}]}}