{"id":20474,"date":"2024-06-13T09:00:00","date_gmt":"2024-06-13T07:00:00","guid":{"rendered":"https:\/\/iraurgiberritzen.eus\/?p=20474"},"modified":"2024-06-13T10:14:33","modified_gmt":"2024-06-13T08:14:33","slug":"celebrada-bajo-la-lluvia-la-urola-erdiko-zientzia-eta-teknologia-azoka-de-este-ano","status":"publish","type":"post","link":"https:\/\/iraurgiberritzen.eus\/es\/celebrada-bajo-la-lluvia-la-urola-erdiko-zientzia-eta-teknologia-azoka-de-este-ano\/","title":{"rendered":"7 proyectos presentados por el alumnado en la Urola Erdiko ZIENTZIA eta TEKNOLOGIA Azoka"},"content":{"rendered":"<p>Por sexto a\u00f1o consecutivo, el alumnado de la comarca ha compartido en la Balda plaza de Azkoitia los proyectos STEAM -Science, Technology, Engineering, Art, Mathematics- trabajados a lo largo del curso 2023\/24. En total, en la feria se han presentado 7 proyectos y en su desarrollo han participado m\u00e1s de 300 j\u00f3venes de ESO y Bachillerato.<\/p>\n<p>El evento se sit\u00faa en el marco de educativo de Iraurgi Berritzen, en el proyecto STEAM Urola Erdian, donde han participado 5 centros escolares de la comarca. El objetivo del proyecto es que el alumnado desarrolle vocaciones y capacidades referentes a la ciencia y tecnolog\u00eda a trav\u00e9s del desarrollo de proyectos.<\/p>\n<p>En los \u00faltimos meses, bajo la direcci\u00f3n del profesorado, el alumnado de la comarca ha abordado diferentes retos tanto cient\u00edficos como tecnol\u00f3gicos. Adem\u00e1s, durante el desarrollo de los proyectos, ha tenido la oportunidad de relacionarse con investigadores y profesionales de diferentes \u00e1reas. De esta forma, el alumnado ha tenido la oportunidad de conocer de cerca la realidad de los \u00e1mbitos en los que ha desarrollado sus proyectos.<\/p>\n<p>En la feria se han presentado y mostrado los proyectos que han trabajado los centros de la comarca a lo largo del curso. A pesar de que ha comenzado al sol, se ha puesto fin a la feria en una situaci\u00f3n inusual debido a la lluvia. En ella se han presentado, en total, los siguientes proyectos: \u201cIrudiak errebelatzen \u2013 Kimika\u201d, \u201cEguzki sistema \u2013 Diziplina Anitza\u201d, \u201cArduino: etxe adimendua \u2013 Teknologia\u00bb, \u201cZe bero!! &#8211; Diziplina Anitza\u201d, \u201cUra da Gu gara \u2013 Diziplina Anitza\u00bb, \u201cBiologia, Geologia eta Teknologia\u201d y \u201cFisika, Kimika eta Teknologia\u201d<\/p>\n<p>El evento ha contado con la representaci\u00f3n municipal de Azkoitia y Azpeitia, la cual se ha encargado, por un lado, de abrir el acto y saludar a los asistentes y por \u00faltimo, de repartir los recuerdos al final del acto.<\/p>\n","protected":false},"excerpt":{"rendered":"<p>Por sexto a\u00f1o consecutivo, el alumnado de la comarca ha compartido en la Balda plaza de Azkoitia los proyectos STEAM -Science, Technology, Engineering, Art, Mathematics- trabajados a lo largo del curso 2023\/24. En total, en la feria se han presentado 7 proyectos y en su desarrollo han participado m\u00e1s de 300 j\u00f3venes de ESO y [&hellip;]<\/p>\n","protected":false},"author":4,"featured_media":20478,"comment_status":"closed","ping_status":"closed","sticky":false,"template":"","format":"standard","meta":{"_acf_changed":false,"footnotes":""},"categories":[4],"tags":[],"class_list":["post-20474","post","type-post","status-publish","format-standard","has-post-thumbnail","hentry","category-noticias","arloak-zimat-es"],"acf":[],"yoast_head":"<!-- This site is optimized with the Yoast SEO plugin v27.4 - https:\/\/yoast.com\/product\/yoast-seo-wordpress\/ -->\n<title>7 proyectos presentados por el alumnado en la Urola Erdiko ZIENTZIA eta TEKNOLOGIA Azoka - Iraurgi Berritzen<\/title>\n<meta name=\"robots\" content=\"index, follow, max-snippet:-1, max-image-preview:large, max-video-preview:-1\" \/>\n<link rel=\"canonical\" href=\"https:\/\/iraurgiberritzen.eus\/es\/celebrada-bajo-la-lluvia-la-urola-erdiko-zientzia-eta-teknologia-azoka-de-este-ano\/\" \/>\n<meta property=\"og:locale\" content=\"es_ES\" \/>\n<meta property=\"og:type\" content=\"article\" \/>\n<meta property=\"og:title\" content=\"7 proyectos presentados por el alumnado en la Urola Erdiko ZIENTZIA eta TEKNOLOGIA Azoka - Iraurgi Berritzen\" \/>\n<meta property=\"og:description\" content=\"Por sexto a\u00f1o consecutivo, el alumnado de la comarca ha compartido en la Balda plaza de Azkoitia los proyectos STEAM -Science, Technology, Engineering, Art, Mathematics- trabajados a lo largo del curso 2023\/24. En total, en la feria se han presentado 7 proyectos y en su desarrollo han participado m\u00e1s de 300 j\u00f3venes de ESO y [&hellip;]\" \/>\n<meta property=\"og:url\" content=\"https:\/\/iraurgiberritzen.eus\/es\/celebrada-bajo-la-lluvia-la-urola-erdiko-zientzia-eta-teknologia-azoka-de-este-ano\/\" \/>\n<meta property=\"og:site_name\" content=\"Iraurgi Berritzen\" \/>\n<meta property=\"article:published_time\" content=\"2024-06-13T07:00:00+00:00\" \/>\n<meta property=\"article:modified_time\" content=\"2024-06-13T08:14:33+00:00\" \/>\n<meta property=\"og:image\" content=\"https:\/\/iraurgiberritzen.eus\/wp-content\/uploads\/2024\/06\/WhatsApp-Image-2024-06-12-at-12.41.46-scaled.jpeg\" \/>\n\t<meta property=\"og:image:width\" content=\"2560\" \/>\n\t<meta property=\"og:image:height\" content=\"1920\" \/>\n\t<meta property=\"og:image:type\" content=\"image\/jpeg\" \/>\n<meta name=\"author\" content=\"ainara\" \/>\n<meta name=\"twitter:card\" content=\"summary_large_image\" \/>\n<meta name=\"twitter:label1\" content=\"Escrito por\" \/>\n\t<meta name=\"twitter:data1\" content=\"ainara\" \/>\n\t<meta name=\"twitter:label2\" content=\"Tiempo de lectura\" \/>\n\t<meta name=\"twitter:data2\" content=\"2 minutos\" \/>\n<script type=\"application\/ld+json\" class=\"yoast-schema-graph\">{\"@context\":\"https:\\\/\\\/schema.org\",\"@graph\":[{\"@type\":\"Article\",\"@id\":\"https:\\\/\\\/iraurgiberritzen.eus\\\/es\\\/celebrada-bajo-la-lluvia-la-urola-erdiko-zientzia-eta-teknologia-azoka-de-este-ano\\\/#article\",\"isPartOf\":{\"@id\":\"https:\\\/\\\/iraurgiberritzen.eus\\\/es\\\/celebrada-bajo-la-lluvia-la-urola-erdiko-zientzia-eta-teknologia-azoka-de-este-ano\\\/\"},\"author\":{\"name\":\"ainara\",\"@id\":\"https:\\\/\\\/iraurgiberritzen.eus\\\/es\\\/#\\\/schema\\\/person\\\/a32c9825b3e2bfcbe757a97f6a15c8a5\"},\"headline\":\"7 proyectos presentados por el alumnado en la Urola Erdiko ZIENTZIA eta TEKNOLOGIA Azoka\",\"datePublished\":\"2024-06-13T07:00:00+00:00\",\"dateModified\":\"2024-06-13T08:14:33+00:00\",\"mainEntityOfPage\":{\"@id\":\"https:\\\/\\\/iraurgiberritzen.eus\\\/es\\\/celebrada-bajo-la-lluvia-la-urola-erdiko-zientzia-eta-teknologia-azoka-de-este-ano\\\/\"},\"wordCount\":322,\"publisher\":{\"@id\":\"https:\\\/\\\/iraurgiberritzen.eus\\\/es\\\/#organization\"},\"image\":{\"@id\":\"https:\\\/\\\/iraurgiberritzen.eus\\\/es\\\/celebrada-bajo-la-lluvia-la-urola-erdiko-zientzia-eta-teknologia-azoka-de-este-ano\\\/#primaryimage\"},\"thumbnailUrl\":\"https:\\\/\\\/iraurgiberritzen.eus\\\/wp-content\\\/uploads\\\/2024\\\/06\\\/WhatsApp-Image-2024-06-12-at-12.41.46-scaled.jpeg\",\"articleSection\":[\"Noticias\"],\"inLanguage\":\"es\"},{\"@type\":\"WebPage\",\"@id\":\"https:\\\/\\\/iraurgiberritzen.eus\\\/es\\\/celebrada-bajo-la-lluvia-la-urola-erdiko-zientzia-eta-teknologia-azoka-de-este-ano\\\/\",\"url\":\"https:\\\/\\\/iraurgiberritzen.eus\\\/es\\\/celebrada-bajo-la-lluvia-la-urola-erdiko-zientzia-eta-teknologia-azoka-de-este-ano\\\/\",\"name\":\"7 proyectos presentados por el alumnado en la Urola Erdiko ZIENTZIA eta TEKNOLOGIA Azoka - Iraurgi Berritzen\",\"isPartOf\":{\"@id\":\"https:\\\/\\\/iraurgiberritzen.eus\\\/es\\\/#website\"},\"primaryImageOfPage\":{\"@id\":\"https:\\\/\\\/iraurgiberritzen.eus\\\/es\\\/celebrada-bajo-la-lluvia-la-urola-erdiko-zientzia-eta-teknologia-azoka-de-este-ano\\\/#primaryimage\"},\"image\":{\"@id\":\"https:\\\/\\\/iraurgiberritzen.eus\\\/es\\\/celebrada-bajo-la-lluvia-la-urola-erdiko-zientzia-eta-teknologia-azoka-de-este-ano\\\/#primaryimage\"},\"thumbnailUrl\":\"https:\\\/\\\/iraurgiberritzen.eus\\\/wp-content\\\/uploads\\\/2024\\\/06\\\/WhatsApp-Image-2024-06-12-at-12.41.46-scaled.jpeg\",\"datePublished\":\"2024-06-13T07:00:00+00:00\",\"dateModified\":\"2024-06-13T08:14:33+00:00\",\"breadcrumb\":{\"@id\":\"https:\\\/\\\/iraurgiberritzen.eus\\\/es\\\/celebrada-bajo-la-lluvia-la-urola-erdiko-zientzia-eta-teknologia-azoka-de-este-ano\\\/#breadcrumb\"},\"inLanguage\":\"es\",\"potentialAction\":[{\"@type\":\"ReadAction\",\"target\":[\"https:\\\/\\\/iraurgiberritzen.eus\\\/es\\\/celebrada-bajo-la-lluvia-la-urola-erdiko-zientzia-eta-teknologia-azoka-de-este-ano\\\/\"]}]},{\"@type\":\"ImageObject\",\"inLanguage\":\"es\",\"@id\":\"https:\\\/\\\/iraurgiberritzen.eus\\\/es\\\/celebrada-bajo-la-lluvia-la-urola-erdiko-zientzia-eta-teknologia-azoka-de-este-ano\\\/#primaryimage\",\"url\":\"https:\\\/\\\/iraurgiberritzen.eus\\\/wp-content\\\/uploads\\\/2024\\\/06\\\/WhatsApp-Image-2024-06-12-at-12.41.46-scaled.jpeg\",\"contentUrl\":\"https:\\\/\\\/iraurgiberritzen.eus\\\/wp-content\\\/uploads\\\/2024\\\/06\\\/WhatsApp-Image-2024-06-12-at-12.41.46-scaled.jpeg\",\"width\":2560,\"height\":1920},{\"@type\":\"BreadcrumbList\",\"@id\":\"https:\\\/\\\/iraurgiberritzen.eus\\\/es\\\/celebrada-bajo-la-lluvia-la-urola-erdiko-zientzia-eta-teknologia-azoka-de-este-ano\\\/#breadcrumb\",\"itemListElement\":[{\"@type\":\"ListItem\",\"position\":1,\"name\":\"Home\",\"item\":\"https:\\\/\\\/iraurgiberritzen.eus\\\/es\\\/\"},{\"@type\":\"ListItem\",\"position\":2,\"name\":\"7 proyectos presentados por el alumnado en la Urola Erdiko ZIENTZIA eta TEKNOLOGIA Azoka\"}]},{\"@type\":\"WebSite\",\"@id\":\"https:\\\/\\\/iraurgiberritzen.eus\\\/es\\\/#website\",\"url\":\"https:\\\/\\\/iraurgiberritzen.eus\\\/es\\\/\",\"name\":\"Iraurgi Berritzen\",\"description\":\"Urola Erdiko Garapen Agentzia\",\"publisher\":{\"@id\":\"https:\\\/\\\/iraurgiberritzen.eus\\\/es\\\/#organization\"},\"potentialAction\":[{\"@type\":\"SearchAction\",\"target\":{\"@type\":\"EntryPoint\",\"urlTemplate\":\"https:\\\/\\\/iraurgiberritzen.eus\\\/es\\\/?s={search_term_string}\"},\"query-input\":{\"@type\":\"PropertyValueSpecification\",\"valueRequired\":true,\"valueName\":\"search_term_string\"}}],\"inLanguage\":\"es\"},{\"@type\":\"Organization\",\"@id\":\"https:\\\/\\\/iraurgiberritzen.eus\\\/es\\\/#organization\",\"name\":\"Iraurgi Berritzen\",\"url\":\"https:\\\/\\\/iraurgiberritzen.eus\\\/es\\\/\",\"logo\":{\"@type\":\"ImageObject\",\"inLanguage\":\"es\",\"@id\":\"https:\\\/\\\/iraurgiberritzen.eus\\\/es\\\/#\\\/schema\\\/logo\\\/image\\\/\",\"url\":\"https:\\\/\\\/iraurgiberritzen.eus\\\/wp-content\\\/uploads\\\/2024\\\/02\\\/IRAURGI-BERRITZEN-logotipoa_2.png\",\"contentUrl\":\"https:\\\/\\\/iraurgiberritzen.eus\\\/wp-content\\\/uploads\\\/2024\\\/02\\\/IRAURGI-BERRITZEN-logotipoa_2.png\",\"width\":496,\"height\":190,\"caption\":\"Iraurgi Berritzen\"},\"image\":{\"@id\":\"https:\\\/\\\/iraurgiberritzen.eus\\\/es\\\/#\\\/schema\\\/logo\\\/image\\\/\"}},{\"@type\":\"Person\",\"@id\":\"https:\\\/\\\/iraurgiberritzen.eus\\\/es\\\/#\\\/schema\\\/person\\\/a32c9825b3e2bfcbe757a97f6a15c8a5\",\"name\":\"ainara\"}]}<\/script>\n<!-- \/ Yoast SEO plugin. -->","yoast_head_json":{"title":"7 proyectos presentados por el alumnado en la Urola Erdiko ZIENTZIA eta TEKNOLOGIA Azoka - Iraurgi Berritzen","robots":{"index":"index","follow":"follow","max-snippet":"max-snippet:-1","max-image-preview":"max-image-preview:large","max-video-preview":"max-video-preview:-1"},"canonical":"https:\/\/iraurgiberritzen.eus\/es\/celebrada-bajo-la-lluvia-la-urola-erdiko-zientzia-eta-teknologia-azoka-de-este-ano\/","og_locale":"es_ES","og_type":"article","og_title":"7 proyectos presentados por el alumnado en la Urola Erdiko ZIENTZIA eta TEKNOLOGIA Azoka - Iraurgi Berritzen","og_description":"Por sexto a\u00f1o consecutivo, el alumnado de la comarca ha compartido en la Balda plaza de Azkoitia los proyectos STEAM -Science, Technology, Engineering, Art, Mathematics- trabajados a lo largo del curso 2023\/24. En total, en la feria se han presentado 7 proyectos y en su desarrollo han participado m\u00e1s de 300 j\u00f3venes de ESO y [&hellip;]","og_url":"https:\/\/iraurgiberritzen.eus\/es\/celebrada-bajo-la-lluvia-la-urola-erdiko-zientzia-eta-teknologia-azoka-de-este-ano\/","og_site_name":"Iraurgi Berritzen","article_published_time":"2024-06-13T07:00:00+00:00","article_modified_time":"2024-06-13T08:14:33+00:00","og_image":[{"width":2560,"height":1920,"url":"https:\/\/iraurgiberritzen.eus\/wp-content\/uploads\/2024\/06\/WhatsApp-Image-2024-06-12-at-12.41.46-scaled.jpeg","type":"image\/jpeg"}],"author":"ainara","twitter_card":"summary_large_image","twitter_misc":{"Escrito por":"ainara","Tiempo de lectura":"2 minutos"},"schema":{"@context":"https:\/\/schema.org","@graph":[{"@type":"Article","@id":"https:\/\/iraurgiberritzen.eus\/es\/celebrada-bajo-la-lluvia-la-urola-erdiko-zientzia-eta-teknologia-azoka-de-este-ano\/#article","isPartOf":{"@id":"https:\/\/iraurgiberritzen.eus\/es\/celebrada-bajo-la-lluvia-la-urola-erdiko-zientzia-eta-teknologia-azoka-de-este-ano\/"},"author":{"name":"ainara","@id":"https:\/\/iraurgiberritzen.eus\/es\/#\/schema\/person\/a32c9825b3e2bfcbe757a97f6a15c8a5"},"headline":"7 proyectos presentados por el alumnado en la Urola Erdiko ZIENTZIA eta TEKNOLOGIA Azoka","datePublished":"2024-06-13T07:00:00+00:00","dateModified":"2024-06-13T08:14:33+00:00","mainEntityOfPage":{"@id":"https:\/\/iraurgiberritzen.eus\/es\/celebrada-bajo-la-lluvia-la-urola-erdiko-zientzia-eta-teknologia-azoka-de-este-ano\/"},"wordCount":322,"publisher":{"@id":"https:\/\/iraurgiberritzen.eus\/es\/#organization"},"image":{"@id":"https:\/\/iraurgiberritzen.eus\/es\/celebrada-bajo-la-lluvia-la-urola-erdiko-zientzia-eta-teknologia-azoka-de-este-ano\/#primaryimage"},"thumbnailUrl":"https:\/\/iraurgiberritzen.eus\/wp-content\/uploads\/2024\/06\/WhatsApp-Image-2024-06-12-at-12.41.46-scaled.jpeg","articleSection":["Noticias"],"inLanguage":"es"},{"@type":"WebPage","@id":"https:\/\/iraurgiberritzen.eus\/es\/celebrada-bajo-la-lluvia-la-urola-erdiko-zientzia-eta-teknologia-azoka-de-este-ano\/","url":"https:\/\/iraurgiberritzen.eus\/es\/celebrada-bajo-la-lluvia-la-urola-erdiko-zientzia-eta-teknologia-azoka-de-este-ano\/","name":"7 proyectos presentados por el alumnado en la Urola Erdiko ZIENTZIA eta TEKNOLOGIA Azoka - Iraurgi Berritzen","isPartOf":{"@id":"https:\/\/iraurgiberritzen.eus\/es\/#website"},"primaryImageOfPage":{"@id":"https:\/\/iraurgiberritzen.eus\/es\/celebrada-bajo-la-lluvia-la-urola-erdiko-zientzia-eta-teknologia-azoka-de-este-ano\/#primaryimage"},"image":{"@id":"https:\/\/iraurgiberritzen.eus\/es\/celebrada-bajo-la-lluvia-la-urola-erdiko-zientzia-eta-teknologia-azoka-de-este-ano\/#primaryimage"},"thumbnailUrl":"https:\/\/iraurgiberritzen.eus\/wp-content\/uploads\/2024\/06\/WhatsApp-Image-2024-06-12-at-12.41.46-scaled.jpeg","datePublished":"2024-06-13T07:00:00+00:00","dateModified":"2024-06-13T08:14:33+00:00","breadcrumb":{"@id":"https:\/\/iraurgiberritzen.eus\/es\/celebrada-bajo-la-lluvia-la-urola-erdiko-zientzia-eta-teknologia-azoka-de-este-ano\/#breadcrumb"},"inLanguage":"es","potentialAction":[{"@type":"ReadAction","target":["https:\/\/iraurgiberritzen.eus\/es\/celebrada-bajo-la-lluvia-la-urola-erdiko-zientzia-eta-teknologia-azoka-de-este-ano\/"]}]},{"@type":"ImageObject","inLanguage":"es","@id":"https:\/\/iraurgiberritzen.eus\/es\/celebrada-bajo-la-lluvia-la-urola-erdiko-zientzia-eta-teknologia-azoka-de-este-ano\/#primaryimage","url":"https:\/\/iraurgiberritzen.eus\/wp-content\/uploads\/2024\/06\/WhatsApp-Image-2024-06-12-at-12.41.46-scaled.jpeg","contentUrl":"https:\/\/iraurgiberritzen.eus\/wp-content\/uploads\/2024\/06\/WhatsApp-Image-2024-06-12-at-12.41.46-scaled.jpeg","width":2560,"height":1920},{"@type":"BreadcrumbList","@id":"https:\/\/iraurgiberritzen.eus\/es\/celebrada-bajo-la-lluvia-la-urola-erdiko-zientzia-eta-teknologia-azoka-de-este-ano\/#breadcrumb","itemListElement":[{"@type":"ListItem","position":1,"name":"Home","item":"https:\/\/iraurgiberritzen.eus\/es\/"},{"@type":"ListItem","position":2,"name":"7 proyectos presentados por el alumnado en la Urola Erdiko ZIENTZIA eta TEKNOLOGIA Azoka"}]},{"@type":"WebSite","@id":"https:\/\/iraurgiberritzen.eus\/es\/#website","url":"https:\/\/iraurgiberritzen.eus\/es\/","name":"Iraurgi Berritzen","description":"Urola Erdiko Garapen Agentzia","publisher":{"@id":"https:\/\/iraurgiberritzen.eus\/es\/#organization"},"potentialAction":[{"@type":"SearchAction","target":{"@type":"EntryPoint","urlTemplate":"https:\/\/iraurgiberritzen.eus\/es\/?s={search_term_string}"},"query-input":{"@type":"PropertyValueSpecification","valueRequired":true,"valueName":"search_term_string"}}],"inLanguage":"es"},{"@type":"Organization","@id":"https:\/\/iraurgiberritzen.eus\/es\/#organization","name":"Iraurgi Berritzen","url":"https:\/\/iraurgiberritzen.eus\/es\/","logo":{"@type":"ImageObject","inLanguage":"es","@id":"https:\/\/iraurgiberritzen.eus\/es\/#\/schema\/logo\/image\/","url":"https:\/\/iraurgiberritzen.eus\/wp-content\/uploads\/2024\/02\/IRAURGI-BERRITZEN-logotipoa_2.png","contentUrl":"https:\/\/iraurgiberritzen.eus\/wp-content\/uploads\/2024\/02\/IRAURGI-BERRITZEN-logotipoa_2.png","width":496,"height":190,"caption":"Iraurgi Berritzen"},"image":{"@id":"https:\/\/iraurgiberritzen.eus\/es\/#\/schema\/logo\/image\/"}},{"@type":"Person","@id":"https:\/\/iraurgiberritzen.eus\/es\/#\/schema\/person\/a32c9825b3e2bfcbe757a97f6a15c8a5","name":"ainara"}]}},"_links":{"self":[{"href":"https:\/\/iraurgiberritzen.eus\/es\/wp-json\/wp\/v2\/posts\/20474","targetHints":{"allow":["GET"]}}],"collection":[{"href":"https:\/\/iraurgiberritzen.eus\/es\/wp-json\/wp\/v2\/posts"}],"about":[{"href":"https:\/\/iraurgiberritzen.eus\/es\/wp-json\/wp\/v2\/types\/post"}],"author":[{"embeddable":true,"href":"https:\/\/iraurgiberritzen.eus\/es\/wp-json\/wp\/v2\/users\/4"}],"replies":[{"embeddable":true,"href":"https:\/\/iraurgiberritzen.eus\/es\/wp-json\/wp\/v2\/comments?post=20474"}],"version-history":[{"count":4,"href":"https:\/\/iraurgiberritzen.eus\/es\/wp-json\/wp\/v2\/posts\/20474\/revisions"}],"predecessor-version":[{"id":20510,"href":"https:\/\/iraurgiberritzen.eus\/es\/wp-json\/wp\/v2\/posts\/20474\/revisions\/20510"}],"wp:featuredmedia":[{"embeddable":true,"href":"https:\/\/iraurgiberritzen.eus\/es\/wp-json\/wp\/v2\/media\/20478"}],"wp:attachment":[{"href":"https:\/\/iraurgiberritzen.eus\/es\/wp-json\/wp\/v2\/media?parent=20474"}],"wp:term":[{"taxonomy":"category","embeddable":true,"href":"https:\/\/iraurgiberritzen.eus\/es\/wp-json\/wp\/v2\/categories?post=20474"},{"taxonomy":"post_tag","embeddable":true,"href":"https:\/\/iraurgiberritzen.eus\/es\/wp-json\/wp\/v2\/tags?post=20474"}],"curies":[{"name":"wp","href":"https:\/\/api.w.org\/{rel}","templated":true}]}}