{"id":20536,"date":"2024-06-14T11:18:42","date_gmt":"2024-06-14T09:18:42","guid":{"rendered":"https:\/\/iraurgiberritzen.eus\/?p=20536"},"modified":"2024-06-14T11:59:21","modified_gmt":"2024-06-14T09:59:21","slug":"un-total-de-312-alumno-as-repartidos-en-78-grupos-de-trabajo-han-realizado-otras-tantas-entrevistas-a-diferentes-agentes-socioeconomicos-de-la-comarca","status":"publish","type":"post","link":"https:\/\/iraurgiberritzen.eus\/es\/un-total-de-312-alumno-as-repartidos-en-78-grupos-de-trabajo-han-realizado-otras-tantas-entrevistas-a-diferentes-agentes-socioeconomicos-de-la-comarca\/","title":{"rendered":"Un total de 312 alumn@s repartid@s en 78 grupos de trabajo han realizado otras tantas entrevistas a diferentes agentes socioecon\u00f3micos de la comarca"},"content":{"rendered":"<p>Hoy, 13 de junio, se ha celebrado la 11\u00aa jornada de clausura del proyecto Elkarrekin Eraikitzen. A lo largo del mismo han participado los 5 centros de la comarca, 12 profesores, cerca de 312 alumnos\/as y alrededor de 41 agentes de diferentes sectores (industria, salud, empleo, emprendimiento, turismo, sector primario, servicios sociales).<\/p>\n<p>La jornada se ha organizado en dos secciones principales. En primer lugar, el alumnado ha tenido la oportunidad de presentar los retos que ha trabajado a lo largo del curso (El proceso, Sector Industrial, Salud, \u2026). En la presentaci\u00f3n han compartido con los asistentes lo aprendido durante el proceso y sus vivencias. En la segunda parte se ha celebrado una mesa redonda con la colaboraci\u00f3n de j\u00f3venes de diferentes centros. En ella se. han podido escuchar bonitas ideas y reflexiones:<\/p>\n<ul>\n<li>Durante el proceso hemos aprendido a trabajar en equipo. Tambi\u00e9n hemos trabajado la autonom\u00eda, iniciativa y la capacidad de tomar decisiones\u201d.<\/li>\n<li>\u201cHemos aprendido mucho durante el proceso Una oportunidad inmejorable para conocer la realidad socioecon\u00f3mica de la comarca.<\/li>\n<li>Durante nuestro recorrido hemos tenido libertad para trabajar el proceso a nuestra manera y el profesorado ha tomado el papel de ayudante.<\/li>\n<li>Las visitas han sido muy interesantes. Nos han acogido muy bien. El trato recibido ha sido muy cercano.<\/li>\n<li>Al empezar a trabajar el proyecto, hemos sentido mucho desconocimiento. Ha sido muy interesante para conocer el mundo laboral. Este trabajo nos resultar\u00e1 \u00fatil para el futuro.<\/li>\n<li>\u00abComo recomendaci\u00f3n, es muy importante llevar bien preparadas las preguntas de la entrevista a los agentes, ya que las respuestas dependen de esas preguntas\u00bb.<\/li>\n<\/ul>\n<p>En general, la edici\u00f3n del curso 2022\/23 se ha valorado muy positivamente y de cara al pr\u00f3ximo curso se prev\u00e9 realizar un esfuerzo especial para seguir estrechando las relaciones entre los centros escolares y los diferentes agentes de la comarca.<\/p>\n<p>El proyecto Elkarrekin Eraikitzen, adem\u00e1s de convertir al alumno\/a protagonista en el desarrollo del proyecto y en el proceso de aprendizaje que conlleva, tiene tres objetivos principales. Por un lado, tiene como objetivo promover entre el alumnado valores y capacidades relacionadas con el emprendimiento, como la iniciativa o la capacidad de comunicaci\u00f3n. Para poder cumplir este primer objetivo, el proyecto ha ofrecido al profesorado la posibilidad de experimentar con metodolog\u00edas innovadoras. El objetivo 3 y final del proyecto es que los alumnos conozcan la situaci\u00f3n socioecon\u00f3mica de la comarca para que tomen las decisiones correspondientes antes de su futura incorporaci\u00f3n al mundo laboral con la mayor informaci\u00f3n posible.<\/p>\n","protected":false},"excerpt":{"rendered":"<p>Hoy, 13 de junio, se ha celebrado la 11\u00aa jornada de clausura del proyecto Elkarrekin Eraikitzen. A lo largo del mismo han participado los 5 centros de la comarca, 12 profesores, cerca de 312 alumnos\/as y alrededor de 41 agentes de diferentes sectores (industria, salud, empleo, emprendimiento, turismo, sector primario, servicios sociales). La jornada se [&hellip;]<\/p>\n","protected":false},"author":4,"featured_media":20516,"comment_status":"closed","ping_status":"closed","sticky":false,"template":"","format":"standard","meta":{"_acf_changed":false,"footnotes":""},"categories":[4],"tags":[],"class_list":["post-20536","post","type-post","status-publish","format-standard","has-post-thumbnail","hentry","category-noticias","arloak-educacion"],"acf":[],"yoast_head":"<!-- This site is optimized with the Yoast SEO plugin v27.4 - https:\/\/yoast.com\/product\/yoast-seo-wordpress\/ -->\n<title>Un total de 312 alumn@s repartid@s en 78 grupos de trabajo han realizado otras tantas entrevistas a diferentes agentes socioecon\u00f3micos de la comarca - Iraurgi Berritzen<\/title>\n<meta name=\"robots\" content=\"index, follow, max-snippet:-1, max-image-preview:large, max-video-preview:-1\" \/>\n<link rel=\"canonical\" href=\"https:\/\/iraurgiberritzen.eus\/es\/un-total-de-312-alumno-as-repartidos-en-78-grupos-de-trabajo-han-realizado-otras-tantas-entrevistas-a-diferentes-agentes-socioeconomicos-de-la-comarca\/\" \/>\n<meta property=\"og:locale\" content=\"es_ES\" \/>\n<meta property=\"og:type\" content=\"article\" \/>\n<meta property=\"og:title\" content=\"Un total de 312 alumn@s repartid@s en 78 grupos de trabajo han realizado otras tantas entrevistas a diferentes agentes socioecon\u00f3micos de la comarca - Iraurgi Berritzen\" \/>\n<meta property=\"og:description\" content=\"Hoy, 13 de junio, se ha celebrado la 11\u00aa jornada de clausura del proyecto Elkarrekin Eraikitzen. A lo largo del mismo han participado los 5 centros de la comarca, 12 profesores, cerca de 312 alumnos\/as y alrededor de 41 agentes de diferentes sectores (industria, salud, empleo, emprendimiento, turismo, sector primario, servicios sociales). La jornada se [&hellip;]\" \/>\n<meta property=\"og:url\" content=\"https:\/\/iraurgiberritzen.eus\/es\/un-total-de-312-alumno-as-repartidos-en-78-grupos-de-trabajo-han-realizado-otras-tantas-entrevistas-a-diferentes-agentes-socioeconomicos-de-la-comarca\/\" \/>\n<meta property=\"og:site_name\" content=\"Iraurgi Berritzen\" \/>\n<meta property=\"article:published_time\" content=\"2024-06-14T09:18:42+00:00\" \/>\n<meta property=\"article:modified_time\" content=\"2024-06-14T09:59:21+00:00\" \/>\n<meta property=\"og:image\" content=\"https:\/\/iraurgiberritzen.eus\/wp-content\/uploads\/2024\/06\/WhatsApp-Image-2024-06-13-at-14.58.52-1-scaled.jpeg\" \/>\n\t<meta property=\"og:image:width\" content=\"2560\" \/>\n\t<meta property=\"og:image:height\" content=\"1920\" \/>\n\t<meta property=\"og:image:type\" content=\"image\/jpeg\" \/>\n<meta name=\"author\" content=\"ainara\" \/>\n<meta name=\"twitter:card\" content=\"summary_large_image\" \/>\n<meta name=\"twitter:label1\" content=\"Escrito por\" \/>\n\t<meta name=\"twitter:data1\" content=\"ainara\" \/>\n\t<meta name=\"twitter:label2\" content=\"Tiempo de lectura\" \/>\n\t<meta name=\"twitter:data2\" content=\"3 minutos\" \/>\n<script type=\"application\/ld+json\" class=\"yoast-schema-graph\">{\"@context\":\"https:\\\/\\\/schema.org\",\"@graph\":[{\"@type\":\"Article\",\"@id\":\"https:\\\/\\\/iraurgiberritzen.eus\\\/es\\\/un-total-de-312-alumno-as-repartidos-en-78-grupos-de-trabajo-han-realizado-otras-tantas-entrevistas-a-diferentes-agentes-socioeconomicos-de-la-comarca\\\/#article\",\"isPartOf\":{\"@id\":\"https:\\\/\\\/iraurgiberritzen.eus\\\/es\\\/un-total-de-312-alumno-as-repartidos-en-78-grupos-de-trabajo-han-realizado-otras-tantas-entrevistas-a-diferentes-agentes-socioeconomicos-de-la-comarca\\\/\"},\"author\":{\"name\":\"ainara\",\"@id\":\"https:\\\/\\\/iraurgiberritzen.eus\\\/es\\\/#\\\/schema\\\/person\\\/a32c9825b3e2bfcbe757a97f6a15c8a5\"},\"headline\":\"Un total de 312 alumn@s repartid@s en 78 grupos de trabajo han realizado otras tantas entrevistas a diferentes agentes socioecon\u00f3micos de la comarca\",\"datePublished\":\"2024-06-14T09:18:42+00:00\",\"dateModified\":\"2024-06-14T09:59:21+00:00\",\"mainEntityOfPage\":{\"@id\":\"https:\\\/\\\/iraurgiberritzen.eus\\\/es\\\/un-total-de-312-alumno-as-repartidos-en-78-grupos-de-trabajo-han-realizado-otras-tantas-entrevistas-a-diferentes-agentes-socioeconomicos-de-la-comarca\\\/\"},\"wordCount\":442,\"publisher\":{\"@id\":\"https:\\\/\\\/iraurgiberritzen.eus\\\/es\\\/#organization\"},\"image\":{\"@id\":\"https:\\\/\\\/iraurgiberritzen.eus\\\/es\\\/un-total-de-312-alumno-as-repartidos-en-78-grupos-de-trabajo-han-realizado-otras-tantas-entrevistas-a-diferentes-agentes-socioeconomicos-de-la-comarca\\\/#primaryimage\"},\"thumbnailUrl\":\"https:\\\/\\\/iraurgiberritzen.eus\\\/wp-content\\\/uploads\\\/2024\\\/06\\\/WhatsApp-Image-2024-06-13-at-14.58.52-1-scaled.jpeg\",\"articleSection\":[\"Noticias\"],\"inLanguage\":\"es\"},{\"@type\":\"WebPage\",\"@id\":\"https:\\\/\\\/iraurgiberritzen.eus\\\/es\\\/un-total-de-312-alumno-as-repartidos-en-78-grupos-de-trabajo-han-realizado-otras-tantas-entrevistas-a-diferentes-agentes-socioeconomicos-de-la-comarca\\\/\",\"url\":\"https:\\\/\\\/iraurgiberritzen.eus\\\/es\\\/un-total-de-312-alumno-as-repartidos-en-78-grupos-de-trabajo-han-realizado-otras-tantas-entrevistas-a-diferentes-agentes-socioeconomicos-de-la-comarca\\\/\",\"name\":\"Un total de 312 alumn@s repartid@s en 78 grupos de trabajo han realizado otras tantas entrevistas a diferentes agentes socioecon\u00f3micos de la comarca - Iraurgi Berritzen\",\"isPartOf\":{\"@id\":\"https:\\\/\\\/iraurgiberritzen.eus\\\/es\\\/#website\"},\"primaryImageOfPage\":{\"@id\":\"https:\\\/\\\/iraurgiberritzen.eus\\\/es\\\/un-total-de-312-alumno-as-repartidos-en-78-grupos-de-trabajo-han-realizado-otras-tantas-entrevistas-a-diferentes-agentes-socioeconomicos-de-la-comarca\\\/#primaryimage\"},\"image\":{\"@id\":\"https:\\\/\\\/iraurgiberritzen.eus\\\/es\\\/un-total-de-312-alumno-as-repartidos-en-78-grupos-de-trabajo-han-realizado-otras-tantas-entrevistas-a-diferentes-agentes-socioeconomicos-de-la-comarca\\\/#primaryimage\"},\"thumbnailUrl\":\"https:\\\/\\\/iraurgiberritzen.eus\\\/wp-content\\\/uploads\\\/2024\\\/06\\\/WhatsApp-Image-2024-06-13-at-14.58.52-1-scaled.jpeg\",\"datePublished\":\"2024-06-14T09:18:42+00:00\",\"dateModified\":\"2024-06-14T09:59:21+00:00\",\"breadcrumb\":{\"@id\":\"https:\\\/\\\/iraurgiberritzen.eus\\\/es\\\/un-total-de-312-alumno-as-repartidos-en-78-grupos-de-trabajo-han-realizado-otras-tantas-entrevistas-a-diferentes-agentes-socioeconomicos-de-la-comarca\\\/#breadcrumb\"},\"inLanguage\":\"es\",\"potentialAction\":[{\"@type\":\"ReadAction\",\"target\":[\"https:\\\/\\\/iraurgiberritzen.eus\\\/es\\\/un-total-de-312-alumno-as-repartidos-en-78-grupos-de-trabajo-han-realizado-otras-tantas-entrevistas-a-diferentes-agentes-socioeconomicos-de-la-comarca\\\/\"]}]},{\"@type\":\"ImageObject\",\"inLanguage\":\"es\",\"@id\":\"https:\\\/\\\/iraurgiberritzen.eus\\\/es\\\/un-total-de-312-alumno-as-repartidos-en-78-grupos-de-trabajo-han-realizado-otras-tantas-entrevistas-a-diferentes-agentes-socioeconomicos-de-la-comarca\\\/#primaryimage\",\"url\":\"https:\\\/\\\/iraurgiberritzen.eus\\\/wp-content\\\/uploads\\\/2024\\\/06\\\/WhatsApp-Image-2024-06-13-at-14.58.52-1-scaled.jpeg\",\"contentUrl\":\"https:\\\/\\\/iraurgiberritzen.eus\\\/wp-content\\\/uploads\\\/2024\\\/06\\\/WhatsApp-Image-2024-06-13-at-14.58.52-1-scaled.jpeg\",\"width\":2560,\"height\":1920},{\"@type\":\"BreadcrumbList\",\"@id\":\"https:\\\/\\\/iraurgiberritzen.eus\\\/es\\\/un-total-de-312-alumno-as-repartidos-en-78-grupos-de-trabajo-han-realizado-otras-tantas-entrevistas-a-diferentes-agentes-socioeconomicos-de-la-comarca\\\/#breadcrumb\",\"itemListElement\":[{\"@type\":\"ListItem\",\"position\":1,\"name\":\"Home\",\"item\":\"https:\\\/\\\/iraurgiberritzen.eus\\\/es\\\/\"},{\"@type\":\"ListItem\",\"position\":2,\"name\":\"Un total de 312 alumn@s repartid@s en 78 grupos de trabajo han realizado otras tantas entrevistas a diferentes agentes socioecon\u00f3micos de la comarca\"}]},{\"@type\":\"WebSite\",\"@id\":\"https:\\\/\\\/iraurgiberritzen.eus\\\/es\\\/#website\",\"url\":\"https:\\\/\\\/iraurgiberritzen.eus\\\/es\\\/\",\"name\":\"Iraurgi Berritzen\",\"description\":\"Urola Erdiko Garapen Agentzia\",\"publisher\":{\"@id\":\"https:\\\/\\\/iraurgiberritzen.eus\\\/es\\\/#organization\"},\"potentialAction\":[{\"@type\":\"SearchAction\",\"target\":{\"@type\":\"EntryPoint\",\"urlTemplate\":\"https:\\\/\\\/iraurgiberritzen.eus\\\/es\\\/?s={search_term_string}\"},\"query-input\":{\"@type\":\"PropertyValueSpecification\",\"valueRequired\":true,\"valueName\":\"search_term_string\"}}],\"inLanguage\":\"es\"},{\"@type\":\"Organization\",\"@id\":\"https:\\\/\\\/iraurgiberritzen.eus\\\/es\\\/#organization\",\"name\":\"Iraurgi Berritzen\",\"url\":\"https:\\\/\\\/iraurgiberritzen.eus\\\/es\\\/\",\"logo\":{\"@type\":\"ImageObject\",\"inLanguage\":\"es\",\"@id\":\"https:\\\/\\\/iraurgiberritzen.eus\\\/es\\\/#\\\/schema\\\/logo\\\/image\\\/\",\"url\":\"https:\\\/\\\/iraurgiberritzen.eus\\\/wp-content\\\/uploads\\\/2024\\\/02\\\/IRAURGI-BERRITZEN-logotipoa_2.png\",\"contentUrl\":\"https:\\\/\\\/iraurgiberritzen.eus\\\/wp-content\\\/uploads\\\/2024\\\/02\\\/IRAURGI-BERRITZEN-logotipoa_2.png\",\"width\":496,\"height\":190,\"caption\":\"Iraurgi Berritzen\"},\"image\":{\"@id\":\"https:\\\/\\\/iraurgiberritzen.eus\\\/es\\\/#\\\/schema\\\/logo\\\/image\\\/\"}},{\"@type\":\"Person\",\"@id\":\"https:\\\/\\\/iraurgiberritzen.eus\\\/es\\\/#\\\/schema\\\/person\\\/a32c9825b3e2bfcbe757a97f6a15c8a5\",\"name\":\"ainara\"}]}<\/script>\n<!-- \/ Yoast SEO plugin. -->","yoast_head_json":{"title":"Un total de 312 alumn@s repartid@s en 78 grupos de trabajo han realizado otras tantas entrevistas a diferentes agentes socioecon\u00f3micos de la comarca - Iraurgi Berritzen","robots":{"index":"index","follow":"follow","max-snippet":"max-snippet:-1","max-image-preview":"max-image-preview:large","max-video-preview":"max-video-preview:-1"},"canonical":"https:\/\/iraurgiberritzen.eus\/es\/un-total-de-312-alumno-as-repartidos-en-78-grupos-de-trabajo-han-realizado-otras-tantas-entrevistas-a-diferentes-agentes-socioeconomicos-de-la-comarca\/","og_locale":"es_ES","og_type":"article","og_title":"Un total de 312 alumn@s repartid@s en 78 grupos de trabajo han realizado otras tantas entrevistas a diferentes agentes socioecon\u00f3micos de la comarca - Iraurgi Berritzen","og_description":"Hoy, 13 de junio, se ha celebrado la 11\u00aa jornada de clausura del proyecto Elkarrekin Eraikitzen. A lo largo del mismo han participado los 5 centros de la comarca, 12 profesores, cerca de 312 alumnos\/as y alrededor de 41 agentes de diferentes sectores (industria, salud, empleo, emprendimiento, turismo, sector primario, servicios sociales). La jornada se [&hellip;]","og_url":"https:\/\/iraurgiberritzen.eus\/es\/un-total-de-312-alumno-as-repartidos-en-78-grupos-de-trabajo-han-realizado-otras-tantas-entrevistas-a-diferentes-agentes-socioeconomicos-de-la-comarca\/","og_site_name":"Iraurgi Berritzen","article_published_time":"2024-06-14T09:18:42+00:00","article_modified_time":"2024-06-14T09:59:21+00:00","og_image":[{"width":2560,"height":1920,"url":"https:\/\/iraurgiberritzen.eus\/wp-content\/uploads\/2024\/06\/WhatsApp-Image-2024-06-13-at-14.58.52-1-scaled.jpeg","type":"image\/jpeg"}],"author":"ainara","twitter_card":"summary_large_image","twitter_misc":{"Escrito por":"ainara","Tiempo de lectura":"3 minutos"},"schema":{"@context":"https:\/\/schema.org","@graph":[{"@type":"Article","@id":"https:\/\/iraurgiberritzen.eus\/es\/un-total-de-312-alumno-as-repartidos-en-78-grupos-de-trabajo-han-realizado-otras-tantas-entrevistas-a-diferentes-agentes-socioeconomicos-de-la-comarca\/#article","isPartOf":{"@id":"https:\/\/iraurgiberritzen.eus\/es\/un-total-de-312-alumno-as-repartidos-en-78-grupos-de-trabajo-han-realizado-otras-tantas-entrevistas-a-diferentes-agentes-socioeconomicos-de-la-comarca\/"},"author":{"name":"ainara","@id":"https:\/\/iraurgiberritzen.eus\/es\/#\/schema\/person\/a32c9825b3e2bfcbe757a97f6a15c8a5"},"headline":"Un total de 312 alumn@s repartid@s en 78 grupos de trabajo han realizado otras tantas entrevistas a diferentes agentes socioecon\u00f3micos de la comarca","datePublished":"2024-06-14T09:18:42+00:00","dateModified":"2024-06-14T09:59:21+00:00","mainEntityOfPage":{"@id":"https:\/\/iraurgiberritzen.eus\/es\/un-total-de-312-alumno-as-repartidos-en-78-grupos-de-trabajo-han-realizado-otras-tantas-entrevistas-a-diferentes-agentes-socioeconomicos-de-la-comarca\/"},"wordCount":442,"publisher":{"@id":"https:\/\/iraurgiberritzen.eus\/es\/#organization"},"image":{"@id":"https:\/\/iraurgiberritzen.eus\/es\/un-total-de-312-alumno-as-repartidos-en-78-grupos-de-trabajo-han-realizado-otras-tantas-entrevistas-a-diferentes-agentes-socioeconomicos-de-la-comarca\/#primaryimage"},"thumbnailUrl":"https:\/\/iraurgiberritzen.eus\/wp-content\/uploads\/2024\/06\/WhatsApp-Image-2024-06-13-at-14.58.52-1-scaled.jpeg","articleSection":["Noticias"],"inLanguage":"es"},{"@type":"WebPage","@id":"https:\/\/iraurgiberritzen.eus\/es\/un-total-de-312-alumno-as-repartidos-en-78-grupos-de-trabajo-han-realizado-otras-tantas-entrevistas-a-diferentes-agentes-socioeconomicos-de-la-comarca\/","url":"https:\/\/iraurgiberritzen.eus\/es\/un-total-de-312-alumno-as-repartidos-en-78-grupos-de-trabajo-han-realizado-otras-tantas-entrevistas-a-diferentes-agentes-socioeconomicos-de-la-comarca\/","name":"Un total de 312 alumn@s repartid@s en 78 grupos de trabajo han realizado otras tantas entrevistas a diferentes agentes socioecon\u00f3micos de la comarca - Iraurgi Berritzen","isPartOf":{"@id":"https:\/\/iraurgiberritzen.eus\/es\/#website"},"primaryImageOfPage":{"@id":"https:\/\/iraurgiberritzen.eus\/es\/un-total-de-312-alumno-as-repartidos-en-78-grupos-de-trabajo-han-realizado-otras-tantas-entrevistas-a-diferentes-agentes-socioeconomicos-de-la-comarca\/#primaryimage"},"image":{"@id":"https:\/\/iraurgiberritzen.eus\/es\/un-total-de-312-alumno-as-repartidos-en-78-grupos-de-trabajo-han-realizado-otras-tantas-entrevistas-a-diferentes-agentes-socioeconomicos-de-la-comarca\/#primaryimage"},"thumbnailUrl":"https:\/\/iraurgiberritzen.eus\/wp-content\/uploads\/2024\/06\/WhatsApp-Image-2024-06-13-at-14.58.52-1-scaled.jpeg","datePublished":"2024-06-14T09:18:42+00:00","dateModified":"2024-06-14T09:59:21+00:00","breadcrumb":{"@id":"https:\/\/iraurgiberritzen.eus\/es\/un-total-de-312-alumno-as-repartidos-en-78-grupos-de-trabajo-han-realizado-otras-tantas-entrevistas-a-diferentes-agentes-socioeconomicos-de-la-comarca\/#breadcrumb"},"inLanguage":"es","potentialAction":[{"@type":"ReadAction","target":["https:\/\/iraurgiberritzen.eus\/es\/un-total-de-312-alumno-as-repartidos-en-78-grupos-de-trabajo-han-realizado-otras-tantas-entrevistas-a-diferentes-agentes-socioeconomicos-de-la-comarca\/"]}]},{"@type":"ImageObject","inLanguage":"es","@id":"https:\/\/iraurgiberritzen.eus\/es\/un-total-de-312-alumno-as-repartidos-en-78-grupos-de-trabajo-han-realizado-otras-tantas-entrevistas-a-diferentes-agentes-socioeconomicos-de-la-comarca\/#primaryimage","url":"https:\/\/iraurgiberritzen.eus\/wp-content\/uploads\/2024\/06\/WhatsApp-Image-2024-06-13-at-14.58.52-1-scaled.jpeg","contentUrl":"https:\/\/iraurgiberritzen.eus\/wp-content\/uploads\/2024\/06\/WhatsApp-Image-2024-06-13-at-14.58.52-1-scaled.jpeg","width":2560,"height":1920},{"@type":"BreadcrumbList","@id":"https:\/\/iraurgiberritzen.eus\/es\/un-total-de-312-alumno-as-repartidos-en-78-grupos-de-trabajo-han-realizado-otras-tantas-entrevistas-a-diferentes-agentes-socioeconomicos-de-la-comarca\/#breadcrumb","itemListElement":[{"@type":"ListItem","position":1,"name":"Home","item":"https:\/\/iraurgiberritzen.eus\/es\/"},{"@type":"ListItem","position":2,"name":"Un total de 312 alumn@s repartid@s en 78 grupos de trabajo han realizado otras tantas entrevistas a diferentes agentes socioecon\u00f3micos de la comarca"}]},{"@type":"WebSite","@id":"https:\/\/iraurgiberritzen.eus\/es\/#website","url":"https:\/\/iraurgiberritzen.eus\/es\/","name":"Iraurgi Berritzen","description":"Urola Erdiko Garapen Agentzia","publisher":{"@id":"https:\/\/iraurgiberritzen.eus\/es\/#organization"},"potentialAction":[{"@type":"SearchAction","target":{"@type":"EntryPoint","urlTemplate":"https:\/\/iraurgiberritzen.eus\/es\/?s={search_term_string}"},"query-input":{"@type":"PropertyValueSpecification","valueRequired":true,"valueName":"search_term_string"}}],"inLanguage":"es"},{"@type":"Organization","@id":"https:\/\/iraurgiberritzen.eus\/es\/#organization","name":"Iraurgi Berritzen","url":"https:\/\/iraurgiberritzen.eus\/es\/","logo":{"@type":"ImageObject","inLanguage":"es","@id":"https:\/\/iraurgiberritzen.eus\/es\/#\/schema\/logo\/image\/","url":"https:\/\/iraurgiberritzen.eus\/wp-content\/uploads\/2024\/02\/IRAURGI-BERRITZEN-logotipoa_2.png","contentUrl":"https:\/\/iraurgiberritzen.eus\/wp-content\/uploads\/2024\/02\/IRAURGI-BERRITZEN-logotipoa_2.png","width":496,"height":190,"caption":"Iraurgi Berritzen"},"image":{"@id":"https:\/\/iraurgiberritzen.eus\/es\/#\/schema\/logo\/image\/"}},{"@type":"Person","@id":"https:\/\/iraurgiberritzen.eus\/es\/#\/schema\/person\/a32c9825b3e2bfcbe757a97f6a15c8a5","name":"ainara"}]}},"_links":{"self":[{"href":"https:\/\/iraurgiberritzen.eus\/es\/wp-json\/wp\/v2\/posts\/20536","targetHints":{"allow":["GET"]}}],"collection":[{"href":"https:\/\/iraurgiberritzen.eus\/es\/wp-json\/wp\/v2\/posts"}],"about":[{"href":"https:\/\/iraurgiberritzen.eus\/es\/wp-json\/wp\/v2\/types\/post"}],"author":[{"embeddable":true,"href":"https:\/\/iraurgiberritzen.eus\/es\/wp-json\/wp\/v2\/users\/4"}],"replies":[{"embeddable":true,"href":"https:\/\/iraurgiberritzen.eus\/es\/wp-json\/wp\/v2\/comments?post=20536"}],"version-history":[{"count":3,"href":"https:\/\/iraurgiberritzen.eus\/es\/wp-json\/wp\/v2\/posts\/20536\/revisions"}],"predecessor-version":[{"id":20540,"href":"https:\/\/iraurgiberritzen.eus\/es\/wp-json\/wp\/v2\/posts\/20536\/revisions\/20540"}],"wp:featuredmedia":[{"embeddable":true,"href":"https:\/\/iraurgiberritzen.eus\/es\/wp-json\/wp\/v2\/media\/20516"}],"wp:attachment":[{"href":"https:\/\/iraurgiberritzen.eus\/es\/wp-json\/wp\/v2\/media?parent=20536"}],"wp:term":[{"taxonomy":"category","embeddable":true,"href":"https:\/\/iraurgiberritzen.eus\/es\/wp-json\/wp\/v2\/categories?post=20536"},{"taxonomy":"post_tag","embeddable":true,"href":"https:\/\/iraurgiberritzen.eus\/es\/wp-json\/wp\/v2\/tags?post=20536"}],"curies":[{"name":"wp","href":"https:\/\/api.w.org\/{rel}","templated":true}]}}