{"id":20550,"date":"2024-06-14T13:34:50","date_gmt":"2024-06-14T11:34:50","guid":{"rendered":"https:\/\/iraurgiberritzen.eus\/?p=20550"},"modified":"2024-06-14T13:53:55","modified_gmt":"2024-06-14T11:53:55","slug":"20550","status":"publish","type":"post","link":"https:\/\/iraurgiberritzen.eus\/es\/20550\/","title":{"rendered":"El Grupo de Responsables de TICS de las empresas de la comarca ha trabajado sobre los servicios y tecnolog\u00edas existentes en entornos Office 365,  en el \u00e1mbito de la Ciberseguridad"},"content":{"rendered":"<p>El viernes 14 de junio, se ha celebrado en el Palacio Basazabal de Azpeitia la sesi\u00f3n <strong>\u00abCiberseguridad en entornos de Office 365: Servicios y tecnolog\u00edas existentes\u00bb<\/strong>, en colaboraci\u00f3n con ZIUR \u2013 Centro de Ciberseguridad Industrial de Gipuzkoa y dirigido a los responsables de IT de la comarca. En la sesi\u00f3n, han participado responsables de IT (Tecnolog\u00edas de la Informaci\u00f3n) de 12 empresas industriales de la comarca.<\/p>\n<p>En ella se han presentado diferentes servicios y opciones de seguridad que ofrece Microsoft en el entorno Office 365, as\u00ed como otras tecnolog\u00edas que existen en el mercado para apoyar este tipo de soluciones.<\/p>\n<p>Por otro lado, se han tratado recomendaciones y opciones para realizar copias de seguridad de los entornos Office 365 de los usuarios.<\/p>\n<p>Con estas sesiones de trabajo, adem\u00e1s de<strong> dar a conocer las posibles tendencias tecnol\u00f3gicas<\/strong> en el \u00e1mbito de la ciberseguridad, se pretende <strong>compartir el conocimiento, los proyectos y las buenas pr\u00e1cticas<\/strong> que las empresas de la comarca est\u00e1n desarrollando en este campo.<\/p>\n<p>La sesi\u00f3n de trabajo, ha sido la tercera del plan definido para 2023-24, en colaboraci\u00f3n con los responsables de IT de la comarca, La pr\u00f3xima sesi\u00f3n de trabajo, que tendr\u00e1 lugar en Octubre, se desarrollar\u00e1 bajo el t\u00edtulo \u201cVigilancia tecnol\u00f3gica: Estado actual y proyecci\u00f3n de las herramientas\/tecnolog\u00edas existentes\u00bb.<\/p>\n<p>Las empresas participantes en la sesi\u00f3n de hoy han sido: Ibarmia, Ukabi, Sammic, Biele, Bernardo Ecenarro, Sein, ELkarmedia, Juaristi, Xubi Engranajes, Ameztoi Anaiak, Sarralle, Elmubas Ib\u00e9rica.<\/p>\n","protected":false},"excerpt":{"rendered":"<p>El viernes 14 de junio, se ha celebrado en el Palacio Basazabal de Azpeitia la sesi\u00f3n \u00abCiberseguridad en entornos de Office 365: Servicios y tecnolog\u00edas existentes\u00bb, en colaboraci\u00f3n con ZIUR \u2013 Centro de Ciberseguridad Industrial de Gipuzkoa y dirigido a los responsables de IT de la comarca. En la sesi\u00f3n, han participado responsables de IT [&hellip;]<\/p>\n","protected":false},"author":4,"featured_media":20545,"comment_status":"closed","ping_status":"closed","sticky":false,"template":"","format":"standard","meta":{"_acf_changed":false,"footnotes":""},"categories":[4],"tags":[],"class_list":["post-20550","post","type-post","status-publish","format-standard","has-post-thumbnail","hentry","category-noticias","arloak-enpresa"],"acf":[],"yoast_head":"<!-- This site is optimized with the Yoast SEO plugin v27.4 - https:\/\/yoast.com\/product\/yoast-seo-wordpress\/ -->\n<title>El Grupo de Responsables de TICS de las empresas de la comarca ha trabajado sobre los servicios y tecnolog\u00edas existentes en entornos Office 365, en el \u00e1mbito de la Ciberseguridad - Iraurgi Berritzen<\/title>\n<meta name=\"robots\" content=\"index, follow, max-snippet:-1, max-image-preview:large, max-video-preview:-1\" \/>\n<link rel=\"canonical\" href=\"https:\/\/iraurgiberritzen.eus\/es\/20550\/\" \/>\n<meta property=\"og:locale\" content=\"es_ES\" \/>\n<meta property=\"og:type\" content=\"article\" \/>\n<meta property=\"og:title\" content=\"El Grupo de Responsables de TICS de las empresas de la comarca ha trabajado sobre los servicios y tecnolog\u00edas existentes en entornos Office 365, en el \u00e1mbito de la Ciberseguridad - Iraurgi Berritzen\" \/>\n<meta property=\"og:description\" content=\"El viernes 14 de junio, se ha celebrado en el Palacio Basazabal de Azpeitia la sesi\u00f3n \u00abCiberseguridad en entornos de Office 365: Servicios y tecnolog\u00edas existentes\u00bb, en colaboraci\u00f3n con ZIUR \u2013 Centro de Ciberseguridad Industrial de Gipuzkoa y dirigido a los responsables de IT de la comarca. En la sesi\u00f3n, han participado responsables de IT [&hellip;]\" \/>\n<meta property=\"og:url\" content=\"https:\/\/iraurgiberritzen.eus\/es\/20550\/\" \/>\n<meta property=\"og:site_name\" content=\"Iraurgi Berritzen\" \/>\n<meta property=\"article:published_time\" content=\"2024-06-14T11:34:50+00:00\" \/>\n<meta property=\"article:modified_time\" content=\"2024-06-14T11:53:55+00:00\" \/>\n<meta property=\"og:image\" content=\"https:\/\/iraurgiberritzen.eus\/wp-content\/uploads\/2024\/06\/IMG_6752-scaled.jpg\" \/>\n\t<meta property=\"og:image:width\" content=\"2560\" \/>\n\t<meta property=\"og:image:height\" content=\"1920\" \/>\n\t<meta property=\"og:image:type\" content=\"image\/jpeg\" \/>\n<meta name=\"author\" content=\"ainara\" \/>\n<meta name=\"twitter:card\" content=\"summary_large_image\" \/>\n<meta name=\"twitter:label1\" content=\"Escrito por\" \/>\n\t<meta name=\"twitter:data1\" content=\"ainara\" \/>\n\t<meta name=\"twitter:label2\" content=\"Tiempo de lectura\" \/>\n\t<meta name=\"twitter:data2\" content=\"2 minutos\" \/>\n<script type=\"application\/ld+json\" class=\"yoast-schema-graph\">{\"@context\":\"https:\\\/\\\/schema.org\",\"@graph\":[{\"@type\":\"Article\",\"@id\":\"https:\\\/\\\/iraurgiberritzen.eus\\\/es\\\/20550\\\/#article\",\"isPartOf\":{\"@id\":\"https:\\\/\\\/iraurgiberritzen.eus\\\/es\\\/20550\\\/\"},\"author\":{\"name\":\"ainara\",\"@id\":\"https:\\\/\\\/iraurgiberritzen.eus\\\/es\\\/#\\\/schema\\\/person\\\/a32c9825b3e2bfcbe757a97f6a15c8a5\"},\"headline\":\"El Grupo de Responsables de TICS de las empresas de la comarca ha trabajado sobre los servicios y tecnolog\u00edas existentes en entornos Office 365, en el \u00e1mbito de la Ciberseguridad\",\"datePublished\":\"2024-06-14T11:34:50+00:00\",\"dateModified\":\"2024-06-14T11:53:55+00:00\",\"mainEntityOfPage\":{\"@id\":\"https:\\\/\\\/iraurgiberritzen.eus\\\/es\\\/20550\\\/\"},\"wordCount\":284,\"publisher\":{\"@id\":\"https:\\\/\\\/iraurgiberritzen.eus\\\/es\\\/#organization\"},\"image\":{\"@id\":\"https:\\\/\\\/iraurgiberritzen.eus\\\/es\\\/20550\\\/#primaryimage\"},\"thumbnailUrl\":\"https:\\\/\\\/iraurgiberritzen.eus\\\/wp-content\\\/uploads\\\/2024\\\/06\\\/IMG_6752-scaled.jpg\",\"articleSection\":[\"Noticias\"],\"inLanguage\":\"es\"},{\"@type\":\"WebPage\",\"@id\":\"https:\\\/\\\/iraurgiberritzen.eus\\\/es\\\/20550\\\/\",\"url\":\"https:\\\/\\\/iraurgiberritzen.eus\\\/es\\\/20550\\\/\",\"name\":\"El Grupo de Responsables de TICS de las empresas de la comarca ha trabajado sobre los servicios y tecnolog\u00edas existentes en entornos Office 365, en el \u00e1mbito de la Ciberseguridad - Iraurgi Berritzen\",\"isPartOf\":{\"@id\":\"https:\\\/\\\/iraurgiberritzen.eus\\\/es\\\/#website\"},\"primaryImageOfPage\":{\"@id\":\"https:\\\/\\\/iraurgiberritzen.eus\\\/es\\\/20550\\\/#primaryimage\"},\"image\":{\"@id\":\"https:\\\/\\\/iraurgiberritzen.eus\\\/es\\\/20550\\\/#primaryimage\"},\"thumbnailUrl\":\"https:\\\/\\\/iraurgiberritzen.eus\\\/wp-content\\\/uploads\\\/2024\\\/06\\\/IMG_6752-scaled.jpg\",\"datePublished\":\"2024-06-14T11:34:50+00:00\",\"dateModified\":\"2024-06-14T11:53:55+00:00\",\"breadcrumb\":{\"@id\":\"https:\\\/\\\/iraurgiberritzen.eus\\\/es\\\/20550\\\/#breadcrumb\"},\"inLanguage\":\"es\",\"potentialAction\":[{\"@type\":\"ReadAction\",\"target\":[\"https:\\\/\\\/iraurgiberritzen.eus\\\/es\\\/20550\\\/\"]}]},{\"@type\":\"ImageObject\",\"inLanguage\":\"es\",\"@id\":\"https:\\\/\\\/iraurgiberritzen.eus\\\/es\\\/20550\\\/#primaryimage\",\"url\":\"https:\\\/\\\/iraurgiberritzen.eus\\\/wp-content\\\/uploads\\\/2024\\\/06\\\/IMG_6752-scaled.jpg\",\"contentUrl\":\"https:\\\/\\\/iraurgiberritzen.eus\\\/wp-content\\\/uploads\\\/2024\\\/06\\\/IMG_6752-scaled.jpg\",\"width\":2560,\"height\":1920},{\"@type\":\"BreadcrumbList\",\"@id\":\"https:\\\/\\\/iraurgiberritzen.eus\\\/es\\\/20550\\\/#breadcrumb\",\"itemListElement\":[{\"@type\":\"ListItem\",\"position\":1,\"name\":\"Home\",\"item\":\"https:\\\/\\\/iraurgiberritzen.eus\\\/es\\\/\"},{\"@type\":\"ListItem\",\"position\":2,\"name\":\"El Grupo de Responsables de TICS de las empresas de la comarca ha trabajado sobre los servicios y tecnolog\u00edas existentes en entornos Office 365, en el \u00e1mbito de la Ciberseguridad\"}]},{\"@type\":\"WebSite\",\"@id\":\"https:\\\/\\\/iraurgiberritzen.eus\\\/es\\\/#website\",\"url\":\"https:\\\/\\\/iraurgiberritzen.eus\\\/es\\\/\",\"name\":\"Iraurgi Berritzen\",\"description\":\"Urola Erdiko Garapen Agentzia\",\"publisher\":{\"@id\":\"https:\\\/\\\/iraurgiberritzen.eus\\\/es\\\/#organization\"},\"potentialAction\":[{\"@type\":\"SearchAction\",\"target\":{\"@type\":\"EntryPoint\",\"urlTemplate\":\"https:\\\/\\\/iraurgiberritzen.eus\\\/es\\\/?s={search_term_string}\"},\"query-input\":{\"@type\":\"PropertyValueSpecification\",\"valueRequired\":true,\"valueName\":\"search_term_string\"}}],\"inLanguage\":\"es\"},{\"@type\":\"Organization\",\"@id\":\"https:\\\/\\\/iraurgiberritzen.eus\\\/es\\\/#organization\",\"name\":\"Iraurgi Berritzen\",\"url\":\"https:\\\/\\\/iraurgiberritzen.eus\\\/es\\\/\",\"logo\":{\"@type\":\"ImageObject\",\"inLanguage\":\"es\",\"@id\":\"https:\\\/\\\/iraurgiberritzen.eus\\\/es\\\/#\\\/schema\\\/logo\\\/image\\\/\",\"url\":\"https:\\\/\\\/iraurgiberritzen.eus\\\/wp-content\\\/uploads\\\/2024\\\/02\\\/IRAURGI-BERRITZEN-logotipoa_2.png\",\"contentUrl\":\"https:\\\/\\\/iraurgiberritzen.eus\\\/wp-content\\\/uploads\\\/2024\\\/02\\\/IRAURGI-BERRITZEN-logotipoa_2.png\",\"width\":496,\"height\":190,\"caption\":\"Iraurgi Berritzen\"},\"image\":{\"@id\":\"https:\\\/\\\/iraurgiberritzen.eus\\\/es\\\/#\\\/schema\\\/logo\\\/image\\\/\"}},{\"@type\":\"Person\",\"@id\":\"https:\\\/\\\/iraurgiberritzen.eus\\\/es\\\/#\\\/schema\\\/person\\\/a32c9825b3e2bfcbe757a97f6a15c8a5\",\"name\":\"ainara\"}]}<\/script>\n<!-- \/ Yoast SEO plugin. -->","yoast_head_json":{"title":"El Grupo de Responsables de TICS de las empresas de la comarca ha trabajado sobre los servicios y tecnolog\u00edas existentes en entornos Office 365, en el \u00e1mbito de la Ciberseguridad - Iraurgi Berritzen","robots":{"index":"index","follow":"follow","max-snippet":"max-snippet:-1","max-image-preview":"max-image-preview:large","max-video-preview":"max-video-preview:-1"},"canonical":"https:\/\/iraurgiberritzen.eus\/es\/20550\/","og_locale":"es_ES","og_type":"article","og_title":"El Grupo de Responsables de TICS de las empresas de la comarca ha trabajado sobre los servicios y tecnolog\u00edas existentes en entornos Office 365, en el \u00e1mbito de la Ciberseguridad - Iraurgi Berritzen","og_description":"El viernes 14 de junio, se ha celebrado en el Palacio Basazabal de Azpeitia la sesi\u00f3n \u00abCiberseguridad en entornos de Office 365: Servicios y tecnolog\u00edas existentes\u00bb, en colaboraci\u00f3n con ZIUR \u2013 Centro de Ciberseguridad Industrial de Gipuzkoa y dirigido a los responsables de IT de la comarca. En la sesi\u00f3n, han participado responsables de IT [&hellip;]","og_url":"https:\/\/iraurgiberritzen.eus\/es\/20550\/","og_site_name":"Iraurgi Berritzen","article_published_time":"2024-06-14T11:34:50+00:00","article_modified_time":"2024-06-14T11:53:55+00:00","og_image":[{"width":2560,"height":1920,"url":"https:\/\/iraurgiberritzen.eus\/wp-content\/uploads\/2024\/06\/IMG_6752-scaled.jpg","type":"image\/jpeg"}],"author":"ainara","twitter_card":"summary_large_image","twitter_misc":{"Escrito por":"ainara","Tiempo de lectura":"2 minutos"},"schema":{"@context":"https:\/\/schema.org","@graph":[{"@type":"Article","@id":"https:\/\/iraurgiberritzen.eus\/es\/20550\/#article","isPartOf":{"@id":"https:\/\/iraurgiberritzen.eus\/es\/20550\/"},"author":{"name":"ainara","@id":"https:\/\/iraurgiberritzen.eus\/es\/#\/schema\/person\/a32c9825b3e2bfcbe757a97f6a15c8a5"},"headline":"El Grupo de Responsables de TICS de las empresas de la comarca ha trabajado sobre los servicios y tecnolog\u00edas existentes en entornos Office 365, en el \u00e1mbito de la Ciberseguridad","datePublished":"2024-06-14T11:34:50+00:00","dateModified":"2024-06-14T11:53:55+00:00","mainEntityOfPage":{"@id":"https:\/\/iraurgiberritzen.eus\/es\/20550\/"},"wordCount":284,"publisher":{"@id":"https:\/\/iraurgiberritzen.eus\/es\/#organization"},"image":{"@id":"https:\/\/iraurgiberritzen.eus\/es\/20550\/#primaryimage"},"thumbnailUrl":"https:\/\/iraurgiberritzen.eus\/wp-content\/uploads\/2024\/06\/IMG_6752-scaled.jpg","articleSection":["Noticias"],"inLanguage":"es"},{"@type":"WebPage","@id":"https:\/\/iraurgiberritzen.eus\/es\/20550\/","url":"https:\/\/iraurgiberritzen.eus\/es\/20550\/","name":"El Grupo de Responsables de TICS de las empresas de la comarca ha trabajado sobre los servicios y tecnolog\u00edas existentes en entornos Office 365, en el \u00e1mbito de la Ciberseguridad - Iraurgi Berritzen","isPartOf":{"@id":"https:\/\/iraurgiberritzen.eus\/es\/#website"},"primaryImageOfPage":{"@id":"https:\/\/iraurgiberritzen.eus\/es\/20550\/#primaryimage"},"image":{"@id":"https:\/\/iraurgiberritzen.eus\/es\/20550\/#primaryimage"},"thumbnailUrl":"https:\/\/iraurgiberritzen.eus\/wp-content\/uploads\/2024\/06\/IMG_6752-scaled.jpg","datePublished":"2024-06-14T11:34:50+00:00","dateModified":"2024-06-14T11:53:55+00:00","breadcrumb":{"@id":"https:\/\/iraurgiberritzen.eus\/es\/20550\/#breadcrumb"},"inLanguage":"es","potentialAction":[{"@type":"ReadAction","target":["https:\/\/iraurgiberritzen.eus\/es\/20550\/"]}]},{"@type":"ImageObject","inLanguage":"es","@id":"https:\/\/iraurgiberritzen.eus\/es\/20550\/#primaryimage","url":"https:\/\/iraurgiberritzen.eus\/wp-content\/uploads\/2024\/06\/IMG_6752-scaled.jpg","contentUrl":"https:\/\/iraurgiberritzen.eus\/wp-content\/uploads\/2024\/06\/IMG_6752-scaled.jpg","width":2560,"height":1920},{"@type":"BreadcrumbList","@id":"https:\/\/iraurgiberritzen.eus\/es\/20550\/#breadcrumb","itemListElement":[{"@type":"ListItem","position":1,"name":"Home","item":"https:\/\/iraurgiberritzen.eus\/es\/"},{"@type":"ListItem","position":2,"name":"El Grupo de Responsables de TICS de las empresas de la comarca ha trabajado sobre los servicios y tecnolog\u00edas existentes en entornos Office 365, en el \u00e1mbito de la Ciberseguridad"}]},{"@type":"WebSite","@id":"https:\/\/iraurgiberritzen.eus\/es\/#website","url":"https:\/\/iraurgiberritzen.eus\/es\/","name":"Iraurgi Berritzen","description":"Urola Erdiko Garapen Agentzia","publisher":{"@id":"https:\/\/iraurgiberritzen.eus\/es\/#organization"},"potentialAction":[{"@type":"SearchAction","target":{"@type":"EntryPoint","urlTemplate":"https:\/\/iraurgiberritzen.eus\/es\/?s={search_term_string}"},"query-input":{"@type":"PropertyValueSpecification","valueRequired":true,"valueName":"search_term_string"}}],"inLanguage":"es"},{"@type":"Organization","@id":"https:\/\/iraurgiberritzen.eus\/es\/#organization","name":"Iraurgi Berritzen","url":"https:\/\/iraurgiberritzen.eus\/es\/","logo":{"@type":"ImageObject","inLanguage":"es","@id":"https:\/\/iraurgiberritzen.eus\/es\/#\/schema\/logo\/image\/","url":"https:\/\/iraurgiberritzen.eus\/wp-content\/uploads\/2024\/02\/IRAURGI-BERRITZEN-logotipoa_2.png","contentUrl":"https:\/\/iraurgiberritzen.eus\/wp-content\/uploads\/2024\/02\/IRAURGI-BERRITZEN-logotipoa_2.png","width":496,"height":190,"caption":"Iraurgi Berritzen"},"image":{"@id":"https:\/\/iraurgiberritzen.eus\/es\/#\/schema\/logo\/image\/"}},{"@type":"Person","@id":"https:\/\/iraurgiberritzen.eus\/es\/#\/schema\/person\/a32c9825b3e2bfcbe757a97f6a15c8a5","name":"ainara"}]}},"_links":{"self":[{"href":"https:\/\/iraurgiberritzen.eus\/es\/wp-json\/wp\/v2\/posts\/20550","targetHints":{"allow":["GET"]}}],"collection":[{"href":"https:\/\/iraurgiberritzen.eus\/es\/wp-json\/wp\/v2\/posts"}],"about":[{"href":"https:\/\/iraurgiberritzen.eus\/es\/wp-json\/wp\/v2\/types\/post"}],"author":[{"embeddable":true,"href":"https:\/\/iraurgiberritzen.eus\/es\/wp-json\/wp\/v2\/users\/4"}],"replies":[{"embeddable":true,"href":"https:\/\/iraurgiberritzen.eus\/es\/wp-json\/wp\/v2\/comments?post=20550"}],"version-history":[{"count":4,"href":"https:\/\/iraurgiberritzen.eus\/es\/wp-json\/wp\/v2\/posts\/20550\/revisions"}],"predecessor-version":[{"id":20554,"href":"https:\/\/iraurgiberritzen.eus\/es\/wp-json\/wp\/v2\/posts\/20550\/revisions\/20554"}],"wp:featuredmedia":[{"embeddable":true,"href":"https:\/\/iraurgiberritzen.eus\/es\/wp-json\/wp\/v2\/media\/20545"}],"wp:attachment":[{"href":"https:\/\/iraurgiberritzen.eus\/es\/wp-json\/wp\/v2\/media?parent=20550"}],"wp:term":[{"taxonomy":"category","embeddable":true,"href":"https:\/\/iraurgiberritzen.eus\/es\/wp-json\/wp\/v2\/categories?post=20550"},{"taxonomy":"post_tag","embeddable":true,"href":"https:\/\/iraurgiberritzen.eus\/es\/wp-json\/wp\/v2\/tags?post=20550"}],"curies":[{"name":"wp","href":"https:\/\/api.w.org\/{rel}","templated":true}]}}