{"id":20562,"date":"2024-06-13T11:29:08","date_gmt":"2024-06-13T09:29:08","guid":{"rendered":"https:\/\/iraurgiberritzen.eus\/?p=20562"},"modified":"2024-06-15T11:46:43","modified_gmt":"2024-06-15T09:46:43","slug":"las-empresas-industriales-de-la-comarca-analizan-el-camino-hacia-la-sostenibilidad-en-el-marco-del-programa-ikasiz","status":"publish","type":"post","link":"https:\/\/iraurgiberritzen.eus\/es\/las-empresas-industriales-de-la-comarca-analizan-el-camino-hacia-la-sostenibilidad-en-el-marco-del-programa-ikasiz\/","title":{"rendered":"Las empresas industriales de la comarca analizan el camino hacia la sostenibilidad en el marco del programa Ikasiz"},"content":{"rendered":"<p>El 13 de junio, en el marco del Programa Ikasiz de este a\u00f1o, se ha celebrado la tercera jornada informativa, basada en las propuestas de Enpresa Gunea, y acordada desde una perspectiva jur\u00eddica. En ella han participado varias empresas industriales de la comarca.<\/p>\n<p>Esta jornada ha contado con la presencia de la Consultor\u00eda LKS Next Legal, ha tenido lugar en formato on line y la tem\u00e1tica tratada ha sido la siguiente:<em><strong> \u201dCamino a la sostenibilidad de la empresa. Desde los concetos b\u00e1sicos a los retos del futuro\u201d<\/strong><\/em>.<\/p>\n<p>Los participantes han podido conocer los conceptos generales sobre sostenibilidad corporativa y tomar conciencia de su importancia en el contexto actual. Adem\u00e1s, se les ha explicado los desaf\u00edos y aspectos que deben tener en cuenta en la gesti\u00f3n ambiental, social y de gobernanza de las empresas. Asimismo, han tenido la oportunidad de identificar los principales \u00e1mbitos de actuaci\u00f3n a los que deber\u00e1n enfrentarse a corto y medio plazo.<\/p>\n<p>Hasta octubre se han organizado otras tres jornadas, y las empresas interesadas en participar en ellas deber\u00e1n rellenar <strong><a href=\"https:\/\/forms.office.com\/Pages\/ResponsePage.aspx?id=S5DeT3Jq90W0WLjBrBndp1jySGu9zxtIpCkBAthDUWpUQ1pPQUI5V1EyVUpZN00yODNHSkgxUVc3SSQlQCN0PWcu\" target=\"_blank\" rel=\"noopener\">este formulario<\/a><\/strong>. Este es el calendario de jornadas organizadas dentro del programa Ikasiz para tratar temas jur\u00eddicos:<\/p>\n<ul>\n<li>4 de julio, de 09:00 a 11:00, online: Derecho Societario.<\/li>\n<li>12 de septiembre, de 09:00 a 11:00, online: Situaci\u00f3n legal ambiental.<\/li>\n<li>10 de octubre, de 16:00 a 17:00, presencial: Extranjer\u00eda.<\/li>\n<ul>\n<p>El objetivo del Programa Ikasiz, es fomentar la capacitaci\u00f3n de las empresas mediante jornadas informativas, de sensibilizaci\u00f3n y de buenas pr\u00e1cticas, como procesos de aprendizaje, en diferentes \u00e1mbitos de gesti\u00f3n empresarial (tecnol\u00f3gico, personas, producci\u00f3n, innovaci\u00f3n en gesti\u00f3n\u2026) en base a propuestas de las empresas.<\/p>\n","protected":false},"excerpt":{"rendered":"<p>El 13 de junio, en el marco del Programa Ikasiz de este a\u00f1o, se ha celebrado la tercera jornada informativa, basada en las propuestas de Enpresa Gunea, y acordada desde una perspectiva jur\u00eddica. En ella han participado varias empresas industriales de la comarca. Esta jornada ha contado con la presencia de la Consultor\u00eda LKS Next [&hellip;]<\/p>\n","protected":false},"author":4,"featured_media":20559,"comment_status":"closed","ping_status":"closed","sticky":false,"template":"","format":"standard","meta":{"_acf_changed":false,"footnotes":""},"categories":[4],"tags":[],"class_list":["post-20562","post","type-post","status-publish","format-standard","has-post-thumbnail","hentry","category-noticias","arloak-enpresa"],"acf":[],"yoast_head":"<!-- This site is optimized with the Yoast SEO plugin v27.4 - https:\/\/yoast.com\/product\/yoast-seo-wordpress\/ -->\n<title>Las empresas industriales de la comarca analizan el camino hacia la sostenibilidad en el marco del programa Ikasiz - Iraurgi Berritzen<\/title>\n<meta name=\"robots\" content=\"index, follow, max-snippet:-1, max-image-preview:large, max-video-preview:-1\" \/>\n<link rel=\"canonical\" href=\"https:\/\/iraurgiberritzen.eus\/es\/las-empresas-industriales-de-la-comarca-analizan-el-camino-hacia-la-sostenibilidad-en-el-marco-del-programa-ikasiz\/\" \/>\n<meta property=\"og:locale\" content=\"es_ES\" \/>\n<meta property=\"og:type\" content=\"article\" \/>\n<meta property=\"og:title\" content=\"Las empresas industriales de la comarca analizan el camino hacia la sostenibilidad en el marco del programa Ikasiz - Iraurgi Berritzen\" \/>\n<meta property=\"og:description\" content=\"El 13 de junio, en el marco del Programa Ikasiz de este a\u00f1o, se ha celebrado la tercera jornada informativa, basada en las propuestas de Enpresa Gunea, y acordada desde una perspectiva jur\u00eddica. En ella han participado varias empresas industriales de la comarca. Esta jornada ha contado con la presencia de la Consultor\u00eda LKS Next [&hellip;]\" \/>\n<meta property=\"og:url\" content=\"https:\/\/iraurgiberritzen.eus\/es\/las-empresas-industriales-de-la-comarca-analizan-el-camino-hacia-la-sostenibilidad-en-el-marco-del-programa-ikasiz\/\" \/>\n<meta property=\"og:site_name\" content=\"Iraurgi Berritzen\" \/>\n<meta property=\"article:published_time\" content=\"2024-06-13T09:29:08+00:00\" \/>\n<meta property=\"article:modified_time\" content=\"2024-06-15T09:46:43+00:00\" \/>\n<meta property=\"og:image\" content=\"https:\/\/iraurgiberritzen.eus\/wp-content\/uploads\/2024\/06\/PORTADA-IB-WEB-800-x-550-px-33.png\" \/>\n\t<meta property=\"og:image:width\" content=\"800\" \/>\n\t<meta property=\"og:image:height\" content=\"550\" \/>\n\t<meta property=\"og:image:type\" content=\"image\/png\" \/>\n<meta name=\"author\" content=\"ainara\" \/>\n<meta name=\"twitter:card\" content=\"summary_large_image\" \/>\n<meta name=\"twitter:label1\" content=\"Escrito por\" \/>\n\t<meta name=\"twitter:data1\" content=\"ainara\" \/>\n\t<meta name=\"twitter:label2\" content=\"Tiempo de lectura\" \/>\n\t<meta name=\"twitter:data2\" content=\"2 minutos\" \/>\n<script type=\"application\/ld+json\" class=\"yoast-schema-graph\">{\"@context\":\"https:\\\/\\\/schema.org\",\"@graph\":[{\"@type\":\"Article\",\"@id\":\"https:\\\/\\\/iraurgiberritzen.eus\\\/es\\\/las-empresas-industriales-de-la-comarca-analizan-el-camino-hacia-la-sostenibilidad-en-el-marco-del-programa-ikasiz\\\/#article\",\"isPartOf\":{\"@id\":\"https:\\\/\\\/iraurgiberritzen.eus\\\/es\\\/las-empresas-industriales-de-la-comarca-analizan-el-camino-hacia-la-sostenibilidad-en-el-marco-del-programa-ikasiz\\\/\"},\"author\":{\"name\":\"ainara\",\"@id\":\"https:\\\/\\\/iraurgiberritzen.eus\\\/es\\\/#\\\/schema\\\/person\\\/a32c9825b3e2bfcbe757a97f6a15c8a5\"},\"headline\":\"Las empresas industriales de la comarca analizan el camino hacia la sostenibilidad en el marco del programa Ikasiz\",\"datePublished\":\"2024-06-13T09:29:08+00:00\",\"dateModified\":\"2024-06-15T09:46:43+00:00\",\"mainEntityOfPage\":{\"@id\":\"https:\\\/\\\/iraurgiberritzen.eus\\\/es\\\/las-empresas-industriales-de-la-comarca-analizan-el-camino-hacia-la-sostenibilidad-en-el-marco-del-programa-ikasiz\\\/\"},\"wordCount\":294,\"publisher\":{\"@id\":\"https:\\\/\\\/iraurgiberritzen.eus\\\/es\\\/#organization\"},\"image\":{\"@id\":\"https:\\\/\\\/iraurgiberritzen.eus\\\/es\\\/las-empresas-industriales-de-la-comarca-analizan-el-camino-hacia-la-sostenibilidad-en-el-marco-del-programa-ikasiz\\\/#primaryimage\"},\"thumbnailUrl\":\"https:\\\/\\\/iraurgiberritzen.eus\\\/wp-content\\\/uploads\\\/2024\\\/06\\\/PORTADA-IB-WEB-800-x-550-px-33.png\",\"articleSection\":[\"Noticias\"],\"inLanguage\":\"es\"},{\"@type\":\"WebPage\",\"@id\":\"https:\\\/\\\/iraurgiberritzen.eus\\\/es\\\/las-empresas-industriales-de-la-comarca-analizan-el-camino-hacia-la-sostenibilidad-en-el-marco-del-programa-ikasiz\\\/\",\"url\":\"https:\\\/\\\/iraurgiberritzen.eus\\\/es\\\/las-empresas-industriales-de-la-comarca-analizan-el-camino-hacia-la-sostenibilidad-en-el-marco-del-programa-ikasiz\\\/\",\"name\":\"Las empresas industriales de la comarca analizan el camino hacia la sostenibilidad en el marco del programa Ikasiz - Iraurgi Berritzen\",\"isPartOf\":{\"@id\":\"https:\\\/\\\/iraurgiberritzen.eus\\\/es\\\/#website\"},\"primaryImageOfPage\":{\"@id\":\"https:\\\/\\\/iraurgiberritzen.eus\\\/es\\\/las-empresas-industriales-de-la-comarca-analizan-el-camino-hacia-la-sostenibilidad-en-el-marco-del-programa-ikasiz\\\/#primaryimage\"},\"image\":{\"@id\":\"https:\\\/\\\/iraurgiberritzen.eus\\\/es\\\/las-empresas-industriales-de-la-comarca-analizan-el-camino-hacia-la-sostenibilidad-en-el-marco-del-programa-ikasiz\\\/#primaryimage\"},\"thumbnailUrl\":\"https:\\\/\\\/iraurgiberritzen.eus\\\/wp-content\\\/uploads\\\/2024\\\/06\\\/PORTADA-IB-WEB-800-x-550-px-33.png\",\"datePublished\":\"2024-06-13T09:29:08+00:00\",\"dateModified\":\"2024-06-15T09:46:43+00:00\",\"breadcrumb\":{\"@id\":\"https:\\\/\\\/iraurgiberritzen.eus\\\/es\\\/las-empresas-industriales-de-la-comarca-analizan-el-camino-hacia-la-sostenibilidad-en-el-marco-del-programa-ikasiz\\\/#breadcrumb\"},\"inLanguage\":\"es\",\"potentialAction\":[{\"@type\":\"ReadAction\",\"target\":[\"https:\\\/\\\/iraurgiberritzen.eus\\\/es\\\/las-empresas-industriales-de-la-comarca-analizan-el-camino-hacia-la-sostenibilidad-en-el-marco-del-programa-ikasiz\\\/\"]}]},{\"@type\":\"ImageObject\",\"inLanguage\":\"es\",\"@id\":\"https:\\\/\\\/iraurgiberritzen.eus\\\/es\\\/las-empresas-industriales-de-la-comarca-analizan-el-camino-hacia-la-sostenibilidad-en-el-marco-del-programa-ikasiz\\\/#primaryimage\",\"url\":\"https:\\\/\\\/iraurgiberritzen.eus\\\/wp-content\\\/uploads\\\/2024\\\/06\\\/PORTADA-IB-WEB-800-x-550-px-33.png\",\"contentUrl\":\"https:\\\/\\\/iraurgiberritzen.eus\\\/wp-content\\\/uploads\\\/2024\\\/06\\\/PORTADA-IB-WEB-800-x-550-px-33.png\",\"width\":800,\"height\":550},{\"@type\":\"BreadcrumbList\",\"@id\":\"https:\\\/\\\/iraurgiberritzen.eus\\\/es\\\/las-empresas-industriales-de-la-comarca-analizan-el-camino-hacia-la-sostenibilidad-en-el-marco-del-programa-ikasiz\\\/#breadcrumb\",\"itemListElement\":[{\"@type\":\"ListItem\",\"position\":1,\"name\":\"Home\",\"item\":\"https:\\\/\\\/iraurgiberritzen.eus\\\/es\\\/\"},{\"@type\":\"ListItem\",\"position\":2,\"name\":\"Las empresas industriales de la comarca analizan el camino hacia la sostenibilidad en el marco del programa Ikasiz\"}]},{\"@type\":\"WebSite\",\"@id\":\"https:\\\/\\\/iraurgiberritzen.eus\\\/es\\\/#website\",\"url\":\"https:\\\/\\\/iraurgiberritzen.eus\\\/es\\\/\",\"name\":\"Iraurgi Berritzen\",\"description\":\"Urola Erdiko Garapen Agentzia\",\"publisher\":{\"@id\":\"https:\\\/\\\/iraurgiberritzen.eus\\\/es\\\/#organization\"},\"potentialAction\":[{\"@type\":\"SearchAction\",\"target\":{\"@type\":\"EntryPoint\",\"urlTemplate\":\"https:\\\/\\\/iraurgiberritzen.eus\\\/es\\\/?s={search_term_string}\"},\"query-input\":{\"@type\":\"PropertyValueSpecification\",\"valueRequired\":true,\"valueName\":\"search_term_string\"}}],\"inLanguage\":\"es\"},{\"@type\":\"Organization\",\"@id\":\"https:\\\/\\\/iraurgiberritzen.eus\\\/es\\\/#organization\",\"name\":\"Iraurgi Berritzen\",\"url\":\"https:\\\/\\\/iraurgiberritzen.eus\\\/es\\\/\",\"logo\":{\"@type\":\"ImageObject\",\"inLanguage\":\"es\",\"@id\":\"https:\\\/\\\/iraurgiberritzen.eus\\\/es\\\/#\\\/schema\\\/logo\\\/image\\\/\",\"url\":\"https:\\\/\\\/iraurgiberritzen.eus\\\/wp-content\\\/uploads\\\/2024\\\/02\\\/IRAURGI-BERRITZEN-logotipoa_2.png\",\"contentUrl\":\"https:\\\/\\\/iraurgiberritzen.eus\\\/wp-content\\\/uploads\\\/2024\\\/02\\\/IRAURGI-BERRITZEN-logotipoa_2.png\",\"width\":496,\"height\":190,\"caption\":\"Iraurgi Berritzen\"},\"image\":{\"@id\":\"https:\\\/\\\/iraurgiberritzen.eus\\\/es\\\/#\\\/schema\\\/logo\\\/image\\\/\"}},{\"@type\":\"Person\",\"@id\":\"https:\\\/\\\/iraurgiberritzen.eus\\\/es\\\/#\\\/schema\\\/person\\\/a32c9825b3e2bfcbe757a97f6a15c8a5\",\"name\":\"ainara\"}]}<\/script>\n<!-- \/ Yoast SEO plugin. -->","yoast_head_json":{"title":"Las empresas industriales de la comarca analizan el camino hacia la sostenibilidad en el marco del programa Ikasiz - Iraurgi Berritzen","robots":{"index":"index","follow":"follow","max-snippet":"max-snippet:-1","max-image-preview":"max-image-preview:large","max-video-preview":"max-video-preview:-1"},"canonical":"https:\/\/iraurgiberritzen.eus\/es\/las-empresas-industriales-de-la-comarca-analizan-el-camino-hacia-la-sostenibilidad-en-el-marco-del-programa-ikasiz\/","og_locale":"es_ES","og_type":"article","og_title":"Las empresas industriales de la comarca analizan el camino hacia la sostenibilidad en el marco del programa Ikasiz - Iraurgi Berritzen","og_description":"El 13 de junio, en el marco del Programa Ikasiz de este a\u00f1o, se ha celebrado la tercera jornada informativa, basada en las propuestas de Enpresa Gunea, y acordada desde una perspectiva jur\u00eddica. En ella han participado varias empresas industriales de la comarca. Esta jornada ha contado con la presencia de la Consultor\u00eda LKS Next [&hellip;]","og_url":"https:\/\/iraurgiberritzen.eus\/es\/las-empresas-industriales-de-la-comarca-analizan-el-camino-hacia-la-sostenibilidad-en-el-marco-del-programa-ikasiz\/","og_site_name":"Iraurgi Berritzen","article_published_time":"2024-06-13T09:29:08+00:00","article_modified_time":"2024-06-15T09:46:43+00:00","og_image":[{"width":800,"height":550,"url":"https:\/\/iraurgiberritzen.eus\/wp-content\/uploads\/2024\/06\/PORTADA-IB-WEB-800-x-550-px-33.png","type":"image\/png"}],"author":"ainara","twitter_card":"summary_large_image","twitter_misc":{"Escrito por":"ainara","Tiempo de lectura":"2 minutos"},"schema":{"@context":"https:\/\/schema.org","@graph":[{"@type":"Article","@id":"https:\/\/iraurgiberritzen.eus\/es\/las-empresas-industriales-de-la-comarca-analizan-el-camino-hacia-la-sostenibilidad-en-el-marco-del-programa-ikasiz\/#article","isPartOf":{"@id":"https:\/\/iraurgiberritzen.eus\/es\/las-empresas-industriales-de-la-comarca-analizan-el-camino-hacia-la-sostenibilidad-en-el-marco-del-programa-ikasiz\/"},"author":{"name":"ainara","@id":"https:\/\/iraurgiberritzen.eus\/es\/#\/schema\/person\/a32c9825b3e2bfcbe757a97f6a15c8a5"},"headline":"Las empresas industriales de la comarca analizan el camino hacia la sostenibilidad en el marco del programa Ikasiz","datePublished":"2024-06-13T09:29:08+00:00","dateModified":"2024-06-15T09:46:43+00:00","mainEntityOfPage":{"@id":"https:\/\/iraurgiberritzen.eus\/es\/las-empresas-industriales-de-la-comarca-analizan-el-camino-hacia-la-sostenibilidad-en-el-marco-del-programa-ikasiz\/"},"wordCount":294,"publisher":{"@id":"https:\/\/iraurgiberritzen.eus\/es\/#organization"},"image":{"@id":"https:\/\/iraurgiberritzen.eus\/es\/las-empresas-industriales-de-la-comarca-analizan-el-camino-hacia-la-sostenibilidad-en-el-marco-del-programa-ikasiz\/#primaryimage"},"thumbnailUrl":"https:\/\/iraurgiberritzen.eus\/wp-content\/uploads\/2024\/06\/PORTADA-IB-WEB-800-x-550-px-33.png","articleSection":["Noticias"],"inLanguage":"es"},{"@type":"WebPage","@id":"https:\/\/iraurgiberritzen.eus\/es\/las-empresas-industriales-de-la-comarca-analizan-el-camino-hacia-la-sostenibilidad-en-el-marco-del-programa-ikasiz\/","url":"https:\/\/iraurgiberritzen.eus\/es\/las-empresas-industriales-de-la-comarca-analizan-el-camino-hacia-la-sostenibilidad-en-el-marco-del-programa-ikasiz\/","name":"Las empresas industriales de la comarca analizan el camino hacia la sostenibilidad en el marco del programa Ikasiz - Iraurgi Berritzen","isPartOf":{"@id":"https:\/\/iraurgiberritzen.eus\/es\/#website"},"primaryImageOfPage":{"@id":"https:\/\/iraurgiberritzen.eus\/es\/las-empresas-industriales-de-la-comarca-analizan-el-camino-hacia-la-sostenibilidad-en-el-marco-del-programa-ikasiz\/#primaryimage"},"image":{"@id":"https:\/\/iraurgiberritzen.eus\/es\/las-empresas-industriales-de-la-comarca-analizan-el-camino-hacia-la-sostenibilidad-en-el-marco-del-programa-ikasiz\/#primaryimage"},"thumbnailUrl":"https:\/\/iraurgiberritzen.eus\/wp-content\/uploads\/2024\/06\/PORTADA-IB-WEB-800-x-550-px-33.png","datePublished":"2024-06-13T09:29:08+00:00","dateModified":"2024-06-15T09:46:43+00:00","breadcrumb":{"@id":"https:\/\/iraurgiberritzen.eus\/es\/las-empresas-industriales-de-la-comarca-analizan-el-camino-hacia-la-sostenibilidad-en-el-marco-del-programa-ikasiz\/#breadcrumb"},"inLanguage":"es","potentialAction":[{"@type":"ReadAction","target":["https:\/\/iraurgiberritzen.eus\/es\/las-empresas-industriales-de-la-comarca-analizan-el-camino-hacia-la-sostenibilidad-en-el-marco-del-programa-ikasiz\/"]}]},{"@type":"ImageObject","inLanguage":"es","@id":"https:\/\/iraurgiberritzen.eus\/es\/las-empresas-industriales-de-la-comarca-analizan-el-camino-hacia-la-sostenibilidad-en-el-marco-del-programa-ikasiz\/#primaryimage","url":"https:\/\/iraurgiberritzen.eus\/wp-content\/uploads\/2024\/06\/PORTADA-IB-WEB-800-x-550-px-33.png","contentUrl":"https:\/\/iraurgiberritzen.eus\/wp-content\/uploads\/2024\/06\/PORTADA-IB-WEB-800-x-550-px-33.png","width":800,"height":550},{"@type":"BreadcrumbList","@id":"https:\/\/iraurgiberritzen.eus\/es\/las-empresas-industriales-de-la-comarca-analizan-el-camino-hacia-la-sostenibilidad-en-el-marco-del-programa-ikasiz\/#breadcrumb","itemListElement":[{"@type":"ListItem","position":1,"name":"Home","item":"https:\/\/iraurgiberritzen.eus\/es\/"},{"@type":"ListItem","position":2,"name":"Las empresas industriales de la comarca analizan el camino hacia la sostenibilidad en el marco del programa Ikasiz"}]},{"@type":"WebSite","@id":"https:\/\/iraurgiberritzen.eus\/es\/#website","url":"https:\/\/iraurgiberritzen.eus\/es\/","name":"Iraurgi Berritzen","description":"Urola Erdiko Garapen Agentzia","publisher":{"@id":"https:\/\/iraurgiberritzen.eus\/es\/#organization"},"potentialAction":[{"@type":"SearchAction","target":{"@type":"EntryPoint","urlTemplate":"https:\/\/iraurgiberritzen.eus\/es\/?s={search_term_string}"},"query-input":{"@type":"PropertyValueSpecification","valueRequired":true,"valueName":"search_term_string"}}],"inLanguage":"es"},{"@type":"Organization","@id":"https:\/\/iraurgiberritzen.eus\/es\/#organization","name":"Iraurgi Berritzen","url":"https:\/\/iraurgiberritzen.eus\/es\/","logo":{"@type":"ImageObject","inLanguage":"es","@id":"https:\/\/iraurgiberritzen.eus\/es\/#\/schema\/logo\/image\/","url":"https:\/\/iraurgiberritzen.eus\/wp-content\/uploads\/2024\/02\/IRAURGI-BERRITZEN-logotipoa_2.png","contentUrl":"https:\/\/iraurgiberritzen.eus\/wp-content\/uploads\/2024\/02\/IRAURGI-BERRITZEN-logotipoa_2.png","width":496,"height":190,"caption":"Iraurgi Berritzen"},"image":{"@id":"https:\/\/iraurgiberritzen.eus\/es\/#\/schema\/logo\/image\/"}},{"@type":"Person","@id":"https:\/\/iraurgiberritzen.eus\/es\/#\/schema\/person\/a32c9825b3e2bfcbe757a97f6a15c8a5","name":"ainara"}]}},"_links":{"self":[{"href":"https:\/\/iraurgiberritzen.eus\/es\/wp-json\/wp\/v2\/posts\/20562","targetHints":{"allow":["GET"]}}],"collection":[{"href":"https:\/\/iraurgiberritzen.eus\/es\/wp-json\/wp\/v2\/posts"}],"about":[{"href":"https:\/\/iraurgiberritzen.eus\/es\/wp-json\/wp\/v2\/types\/post"}],"author":[{"embeddable":true,"href":"https:\/\/iraurgiberritzen.eus\/es\/wp-json\/wp\/v2\/users\/4"}],"replies":[{"embeddable":true,"href":"https:\/\/iraurgiberritzen.eus\/es\/wp-json\/wp\/v2\/comments?post=20562"}],"version-history":[{"count":10,"href":"https:\/\/iraurgiberritzen.eus\/es\/wp-json\/wp\/v2\/posts\/20562\/revisions"}],"predecessor-version":[{"id":20577,"href":"https:\/\/iraurgiberritzen.eus\/es\/wp-json\/wp\/v2\/posts\/20562\/revisions\/20577"}],"wp:featuredmedia":[{"embeddable":true,"href":"https:\/\/iraurgiberritzen.eus\/es\/wp-json\/wp\/v2\/media\/20559"}],"wp:attachment":[{"href":"https:\/\/iraurgiberritzen.eus\/es\/wp-json\/wp\/v2\/media?parent=20562"}],"wp:term":[{"taxonomy":"category","embeddable":true,"href":"https:\/\/iraurgiberritzen.eus\/es\/wp-json\/wp\/v2\/categories?post=20562"},{"taxonomy":"post_tag","embeddable":true,"href":"https:\/\/iraurgiberritzen.eus\/es\/wp-json\/wp\/v2\/tags?post=20562"}],"curies":[{"name":"wp","href":"https:\/\/api.w.org\/{rel}","templated":true}]}}