{"id":20634,"date":"2024-06-19T14:09:34","date_gmt":"2024-06-19T12:09:34","guid":{"rendered":"https:\/\/iraurgiberritzen.eus\/?p=20634"},"modified":"2024-06-19T14:59:04","modified_gmt":"2024-06-19T12:59:04","slug":"arranca-el-proyecto-urekonomizatuz-para-la-evaluacion-y-mejora-del-impacto-ambiental-de-las-empresas-de-la-comarca","status":"publish","type":"post","link":"https:\/\/iraurgiberritzen.eus\/es\/arranca-el-proyecto-urekonomizatuz-para-la-evaluacion-y-mejora-del-impacto-ambiental-de-las-empresas-de-la-comarca\/","title":{"rendered":"Arranca el proyecto UrEKOnomizaTUZ para la evaluaci\u00f3n y mejora del Impacto Ambiental de las empresas de la comarca"},"content":{"rendered":"<p>Iraurgi Berritzen ha puesto ya en marcha el proyecto \u201cUrEKOnomizaTUZ: Impulsando la Econom\u00eda Circular de Urola Erdia\u201d, cuyo prop\u00f3sito principal es <strong>evaluar y mejorar el impacto ambiental de las cinco cadenas de valor principales de la comarca de Urola Erdia<\/strong>: Transformaci\u00f3n metalmec\u00e1nica, Maquinaria y equipos, Alimentaci\u00f3n, Mueble y Construcci\u00f3n. A trav\u00e9s del uso de la herramienta CCC (Climate &amp; Circularity Calculator) desarrollada por IHOBE, el proyecto pretende medir la Huella Ambiental Corporativa (HAC) de las empresas participantes pertenecientes a cinco de las cadenas de valor antes mencionadas que son: Astigarraga Kit line, Glual Hidr\u00e1ulica, Elmubas y Ekintza Mekanizatuak. El proyecto, adem\u00e1s de calcular la HAC pretende identificar oportunidades para reducir dicho impacto, establecer una hoja de ruta para la reducci\u00f3n y una estrategia de gobernanza de datos para su medici\u00f3n continua y mejora.<\/p>\n<p>Como parte del proceso de este proyecto, se ha organizado la primera sesi\u00f3n presencial el d\u00eda 19 de junio en la que se han trabajado conceptos clave como la Huella de Carbono y la Huella Ambiental, y el detalle de los objetivos las fases y entregables del proyecto. Adem\u00e1s, se ha llevado a cabo un an\u00e1lisis de los puntos de partida de cada empresa participante a trav\u00e9s de una din\u00e1mica guiada. Este proyecto cuenta con el apoyo de IHOBE as\u00ed como el de la Diputaci\u00f3n Foral de Gipuzkoa a trav\u00e9s del Departamento de Promoci\u00f3n Econ\u00f3mica.<\/p>\n","protected":false},"excerpt":{"rendered":"<p>Iraurgi Berritzen ha puesto ya en marcha el proyecto \u201cUrEKOnomizaTUZ: Impulsando la Econom\u00eda Circular de Urola Erdia\u201d, cuyo prop\u00f3sito principal es evaluar y mejorar el impacto ambiental de las cinco cadenas de valor principales de la comarca de Urola Erdia: Transformaci\u00f3n metalmec\u00e1nica, Maquinaria y equipos, Alimentaci\u00f3n, Mueble y Construcci\u00f3n. A trav\u00e9s del uso de la [&hellip;]<\/p>\n","protected":false},"author":4,"featured_media":20632,"comment_status":"closed","ping_status":"closed","sticky":false,"template":"","format":"standard","meta":{"_acf_changed":false,"footnotes":""},"categories":[4],"tags":[],"class_list":["post-20634","post","type-post","status-publish","format-standard","has-post-thumbnail","hentry","category-noticias","arloak-enpresa"],"acf":[],"yoast_head":"<!-- This site is optimized with the Yoast SEO plugin v27.4 - https:\/\/yoast.com\/product\/yoast-seo-wordpress\/ -->\n<title>Arranca el proyecto UrEKOnomizaTUZ para la evaluaci\u00f3n y mejora del Impacto Ambiental de las empresas de la comarca - Iraurgi Berritzen<\/title>\n<meta name=\"robots\" content=\"index, follow, max-snippet:-1, max-image-preview:large, max-video-preview:-1\" \/>\n<link rel=\"canonical\" href=\"https:\/\/iraurgiberritzen.eus\/es\/arranca-el-proyecto-urekonomizatuz-para-la-evaluacion-y-mejora-del-impacto-ambiental-de-las-empresas-de-la-comarca\/\" \/>\n<meta property=\"og:locale\" content=\"es_ES\" \/>\n<meta property=\"og:type\" content=\"article\" \/>\n<meta property=\"og:title\" content=\"Arranca el proyecto UrEKOnomizaTUZ para la evaluaci\u00f3n y mejora del Impacto Ambiental de las empresas de la comarca - Iraurgi Berritzen\" \/>\n<meta property=\"og:description\" content=\"Iraurgi Berritzen ha puesto ya en marcha el proyecto \u201cUrEKOnomizaTUZ: Impulsando la Econom\u00eda Circular de Urola Erdia\u201d, cuyo prop\u00f3sito principal es evaluar y mejorar el impacto ambiental de las cinco cadenas de valor principales de la comarca de Urola Erdia: Transformaci\u00f3n metalmec\u00e1nica, Maquinaria y equipos, Alimentaci\u00f3n, Mueble y Construcci\u00f3n. A trav\u00e9s del uso de la [&hellip;]\" \/>\n<meta property=\"og:url\" content=\"https:\/\/iraurgiberritzen.eus\/es\/arranca-el-proyecto-urekonomizatuz-para-la-evaluacion-y-mejora-del-impacto-ambiental-de-las-empresas-de-la-comarca\/\" \/>\n<meta property=\"og:site_name\" content=\"Iraurgi Berritzen\" \/>\n<meta property=\"article:published_time\" content=\"2024-06-19T12:09:34+00:00\" \/>\n<meta property=\"article:modified_time\" content=\"2024-06-19T12:59:04+00:00\" \/>\n<meta property=\"og:image\" content=\"https:\/\/iraurgiberritzen.eus\/wp-content\/uploads\/2024\/06\/20240619_093551-scaled.jpg\" \/>\n\t<meta property=\"og:image:width\" content=\"2560\" \/>\n\t<meta property=\"og:image:height\" content=\"1920\" \/>\n\t<meta property=\"og:image:type\" content=\"image\/jpeg\" \/>\n<meta name=\"author\" content=\"ainara\" \/>\n<meta name=\"twitter:card\" content=\"summary_large_image\" \/>\n<meta name=\"twitter:label1\" content=\"Escrito por\" \/>\n\t<meta name=\"twitter:data1\" content=\"ainara\" \/>\n\t<meta name=\"twitter:label2\" content=\"Tiempo de lectura\" \/>\n\t<meta name=\"twitter:data2\" content=\"2 minutos\" \/>\n<script type=\"application\/ld+json\" class=\"yoast-schema-graph\">{\"@context\":\"https:\\\/\\\/schema.org\",\"@graph\":[{\"@type\":\"Article\",\"@id\":\"https:\\\/\\\/iraurgiberritzen.eus\\\/es\\\/arranca-el-proyecto-urekonomizatuz-para-la-evaluacion-y-mejora-del-impacto-ambiental-de-las-empresas-de-la-comarca\\\/#article\",\"isPartOf\":{\"@id\":\"https:\\\/\\\/iraurgiberritzen.eus\\\/es\\\/arranca-el-proyecto-urekonomizatuz-para-la-evaluacion-y-mejora-del-impacto-ambiental-de-las-empresas-de-la-comarca\\\/\"},\"author\":{\"name\":\"ainara\",\"@id\":\"https:\\\/\\\/iraurgiberritzen.eus\\\/es\\\/#\\\/schema\\\/person\\\/a32c9825b3e2bfcbe757a97f6a15c8a5\"},\"headline\":\"Arranca el proyecto UrEKOnomizaTUZ para la evaluaci\u00f3n y mejora del Impacto Ambiental de las empresas de la comarca\",\"datePublished\":\"2024-06-19T12:09:34+00:00\",\"dateModified\":\"2024-06-19T12:59:04+00:00\",\"mainEntityOfPage\":{\"@id\":\"https:\\\/\\\/iraurgiberritzen.eus\\\/es\\\/arranca-el-proyecto-urekonomizatuz-para-la-evaluacion-y-mejora-del-impacto-ambiental-de-las-empresas-de-la-comarca\\\/\"},\"wordCount\":267,\"publisher\":{\"@id\":\"https:\\\/\\\/iraurgiberritzen.eus\\\/es\\\/#organization\"},\"image\":{\"@id\":\"https:\\\/\\\/iraurgiberritzen.eus\\\/es\\\/arranca-el-proyecto-urekonomizatuz-para-la-evaluacion-y-mejora-del-impacto-ambiental-de-las-empresas-de-la-comarca\\\/#primaryimage\"},\"thumbnailUrl\":\"https:\\\/\\\/iraurgiberritzen.eus\\\/wp-content\\\/uploads\\\/2024\\\/06\\\/20240619_093551-scaled.jpg\",\"articleSection\":[\"Noticias\"],\"inLanguage\":\"es\"},{\"@type\":\"WebPage\",\"@id\":\"https:\\\/\\\/iraurgiberritzen.eus\\\/es\\\/arranca-el-proyecto-urekonomizatuz-para-la-evaluacion-y-mejora-del-impacto-ambiental-de-las-empresas-de-la-comarca\\\/\",\"url\":\"https:\\\/\\\/iraurgiberritzen.eus\\\/es\\\/arranca-el-proyecto-urekonomizatuz-para-la-evaluacion-y-mejora-del-impacto-ambiental-de-las-empresas-de-la-comarca\\\/\",\"name\":\"Arranca el proyecto UrEKOnomizaTUZ para la evaluaci\u00f3n y mejora del Impacto Ambiental de las empresas de la comarca - Iraurgi Berritzen\",\"isPartOf\":{\"@id\":\"https:\\\/\\\/iraurgiberritzen.eus\\\/es\\\/#website\"},\"primaryImageOfPage\":{\"@id\":\"https:\\\/\\\/iraurgiberritzen.eus\\\/es\\\/arranca-el-proyecto-urekonomizatuz-para-la-evaluacion-y-mejora-del-impacto-ambiental-de-las-empresas-de-la-comarca\\\/#primaryimage\"},\"image\":{\"@id\":\"https:\\\/\\\/iraurgiberritzen.eus\\\/es\\\/arranca-el-proyecto-urekonomizatuz-para-la-evaluacion-y-mejora-del-impacto-ambiental-de-las-empresas-de-la-comarca\\\/#primaryimage\"},\"thumbnailUrl\":\"https:\\\/\\\/iraurgiberritzen.eus\\\/wp-content\\\/uploads\\\/2024\\\/06\\\/20240619_093551-scaled.jpg\",\"datePublished\":\"2024-06-19T12:09:34+00:00\",\"dateModified\":\"2024-06-19T12:59:04+00:00\",\"breadcrumb\":{\"@id\":\"https:\\\/\\\/iraurgiberritzen.eus\\\/es\\\/arranca-el-proyecto-urekonomizatuz-para-la-evaluacion-y-mejora-del-impacto-ambiental-de-las-empresas-de-la-comarca\\\/#breadcrumb\"},\"inLanguage\":\"es\",\"potentialAction\":[{\"@type\":\"ReadAction\",\"target\":[\"https:\\\/\\\/iraurgiberritzen.eus\\\/es\\\/arranca-el-proyecto-urekonomizatuz-para-la-evaluacion-y-mejora-del-impacto-ambiental-de-las-empresas-de-la-comarca\\\/\"]}]},{\"@type\":\"ImageObject\",\"inLanguage\":\"es\",\"@id\":\"https:\\\/\\\/iraurgiberritzen.eus\\\/es\\\/arranca-el-proyecto-urekonomizatuz-para-la-evaluacion-y-mejora-del-impacto-ambiental-de-las-empresas-de-la-comarca\\\/#primaryimage\",\"url\":\"https:\\\/\\\/iraurgiberritzen.eus\\\/wp-content\\\/uploads\\\/2024\\\/06\\\/20240619_093551-scaled.jpg\",\"contentUrl\":\"https:\\\/\\\/iraurgiberritzen.eus\\\/wp-content\\\/uploads\\\/2024\\\/06\\\/20240619_093551-scaled.jpg\",\"width\":2560,\"height\":1920},{\"@type\":\"BreadcrumbList\",\"@id\":\"https:\\\/\\\/iraurgiberritzen.eus\\\/es\\\/arranca-el-proyecto-urekonomizatuz-para-la-evaluacion-y-mejora-del-impacto-ambiental-de-las-empresas-de-la-comarca\\\/#breadcrumb\",\"itemListElement\":[{\"@type\":\"ListItem\",\"position\":1,\"name\":\"Home\",\"item\":\"https:\\\/\\\/iraurgiberritzen.eus\\\/es\\\/\"},{\"@type\":\"ListItem\",\"position\":2,\"name\":\"Arranca el proyecto UrEKOnomizaTUZ para la evaluaci\u00f3n y mejora del Impacto Ambiental de las empresas de la comarca\"}]},{\"@type\":\"WebSite\",\"@id\":\"https:\\\/\\\/iraurgiberritzen.eus\\\/es\\\/#website\",\"url\":\"https:\\\/\\\/iraurgiberritzen.eus\\\/es\\\/\",\"name\":\"Iraurgi Berritzen\",\"description\":\"Urola Erdiko Garapen Agentzia\",\"publisher\":{\"@id\":\"https:\\\/\\\/iraurgiberritzen.eus\\\/es\\\/#organization\"},\"potentialAction\":[{\"@type\":\"SearchAction\",\"target\":{\"@type\":\"EntryPoint\",\"urlTemplate\":\"https:\\\/\\\/iraurgiberritzen.eus\\\/es\\\/?s={search_term_string}\"},\"query-input\":{\"@type\":\"PropertyValueSpecification\",\"valueRequired\":true,\"valueName\":\"search_term_string\"}}],\"inLanguage\":\"es\"},{\"@type\":\"Organization\",\"@id\":\"https:\\\/\\\/iraurgiberritzen.eus\\\/es\\\/#organization\",\"name\":\"Iraurgi Berritzen\",\"url\":\"https:\\\/\\\/iraurgiberritzen.eus\\\/es\\\/\",\"logo\":{\"@type\":\"ImageObject\",\"inLanguage\":\"es\",\"@id\":\"https:\\\/\\\/iraurgiberritzen.eus\\\/es\\\/#\\\/schema\\\/logo\\\/image\\\/\",\"url\":\"https:\\\/\\\/iraurgiberritzen.eus\\\/wp-content\\\/uploads\\\/2024\\\/02\\\/IRAURGI-BERRITZEN-logotipoa_2.png\",\"contentUrl\":\"https:\\\/\\\/iraurgiberritzen.eus\\\/wp-content\\\/uploads\\\/2024\\\/02\\\/IRAURGI-BERRITZEN-logotipoa_2.png\",\"width\":496,\"height\":190,\"caption\":\"Iraurgi Berritzen\"},\"image\":{\"@id\":\"https:\\\/\\\/iraurgiberritzen.eus\\\/es\\\/#\\\/schema\\\/logo\\\/image\\\/\"}},{\"@type\":\"Person\",\"@id\":\"https:\\\/\\\/iraurgiberritzen.eus\\\/es\\\/#\\\/schema\\\/person\\\/a32c9825b3e2bfcbe757a97f6a15c8a5\",\"name\":\"ainara\"}]}<\/script>\n<!-- \/ Yoast SEO plugin. -->","yoast_head_json":{"title":"Arranca el proyecto UrEKOnomizaTUZ para la evaluaci\u00f3n y mejora del Impacto Ambiental de las empresas de la comarca - Iraurgi Berritzen","robots":{"index":"index","follow":"follow","max-snippet":"max-snippet:-1","max-image-preview":"max-image-preview:large","max-video-preview":"max-video-preview:-1"},"canonical":"https:\/\/iraurgiberritzen.eus\/es\/arranca-el-proyecto-urekonomizatuz-para-la-evaluacion-y-mejora-del-impacto-ambiental-de-las-empresas-de-la-comarca\/","og_locale":"es_ES","og_type":"article","og_title":"Arranca el proyecto UrEKOnomizaTUZ para la evaluaci\u00f3n y mejora del Impacto Ambiental de las empresas de la comarca - Iraurgi Berritzen","og_description":"Iraurgi Berritzen ha puesto ya en marcha el proyecto \u201cUrEKOnomizaTUZ: Impulsando la Econom\u00eda Circular de Urola Erdia\u201d, cuyo prop\u00f3sito principal es evaluar y mejorar el impacto ambiental de las cinco cadenas de valor principales de la comarca de Urola Erdia: Transformaci\u00f3n metalmec\u00e1nica, Maquinaria y equipos, Alimentaci\u00f3n, Mueble y Construcci\u00f3n. A trav\u00e9s del uso de la [&hellip;]","og_url":"https:\/\/iraurgiberritzen.eus\/es\/arranca-el-proyecto-urekonomizatuz-para-la-evaluacion-y-mejora-del-impacto-ambiental-de-las-empresas-de-la-comarca\/","og_site_name":"Iraurgi Berritzen","article_published_time":"2024-06-19T12:09:34+00:00","article_modified_time":"2024-06-19T12:59:04+00:00","og_image":[{"width":2560,"height":1920,"url":"https:\/\/iraurgiberritzen.eus\/wp-content\/uploads\/2024\/06\/20240619_093551-scaled.jpg","type":"image\/jpeg"}],"author":"ainara","twitter_card":"summary_large_image","twitter_misc":{"Escrito por":"ainara","Tiempo de lectura":"2 minutos"},"schema":{"@context":"https:\/\/schema.org","@graph":[{"@type":"Article","@id":"https:\/\/iraurgiberritzen.eus\/es\/arranca-el-proyecto-urekonomizatuz-para-la-evaluacion-y-mejora-del-impacto-ambiental-de-las-empresas-de-la-comarca\/#article","isPartOf":{"@id":"https:\/\/iraurgiberritzen.eus\/es\/arranca-el-proyecto-urekonomizatuz-para-la-evaluacion-y-mejora-del-impacto-ambiental-de-las-empresas-de-la-comarca\/"},"author":{"name":"ainara","@id":"https:\/\/iraurgiberritzen.eus\/es\/#\/schema\/person\/a32c9825b3e2bfcbe757a97f6a15c8a5"},"headline":"Arranca el proyecto UrEKOnomizaTUZ para la evaluaci\u00f3n y mejora del Impacto Ambiental de las empresas de la comarca","datePublished":"2024-06-19T12:09:34+00:00","dateModified":"2024-06-19T12:59:04+00:00","mainEntityOfPage":{"@id":"https:\/\/iraurgiberritzen.eus\/es\/arranca-el-proyecto-urekonomizatuz-para-la-evaluacion-y-mejora-del-impacto-ambiental-de-las-empresas-de-la-comarca\/"},"wordCount":267,"publisher":{"@id":"https:\/\/iraurgiberritzen.eus\/es\/#organization"},"image":{"@id":"https:\/\/iraurgiberritzen.eus\/es\/arranca-el-proyecto-urekonomizatuz-para-la-evaluacion-y-mejora-del-impacto-ambiental-de-las-empresas-de-la-comarca\/#primaryimage"},"thumbnailUrl":"https:\/\/iraurgiberritzen.eus\/wp-content\/uploads\/2024\/06\/20240619_093551-scaled.jpg","articleSection":["Noticias"],"inLanguage":"es"},{"@type":"WebPage","@id":"https:\/\/iraurgiberritzen.eus\/es\/arranca-el-proyecto-urekonomizatuz-para-la-evaluacion-y-mejora-del-impacto-ambiental-de-las-empresas-de-la-comarca\/","url":"https:\/\/iraurgiberritzen.eus\/es\/arranca-el-proyecto-urekonomizatuz-para-la-evaluacion-y-mejora-del-impacto-ambiental-de-las-empresas-de-la-comarca\/","name":"Arranca el proyecto UrEKOnomizaTUZ para la evaluaci\u00f3n y mejora del Impacto Ambiental de las empresas de la comarca - Iraurgi Berritzen","isPartOf":{"@id":"https:\/\/iraurgiberritzen.eus\/es\/#website"},"primaryImageOfPage":{"@id":"https:\/\/iraurgiberritzen.eus\/es\/arranca-el-proyecto-urekonomizatuz-para-la-evaluacion-y-mejora-del-impacto-ambiental-de-las-empresas-de-la-comarca\/#primaryimage"},"image":{"@id":"https:\/\/iraurgiberritzen.eus\/es\/arranca-el-proyecto-urekonomizatuz-para-la-evaluacion-y-mejora-del-impacto-ambiental-de-las-empresas-de-la-comarca\/#primaryimage"},"thumbnailUrl":"https:\/\/iraurgiberritzen.eus\/wp-content\/uploads\/2024\/06\/20240619_093551-scaled.jpg","datePublished":"2024-06-19T12:09:34+00:00","dateModified":"2024-06-19T12:59:04+00:00","breadcrumb":{"@id":"https:\/\/iraurgiberritzen.eus\/es\/arranca-el-proyecto-urekonomizatuz-para-la-evaluacion-y-mejora-del-impacto-ambiental-de-las-empresas-de-la-comarca\/#breadcrumb"},"inLanguage":"es","potentialAction":[{"@type":"ReadAction","target":["https:\/\/iraurgiberritzen.eus\/es\/arranca-el-proyecto-urekonomizatuz-para-la-evaluacion-y-mejora-del-impacto-ambiental-de-las-empresas-de-la-comarca\/"]}]},{"@type":"ImageObject","inLanguage":"es","@id":"https:\/\/iraurgiberritzen.eus\/es\/arranca-el-proyecto-urekonomizatuz-para-la-evaluacion-y-mejora-del-impacto-ambiental-de-las-empresas-de-la-comarca\/#primaryimage","url":"https:\/\/iraurgiberritzen.eus\/wp-content\/uploads\/2024\/06\/20240619_093551-scaled.jpg","contentUrl":"https:\/\/iraurgiberritzen.eus\/wp-content\/uploads\/2024\/06\/20240619_093551-scaled.jpg","width":2560,"height":1920},{"@type":"BreadcrumbList","@id":"https:\/\/iraurgiberritzen.eus\/es\/arranca-el-proyecto-urekonomizatuz-para-la-evaluacion-y-mejora-del-impacto-ambiental-de-las-empresas-de-la-comarca\/#breadcrumb","itemListElement":[{"@type":"ListItem","position":1,"name":"Home","item":"https:\/\/iraurgiberritzen.eus\/es\/"},{"@type":"ListItem","position":2,"name":"Arranca el proyecto UrEKOnomizaTUZ para la evaluaci\u00f3n y mejora del Impacto Ambiental de las empresas de la comarca"}]},{"@type":"WebSite","@id":"https:\/\/iraurgiberritzen.eus\/es\/#website","url":"https:\/\/iraurgiberritzen.eus\/es\/","name":"Iraurgi Berritzen","description":"Urola Erdiko Garapen Agentzia","publisher":{"@id":"https:\/\/iraurgiberritzen.eus\/es\/#organization"},"potentialAction":[{"@type":"SearchAction","target":{"@type":"EntryPoint","urlTemplate":"https:\/\/iraurgiberritzen.eus\/es\/?s={search_term_string}"},"query-input":{"@type":"PropertyValueSpecification","valueRequired":true,"valueName":"search_term_string"}}],"inLanguage":"es"},{"@type":"Organization","@id":"https:\/\/iraurgiberritzen.eus\/es\/#organization","name":"Iraurgi Berritzen","url":"https:\/\/iraurgiberritzen.eus\/es\/","logo":{"@type":"ImageObject","inLanguage":"es","@id":"https:\/\/iraurgiberritzen.eus\/es\/#\/schema\/logo\/image\/","url":"https:\/\/iraurgiberritzen.eus\/wp-content\/uploads\/2024\/02\/IRAURGI-BERRITZEN-logotipoa_2.png","contentUrl":"https:\/\/iraurgiberritzen.eus\/wp-content\/uploads\/2024\/02\/IRAURGI-BERRITZEN-logotipoa_2.png","width":496,"height":190,"caption":"Iraurgi Berritzen"},"image":{"@id":"https:\/\/iraurgiberritzen.eus\/es\/#\/schema\/logo\/image\/"}},{"@type":"Person","@id":"https:\/\/iraurgiberritzen.eus\/es\/#\/schema\/person\/a32c9825b3e2bfcbe757a97f6a15c8a5","name":"ainara"}]}},"_links":{"self":[{"href":"https:\/\/iraurgiberritzen.eus\/es\/wp-json\/wp\/v2\/posts\/20634","targetHints":{"allow":["GET"]}}],"collection":[{"href":"https:\/\/iraurgiberritzen.eus\/es\/wp-json\/wp\/v2\/posts"}],"about":[{"href":"https:\/\/iraurgiberritzen.eus\/es\/wp-json\/wp\/v2\/types\/post"}],"author":[{"embeddable":true,"href":"https:\/\/iraurgiberritzen.eus\/es\/wp-json\/wp\/v2\/users\/4"}],"replies":[{"embeddable":true,"href":"https:\/\/iraurgiberritzen.eus\/es\/wp-json\/wp\/v2\/comments?post=20634"}],"version-history":[{"count":3,"href":"https:\/\/iraurgiberritzen.eus\/es\/wp-json\/wp\/v2\/posts\/20634\/revisions"}],"predecessor-version":[{"id":20639,"href":"https:\/\/iraurgiberritzen.eus\/es\/wp-json\/wp\/v2\/posts\/20634\/revisions\/20639"}],"wp:featuredmedia":[{"embeddable":true,"href":"https:\/\/iraurgiberritzen.eus\/es\/wp-json\/wp\/v2\/media\/20632"}],"wp:attachment":[{"href":"https:\/\/iraurgiberritzen.eus\/es\/wp-json\/wp\/v2\/media?parent=20634"}],"wp:term":[{"taxonomy":"category","embeddable":true,"href":"https:\/\/iraurgiberritzen.eus\/es\/wp-json\/wp\/v2\/categories?post=20634"},{"taxonomy":"post_tag","embeddable":true,"href":"https:\/\/iraurgiberritzen.eus\/es\/wp-json\/wp\/v2\/tags?post=20634"}],"curies":[{"name":"wp","href":"https:\/\/api.w.org\/{rel}","templated":true}]}}