{"id":20649,"date":"2024-06-20T12:40:03","date_gmt":"2024-06-20T10:40:03","guid":{"rendered":"https:\/\/iraurgiberritzen.eus\/?p=20649"},"modified":"2024-06-29T20:02:31","modified_gmt":"2024-06-29T18:02:31","slug":"los-centros-educativos-de-la-comarca-han-puesto-en-valor-hezkuntza-gunea-como-espacio-estrategico-para-la-innovacion","status":"publish","type":"post","link":"https:\/\/iraurgiberritzen.eus\/es\/los-centros-educativos-de-la-comarca-han-puesto-en-valor-hezkuntza-gunea-como-espacio-estrategico-para-la-innovacion\/","title":{"rendered":"Los centros educativos de la comarca han puesto en valor HEZKUNTZA GUNEA como espacio estrat\u00e9gico para la innovaci\u00f3n"},"content":{"rendered":"<p>Los directores de los 5 centros escolares de la comarca han valorado positivamente los proyectos trabajados durante el a\u00f1o.<\/p>\n<p>Ademas, han destacado la oportunidad que les brinda el GUNE, desde el punto de vista estrat\u00e9gico para desarrollar experiencias y proyectos experimentales diferentes, as\u00ed como para seguir trabajando y desarrollando relaciones con profesionales de diferentes agentes socioecon\u00f3micos del entorno.<\/p>\n<p>Son varias las l\u00edneas de mejora que han detectado para el nuevo curso.<\/p>\n","protected":false},"excerpt":{"rendered":"<p>Los directores de los 5 centros escolares de la comarca han valorado positivamente los proyectos trabajados durante el a\u00f1o. Ademas, han destacado la oportunidad que les brinda el GUNE, desde el punto de vista estrat\u00e9gico para desarrollar experiencias y proyectos experimentales diferentes, as\u00ed como para seguir trabajando y desarrollando relaciones con profesionales de diferentes agentes [&hellip;]<\/p>\n","protected":false},"author":4,"featured_media":20652,"comment_status":"closed","ping_status":"closed","sticky":false,"template":"","format":"standard","meta":{"_acf_changed":false,"footnotes":""},"categories":[4],"tags":[],"class_list":["post-20649","post","type-post","status-publish","format-standard","has-post-thumbnail","hentry","category-noticias","arloak-educacion"],"acf":[],"yoast_head":"<!-- This site is optimized with the Yoast SEO plugin v27.4 - https:\/\/yoast.com\/product\/yoast-seo-wordpress\/ -->\n<title>Los centros educativos de la comarca han puesto en valor HEZKUNTZA GUNEA como espacio estrat\u00e9gico para la innovaci\u00f3n - Iraurgi Berritzen<\/title>\n<meta name=\"robots\" content=\"index, follow, max-snippet:-1, max-image-preview:large, max-video-preview:-1\" \/>\n<link rel=\"canonical\" href=\"https:\/\/iraurgiberritzen.eus\/es\/los-centros-educativos-de-la-comarca-han-puesto-en-valor-hezkuntza-gunea-como-espacio-estrategico-para-la-innovacion\/\" \/>\n<meta property=\"og:locale\" content=\"es_ES\" \/>\n<meta property=\"og:type\" content=\"article\" \/>\n<meta property=\"og:title\" content=\"Los centros educativos de la comarca han puesto en valor HEZKUNTZA GUNEA como espacio estrat\u00e9gico para la innovaci\u00f3n - Iraurgi Berritzen\" \/>\n<meta property=\"og:description\" content=\"Los directores de los 5 centros escolares de la comarca han valorado positivamente los proyectos trabajados durante el a\u00f1o. Ademas, han destacado la oportunidad que les brinda el GUNE, desde el punto de vista estrat\u00e9gico para desarrollar experiencias y proyectos experimentales diferentes, as\u00ed como para seguir trabajando y desarrollando relaciones con profesionales de diferentes agentes [&hellip;]\" \/>\n<meta property=\"og:url\" content=\"https:\/\/iraurgiberritzen.eus\/es\/los-centros-educativos-de-la-comarca-han-puesto-en-valor-hezkuntza-gunea-como-espacio-estrategico-para-la-innovacion\/\" \/>\n<meta property=\"og:site_name\" content=\"Iraurgi Berritzen\" \/>\n<meta property=\"article:published_time\" content=\"2024-06-20T10:40:03+00:00\" \/>\n<meta property=\"article:modified_time\" content=\"2024-06-29T18:02:31+00:00\" \/>\n<meta property=\"og:image\" content=\"https:\/\/iraurgiberritzen.eus\/wp-content\/uploads\/2024\/06\/Diseno-sin-titulo-8-1-1-scaled.jpg\" \/>\n\t<meta property=\"og:image:width\" content=\"2560\" \/>\n\t<meta property=\"og:image:height\" content=\"2345\" \/>\n\t<meta property=\"og:image:type\" content=\"image\/jpeg\" \/>\n<meta name=\"author\" content=\"ainara\" \/>\n<meta name=\"twitter:card\" content=\"summary_large_image\" \/>\n<meta name=\"twitter:label1\" content=\"Escrito por\" \/>\n\t<meta name=\"twitter:data1\" content=\"ainara\" \/>\n\t<meta name=\"twitter:label2\" content=\"Tiempo de lectura\" \/>\n\t<meta name=\"twitter:data2\" content=\"1 minuto\" \/>\n<script type=\"application\/ld+json\" class=\"yoast-schema-graph\">{\"@context\":\"https:\\\/\\\/schema.org\",\"@graph\":[{\"@type\":\"Article\",\"@id\":\"https:\\\/\\\/iraurgiberritzen.eus\\\/es\\\/los-centros-educativos-de-la-comarca-han-puesto-en-valor-hezkuntza-gunea-como-espacio-estrategico-para-la-innovacion\\\/#article\",\"isPartOf\":{\"@id\":\"https:\\\/\\\/iraurgiberritzen.eus\\\/es\\\/los-centros-educativos-de-la-comarca-han-puesto-en-valor-hezkuntza-gunea-como-espacio-estrategico-para-la-innovacion\\\/\"},\"author\":{\"name\":\"ainara\",\"@id\":\"https:\\\/\\\/iraurgiberritzen.eus\\\/es\\\/#\\\/schema\\\/person\\\/a32c9825b3e2bfcbe757a97f6a15c8a5\"},\"headline\":\"Los centros educativos de la comarca han puesto en valor HEZKUNTZA GUNEA como espacio estrat\u00e9gico para la innovaci\u00f3n\",\"datePublished\":\"2024-06-20T10:40:03+00:00\",\"dateModified\":\"2024-06-29T18:02:31+00:00\",\"mainEntityOfPage\":{\"@id\":\"https:\\\/\\\/iraurgiberritzen.eus\\\/es\\\/los-centros-educativos-de-la-comarca-han-puesto-en-valor-hezkuntza-gunea-como-espacio-estrategico-para-la-innovacion\\\/\"},\"wordCount\":94,\"publisher\":{\"@id\":\"https:\\\/\\\/iraurgiberritzen.eus\\\/es\\\/#organization\"},\"image\":{\"@id\":\"https:\\\/\\\/iraurgiberritzen.eus\\\/es\\\/los-centros-educativos-de-la-comarca-han-puesto-en-valor-hezkuntza-gunea-como-espacio-estrategico-para-la-innovacion\\\/#primaryimage\"},\"thumbnailUrl\":\"https:\\\/\\\/iraurgiberritzen.eus\\\/wp-content\\\/uploads\\\/2024\\\/06\\\/Diseno-sin-titulo-8-1-1-scaled.jpg\",\"articleSection\":[\"Noticias\"],\"inLanguage\":\"es\"},{\"@type\":\"WebPage\",\"@id\":\"https:\\\/\\\/iraurgiberritzen.eus\\\/es\\\/los-centros-educativos-de-la-comarca-han-puesto-en-valor-hezkuntza-gunea-como-espacio-estrategico-para-la-innovacion\\\/\",\"url\":\"https:\\\/\\\/iraurgiberritzen.eus\\\/es\\\/los-centros-educativos-de-la-comarca-han-puesto-en-valor-hezkuntza-gunea-como-espacio-estrategico-para-la-innovacion\\\/\",\"name\":\"Los centros educativos de la comarca han puesto en valor HEZKUNTZA GUNEA como espacio estrat\u00e9gico para la innovaci\u00f3n - Iraurgi Berritzen\",\"isPartOf\":{\"@id\":\"https:\\\/\\\/iraurgiberritzen.eus\\\/es\\\/#website\"},\"primaryImageOfPage\":{\"@id\":\"https:\\\/\\\/iraurgiberritzen.eus\\\/es\\\/los-centros-educativos-de-la-comarca-han-puesto-en-valor-hezkuntza-gunea-como-espacio-estrategico-para-la-innovacion\\\/#primaryimage\"},\"image\":{\"@id\":\"https:\\\/\\\/iraurgiberritzen.eus\\\/es\\\/los-centros-educativos-de-la-comarca-han-puesto-en-valor-hezkuntza-gunea-como-espacio-estrategico-para-la-innovacion\\\/#primaryimage\"},\"thumbnailUrl\":\"https:\\\/\\\/iraurgiberritzen.eus\\\/wp-content\\\/uploads\\\/2024\\\/06\\\/Diseno-sin-titulo-8-1-1-scaled.jpg\",\"datePublished\":\"2024-06-20T10:40:03+00:00\",\"dateModified\":\"2024-06-29T18:02:31+00:00\",\"breadcrumb\":{\"@id\":\"https:\\\/\\\/iraurgiberritzen.eus\\\/es\\\/los-centros-educativos-de-la-comarca-han-puesto-en-valor-hezkuntza-gunea-como-espacio-estrategico-para-la-innovacion\\\/#breadcrumb\"},\"inLanguage\":\"es\",\"potentialAction\":[{\"@type\":\"ReadAction\",\"target\":[\"https:\\\/\\\/iraurgiberritzen.eus\\\/es\\\/los-centros-educativos-de-la-comarca-han-puesto-en-valor-hezkuntza-gunea-como-espacio-estrategico-para-la-innovacion\\\/\"]}]},{\"@type\":\"ImageObject\",\"inLanguage\":\"es\",\"@id\":\"https:\\\/\\\/iraurgiberritzen.eus\\\/es\\\/los-centros-educativos-de-la-comarca-han-puesto-en-valor-hezkuntza-gunea-como-espacio-estrategico-para-la-innovacion\\\/#primaryimage\",\"url\":\"https:\\\/\\\/iraurgiberritzen.eus\\\/wp-content\\\/uploads\\\/2024\\\/06\\\/Diseno-sin-titulo-8-1-1-scaled.jpg\",\"contentUrl\":\"https:\\\/\\\/iraurgiberritzen.eus\\\/wp-content\\\/uploads\\\/2024\\\/06\\\/Diseno-sin-titulo-8-1-1-scaled.jpg\",\"width\":2560,\"height\":2345},{\"@type\":\"BreadcrumbList\",\"@id\":\"https:\\\/\\\/iraurgiberritzen.eus\\\/es\\\/los-centros-educativos-de-la-comarca-han-puesto-en-valor-hezkuntza-gunea-como-espacio-estrategico-para-la-innovacion\\\/#breadcrumb\",\"itemListElement\":[{\"@type\":\"ListItem\",\"position\":1,\"name\":\"Home\",\"item\":\"https:\\\/\\\/iraurgiberritzen.eus\\\/es\\\/\"},{\"@type\":\"ListItem\",\"position\":2,\"name\":\"Los centros educativos de la comarca han puesto en valor HEZKUNTZA GUNEA como espacio estrat\u00e9gico para la innovaci\u00f3n\"}]},{\"@type\":\"WebSite\",\"@id\":\"https:\\\/\\\/iraurgiberritzen.eus\\\/es\\\/#website\",\"url\":\"https:\\\/\\\/iraurgiberritzen.eus\\\/es\\\/\",\"name\":\"Iraurgi Berritzen\",\"description\":\"Urola Erdiko Garapen Agentzia\",\"publisher\":{\"@id\":\"https:\\\/\\\/iraurgiberritzen.eus\\\/es\\\/#organization\"},\"potentialAction\":[{\"@type\":\"SearchAction\",\"target\":{\"@type\":\"EntryPoint\",\"urlTemplate\":\"https:\\\/\\\/iraurgiberritzen.eus\\\/es\\\/?s={search_term_string}\"},\"query-input\":{\"@type\":\"PropertyValueSpecification\",\"valueRequired\":true,\"valueName\":\"search_term_string\"}}],\"inLanguage\":\"es\"},{\"@type\":\"Organization\",\"@id\":\"https:\\\/\\\/iraurgiberritzen.eus\\\/es\\\/#organization\",\"name\":\"Iraurgi Berritzen\",\"url\":\"https:\\\/\\\/iraurgiberritzen.eus\\\/es\\\/\",\"logo\":{\"@type\":\"ImageObject\",\"inLanguage\":\"es\",\"@id\":\"https:\\\/\\\/iraurgiberritzen.eus\\\/es\\\/#\\\/schema\\\/logo\\\/image\\\/\",\"url\":\"https:\\\/\\\/iraurgiberritzen.eus\\\/wp-content\\\/uploads\\\/2024\\\/02\\\/IRAURGI-BERRITZEN-logotipoa_2.png\",\"contentUrl\":\"https:\\\/\\\/iraurgiberritzen.eus\\\/wp-content\\\/uploads\\\/2024\\\/02\\\/IRAURGI-BERRITZEN-logotipoa_2.png\",\"width\":496,\"height\":190,\"caption\":\"Iraurgi Berritzen\"},\"image\":{\"@id\":\"https:\\\/\\\/iraurgiberritzen.eus\\\/es\\\/#\\\/schema\\\/logo\\\/image\\\/\"}},{\"@type\":\"Person\",\"@id\":\"https:\\\/\\\/iraurgiberritzen.eus\\\/es\\\/#\\\/schema\\\/person\\\/a32c9825b3e2bfcbe757a97f6a15c8a5\",\"name\":\"ainara\"}]}<\/script>\n<!-- \/ Yoast SEO plugin. -->","yoast_head_json":{"title":"Los centros educativos de la comarca han puesto en valor HEZKUNTZA GUNEA como espacio estrat\u00e9gico para la innovaci\u00f3n - Iraurgi Berritzen","robots":{"index":"index","follow":"follow","max-snippet":"max-snippet:-1","max-image-preview":"max-image-preview:large","max-video-preview":"max-video-preview:-1"},"canonical":"https:\/\/iraurgiberritzen.eus\/es\/los-centros-educativos-de-la-comarca-han-puesto-en-valor-hezkuntza-gunea-como-espacio-estrategico-para-la-innovacion\/","og_locale":"es_ES","og_type":"article","og_title":"Los centros educativos de la comarca han puesto en valor HEZKUNTZA GUNEA como espacio estrat\u00e9gico para la innovaci\u00f3n - Iraurgi Berritzen","og_description":"Los directores de los 5 centros escolares de la comarca han valorado positivamente los proyectos trabajados durante el a\u00f1o. Ademas, han destacado la oportunidad que les brinda el GUNE, desde el punto de vista estrat\u00e9gico para desarrollar experiencias y proyectos experimentales diferentes, as\u00ed como para seguir trabajando y desarrollando relaciones con profesionales de diferentes agentes [&hellip;]","og_url":"https:\/\/iraurgiberritzen.eus\/es\/los-centros-educativos-de-la-comarca-han-puesto-en-valor-hezkuntza-gunea-como-espacio-estrategico-para-la-innovacion\/","og_site_name":"Iraurgi Berritzen","article_published_time":"2024-06-20T10:40:03+00:00","article_modified_time":"2024-06-29T18:02:31+00:00","og_image":[{"width":2560,"height":2345,"url":"https:\/\/iraurgiberritzen.eus\/wp-content\/uploads\/2024\/06\/Diseno-sin-titulo-8-1-1-scaled.jpg","type":"image\/jpeg"}],"author":"ainara","twitter_card":"summary_large_image","twitter_misc":{"Escrito por":"ainara","Tiempo de lectura":"1 minuto"},"schema":{"@context":"https:\/\/schema.org","@graph":[{"@type":"Article","@id":"https:\/\/iraurgiberritzen.eus\/es\/los-centros-educativos-de-la-comarca-han-puesto-en-valor-hezkuntza-gunea-como-espacio-estrategico-para-la-innovacion\/#article","isPartOf":{"@id":"https:\/\/iraurgiberritzen.eus\/es\/los-centros-educativos-de-la-comarca-han-puesto-en-valor-hezkuntza-gunea-como-espacio-estrategico-para-la-innovacion\/"},"author":{"name":"ainara","@id":"https:\/\/iraurgiberritzen.eus\/es\/#\/schema\/person\/a32c9825b3e2bfcbe757a97f6a15c8a5"},"headline":"Los centros educativos de la comarca han puesto en valor HEZKUNTZA GUNEA como espacio estrat\u00e9gico para la innovaci\u00f3n","datePublished":"2024-06-20T10:40:03+00:00","dateModified":"2024-06-29T18:02:31+00:00","mainEntityOfPage":{"@id":"https:\/\/iraurgiberritzen.eus\/es\/los-centros-educativos-de-la-comarca-han-puesto-en-valor-hezkuntza-gunea-como-espacio-estrategico-para-la-innovacion\/"},"wordCount":94,"publisher":{"@id":"https:\/\/iraurgiberritzen.eus\/es\/#organization"},"image":{"@id":"https:\/\/iraurgiberritzen.eus\/es\/los-centros-educativos-de-la-comarca-han-puesto-en-valor-hezkuntza-gunea-como-espacio-estrategico-para-la-innovacion\/#primaryimage"},"thumbnailUrl":"https:\/\/iraurgiberritzen.eus\/wp-content\/uploads\/2024\/06\/Diseno-sin-titulo-8-1-1-scaled.jpg","articleSection":["Noticias"],"inLanguage":"es"},{"@type":"WebPage","@id":"https:\/\/iraurgiberritzen.eus\/es\/los-centros-educativos-de-la-comarca-han-puesto-en-valor-hezkuntza-gunea-como-espacio-estrategico-para-la-innovacion\/","url":"https:\/\/iraurgiberritzen.eus\/es\/los-centros-educativos-de-la-comarca-han-puesto-en-valor-hezkuntza-gunea-como-espacio-estrategico-para-la-innovacion\/","name":"Los centros educativos de la comarca han puesto en valor HEZKUNTZA GUNEA como espacio estrat\u00e9gico para la innovaci\u00f3n - Iraurgi Berritzen","isPartOf":{"@id":"https:\/\/iraurgiberritzen.eus\/es\/#website"},"primaryImageOfPage":{"@id":"https:\/\/iraurgiberritzen.eus\/es\/los-centros-educativos-de-la-comarca-han-puesto-en-valor-hezkuntza-gunea-como-espacio-estrategico-para-la-innovacion\/#primaryimage"},"image":{"@id":"https:\/\/iraurgiberritzen.eus\/es\/los-centros-educativos-de-la-comarca-han-puesto-en-valor-hezkuntza-gunea-como-espacio-estrategico-para-la-innovacion\/#primaryimage"},"thumbnailUrl":"https:\/\/iraurgiberritzen.eus\/wp-content\/uploads\/2024\/06\/Diseno-sin-titulo-8-1-1-scaled.jpg","datePublished":"2024-06-20T10:40:03+00:00","dateModified":"2024-06-29T18:02:31+00:00","breadcrumb":{"@id":"https:\/\/iraurgiberritzen.eus\/es\/los-centros-educativos-de-la-comarca-han-puesto-en-valor-hezkuntza-gunea-como-espacio-estrategico-para-la-innovacion\/#breadcrumb"},"inLanguage":"es","potentialAction":[{"@type":"ReadAction","target":["https:\/\/iraurgiberritzen.eus\/es\/los-centros-educativos-de-la-comarca-han-puesto-en-valor-hezkuntza-gunea-como-espacio-estrategico-para-la-innovacion\/"]}]},{"@type":"ImageObject","inLanguage":"es","@id":"https:\/\/iraurgiberritzen.eus\/es\/los-centros-educativos-de-la-comarca-han-puesto-en-valor-hezkuntza-gunea-como-espacio-estrategico-para-la-innovacion\/#primaryimage","url":"https:\/\/iraurgiberritzen.eus\/wp-content\/uploads\/2024\/06\/Diseno-sin-titulo-8-1-1-scaled.jpg","contentUrl":"https:\/\/iraurgiberritzen.eus\/wp-content\/uploads\/2024\/06\/Diseno-sin-titulo-8-1-1-scaled.jpg","width":2560,"height":2345},{"@type":"BreadcrumbList","@id":"https:\/\/iraurgiberritzen.eus\/es\/los-centros-educativos-de-la-comarca-han-puesto-en-valor-hezkuntza-gunea-como-espacio-estrategico-para-la-innovacion\/#breadcrumb","itemListElement":[{"@type":"ListItem","position":1,"name":"Home","item":"https:\/\/iraurgiberritzen.eus\/es\/"},{"@type":"ListItem","position":2,"name":"Los centros educativos de la comarca han puesto en valor HEZKUNTZA GUNEA como espacio estrat\u00e9gico para la innovaci\u00f3n"}]},{"@type":"WebSite","@id":"https:\/\/iraurgiberritzen.eus\/es\/#website","url":"https:\/\/iraurgiberritzen.eus\/es\/","name":"Iraurgi Berritzen","description":"Urola Erdiko Garapen Agentzia","publisher":{"@id":"https:\/\/iraurgiberritzen.eus\/es\/#organization"},"potentialAction":[{"@type":"SearchAction","target":{"@type":"EntryPoint","urlTemplate":"https:\/\/iraurgiberritzen.eus\/es\/?s={search_term_string}"},"query-input":{"@type":"PropertyValueSpecification","valueRequired":true,"valueName":"search_term_string"}}],"inLanguage":"es"},{"@type":"Organization","@id":"https:\/\/iraurgiberritzen.eus\/es\/#organization","name":"Iraurgi Berritzen","url":"https:\/\/iraurgiberritzen.eus\/es\/","logo":{"@type":"ImageObject","inLanguage":"es","@id":"https:\/\/iraurgiberritzen.eus\/es\/#\/schema\/logo\/image\/","url":"https:\/\/iraurgiberritzen.eus\/wp-content\/uploads\/2024\/02\/IRAURGI-BERRITZEN-logotipoa_2.png","contentUrl":"https:\/\/iraurgiberritzen.eus\/wp-content\/uploads\/2024\/02\/IRAURGI-BERRITZEN-logotipoa_2.png","width":496,"height":190,"caption":"Iraurgi Berritzen"},"image":{"@id":"https:\/\/iraurgiberritzen.eus\/es\/#\/schema\/logo\/image\/"}},{"@type":"Person","@id":"https:\/\/iraurgiberritzen.eus\/es\/#\/schema\/person\/a32c9825b3e2bfcbe757a97f6a15c8a5","name":"ainara"}]}},"_links":{"self":[{"href":"https:\/\/iraurgiberritzen.eus\/es\/wp-json\/wp\/v2\/posts\/20649","targetHints":{"allow":["GET"]}}],"collection":[{"href":"https:\/\/iraurgiberritzen.eus\/es\/wp-json\/wp\/v2\/posts"}],"about":[{"href":"https:\/\/iraurgiberritzen.eus\/es\/wp-json\/wp\/v2\/types\/post"}],"author":[{"embeddable":true,"href":"https:\/\/iraurgiberritzen.eus\/es\/wp-json\/wp\/v2\/users\/4"}],"replies":[{"embeddable":true,"href":"https:\/\/iraurgiberritzen.eus\/es\/wp-json\/wp\/v2\/comments?post=20649"}],"version-history":[{"count":2,"href":"https:\/\/iraurgiberritzen.eus\/es\/wp-json\/wp\/v2\/posts\/20649\/revisions"}],"predecessor-version":[{"id":20930,"href":"https:\/\/iraurgiberritzen.eus\/es\/wp-json\/wp\/v2\/posts\/20649\/revisions\/20930"}],"wp:featuredmedia":[{"embeddable":true,"href":"https:\/\/iraurgiberritzen.eus\/es\/wp-json\/wp\/v2\/media\/20652"}],"wp:attachment":[{"href":"https:\/\/iraurgiberritzen.eus\/es\/wp-json\/wp\/v2\/media?parent=20649"}],"wp:term":[{"taxonomy":"category","embeddable":true,"href":"https:\/\/iraurgiberritzen.eus\/es\/wp-json\/wp\/v2\/categories?post=20649"},{"taxonomy":"post_tag","embeddable":true,"href":"https:\/\/iraurgiberritzen.eus\/es\/wp-json\/wp\/v2\/tags?post=20649"}],"curies":[{"name":"wp","href":"https:\/\/api.w.org\/{rel}","templated":true}]}}