{"id":20841,"date":"2024-06-26T09:25:26","date_gmt":"2024-06-26T07:25:26","guid":{"rendered":"https:\/\/iraurgiberritzen.eus\/?p=20841"},"modified":"2024-06-27T18:38:03","modified_gmt":"2024-06-27T16:38:03","slug":"20841","status":"publish","type":"post","link":"https:\/\/iraurgiberritzen.eus\/es\/20841\/","title":{"rendered":"Jornada sobre las obligaciones y responsabilidades que tienen los administradores\/gestores de las empresas en el \u00e1mbito del derecho societario dirigida a las empresas de la comarca"},"content":{"rendered":"<h5>Esta es la 4\u00aa jornada que se ha organizado dentro del programa Ikasiz 2024, propuesto por Enpresa Gunea de Iraurgi Berritzen. Se celebrar\u00e1 el 4 de julio, en formato on line, entre las 09:00 y las 11:00 horas, bajo el lema \u00abComo Administrador\/Gestor de Empresas, \u00bfqu\u00e9 obligaciones y responsabilidades tengo?\u201d.<\/h5>\n<p>Dentro del programa Ikasiz 2024 se ha organizado la cuarta jornada de este a\u00f1o dirigida a empresas industriales de la comarca para el jueves 4 de julio. La jornada ser\u00e1 v\u00eda online, de 09:00 a 11:00 horas. Se trata de una de las jornadas basadas en la propuesta de Enpresa Gunea de Iraurgi Berritzen, para tratar temas legales y cuenta con el patrocinio de la Diputaci\u00f3n Foral de Gipuzkoa. En esta est\u00e1n invitadas a participar todas las empresas industriales de la comarca.<\/p>\n<p>El objetivo de esta jornada ser\u00e1 dar respuesta a las siguientes preguntas:<\/p>\n<ul>\n<li style=\"list-style-type: none;\">\n<ul>\n<li>\u00bfCon qu\u00e9 \u00f3rganos cuenta mi sociedad y qu\u00e9 competencias y responsabilidades tiene cada uno?<\/li>\n<li>Desde mi posici\u00f3n de administrador\/gestor, \u00bfqu\u00e9 obligaciones y qu\u00e9 responsabilidades tengo? \u00bfQu\u00e9 puedo hacer para proteger legalmente mi actuaci\u00f3n en dicho cargo?<\/li>\n<\/ul>\n<\/li>\n<\/ul>\n<p>En la jornada del 4 de julio se abordar\u00e1 el tema del Derecho Societario, liderado por personal experto de la Asesor\u00eda LKS Next Legal. Las personas participantes conocer\u00e1n los conceptos generales que en el Derecho de Sociedades se establecen en relaci\u00f3n con la regulaci\u00f3n de los \u00f3rganos sociales de las sociedades de capital, y con los deberes y responsabilidades legales de los administradores y directivos en las sociedades de capital. Tambi\u00e9n tendr\u00e1n la oportunidad de identificar buenas pr\u00e1cticas y mecanismos que pueden implementarse para salvaguardar a administradores y directivos.<\/p>\n<p>Las empresas interesadas en participar tanto en esta jornada como en las que se organizar\u00e1n hasta octubre deber\u00e1n inscribirse a trav\u00e9s del siguiente <strong><a href=\"https:\/\/forms.office.com\/Pages\/ResponsePage.aspx?id=S5DeT3Jq90W0WLjBrBndp1jySGu9zxtIpCkBAthDUWpUQ1pPQUI5V1EyVUpZN00yODNHSkgxUVc3SSQlQCN0PWcu\" target=\"_blank\" rel=\"noopener\">formulario<\/a><\/strong>.<\/p>\n<ul>\n<li style=\"list-style-type: none;\">\n<ul>\n<li style=\"list-style-type: none;\">\n<ul>\n<li>12 de septiembre, de 09:00 a 11:00, online: Marco legal ambiental.<\/li>\n<li>10 de octubre, de 16:00 a 17:00etara, presencial: Extranjer\u00eda.<\/li>\n<\/ul>\n<\/li>\n<\/ul>\n<\/li>\n<\/ul>\n<p>&nbsp;<\/p>\n<p>&nbsp;<\/p>\n","protected":false},"excerpt":{"rendered":"<p>Esta es la 4\u00aa jornada que se ha organizado dentro del programa Ikasiz 2024, propuesto por Enpresa Gunea de Iraurgi Berritzen. Se celebrar\u00e1 el 4 de julio, en formato on line, entre las 09:00 y las 11:00 horas, bajo el lema \u00abComo Administrador\/Gestor de Empresas, \u00bfqu\u00e9 obligaciones y responsabilidades tengo?\u201d. Dentro del programa Ikasiz 2024 [&hellip;]<\/p>\n","protected":false},"author":4,"featured_media":20846,"comment_status":"closed","ping_status":"closed","sticky":false,"template":"","format":"standard","meta":{"_acf_changed":false,"footnotes":""},"categories":[4],"tags":[],"class_list":["post-20841","post","type-post","status-publish","format-standard","has-post-thumbnail","hentry","category-noticias","arloak-enpresa"],"acf":[],"yoast_head":"<!-- This site is optimized with the Yoast SEO plugin v27.4 - https:\/\/yoast.com\/product\/yoast-seo-wordpress\/ -->\n<title>Jornada sobre las obligaciones y responsabilidades que tienen los administradores\/gestores de las empresas en el \u00e1mbito del derecho societario dirigida a las empresas de la comarca - Iraurgi Berritzen<\/title>\n<meta name=\"robots\" content=\"index, follow, max-snippet:-1, max-image-preview:large, max-video-preview:-1\" \/>\n<link rel=\"canonical\" href=\"https:\/\/iraurgiberritzen.eus\/es\/20841\/\" \/>\n<meta property=\"og:locale\" content=\"es_ES\" \/>\n<meta property=\"og:type\" content=\"article\" \/>\n<meta property=\"og:title\" content=\"Jornada sobre las obligaciones y responsabilidades que tienen los administradores\/gestores de las empresas en el \u00e1mbito del derecho societario dirigida a las empresas de la comarca - Iraurgi Berritzen\" \/>\n<meta property=\"og:description\" content=\"Esta es la 4\u00aa jornada que se ha organizado dentro del programa Ikasiz 2024, propuesto por Enpresa Gunea de Iraurgi Berritzen. Se celebrar\u00e1 el 4 de julio, en formato on line, entre las 09:00 y las 11:00 horas, bajo el lema \u00abComo Administrador\/Gestor de Empresas, \u00bfqu\u00e9 obligaciones y responsabilidades tengo?\u201d. Dentro del programa Ikasiz 2024 [&hellip;]\" \/>\n<meta property=\"og:url\" content=\"https:\/\/iraurgiberritzen.eus\/es\/20841\/\" \/>\n<meta property=\"og:site_name\" content=\"Iraurgi Berritzen\" \/>\n<meta property=\"article:published_time\" content=\"2024-06-26T07:25:26+00:00\" \/>\n<meta property=\"article:modified_time\" content=\"2024-06-27T16:38:03+00:00\" \/>\n<meta property=\"og:image\" content=\"https:\/\/iraurgiberritzen.eus\/wp-content\/uploads\/2024\/06\/27-1.png\" \/>\n\t<meta property=\"og:image:width\" content=\"800\" \/>\n\t<meta property=\"og:image:height\" content=\"550\" \/>\n\t<meta property=\"og:image:type\" content=\"image\/png\" \/>\n<meta name=\"author\" content=\"ainara\" \/>\n<meta name=\"twitter:card\" content=\"summary_large_image\" \/>\n<meta name=\"twitter:label1\" content=\"Escrito por\" \/>\n\t<meta name=\"twitter:data1\" content=\"ainara\" \/>\n\t<meta name=\"twitter:label2\" content=\"Tiempo de lectura\" \/>\n\t<meta name=\"twitter:data2\" content=\"2 minutos\" \/>\n<script type=\"application\/ld+json\" class=\"yoast-schema-graph\">{\"@context\":\"https:\\\/\\\/schema.org\",\"@graph\":[{\"@type\":\"Article\",\"@id\":\"https:\\\/\\\/iraurgiberritzen.eus\\\/es\\\/20841\\\/#article\",\"isPartOf\":{\"@id\":\"https:\\\/\\\/iraurgiberritzen.eus\\\/es\\\/20841\\\/\"},\"author\":{\"name\":\"ainara\",\"@id\":\"https:\\\/\\\/iraurgiberritzen.eus\\\/es\\\/#\\\/schema\\\/person\\\/a32c9825b3e2bfcbe757a97f6a15c8a5\"},\"headline\":\"Jornada sobre las obligaciones y responsabilidades que tienen los administradores\\\/gestores de las empresas en el \u00e1mbito del derecho societario dirigida a las empresas de la comarca\",\"datePublished\":\"2024-06-26T07:25:26+00:00\",\"dateModified\":\"2024-06-27T16:38:03+00:00\",\"mainEntityOfPage\":{\"@id\":\"https:\\\/\\\/iraurgiberritzen.eus\\\/es\\\/20841\\\/\"},\"wordCount\":346,\"publisher\":{\"@id\":\"https:\\\/\\\/iraurgiberritzen.eus\\\/es\\\/#organization\"},\"image\":{\"@id\":\"https:\\\/\\\/iraurgiberritzen.eus\\\/es\\\/20841\\\/#primaryimage\"},\"thumbnailUrl\":\"https:\\\/\\\/iraurgiberritzen.eus\\\/wp-content\\\/uploads\\\/2024\\\/06\\\/27-1.png\",\"articleSection\":[\"Noticias\"],\"inLanguage\":\"es\"},{\"@type\":\"WebPage\",\"@id\":\"https:\\\/\\\/iraurgiberritzen.eus\\\/es\\\/20841\\\/\",\"url\":\"https:\\\/\\\/iraurgiberritzen.eus\\\/es\\\/20841\\\/\",\"name\":\"Jornada sobre las obligaciones y responsabilidades que tienen los administradores\\\/gestores de las empresas en el \u00e1mbito del derecho societario dirigida a las empresas de la comarca - Iraurgi Berritzen\",\"isPartOf\":{\"@id\":\"https:\\\/\\\/iraurgiberritzen.eus\\\/es\\\/#website\"},\"primaryImageOfPage\":{\"@id\":\"https:\\\/\\\/iraurgiberritzen.eus\\\/es\\\/20841\\\/#primaryimage\"},\"image\":{\"@id\":\"https:\\\/\\\/iraurgiberritzen.eus\\\/es\\\/20841\\\/#primaryimage\"},\"thumbnailUrl\":\"https:\\\/\\\/iraurgiberritzen.eus\\\/wp-content\\\/uploads\\\/2024\\\/06\\\/27-1.png\",\"datePublished\":\"2024-06-26T07:25:26+00:00\",\"dateModified\":\"2024-06-27T16:38:03+00:00\",\"breadcrumb\":{\"@id\":\"https:\\\/\\\/iraurgiberritzen.eus\\\/es\\\/20841\\\/#breadcrumb\"},\"inLanguage\":\"es\",\"potentialAction\":[{\"@type\":\"ReadAction\",\"target\":[\"https:\\\/\\\/iraurgiberritzen.eus\\\/es\\\/20841\\\/\"]}]},{\"@type\":\"ImageObject\",\"inLanguage\":\"es\",\"@id\":\"https:\\\/\\\/iraurgiberritzen.eus\\\/es\\\/20841\\\/#primaryimage\",\"url\":\"https:\\\/\\\/iraurgiberritzen.eus\\\/wp-content\\\/uploads\\\/2024\\\/06\\\/27-1.png\",\"contentUrl\":\"https:\\\/\\\/iraurgiberritzen.eus\\\/wp-content\\\/uploads\\\/2024\\\/06\\\/27-1.png\",\"width\":800,\"height\":550},{\"@type\":\"BreadcrumbList\",\"@id\":\"https:\\\/\\\/iraurgiberritzen.eus\\\/es\\\/20841\\\/#breadcrumb\",\"itemListElement\":[{\"@type\":\"ListItem\",\"position\":1,\"name\":\"Home\",\"item\":\"https:\\\/\\\/iraurgiberritzen.eus\\\/es\\\/\"},{\"@type\":\"ListItem\",\"position\":2,\"name\":\"Jornada sobre las obligaciones y responsabilidades que tienen los administradores\\\/gestores de las empresas en el \u00e1mbito del derecho societario dirigida a las empresas de la comarca\"}]},{\"@type\":\"WebSite\",\"@id\":\"https:\\\/\\\/iraurgiberritzen.eus\\\/es\\\/#website\",\"url\":\"https:\\\/\\\/iraurgiberritzen.eus\\\/es\\\/\",\"name\":\"Iraurgi Berritzen\",\"description\":\"Urola Erdiko Garapen Agentzia\",\"publisher\":{\"@id\":\"https:\\\/\\\/iraurgiberritzen.eus\\\/es\\\/#organization\"},\"potentialAction\":[{\"@type\":\"SearchAction\",\"target\":{\"@type\":\"EntryPoint\",\"urlTemplate\":\"https:\\\/\\\/iraurgiberritzen.eus\\\/es\\\/?s={search_term_string}\"},\"query-input\":{\"@type\":\"PropertyValueSpecification\",\"valueRequired\":true,\"valueName\":\"search_term_string\"}}],\"inLanguage\":\"es\"},{\"@type\":\"Organization\",\"@id\":\"https:\\\/\\\/iraurgiberritzen.eus\\\/es\\\/#organization\",\"name\":\"Iraurgi Berritzen\",\"url\":\"https:\\\/\\\/iraurgiberritzen.eus\\\/es\\\/\",\"logo\":{\"@type\":\"ImageObject\",\"inLanguage\":\"es\",\"@id\":\"https:\\\/\\\/iraurgiberritzen.eus\\\/es\\\/#\\\/schema\\\/logo\\\/image\\\/\",\"url\":\"https:\\\/\\\/iraurgiberritzen.eus\\\/wp-content\\\/uploads\\\/2024\\\/02\\\/IRAURGI-BERRITZEN-logotipoa_2.png\",\"contentUrl\":\"https:\\\/\\\/iraurgiberritzen.eus\\\/wp-content\\\/uploads\\\/2024\\\/02\\\/IRAURGI-BERRITZEN-logotipoa_2.png\",\"width\":496,\"height\":190,\"caption\":\"Iraurgi Berritzen\"},\"image\":{\"@id\":\"https:\\\/\\\/iraurgiberritzen.eus\\\/es\\\/#\\\/schema\\\/logo\\\/image\\\/\"}},{\"@type\":\"Person\",\"@id\":\"https:\\\/\\\/iraurgiberritzen.eus\\\/es\\\/#\\\/schema\\\/person\\\/a32c9825b3e2bfcbe757a97f6a15c8a5\",\"name\":\"ainara\"}]}<\/script>\n<!-- \/ Yoast SEO plugin. -->","yoast_head_json":{"title":"Jornada sobre las obligaciones y responsabilidades que tienen los administradores\/gestores de las empresas en el \u00e1mbito del derecho societario dirigida a las empresas de la comarca - Iraurgi Berritzen","robots":{"index":"index","follow":"follow","max-snippet":"max-snippet:-1","max-image-preview":"max-image-preview:large","max-video-preview":"max-video-preview:-1"},"canonical":"https:\/\/iraurgiberritzen.eus\/es\/20841\/","og_locale":"es_ES","og_type":"article","og_title":"Jornada sobre las obligaciones y responsabilidades que tienen los administradores\/gestores de las empresas en el \u00e1mbito del derecho societario dirigida a las empresas de la comarca - Iraurgi Berritzen","og_description":"Esta es la 4\u00aa jornada que se ha organizado dentro del programa Ikasiz 2024, propuesto por Enpresa Gunea de Iraurgi Berritzen. Se celebrar\u00e1 el 4 de julio, en formato on line, entre las 09:00 y las 11:00 horas, bajo el lema \u00abComo Administrador\/Gestor de Empresas, \u00bfqu\u00e9 obligaciones y responsabilidades tengo?\u201d. Dentro del programa Ikasiz 2024 [&hellip;]","og_url":"https:\/\/iraurgiberritzen.eus\/es\/20841\/","og_site_name":"Iraurgi Berritzen","article_published_time":"2024-06-26T07:25:26+00:00","article_modified_time":"2024-06-27T16:38:03+00:00","og_image":[{"width":800,"height":550,"url":"https:\/\/iraurgiberritzen.eus\/wp-content\/uploads\/2024\/06\/27-1.png","type":"image\/png"}],"author":"ainara","twitter_card":"summary_large_image","twitter_misc":{"Escrito por":"ainara","Tiempo de lectura":"2 minutos"},"schema":{"@context":"https:\/\/schema.org","@graph":[{"@type":"Article","@id":"https:\/\/iraurgiberritzen.eus\/es\/20841\/#article","isPartOf":{"@id":"https:\/\/iraurgiberritzen.eus\/es\/20841\/"},"author":{"name":"ainara","@id":"https:\/\/iraurgiberritzen.eus\/es\/#\/schema\/person\/a32c9825b3e2bfcbe757a97f6a15c8a5"},"headline":"Jornada sobre las obligaciones y responsabilidades que tienen los administradores\/gestores de las empresas en el \u00e1mbito del derecho societario dirigida a las empresas de la comarca","datePublished":"2024-06-26T07:25:26+00:00","dateModified":"2024-06-27T16:38:03+00:00","mainEntityOfPage":{"@id":"https:\/\/iraurgiberritzen.eus\/es\/20841\/"},"wordCount":346,"publisher":{"@id":"https:\/\/iraurgiberritzen.eus\/es\/#organization"},"image":{"@id":"https:\/\/iraurgiberritzen.eus\/es\/20841\/#primaryimage"},"thumbnailUrl":"https:\/\/iraurgiberritzen.eus\/wp-content\/uploads\/2024\/06\/27-1.png","articleSection":["Noticias"],"inLanguage":"es"},{"@type":"WebPage","@id":"https:\/\/iraurgiberritzen.eus\/es\/20841\/","url":"https:\/\/iraurgiberritzen.eus\/es\/20841\/","name":"Jornada sobre las obligaciones y responsabilidades que tienen los administradores\/gestores de las empresas en el \u00e1mbito del derecho societario dirigida a las empresas de la comarca - Iraurgi Berritzen","isPartOf":{"@id":"https:\/\/iraurgiberritzen.eus\/es\/#website"},"primaryImageOfPage":{"@id":"https:\/\/iraurgiberritzen.eus\/es\/20841\/#primaryimage"},"image":{"@id":"https:\/\/iraurgiberritzen.eus\/es\/20841\/#primaryimage"},"thumbnailUrl":"https:\/\/iraurgiberritzen.eus\/wp-content\/uploads\/2024\/06\/27-1.png","datePublished":"2024-06-26T07:25:26+00:00","dateModified":"2024-06-27T16:38:03+00:00","breadcrumb":{"@id":"https:\/\/iraurgiberritzen.eus\/es\/20841\/#breadcrumb"},"inLanguage":"es","potentialAction":[{"@type":"ReadAction","target":["https:\/\/iraurgiberritzen.eus\/es\/20841\/"]}]},{"@type":"ImageObject","inLanguage":"es","@id":"https:\/\/iraurgiberritzen.eus\/es\/20841\/#primaryimage","url":"https:\/\/iraurgiberritzen.eus\/wp-content\/uploads\/2024\/06\/27-1.png","contentUrl":"https:\/\/iraurgiberritzen.eus\/wp-content\/uploads\/2024\/06\/27-1.png","width":800,"height":550},{"@type":"BreadcrumbList","@id":"https:\/\/iraurgiberritzen.eus\/es\/20841\/#breadcrumb","itemListElement":[{"@type":"ListItem","position":1,"name":"Home","item":"https:\/\/iraurgiberritzen.eus\/es\/"},{"@type":"ListItem","position":2,"name":"Jornada sobre las obligaciones y responsabilidades que tienen los administradores\/gestores de las empresas en el \u00e1mbito del derecho societario dirigida a las empresas de la comarca"}]},{"@type":"WebSite","@id":"https:\/\/iraurgiberritzen.eus\/es\/#website","url":"https:\/\/iraurgiberritzen.eus\/es\/","name":"Iraurgi Berritzen","description":"Urola Erdiko Garapen Agentzia","publisher":{"@id":"https:\/\/iraurgiberritzen.eus\/es\/#organization"},"potentialAction":[{"@type":"SearchAction","target":{"@type":"EntryPoint","urlTemplate":"https:\/\/iraurgiberritzen.eus\/es\/?s={search_term_string}"},"query-input":{"@type":"PropertyValueSpecification","valueRequired":true,"valueName":"search_term_string"}}],"inLanguage":"es"},{"@type":"Organization","@id":"https:\/\/iraurgiberritzen.eus\/es\/#organization","name":"Iraurgi Berritzen","url":"https:\/\/iraurgiberritzen.eus\/es\/","logo":{"@type":"ImageObject","inLanguage":"es","@id":"https:\/\/iraurgiberritzen.eus\/es\/#\/schema\/logo\/image\/","url":"https:\/\/iraurgiberritzen.eus\/wp-content\/uploads\/2024\/02\/IRAURGI-BERRITZEN-logotipoa_2.png","contentUrl":"https:\/\/iraurgiberritzen.eus\/wp-content\/uploads\/2024\/02\/IRAURGI-BERRITZEN-logotipoa_2.png","width":496,"height":190,"caption":"Iraurgi Berritzen"},"image":{"@id":"https:\/\/iraurgiberritzen.eus\/es\/#\/schema\/logo\/image\/"}},{"@type":"Person","@id":"https:\/\/iraurgiberritzen.eus\/es\/#\/schema\/person\/a32c9825b3e2bfcbe757a97f6a15c8a5","name":"ainara"}]}},"_links":{"self":[{"href":"https:\/\/iraurgiberritzen.eus\/es\/wp-json\/wp\/v2\/posts\/20841","targetHints":{"allow":["GET"]}}],"collection":[{"href":"https:\/\/iraurgiberritzen.eus\/es\/wp-json\/wp\/v2\/posts"}],"about":[{"href":"https:\/\/iraurgiberritzen.eus\/es\/wp-json\/wp\/v2\/types\/post"}],"author":[{"embeddable":true,"href":"https:\/\/iraurgiberritzen.eus\/es\/wp-json\/wp\/v2\/users\/4"}],"replies":[{"embeddable":true,"href":"https:\/\/iraurgiberritzen.eus\/es\/wp-json\/wp\/v2\/comments?post=20841"}],"version-history":[{"count":20,"href":"https:\/\/iraurgiberritzen.eus\/es\/wp-json\/wp\/v2\/posts\/20841\/revisions"}],"predecessor-version":[{"id":20914,"href":"https:\/\/iraurgiberritzen.eus\/es\/wp-json\/wp\/v2\/posts\/20841\/revisions\/20914"}],"wp:featuredmedia":[{"embeddable":true,"href":"https:\/\/iraurgiberritzen.eus\/es\/wp-json\/wp\/v2\/media\/20846"}],"wp:attachment":[{"href":"https:\/\/iraurgiberritzen.eus\/es\/wp-json\/wp\/v2\/media?parent=20841"}],"wp:term":[{"taxonomy":"category","embeddable":true,"href":"https:\/\/iraurgiberritzen.eus\/es\/wp-json\/wp\/v2\/categories?post=20841"},{"taxonomy":"post_tag","embeddable":true,"href":"https:\/\/iraurgiberritzen.eus\/es\/wp-json\/wp\/v2\/tags?post=20841"}],"curies":[{"name":"wp","href":"https:\/\/api.w.org\/{rel}","templated":true}]}}