{"id":20865,"date":"2024-06-27T14:11:43","date_gmt":"2024-06-27T12:11:43","guid":{"rendered":"https:\/\/iraurgiberritzen.eus\/?p=20865"},"modified":"2024-06-29T19:57:48","modified_gmt":"2024-06-29T17:57:48","slug":"cooperacion-intercomarcal-para-promover-la-insercion-sociolaboral-inclusiva-en-azkoitia","status":"publish","type":"post","link":"https:\/\/iraurgiberritzen.eus\/es\/cooperacion-intercomarcal-para-promover-la-insercion-sociolaboral-inclusiva-en-azkoitia\/","title":{"rendered":"La Red de Inclusi\u00f3n Sociolaboral de Gipuzkoa se re\u00fane en Azkoitia para impulsar un nuevo convenio de colaboraci\u00f3n territorial"},"content":{"rendered":"<h5><span class=\"TextRun Highlight MacChromeBold SCXW147437649 BCX0\" lang=\"EU-ES\" xml:lang=\"EU-ES\" data-contrast=\"auto\"><span class=\"NormalTextRun SCXW147437649 BCX0\">Las <\/span><span class=\"NormalTextRun SpellingErrorV2Themed SCXW147437649 BCX0\">comarcas<\/span> <span class=\"NormalTextRun SpellingErrorV2Themed SCXW147437649 BCX0\">que<\/span> <span class=\"NormalTextRun SpellingErrorV2Themed SCXW147437649 BCX0\">conforman<\/span><span class=\"NormalTextRun SCXW147437649 BCX0\"> la Red \u201c<\/span><span class=\"NormalTextRun SpellingErrorV2Themed SCXW147437649 BCX0\">ElkarEkin<\/span><span class=\"NormalTextRun SCXW147437649 BCX0\"> Lanean\u201d <\/span><span class=\"NormalTextRun SpellingErrorV2Themed SCXW147437649 BCX0\">se<\/span><span class=\"NormalTextRun SCXW147437649 BCX0\"> han <\/span><span class=\"NormalTextRun SpellingErrorV2Themed SCXW147437649 BCX0\">reunido<\/span> <span class=\"NormalTextRun SpellingErrorV2Themed SCXW147437649 BCX0\">en<\/span><span class=\"NormalTextRun SCXW147437649 BCX0\"> la <\/span><span class=\"NormalTextRun SpellingErrorV2Themed SCXW147437649 BCX0\">sede<\/span><span class=\"NormalTextRun SCXW147437649 BCX0\"> de Iraurgi Berritzen <\/span><span class=\"NormalTextRun SpellingErrorV2Themed SCXW147437649 BCX0\">en<\/span><span class=\"NormalTextRun SCXW147437649 BCX0\"> el <\/span><span class=\"NormalTextRun SpellingErrorV2Themed SCXW147437649 BCX0\">marco<\/span><span class=\"NormalTextRun SCXW147437649 BCX0\"> del <\/span><span class=\"NormalTextRun SpellingErrorV2Themed SCXW147437649 BCX0\">convenio<\/span><span class=\"NormalTextRun SCXW147437649 BCX0\"> de <\/span><span class=\"NormalTextRun SpellingErrorV2Themed SCXW147437649 BCX0\">colaboraci\u00f3n<\/span> <span class=\"NormalTextRun SpellingErrorV2Themed SCXW147437649 BCX0\">territorial<\/span> <span class=\"NormalTextRun SpellingErrorV2Themed SCXW147437649 BCX0\">que<\/span> <span class=\"NormalTextRun SpellingErrorV2Themed SCXW147437649 BCX0\">se<\/span> <span class=\"NormalTextRun SpellingErrorV2Themed SCXW147437649 BCX0\">concretar\u00e1<\/span> <span class=\"NormalTextRun SpellingErrorV2Themed SCXW147437649 BCX0\">en<\/span><span class=\"NormalTextRun SCXW147437649 BCX0\"> el <\/span><span class=\"NormalTextRun SpellingErrorV2Themed SCXW147437649 BCX0\">\u00e1mbito<\/span><span class=\"NormalTextRun SCXW147437649 BCX0\"> del <\/span><span class=\"NormalTextRun SpellingErrorV2Themed SCXW147437649 BCX0\">empleo<\/span> <span class=\"NormalTextRun SpellingErrorV2Themed SCXW147437649 BCX0\">inclusivo<\/span><span class=\"NormalTextRun SCXW147437649 BCX0\"> para los <\/span><span class=\"NormalTextRun SpellingErrorV2Themed SCXW147437649 BCX0\">pr\u00f3ximos<\/span> <span class=\"NormalTextRun SpellingErrorV2Themed SCXW147437649 BCX0\">a\u00f1os<\/span><span class=\"NormalTextRun SCXW147437649 BCX0\">.\u00a0<\/span><\/span><span class=\"EOP SCXW147437649 BCX0\" data-ccp-props=\"{&quot;134233117&quot;:false,&quot;134233118&quot;:false,&quot;201341983&quot;:0,&quot;335551550&quot;:6,&quot;335551620&quot;:6,&quot;335559738&quot;:0,&quot;335559739&quot;:0,&quot;335559740&quot;:279}\">\u00a0<\/span><\/h5>\n<p>Representantes de las diferentes Agencias de Desarrollo Comarcal y de la Diputaci\u00f3n Foral de Gipuzkoa, se han reunido en el marco de la Estrategia ElkarEkin Lanean , con el objetivo de revisar el desempe\u00f1o del convenio actual y definir criterios del nuevo convenio de colaboraci\u00f3n para los pr\u00f3ximos a\u00f1os.<\/p>\n<p>Elkar-EKIN Lanean, es una estrategia impulsada por la Diputaci\u00f3n Foral de Gipuzkoa de cara\u0301cter multiagente y multinivel, que se desarrolla implicando a todos los agentes que conforman el ecosistema del empleo de Gipuzkoa, a trave\u0301s de la cooperacio\u0301n y cocreacio\u0301n tanto del a\u0301mbito institucional como de los agentes sociales y del tercer sector.<\/p>\n<p>El objetivo es hacer de Gipuzkoa, un territorio inclusivo que apuesta por un Modelo Avanzado de Desarrollo Econo\u0301mico y Social, cuyas empresas son competitivas, y que favorecen el empleo de calidad e inclusivo de todas las personas, con especial consideracio\u0301n a las personas que se encuentran en situacio\u0301n y\/o riesgo de exclusio\u0301n, con un grado de empleabilidad medio-bajo y personas en situacio\u0301n de precariedad laboral. Y para ello es indispensable trabajar con una doble orientacio\u0301n: una dirigida a las empresas; y otra, dirigida a las personas. Pero sin olvidarnos, de otros dos ejes esenciales: el territorio y las comarcas, y los sectores de actividad.<\/p>\n<p>En la reuni\u00f3n que se celebr\u00f3 ayer, se subray\u00f3 la importancia de los resultados que se est\u00e1n obteniendo a nivel de territorio gracias a la implementaci\u00f3n de esta estrategia, y la necesidad de continuar en este marco de colaboraci\u00f3n, con el dise\u00f1o de un nuevo convenio de colaboraci\u00f3n para los pr\u00f3ximos a\u00f1os, que incorpore nuevas propuestas y mejoras de los agentes participantes, adaptadas a la realidad de las comarcas.<\/p>\n<p>En esta l\u00ednea, en la comarca de Urola Erdia, <strong>en los \u00faltimos dos a\u00f1os<\/strong>, se est\u00e1n obteniendo resultados muy positivos gracias al proyecto UrolanEkin ejecutado en este marco, con la<strong> puesta en marcha de 14 nuevos itinerarios de formaci\u00f3n sociolaboral<\/strong> de competencias transversales y t\u00e9cnicas, y que junto a acciones de intermediaci\u00f3n con las empresas, ha hecho posible que <strong>cerca de 60 personas en riesgo de exclusi\u00f3n, hayan sido insertadas laboralmente en Urola Erdia en empleos de calidad<\/strong>.<\/p>\n","protected":false},"excerpt":{"rendered":"<p>Las comarcas que conforman la Red \u201cElkarEkin Lanean\u201d se han reunido en la sede de Iraurgi Berritzen en el marco del convenio de colaboraci\u00f3n territorial que se concretar\u00e1 en el \u00e1mbito del empleo inclusivo para los pr\u00f3ximos a\u00f1os.\u00a0\u00a0 Representantes de las diferentes Agencias de Desarrollo Comarcal y de la Diputaci\u00f3n Foral de Gipuzkoa, se han [&hellip;]<\/p>\n","protected":false},"author":4,"featured_media":20928,"comment_status":"closed","ping_status":"closed","sticky":false,"template":"","format":"standard","meta":{"_acf_changed":false,"footnotes":""},"categories":[4],"tags":[],"class_list":["post-20865","post","type-post","status-publish","format-standard","has-post-thumbnail","hentry","category-noticias","arloak-empleo"],"acf":[],"yoast_head":"<!-- This site is optimized with the Yoast SEO plugin v27.4 - https:\/\/yoast.com\/product\/yoast-seo-wordpress\/ -->\n<title>La Red de Inclusi\u00f3n Sociolaboral de Gipuzkoa se re\u00fane en Azkoitia para impulsar un nuevo convenio de colaboraci\u00f3n territorial - Iraurgi Berritzen<\/title>\n<meta name=\"robots\" content=\"index, follow, max-snippet:-1, max-image-preview:large, max-video-preview:-1\" \/>\n<link rel=\"canonical\" href=\"https:\/\/iraurgiberritzen.eus\/es\/cooperacion-intercomarcal-para-promover-la-insercion-sociolaboral-inclusiva-en-azkoitia\/\" \/>\n<meta property=\"og:locale\" content=\"es_ES\" \/>\n<meta property=\"og:type\" content=\"article\" \/>\n<meta property=\"og:title\" content=\"La Red de Inclusi\u00f3n Sociolaboral de Gipuzkoa se re\u00fane en Azkoitia para impulsar un nuevo convenio de colaboraci\u00f3n territorial - Iraurgi Berritzen\" \/>\n<meta property=\"og:description\" content=\"Las comarcas que conforman la Red \u201cElkarEkin Lanean\u201d se han reunido en la sede de Iraurgi Berritzen en el marco del convenio de colaboraci\u00f3n territorial que se concretar\u00e1 en el \u00e1mbito del empleo inclusivo para los pr\u00f3ximos a\u00f1os.\u00a0\u00a0 Representantes de las diferentes Agencias de Desarrollo Comarcal y de la Diputaci\u00f3n Foral de Gipuzkoa, se han [&hellip;]\" \/>\n<meta property=\"og:url\" content=\"https:\/\/iraurgiberritzen.eus\/es\/cooperacion-intercomarcal-para-promover-la-insercion-sociolaboral-inclusiva-en-azkoitia\/\" \/>\n<meta property=\"og:site_name\" content=\"Iraurgi Berritzen\" \/>\n<meta property=\"article:published_time\" content=\"2024-06-27T12:11:43+00:00\" \/>\n<meta property=\"article:modified_time\" content=\"2024-06-29T17:57:48+00:00\" \/>\n<meta property=\"og:image\" content=\"https:\/\/iraurgiberritzen.eus\/wp-content\/uploads\/2024\/06\/PORTADA-IB-WEB-800-x-550-px-34.png\" \/>\n\t<meta property=\"og:image:width\" content=\"800\" \/>\n\t<meta property=\"og:image:height\" content=\"550\" \/>\n\t<meta property=\"og:image:type\" content=\"image\/png\" \/>\n<meta name=\"author\" content=\"ainara\" \/>\n<meta name=\"twitter:card\" content=\"summary_large_image\" \/>\n<meta name=\"twitter:label1\" content=\"Escrito por\" \/>\n\t<meta name=\"twitter:data1\" content=\"ainara\" \/>\n\t<meta name=\"twitter:label2\" content=\"Tiempo de lectura\" \/>\n\t<meta name=\"twitter:data2\" content=\"3 minutos\" \/>\n<script type=\"application\/ld+json\" class=\"yoast-schema-graph\">{\"@context\":\"https:\\\/\\\/schema.org\",\"@graph\":[{\"@type\":\"Article\",\"@id\":\"https:\\\/\\\/iraurgiberritzen.eus\\\/es\\\/cooperacion-intercomarcal-para-promover-la-insercion-sociolaboral-inclusiva-en-azkoitia\\\/#article\",\"isPartOf\":{\"@id\":\"https:\\\/\\\/iraurgiberritzen.eus\\\/es\\\/cooperacion-intercomarcal-para-promover-la-insercion-sociolaboral-inclusiva-en-azkoitia\\\/\"},\"author\":{\"name\":\"ainara\",\"@id\":\"https:\\\/\\\/iraurgiberritzen.eus\\\/es\\\/#\\\/schema\\\/person\\\/a32c9825b3e2bfcbe757a97f6a15c8a5\"},\"headline\":\"La Red de Inclusi\u00f3n Sociolaboral de Gipuzkoa se re\u00fane en Azkoitia para impulsar un nuevo convenio de colaboraci\u00f3n territorial\",\"datePublished\":\"2024-06-27T12:11:43+00:00\",\"dateModified\":\"2024-06-29T17:57:48+00:00\",\"mainEntityOfPage\":{\"@id\":\"https:\\\/\\\/iraurgiberritzen.eus\\\/es\\\/cooperacion-intercomarcal-para-promover-la-insercion-sociolaboral-inclusiva-en-azkoitia\\\/\"},\"wordCount\":446,\"publisher\":{\"@id\":\"https:\\\/\\\/iraurgiberritzen.eus\\\/es\\\/#organization\"},\"image\":{\"@id\":\"https:\\\/\\\/iraurgiberritzen.eus\\\/es\\\/cooperacion-intercomarcal-para-promover-la-insercion-sociolaboral-inclusiva-en-azkoitia\\\/#primaryimage\"},\"thumbnailUrl\":\"https:\\\/\\\/iraurgiberritzen.eus\\\/wp-content\\\/uploads\\\/2024\\\/06\\\/PORTADA-IB-WEB-800-x-550-px-34.png\",\"articleSection\":[\"Noticias\"],\"inLanguage\":\"es\"},{\"@type\":\"WebPage\",\"@id\":\"https:\\\/\\\/iraurgiberritzen.eus\\\/es\\\/cooperacion-intercomarcal-para-promover-la-insercion-sociolaboral-inclusiva-en-azkoitia\\\/\",\"url\":\"https:\\\/\\\/iraurgiberritzen.eus\\\/es\\\/cooperacion-intercomarcal-para-promover-la-insercion-sociolaboral-inclusiva-en-azkoitia\\\/\",\"name\":\"La Red de Inclusi\u00f3n Sociolaboral de Gipuzkoa se re\u00fane en Azkoitia para impulsar un nuevo convenio de colaboraci\u00f3n territorial - Iraurgi Berritzen\",\"isPartOf\":{\"@id\":\"https:\\\/\\\/iraurgiberritzen.eus\\\/es\\\/#website\"},\"primaryImageOfPage\":{\"@id\":\"https:\\\/\\\/iraurgiberritzen.eus\\\/es\\\/cooperacion-intercomarcal-para-promover-la-insercion-sociolaboral-inclusiva-en-azkoitia\\\/#primaryimage\"},\"image\":{\"@id\":\"https:\\\/\\\/iraurgiberritzen.eus\\\/es\\\/cooperacion-intercomarcal-para-promover-la-insercion-sociolaboral-inclusiva-en-azkoitia\\\/#primaryimage\"},\"thumbnailUrl\":\"https:\\\/\\\/iraurgiberritzen.eus\\\/wp-content\\\/uploads\\\/2024\\\/06\\\/PORTADA-IB-WEB-800-x-550-px-34.png\",\"datePublished\":\"2024-06-27T12:11:43+00:00\",\"dateModified\":\"2024-06-29T17:57:48+00:00\",\"breadcrumb\":{\"@id\":\"https:\\\/\\\/iraurgiberritzen.eus\\\/es\\\/cooperacion-intercomarcal-para-promover-la-insercion-sociolaboral-inclusiva-en-azkoitia\\\/#breadcrumb\"},\"inLanguage\":\"es\",\"potentialAction\":[{\"@type\":\"ReadAction\",\"target\":[\"https:\\\/\\\/iraurgiberritzen.eus\\\/es\\\/cooperacion-intercomarcal-para-promover-la-insercion-sociolaboral-inclusiva-en-azkoitia\\\/\"]}]},{\"@type\":\"ImageObject\",\"inLanguage\":\"es\",\"@id\":\"https:\\\/\\\/iraurgiberritzen.eus\\\/es\\\/cooperacion-intercomarcal-para-promover-la-insercion-sociolaboral-inclusiva-en-azkoitia\\\/#primaryimage\",\"url\":\"https:\\\/\\\/iraurgiberritzen.eus\\\/wp-content\\\/uploads\\\/2024\\\/06\\\/PORTADA-IB-WEB-800-x-550-px-34.png\",\"contentUrl\":\"https:\\\/\\\/iraurgiberritzen.eus\\\/wp-content\\\/uploads\\\/2024\\\/06\\\/PORTADA-IB-WEB-800-x-550-px-34.png\",\"width\":800,\"height\":550},{\"@type\":\"BreadcrumbList\",\"@id\":\"https:\\\/\\\/iraurgiberritzen.eus\\\/es\\\/cooperacion-intercomarcal-para-promover-la-insercion-sociolaboral-inclusiva-en-azkoitia\\\/#breadcrumb\",\"itemListElement\":[{\"@type\":\"ListItem\",\"position\":1,\"name\":\"Home\",\"item\":\"https:\\\/\\\/iraurgiberritzen.eus\\\/es\\\/\"},{\"@type\":\"ListItem\",\"position\":2,\"name\":\"La Red de Inclusi\u00f3n Sociolaboral de Gipuzkoa se re\u00fane en Azkoitia para impulsar un nuevo convenio de colaboraci\u00f3n territorial\"}]},{\"@type\":\"WebSite\",\"@id\":\"https:\\\/\\\/iraurgiberritzen.eus\\\/es\\\/#website\",\"url\":\"https:\\\/\\\/iraurgiberritzen.eus\\\/es\\\/\",\"name\":\"Iraurgi Berritzen\",\"description\":\"Urola Erdiko Garapen Agentzia\",\"publisher\":{\"@id\":\"https:\\\/\\\/iraurgiberritzen.eus\\\/es\\\/#organization\"},\"potentialAction\":[{\"@type\":\"SearchAction\",\"target\":{\"@type\":\"EntryPoint\",\"urlTemplate\":\"https:\\\/\\\/iraurgiberritzen.eus\\\/es\\\/?s={search_term_string}\"},\"query-input\":{\"@type\":\"PropertyValueSpecification\",\"valueRequired\":true,\"valueName\":\"search_term_string\"}}],\"inLanguage\":\"es\"},{\"@type\":\"Organization\",\"@id\":\"https:\\\/\\\/iraurgiberritzen.eus\\\/es\\\/#organization\",\"name\":\"Iraurgi Berritzen\",\"url\":\"https:\\\/\\\/iraurgiberritzen.eus\\\/es\\\/\",\"logo\":{\"@type\":\"ImageObject\",\"inLanguage\":\"es\",\"@id\":\"https:\\\/\\\/iraurgiberritzen.eus\\\/es\\\/#\\\/schema\\\/logo\\\/image\\\/\",\"url\":\"https:\\\/\\\/iraurgiberritzen.eus\\\/wp-content\\\/uploads\\\/2024\\\/02\\\/IRAURGI-BERRITZEN-logotipoa_2.png\",\"contentUrl\":\"https:\\\/\\\/iraurgiberritzen.eus\\\/wp-content\\\/uploads\\\/2024\\\/02\\\/IRAURGI-BERRITZEN-logotipoa_2.png\",\"width\":496,\"height\":190,\"caption\":\"Iraurgi Berritzen\"},\"image\":{\"@id\":\"https:\\\/\\\/iraurgiberritzen.eus\\\/es\\\/#\\\/schema\\\/logo\\\/image\\\/\"}},{\"@type\":\"Person\",\"@id\":\"https:\\\/\\\/iraurgiberritzen.eus\\\/es\\\/#\\\/schema\\\/person\\\/a32c9825b3e2bfcbe757a97f6a15c8a5\",\"name\":\"ainara\"}]}<\/script>\n<!-- \/ Yoast SEO plugin. -->","yoast_head_json":{"title":"La Red de Inclusi\u00f3n Sociolaboral de Gipuzkoa se re\u00fane en Azkoitia para impulsar un nuevo convenio de colaboraci\u00f3n territorial - Iraurgi Berritzen","robots":{"index":"index","follow":"follow","max-snippet":"max-snippet:-1","max-image-preview":"max-image-preview:large","max-video-preview":"max-video-preview:-1"},"canonical":"https:\/\/iraurgiberritzen.eus\/es\/cooperacion-intercomarcal-para-promover-la-insercion-sociolaboral-inclusiva-en-azkoitia\/","og_locale":"es_ES","og_type":"article","og_title":"La Red de Inclusi\u00f3n Sociolaboral de Gipuzkoa se re\u00fane en Azkoitia para impulsar un nuevo convenio de colaboraci\u00f3n territorial - Iraurgi Berritzen","og_description":"Las comarcas que conforman la Red \u201cElkarEkin Lanean\u201d se han reunido en la sede de Iraurgi Berritzen en el marco del convenio de colaboraci\u00f3n territorial que se concretar\u00e1 en el \u00e1mbito del empleo inclusivo para los pr\u00f3ximos a\u00f1os.\u00a0\u00a0 Representantes de las diferentes Agencias de Desarrollo Comarcal y de la Diputaci\u00f3n Foral de Gipuzkoa, se han [&hellip;]","og_url":"https:\/\/iraurgiberritzen.eus\/es\/cooperacion-intercomarcal-para-promover-la-insercion-sociolaboral-inclusiva-en-azkoitia\/","og_site_name":"Iraurgi Berritzen","article_published_time":"2024-06-27T12:11:43+00:00","article_modified_time":"2024-06-29T17:57:48+00:00","og_image":[{"width":800,"height":550,"url":"https:\/\/iraurgiberritzen.eus\/wp-content\/uploads\/2024\/06\/PORTADA-IB-WEB-800-x-550-px-34.png","type":"image\/png"}],"author":"ainara","twitter_card":"summary_large_image","twitter_misc":{"Escrito por":"ainara","Tiempo de lectura":"3 minutos"},"schema":{"@context":"https:\/\/schema.org","@graph":[{"@type":"Article","@id":"https:\/\/iraurgiberritzen.eus\/es\/cooperacion-intercomarcal-para-promover-la-insercion-sociolaboral-inclusiva-en-azkoitia\/#article","isPartOf":{"@id":"https:\/\/iraurgiberritzen.eus\/es\/cooperacion-intercomarcal-para-promover-la-insercion-sociolaboral-inclusiva-en-azkoitia\/"},"author":{"name":"ainara","@id":"https:\/\/iraurgiberritzen.eus\/es\/#\/schema\/person\/a32c9825b3e2bfcbe757a97f6a15c8a5"},"headline":"La Red de Inclusi\u00f3n Sociolaboral de Gipuzkoa se re\u00fane en Azkoitia para impulsar un nuevo convenio de colaboraci\u00f3n territorial","datePublished":"2024-06-27T12:11:43+00:00","dateModified":"2024-06-29T17:57:48+00:00","mainEntityOfPage":{"@id":"https:\/\/iraurgiberritzen.eus\/es\/cooperacion-intercomarcal-para-promover-la-insercion-sociolaboral-inclusiva-en-azkoitia\/"},"wordCount":446,"publisher":{"@id":"https:\/\/iraurgiberritzen.eus\/es\/#organization"},"image":{"@id":"https:\/\/iraurgiberritzen.eus\/es\/cooperacion-intercomarcal-para-promover-la-insercion-sociolaboral-inclusiva-en-azkoitia\/#primaryimage"},"thumbnailUrl":"https:\/\/iraurgiberritzen.eus\/wp-content\/uploads\/2024\/06\/PORTADA-IB-WEB-800-x-550-px-34.png","articleSection":["Noticias"],"inLanguage":"es"},{"@type":"WebPage","@id":"https:\/\/iraurgiberritzen.eus\/es\/cooperacion-intercomarcal-para-promover-la-insercion-sociolaboral-inclusiva-en-azkoitia\/","url":"https:\/\/iraurgiberritzen.eus\/es\/cooperacion-intercomarcal-para-promover-la-insercion-sociolaboral-inclusiva-en-azkoitia\/","name":"La Red de Inclusi\u00f3n Sociolaboral de Gipuzkoa se re\u00fane en Azkoitia para impulsar un nuevo convenio de colaboraci\u00f3n territorial - Iraurgi Berritzen","isPartOf":{"@id":"https:\/\/iraurgiberritzen.eus\/es\/#website"},"primaryImageOfPage":{"@id":"https:\/\/iraurgiberritzen.eus\/es\/cooperacion-intercomarcal-para-promover-la-insercion-sociolaboral-inclusiva-en-azkoitia\/#primaryimage"},"image":{"@id":"https:\/\/iraurgiberritzen.eus\/es\/cooperacion-intercomarcal-para-promover-la-insercion-sociolaboral-inclusiva-en-azkoitia\/#primaryimage"},"thumbnailUrl":"https:\/\/iraurgiberritzen.eus\/wp-content\/uploads\/2024\/06\/PORTADA-IB-WEB-800-x-550-px-34.png","datePublished":"2024-06-27T12:11:43+00:00","dateModified":"2024-06-29T17:57:48+00:00","breadcrumb":{"@id":"https:\/\/iraurgiberritzen.eus\/es\/cooperacion-intercomarcal-para-promover-la-insercion-sociolaboral-inclusiva-en-azkoitia\/#breadcrumb"},"inLanguage":"es","potentialAction":[{"@type":"ReadAction","target":["https:\/\/iraurgiberritzen.eus\/es\/cooperacion-intercomarcal-para-promover-la-insercion-sociolaboral-inclusiva-en-azkoitia\/"]}]},{"@type":"ImageObject","inLanguage":"es","@id":"https:\/\/iraurgiberritzen.eus\/es\/cooperacion-intercomarcal-para-promover-la-insercion-sociolaboral-inclusiva-en-azkoitia\/#primaryimage","url":"https:\/\/iraurgiberritzen.eus\/wp-content\/uploads\/2024\/06\/PORTADA-IB-WEB-800-x-550-px-34.png","contentUrl":"https:\/\/iraurgiberritzen.eus\/wp-content\/uploads\/2024\/06\/PORTADA-IB-WEB-800-x-550-px-34.png","width":800,"height":550},{"@type":"BreadcrumbList","@id":"https:\/\/iraurgiberritzen.eus\/es\/cooperacion-intercomarcal-para-promover-la-insercion-sociolaboral-inclusiva-en-azkoitia\/#breadcrumb","itemListElement":[{"@type":"ListItem","position":1,"name":"Home","item":"https:\/\/iraurgiberritzen.eus\/es\/"},{"@type":"ListItem","position":2,"name":"La Red de Inclusi\u00f3n Sociolaboral de Gipuzkoa se re\u00fane en Azkoitia para impulsar un nuevo convenio de colaboraci\u00f3n territorial"}]},{"@type":"WebSite","@id":"https:\/\/iraurgiberritzen.eus\/es\/#website","url":"https:\/\/iraurgiberritzen.eus\/es\/","name":"Iraurgi Berritzen","description":"Urola Erdiko Garapen Agentzia","publisher":{"@id":"https:\/\/iraurgiberritzen.eus\/es\/#organization"},"potentialAction":[{"@type":"SearchAction","target":{"@type":"EntryPoint","urlTemplate":"https:\/\/iraurgiberritzen.eus\/es\/?s={search_term_string}"},"query-input":{"@type":"PropertyValueSpecification","valueRequired":true,"valueName":"search_term_string"}}],"inLanguage":"es"},{"@type":"Organization","@id":"https:\/\/iraurgiberritzen.eus\/es\/#organization","name":"Iraurgi Berritzen","url":"https:\/\/iraurgiberritzen.eus\/es\/","logo":{"@type":"ImageObject","inLanguage":"es","@id":"https:\/\/iraurgiberritzen.eus\/es\/#\/schema\/logo\/image\/","url":"https:\/\/iraurgiberritzen.eus\/wp-content\/uploads\/2024\/02\/IRAURGI-BERRITZEN-logotipoa_2.png","contentUrl":"https:\/\/iraurgiberritzen.eus\/wp-content\/uploads\/2024\/02\/IRAURGI-BERRITZEN-logotipoa_2.png","width":496,"height":190,"caption":"Iraurgi Berritzen"},"image":{"@id":"https:\/\/iraurgiberritzen.eus\/es\/#\/schema\/logo\/image\/"}},{"@type":"Person","@id":"https:\/\/iraurgiberritzen.eus\/es\/#\/schema\/person\/a32c9825b3e2bfcbe757a97f6a15c8a5","name":"ainara"}]}},"_links":{"self":[{"href":"https:\/\/iraurgiberritzen.eus\/es\/wp-json\/wp\/v2\/posts\/20865","targetHints":{"allow":["GET"]}}],"collection":[{"href":"https:\/\/iraurgiberritzen.eus\/es\/wp-json\/wp\/v2\/posts"}],"about":[{"href":"https:\/\/iraurgiberritzen.eus\/es\/wp-json\/wp\/v2\/types\/post"}],"author":[{"embeddable":true,"href":"https:\/\/iraurgiberritzen.eus\/es\/wp-json\/wp\/v2\/users\/4"}],"replies":[{"embeddable":true,"href":"https:\/\/iraurgiberritzen.eus\/es\/wp-json\/wp\/v2\/comments?post=20865"}],"version-history":[{"count":4,"href":"https:\/\/iraurgiberritzen.eus\/es\/wp-json\/wp\/v2\/posts\/20865\/revisions"}],"predecessor-version":[{"id":20929,"href":"https:\/\/iraurgiberritzen.eus\/es\/wp-json\/wp\/v2\/posts\/20865\/revisions\/20929"}],"wp:featuredmedia":[{"embeddable":true,"href":"https:\/\/iraurgiberritzen.eus\/es\/wp-json\/wp\/v2\/media\/20928"}],"wp:attachment":[{"href":"https:\/\/iraurgiberritzen.eus\/es\/wp-json\/wp\/v2\/media?parent=20865"}],"wp:term":[{"taxonomy":"category","embeddable":true,"href":"https:\/\/iraurgiberritzen.eus\/es\/wp-json\/wp\/v2\/categories?post=20865"},{"taxonomy":"post_tag","embeddable":true,"href":"https:\/\/iraurgiberritzen.eus\/es\/wp-json\/wp\/v2\/tags?post=20865"}],"curies":[{"name":"wp","href":"https:\/\/api.w.org\/{rel}","templated":true}]}}