{"id":20953,"date":"2024-07-12T12:17:47","date_gmt":"2024-07-12T10:17:47","guid":{"rendered":"https:\/\/iraurgiberritzen.eus\/?p=20953"},"modified":"2024-07-12T12:16:35","modified_gmt":"2024-07-12T10:16:35","slug":"definiendo-el-futuro-del-turismo-de-urola-erdia","status":"publish","type":"post","link":"https:\/\/iraurgiberritzen.eus\/es\/definiendo-el-futuro-del-turismo-de-urola-erdia\/","title":{"rendered":"Definiendo el futuro del Turismo de Urola Erdia"},"content":{"rendered":"<h5><span class=\"LineBreakBlob BlobObject DragDrop SCXW9113499 BCX0\"><span class=\"NormalTextRun SCXW97921678 BCX0\">En la reuni\u00f3n que se ha celebrado en el Palacio <\/span><span class=\"NormalTextRun SpellingErrorV2Themed SCXW97921678 BCX0\">Basazabal<\/span><span class=\"NormalTextRun SCXW97921678 BCX0\"> los agentes que conforman Turismo <\/span><span class=\"NormalTextRun SpellingErrorV2Themed SCXW97921678 BCX0\">Gunea<\/span><span class=\"NormalTextRun SCXW97921678 BCX0\"> han aprobado por unanimidad el Plan Estrat\u00e9gico de Turismo de la comarca<\/span><span class=\"NormalTextRun SCXW97921678 BCX0\">.<\/span><\/span><\/h5>\n<p><span class=\"LineBreakBlob BlobObject DragDrop SCXW9113499 BCX0\"><span class=\"SCXW9113499 BCX0\">\u00a0<\/span><br class=\"SCXW9113499 BCX0\" \/><\/span><span class=\"TextRun SCXW9113499 BCX0\" lang=\"ES-ES\" xml:lang=\"ES-ES\" data-contrast=\"none\"><span class=\"NormalTextRun SCXW9113499 BCX0\">El 12 de julio se ha celebrado <\/span><span class=\"NormalTextRun SCXW9113499 BCX0\">la reuni\u00f3n de Turismo <\/span><span class=\"NormalTextRun SpellingErrorV2Themed SCXW9113499 BCX0\">Gunea<\/span><span class=\"NormalTextRun SCXW9113499 BCX0\"> en el Palacio <\/span><span class=\"NormalTextRun SpellingErrorV2Themed SCXW9113499 BCX0\">Basazabal<\/span><span class=\"NormalTextRun SCXW9113499 BCX0\"> de Azpeitia.<\/span> <span class=\"NormalTextRun SCXW9113499 BCX0\">Este espacio <\/span><span class=\"NormalTextRun SCXW9113499 BCX0\">que se coordina desde el \u00e1rea de Turismo de <\/span><span class=\"NormalTextRun SpellingErrorV2Themed SCXW9113499 BCX0\">Iraurgi<\/span> <span class=\"NormalTextRun SpellingErrorV2Themed SCXW9113499 BCX0\">Berritzen<\/span><span class=\"NormalTextRun SCXW9113499 BCX0\"> l<\/span><span class=\"NormalTextRun SCXW9113499 BCX0\">o conforman l<\/span><span class=\"NormalTextRun SCXW9113499 BCX0\">os ayuntamientos de la comarca, una delegaci\u00f3n de agentes tur\u00edsticos locales, <\/span><span class=\"NormalTextRun SCXW9113499 BCX0\">un<\/span><span class=\"NormalTextRun SCXW9113499 BCX0\"> r<\/span><span class=\"NormalTextRun SCXW9113499 BCX0\">epresentante de <\/span><span class=\"NormalTextRun SCXW9113499 BCX0\">la Agencia Vasca de Turismo <\/span><span class=\"NormalTextRun SpellingErrorV2Themed SCXW9113499 BCX0\">Basquetour<\/span><span class=\"NormalTextRun SCXW9113499 BCX0\"> y<\/span><span class=\"NormalTextRun SCXW9113499 BCX0\"> otr<\/span><span class=\"NormalTextRun SCXW9113499 BCX0\">o del<\/span><span class=\"NormalTextRun SCXW9113499 BCX0\"> Departamento de Turismo de la Diputaci\u00f3n Foral de Gipuzkoa conforman <\/span><\/span><span class=\"LineBreakBlob BlobObject DragDrop SCXW9113499 BCX0\"><span class=\"SCXW9113499 BCX0\">\u00a0<\/span><br class=\"SCXW9113499 BCX0\" \/><\/span><span class=\"LineBreakBlob BlobObject DragDrop SCXW9113499 BCX0\"><span class=\"SCXW9113499 BCX0\">\u00a0<\/span><br class=\"SCXW9113499 BCX0\" \/><\/span><span class=\"TextRun SCXW9113499 BCX0\" lang=\"ES-ES\" xml:lang=\"ES-ES\" data-contrast=\"none\"><span class=\"NormalTextRun SCXW9113499 BCX0\">El punto principal <\/span><span class=\"NormalTextRun SCXW9113499 BCX0\">del orden del d\u00eda<\/span><span class=\"NormalTextRun SCXW9113499 BCX0\"> de esta reuni\u00f3n de julio ha sido el an\u00e1lisis y validaci\u00f3n del Plan Estrat\u00e9gico de Turismo de la comarca <\/span><span class=\"NormalTextRun SCXW9113499 BCX0\">de<\/span> <span class=\"NormalTextRun SpellingErrorV2Themed SCXW9113499 BCX0\">Urola<\/span> <span class=\"NormalTextRun SpellingErrorV2Themed SCXW9113499 BCX0\">Erdia<\/span><span class=\"NormalTextRun SCXW9113499 BCX0\">.<\/span><span class=\"NormalTextRun SCXW9113499 BCX0\"> La elaboraci\u00f3n del Plan Estrat\u00e9gico Comarcal fue una de las tareas extra\u00eddas en la Reflexi\u00f3n Estrat\u00e9gica de la Socioeconom\u00eda Comarcal UE22-27. Durante los seis primeros meses de 2024 se ha <\/span><span class=\"NormalTextRun SCXW9113499 BCX0\">trabajado en<\/span><span class=\"NormalTextRun SCXW9113499 BCX0\"> el desarrollo de este plan con el apoyo de una asesor\u00eda externa, cuyos resultados se han presentado en <\/span><span class=\"NormalTextRun SCXW9113499 BCX0\">este <\/span><span class=\"NormalTextRun SpellingErrorV2Themed SCXW9113499 BCX0\">Gu<\/span><span class=\"NormalTextRun SpellingErrorV2Themed SCXW9113499 BCX0\">ne<\/span><span class=\"NormalTextRun SCXW9113499 BCX0\"> p<\/span><span class=\"NormalTextRun SCXW9113499 BCX0\">ara su validaci\u00f3n y aprobaci\u00f3n.<\/span><\/span><span class=\"LineBreakBlob BlobObject DragDrop SCXW9113499 BCX0\"><span class=\"SCXW9113499 BCX0\">\u00a0<\/span><\/span><span class=\"LineBreakBlob BlobObject DragDrop SCXW9113499 BCX0\"><br class=\"SCXW9113499 BCX0\" \/><\/span><span class=\"LineBreakBlob BlobObject DragDrop SCXW9113499 BCX0\"><br class=\"SCXW9113499 BCX0\" \/><\/span><span class=\"TextRun SCXW9113499 BCX0\" lang=\"ES-ES\" xml:lang=\"ES-ES\" data-contrast=\"none\"><span class=\"NormalTextRun SCXW9113499 BCX0\">Una vez pasado este tr\u00e1mite, en oto\u00f1o de 2024 se dise\u00f1ar\u00e1 un<\/span><span class=\"NormalTextRun SCXW9113499 BCX0\">a planificaci\u00f3n <\/span><span class=\"NormalTextRun SCXW9113499 BCX0\">para que las acciones definidas en el Plan Estrat\u00e9gico de Turismo puedan ser <\/span><span class=\"NormalTextRun SCXW9113499 BCX0\">ejecutadas <\/span><span class=\"NormalTextRun SCXW9113499 BCX0\">y<\/span><span class=\"NormalTextRun SCXW9113499 BCX0\"> evaluadas <\/span><span class=\"NormalTextRun SCXW9113499 BCX0\">entre 2025 y 2027<\/span><span class=\"NormalTextRun SCXW9113499 BCX0\">.<\/span><\/span><span class=\"EOP SCXW9113499 BCX0\" data-ccp-props=\"{&quot;134233117&quot;:false,&quot;134233118&quot;:false,&quot;201341983&quot;:0,&quot;335551550&quot;:1,&quot;335551620&quot;:1,&quot;335557856&quot;:16777215,&quot;335559685&quot;:0,&quot;335559737&quot;:0,&quot;335559738&quot;:0,&quot;335559739&quot;:0,&quot;335559740&quot;:279}\">\u00a0<\/span><\/p>\n","protected":false},"excerpt":{"rendered":"<p>En la reuni\u00f3n que se ha celebrado en el Palacio Basazabal los agentes que conforman Turismo Gunea han aprobado por unanimidad el Plan Estrat\u00e9gico de Turismo de la comarca. \u00a0El 12 de julio se ha celebrado la reuni\u00f3n de Turismo Gunea en el Palacio Basazabal de Azpeitia. Este espacio que se coordina desde el \u00e1rea [&hellip;]<\/p>\n","protected":false},"author":4,"featured_media":21046,"comment_status":"closed","ping_status":"closed","sticky":false,"template":"","format":"standard","meta":{"_acf_changed":false,"footnotes":""},"categories":[4],"tags":[],"class_list":["post-20953","post","type-post","status-publish","format-standard","has-post-thumbnail","hentry","category-noticias","arloak-turismo"],"acf":[],"yoast_head":"<!-- This site is optimized with the Yoast SEO plugin v27.4 - https:\/\/yoast.com\/product\/yoast-seo-wordpress\/ -->\n<title>Definiendo el futuro del Turismo de Urola Erdia - Iraurgi Berritzen<\/title>\n<meta name=\"robots\" content=\"index, follow, max-snippet:-1, max-image-preview:large, max-video-preview:-1\" \/>\n<link rel=\"canonical\" href=\"https:\/\/iraurgiberritzen.eus\/es\/definiendo-el-futuro-del-turismo-de-urola-erdia\/\" \/>\n<meta property=\"og:locale\" content=\"es_ES\" \/>\n<meta property=\"og:type\" content=\"article\" \/>\n<meta property=\"og:title\" content=\"Definiendo el futuro del Turismo de Urola Erdia - Iraurgi Berritzen\" \/>\n<meta property=\"og:description\" content=\"En la reuni\u00f3n que se ha celebrado en el Palacio Basazabal los agentes que conforman Turismo Gunea han aprobado por unanimidad el Plan Estrat\u00e9gico de Turismo de la comarca. \u00a0El 12 de julio se ha celebrado la reuni\u00f3n de Turismo Gunea en el Palacio Basazabal de Azpeitia. Este espacio que se coordina desde el \u00e1rea [&hellip;]\" \/>\n<meta property=\"og:url\" content=\"https:\/\/iraurgiberritzen.eus\/es\/definiendo-el-futuro-del-turismo-de-urola-erdia\/\" \/>\n<meta property=\"og:site_name\" content=\"Iraurgi Berritzen\" \/>\n<meta property=\"article:published_time\" content=\"2024-07-12T10:17:47+00:00\" \/>\n<meta property=\"og:image\" content=\"https:\/\/iraurgiberritzen.eus\/wp-content\/uploads\/2024\/07\/55d875cc-3c3b-4b36-9bfe-7cf2c5369e7f.jpg\" \/>\n\t<meta property=\"og:image:width\" content=\"2046\" \/>\n\t<meta property=\"og:image:height\" content=\"1468\" \/>\n\t<meta property=\"og:image:type\" content=\"image\/jpeg\" \/>\n<meta name=\"author\" content=\"ainara\" \/>\n<meta name=\"twitter:card\" content=\"summary_large_image\" \/>\n<meta name=\"twitter:label1\" content=\"Escrito por\" \/>\n\t<meta name=\"twitter:data1\" content=\"ainara\" \/>\n\t<meta name=\"twitter:label2\" content=\"Tiempo de lectura\" \/>\n\t<meta name=\"twitter:data2\" content=\"2 minutos\" \/>\n<script type=\"application\/ld+json\" class=\"yoast-schema-graph\">{\"@context\":\"https:\\\/\\\/schema.org\",\"@graph\":[{\"@type\":\"Article\",\"@id\":\"https:\\\/\\\/iraurgiberritzen.eus\\\/es\\\/definiendo-el-futuro-del-turismo-de-urola-erdia\\\/#article\",\"isPartOf\":{\"@id\":\"https:\\\/\\\/iraurgiberritzen.eus\\\/es\\\/definiendo-el-futuro-del-turismo-de-urola-erdia\\\/\"},\"author\":{\"name\":\"ainara\",\"@id\":\"https:\\\/\\\/iraurgiberritzen.eus\\\/es\\\/#\\\/schema\\\/person\\\/a32c9825b3e2bfcbe757a97f6a15c8a5\"},\"headline\":\"Definiendo el futuro del Turismo de Urola Erdia\",\"datePublished\":\"2024-07-12T10:17:47+00:00\",\"mainEntityOfPage\":{\"@id\":\"https:\\\/\\\/iraurgiberritzen.eus\\\/es\\\/definiendo-el-futuro-del-turismo-de-urola-erdia\\\/\"},\"wordCount\":250,\"publisher\":{\"@id\":\"https:\\\/\\\/iraurgiberritzen.eus\\\/es\\\/#organization\"},\"image\":{\"@id\":\"https:\\\/\\\/iraurgiberritzen.eus\\\/es\\\/definiendo-el-futuro-del-turismo-de-urola-erdia\\\/#primaryimage\"},\"thumbnailUrl\":\"https:\\\/\\\/iraurgiberritzen.eus\\\/wp-content\\\/uploads\\\/2024\\\/07\\\/55d875cc-3c3b-4b36-9bfe-7cf2c5369e7f.jpg\",\"articleSection\":[\"Noticias\"],\"inLanguage\":\"es\"},{\"@type\":\"WebPage\",\"@id\":\"https:\\\/\\\/iraurgiberritzen.eus\\\/es\\\/definiendo-el-futuro-del-turismo-de-urola-erdia\\\/\",\"url\":\"https:\\\/\\\/iraurgiberritzen.eus\\\/es\\\/definiendo-el-futuro-del-turismo-de-urola-erdia\\\/\",\"name\":\"Definiendo el futuro del Turismo de Urola Erdia - Iraurgi Berritzen\",\"isPartOf\":{\"@id\":\"https:\\\/\\\/iraurgiberritzen.eus\\\/es\\\/#website\"},\"primaryImageOfPage\":{\"@id\":\"https:\\\/\\\/iraurgiberritzen.eus\\\/es\\\/definiendo-el-futuro-del-turismo-de-urola-erdia\\\/#primaryimage\"},\"image\":{\"@id\":\"https:\\\/\\\/iraurgiberritzen.eus\\\/es\\\/definiendo-el-futuro-del-turismo-de-urola-erdia\\\/#primaryimage\"},\"thumbnailUrl\":\"https:\\\/\\\/iraurgiberritzen.eus\\\/wp-content\\\/uploads\\\/2024\\\/07\\\/55d875cc-3c3b-4b36-9bfe-7cf2c5369e7f.jpg\",\"datePublished\":\"2024-07-12T10:17:47+00:00\",\"breadcrumb\":{\"@id\":\"https:\\\/\\\/iraurgiberritzen.eus\\\/es\\\/definiendo-el-futuro-del-turismo-de-urola-erdia\\\/#breadcrumb\"},\"inLanguage\":\"es\",\"potentialAction\":[{\"@type\":\"ReadAction\",\"target\":[\"https:\\\/\\\/iraurgiberritzen.eus\\\/es\\\/definiendo-el-futuro-del-turismo-de-urola-erdia\\\/\"]}]},{\"@type\":\"ImageObject\",\"inLanguage\":\"es\",\"@id\":\"https:\\\/\\\/iraurgiberritzen.eus\\\/es\\\/definiendo-el-futuro-del-turismo-de-urola-erdia\\\/#primaryimage\",\"url\":\"https:\\\/\\\/iraurgiberritzen.eus\\\/wp-content\\\/uploads\\\/2024\\\/07\\\/55d875cc-3c3b-4b36-9bfe-7cf2c5369e7f.jpg\",\"contentUrl\":\"https:\\\/\\\/iraurgiberritzen.eus\\\/wp-content\\\/uploads\\\/2024\\\/07\\\/55d875cc-3c3b-4b36-9bfe-7cf2c5369e7f.jpg\",\"width\":2046,\"height\":1468},{\"@type\":\"BreadcrumbList\",\"@id\":\"https:\\\/\\\/iraurgiberritzen.eus\\\/es\\\/definiendo-el-futuro-del-turismo-de-urola-erdia\\\/#breadcrumb\",\"itemListElement\":[{\"@type\":\"ListItem\",\"position\":1,\"name\":\"Home\",\"item\":\"https:\\\/\\\/iraurgiberritzen.eus\\\/es\\\/\"},{\"@type\":\"ListItem\",\"position\":2,\"name\":\"Definiendo el futuro del Turismo de Urola Erdia\"}]},{\"@type\":\"WebSite\",\"@id\":\"https:\\\/\\\/iraurgiberritzen.eus\\\/es\\\/#website\",\"url\":\"https:\\\/\\\/iraurgiberritzen.eus\\\/es\\\/\",\"name\":\"Iraurgi Berritzen\",\"description\":\"Urola Erdiko Garapen Agentzia\",\"publisher\":{\"@id\":\"https:\\\/\\\/iraurgiberritzen.eus\\\/es\\\/#organization\"},\"potentialAction\":[{\"@type\":\"SearchAction\",\"target\":{\"@type\":\"EntryPoint\",\"urlTemplate\":\"https:\\\/\\\/iraurgiberritzen.eus\\\/es\\\/?s={search_term_string}\"},\"query-input\":{\"@type\":\"PropertyValueSpecification\",\"valueRequired\":true,\"valueName\":\"search_term_string\"}}],\"inLanguage\":\"es\"},{\"@type\":\"Organization\",\"@id\":\"https:\\\/\\\/iraurgiberritzen.eus\\\/es\\\/#organization\",\"name\":\"Iraurgi Berritzen\",\"url\":\"https:\\\/\\\/iraurgiberritzen.eus\\\/es\\\/\",\"logo\":{\"@type\":\"ImageObject\",\"inLanguage\":\"es\",\"@id\":\"https:\\\/\\\/iraurgiberritzen.eus\\\/es\\\/#\\\/schema\\\/logo\\\/image\\\/\",\"url\":\"https:\\\/\\\/iraurgiberritzen.eus\\\/wp-content\\\/uploads\\\/2024\\\/02\\\/IRAURGI-BERRITZEN-logotipoa_2.png\",\"contentUrl\":\"https:\\\/\\\/iraurgiberritzen.eus\\\/wp-content\\\/uploads\\\/2024\\\/02\\\/IRAURGI-BERRITZEN-logotipoa_2.png\",\"width\":496,\"height\":190,\"caption\":\"Iraurgi Berritzen\"},\"image\":{\"@id\":\"https:\\\/\\\/iraurgiberritzen.eus\\\/es\\\/#\\\/schema\\\/logo\\\/image\\\/\"}},{\"@type\":\"Person\",\"@id\":\"https:\\\/\\\/iraurgiberritzen.eus\\\/es\\\/#\\\/schema\\\/person\\\/a32c9825b3e2bfcbe757a97f6a15c8a5\",\"name\":\"ainara\"}]}<\/script>\n<!-- \/ Yoast SEO plugin. -->","yoast_head_json":{"title":"Definiendo el futuro del Turismo de Urola Erdia - Iraurgi Berritzen","robots":{"index":"index","follow":"follow","max-snippet":"max-snippet:-1","max-image-preview":"max-image-preview:large","max-video-preview":"max-video-preview:-1"},"canonical":"https:\/\/iraurgiberritzen.eus\/es\/definiendo-el-futuro-del-turismo-de-urola-erdia\/","og_locale":"es_ES","og_type":"article","og_title":"Definiendo el futuro del Turismo de Urola Erdia - Iraurgi Berritzen","og_description":"En la reuni\u00f3n que se ha celebrado en el Palacio Basazabal los agentes que conforman Turismo Gunea han aprobado por unanimidad el Plan Estrat\u00e9gico de Turismo de la comarca. \u00a0El 12 de julio se ha celebrado la reuni\u00f3n de Turismo Gunea en el Palacio Basazabal de Azpeitia. Este espacio que se coordina desde el \u00e1rea [&hellip;]","og_url":"https:\/\/iraurgiberritzen.eus\/es\/definiendo-el-futuro-del-turismo-de-urola-erdia\/","og_site_name":"Iraurgi Berritzen","article_published_time":"2024-07-12T10:17:47+00:00","og_image":[{"width":2046,"height":1468,"url":"https:\/\/iraurgiberritzen.eus\/wp-content\/uploads\/2024\/07\/55d875cc-3c3b-4b36-9bfe-7cf2c5369e7f.jpg","type":"image\/jpeg"}],"author":"ainara","twitter_card":"summary_large_image","twitter_misc":{"Escrito por":"ainara","Tiempo de lectura":"2 minutos"},"schema":{"@context":"https:\/\/schema.org","@graph":[{"@type":"Article","@id":"https:\/\/iraurgiberritzen.eus\/es\/definiendo-el-futuro-del-turismo-de-urola-erdia\/#article","isPartOf":{"@id":"https:\/\/iraurgiberritzen.eus\/es\/definiendo-el-futuro-del-turismo-de-urola-erdia\/"},"author":{"name":"ainara","@id":"https:\/\/iraurgiberritzen.eus\/es\/#\/schema\/person\/a32c9825b3e2bfcbe757a97f6a15c8a5"},"headline":"Definiendo el futuro del Turismo de Urola Erdia","datePublished":"2024-07-12T10:17:47+00:00","mainEntityOfPage":{"@id":"https:\/\/iraurgiberritzen.eus\/es\/definiendo-el-futuro-del-turismo-de-urola-erdia\/"},"wordCount":250,"publisher":{"@id":"https:\/\/iraurgiberritzen.eus\/es\/#organization"},"image":{"@id":"https:\/\/iraurgiberritzen.eus\/es\/definiendo-el-futuro-del-turismo-de-urola-erdia\/#primaryimage"},"thumbnailUrl":"https:\/\/iraurgiberritzen.eus\/wp-content\/uploads\/2024\/07\/55d875cc-3c3b-4b36-9bfe-7cf2c5369e7f.jpg","articleSection":["Noticias"],"inLanguage":"es"},{"@type":"WebPage","@id":"https:\/\/iraurgiberritzen.eus\/es\/definiendo-el-futuro-del-turismo-de-urola-erdia\/","url":"https:\/\/iraurgiberritzen.eus\/es\/definiendo-el-futuro-del-turismo-de-urola-erdia\/","name":"Definiendo el futuro del Turismo de Urola Erdia - Iraurgi Berritzen","isPartOf":{"@id":"https:\/\/iraurgiberritzen.eus\/es\/#website"},"primaryImageOfPage":{"@id":"https:\/\/iraurgiberritzen.eus\/es\/definiendo-el-futuro-del-turismo-de-urola-erdia\/#primaryimage"},"image":{"@id":"https:\/\/iraurgiberritzen.eus\/es\/definiendo-el-futuro-del-turismo-de-urola-erdia\/#primaryimage"},"thumbnailUrl":"https:\/\/iraurgiberritzen.eus\/wp-content\/uploads\/2024\/07\/55d875cc-3c3b-4b36-9bfe-7cf2c5369e7f.jpg","datePublished":"2024-07-12T10:17:47+00:00","breadcrumb":{"@id":"https:\/\/iraurgiberritzen.eus\/es\/definiendo-el-futuro-del-turismo-de-urola-erdia\/#breadcrumb"},"inLanguage":"es","potentialAction":[{"@type":"ReadAction","target":["https:\/\/iraurgiberritzen.eus\/es\/definiendo-el-futuro-del-turismo-de-urola-erdia\/"]}]},{"@type":"ImageObject","inLanguage":"es","@id":"https:\/\/iraurgiberritzen.eus\/es\/definiendo-el-futuro-del-turismo-de-urola-erdia\/#primaryimage","url":"https:\/\/iraurgiberritzen.eus\/wp-content\/uploads\/2024\/07\/55d875cc-3c3b-4b36-9bfe-7cf2c5369e7f.jpg","contentUrl":"https:\/\/iraurgiberritzen.eus\/wp-content\/uploads\/2024\/07\/55d875cc-3c3b-4b36-9bfe-7cf2c5369e7f.jpg","width":2046,"height":1468},{"@type":"BreadcrumbList","@id":"https:\/\/iraurgiberritzen.eus\/es\/definiendo-el-futuro-del-turismo-de-urola-erdia\/#breadcrumb","itemListElement":[{"@type":"ListItem","position":1,"name":"Home","item":"https:\/\/iraurgiberritzen.eus\/es\/"},{"@type":"ListItem","position":2,"name":"Definiendo el futuro del Turismo de Urola Erdia"}]},{"@type":"WebSite","@id":"https:\/\/iraurgiberritzen.eus\/es\/#website","url":"https:\/\/iraurgiberritzen.eus\/es\/","name":"Iraurgi Berritzen","description":"Urola Erdiko Garapen Agentzia","publisher":{"@id":"https:\/\/iraurgiberritzen.eus\/es\/#organization"},"potentialAction":[{"@type":"SearchAction","target":{"@type":"EntryPoint","urlTemplate":"https:\/\/iraurgiberritzen.eus\/es\/?s={search_term_string}"},"query-input":{"@type":"PropertyValueSpecification","valueRequired":true,"valueName":"search_term_string"}}],"inLanguage":"es"},{"@type":"Organization","@id":"https:\/\/iraurgiberritzen.eus\/es\/#organization","name":"Iraurgi Berritzen","url":"https:\/\/iraurgiberritzen.eus\/es\/","logo":{"@type":"ImageObject","inLanguage":"es","@id":"https:\/\/iraurgiberritzen.eus\/es\/#\/schema\/logo\/image\/","url":"https:\/\/iraurgiberritzen.eus\/wp-content\/uploads\/2024\/02\/IRAURGI-BERRITZEN-logotipoa_2.png","contentUrl":"https:\/\/iraurgiberritzen.eus\/wp-content\/uploads\/2024\/02\/IRAURGI-BERRITZEN-logotipoa_2.png","width":496,"height":190,"caption":"Iraurgi Berritzen"},"image":{"@id":"https:\/\/iraurgiberritzen.eus\/es\/#\/schema\/logo\/image\/"}},{"@type":"Person","@id":"https:\/\/iraurgiberritzen.eus\/es\/#\/schema\/person\/a32c9825b3e2bfcbe757a97f6a15c8a5","name":"ainara"}]}},"_links":{"self":[{"href":"https:\/\/iraurgiberritzen.eus\/es\/wp-json\/wp\/v2\/posts\/20953","targetHints":{"allow":["GET"]}}],"collection":[{"href":"https:\/\/iraurgiberritzen.eus\/es\/wp-json\/wp\/v2\/posts"}],"about":[{"href":"https:\/\/iraurgiberritzen.eus\/es\/wp-json\/wp\/v2\/types\/post"}],"author":[{"embeddable":true,"href":"https:\/\/iraurgiberritzen.eus\/es\/wp-json\/wp\/v2\/users\/4"}],"replies":[{"embeddable":true,"href":"https:\/\/iraurgiberritzen.eus\/es\/wp-json\/wp\/v2\/comments?post=20953"}],"version-history":[{"count":3,"href":"https:\/\/iraurgiberritzen.eus\/es\/wp-json\/wp\/v2\/posts\/20953\/revisions"}],"predecessor-version":[{"id":21055,"href":"https:\/\/iraurgiberritzen.eus\/es\/wp-json\/wp\/v2\/posts\/20953\/revisions\/21055"}],"wp:featuredmedia":[{"embeddable":true,"href":"https:\/\/iraurgiberritzen.eus\/es\/wp-json\/wp\/v2\/media\/21046"}],"wp:attachment":[{"href":"https:\/\/iraurgiberritzen.eus\/es\/wp-json\/wp\/v2\/media?parent=20953"}],"wp:term":[{"taxonomy":"category","embeddable":true,"href":"https:\/\/iraurgiberritzen.eus\/es\/wp-json\/wp\/v2\/categories?post=20953"},{"taxonomy":"post_tag","embeddable":true,"href":"https:\/\/iraurgiberritzen.eus\/es\/wp-json\/wp\/v2\/tags?post=20953"}],"curies":[{"name":"wp","href":"https:\/\/api.w.org\/{rel}","templated":true}]}}