{"id":20957,"date":"2024-07-04T08:33:32","date_gmt":"2024-07-04T06:33:32","guid":{"rendered":"https:\/\/iraurgiberritzen.eus\/?p=20957"},"modified":"2024-07-04T17:17:09","modified_gmt":"2024-07-04T15:17:09","slug":"las-empresas-de-la-comarca-analizan-las-responsabilidades-de-los-administradores-y-gestores-en-el-derecho-societario","status":"publish","type":"post","link":"https:\/\/iraurgiberritzen.eus\/es\/las-empresas-de-la-comarca-analizan-las-responsabilidades-de-los-administradores-y-gestores-en-el-derecho-societario\/","title":{"rendered":"Webinar celebrado con empresas de la comarca sobre las responsabilidades de los administradores en el \u00e1mbito del derecho societario"},"content":{"rendered":"<p>Dentro del programa Ikasiz 2024, el 4 de julio se ha celebrado la cuarta jornada de este a\u00f1o dirigida a las empresas industriales de la comarca bajo el lema <strong>\u00abDesde mi posici\u00f3n de Administrador\/Gestor de la empresa, \u00bfqu\u00e9 obligaciones y responsabilidades tengo?\u00bb<\/strong>. En ella han participado varias empresas de la comarca. Se trata de una de las jornadas basadas en la propuesta de Enpresa Gunea de Iraurgi Berriitzen para tratar temas de derecho y que ha contado con el patrocinio de la Diputaci\u00f3n Foral de Gipuzkoa.<\/p>\n<p>El objetivo de la jornada ha sido responder a las siguientes preguntas:<\/p>\n<ul>\n<li style=\"list-style-type: none;\">\n<li>\u00bfQu\u00e9 \u00f3rganos tiene mi sociedad y qu\u00e9 competencias y responsabilidades tiene cada uno?<\/li>\n<li>\u00bfCu\u00e1les son mis obligaciones y responsabilidades como administrador\/gerente? \u00bfQu\u00e9 puedo hacer para proteger legalmente mi actuaci\u00f3n en ese cargo?<\/li>\n<\/li>\n<p>Las personas participantes han conocido de la mano de personal experto de LKS Next Legal los conceptos generales que en el Derecho de Sociedades se establecen en relaci\u00f3n con la regulaci\u00f3n de los \u00f3rganos sociales de las sociedades de capital, y con los deberes y responsabilidades legales de los administradores y directivos en las sociedades de capital. Tambi\u00e9n han tenido la oportunidad de identificar buenas pr\u00e1cticas y mecanismos que pueden implementarse para salvaguardar a administradores y directivos.<\/p>\n<p>Hasta octubre se han organizado otras dos jornadas en las que las empresas interesadas en participar deber\u00e1n rellenar este <strong><a href=\"https:\/\/forms.office.com\/Pages\/ResponsePage.aspx?id=S5DeT3Jq90W0WLjBrBndp1jySGu9zxtIpCkBAthDUWpUQ1pPQUI5V1EyVUpZN00yODNHSkgxUVc3SSQlQCN0PWcu\" target=\"_blank\" rel=\"noopener\">formulario<\/a><\/strong>.<\/p>\n<ul>\n<li style=\"list-style-type: none;\">\n<li>12 de septiembre, de 09:00 a 11:00 horas, online: Situaci\u00f3n legal medioambiental.<\/li>\n<li>10 de octubre, de 16:00 a 17:00 horas, presencial: Extranjer\u00eda.<\/li>\n<\/ul>\n<\/li>\n<\/ul>\n","protected":false},"excerpt":{"rendered":"<p>Dentro del programa Ikasiz 2024, el 4 de julio se ha celebrado la cuarta jornada de este a\u00f1o dirigida a las empresas industriales de la comarca bajo el lema \u00abDesde mi posici\u00f3n de Administrador\/Gestor de la empresa, \u00bfqu\u00e9 obligaciones y responsabilidades tengo?\u00bb. En ella han participado varias empresas de la comarca. Se trata de una [&hellip;]<\/p>\n","protected":false},"author":4,"featured_media":20969,"comment_status":"closed","ping_status":"closed","sticky":false,"template":"","format":"standard","meta":{"_acf_changed":false,"footnotes":""},"categories":[4],"tags":[],"class_list":["post-20957","post","type-post","status-publish","format-standard","has-post-thumbnail","hentry","category-noticias","arloak-enpresa"],"acf":[],"yoast_head":"<!-- This site is optimized with the Yoast SEO plugin v27.4 - https:\/\/yoast.com\/product\/yoast-seo-wordpress\/ -->\n<title>Webinar celebrado con empresas de la comarca sobre las responsabilidades de los administradores en el \u00e1mbito del derecho societario - Iraurgi Berritzen<\/title>\n<meta name=\"robots\" content=\"index, follow, max-snippet:-1, max-image-preview:large, max-video-preview:-1\" \/>\n<link rel=\"canonical\" href=\"https:\/\/iraurgiberritzen.eus\/es\/las-empresas-de-la-comarca-analizan-las-responsabilidades-de-los-administradores-y-gestores-en-el-derecho-societario\/\" \/>\n<meta property=\"og:locale\" content=\"es_ES\" \/>\n<meta property=\"og:type\" content=\"article\" \/>\n<meta property=\"og:title\" content=\"Webinar celebrado con empresas de la comarca sobre las responsabilidades de los administradores en el \u00e1mbito del derecho societario - Iraurgi Berritzen\" \/>\n<meta property=\"og:description\" content=\"Dentro del programa Ikasiz 2024, el 4 de julio se ha celebrado la cuarta jornada de este a\u00f1o dirigida a las empresas industriales de la comarca bajo el lema \u00abDesde mi posici\u00f3n de Administrador\/Gestor de la empresa, \u00bfqu\u00e9 obligaciones y responsabilidades tengo?\u00bb. En ella han participado varias empresas de la comarca. Se trata de una [&hellip;]\" \/>\n<meta property=\"og:url\" content=\"https:\/\/iraurgiberritzen.eus\/es\/las-empresas-de-la-comarca-analizan-las-responsabilidades-de-los-administradores-y-gestores-en-el-derecho-societario\/\" \/>\n<meta property=\"og:site_name\" content=\"Iraurgi Berritzen\" \/>\n<meta property=\"article:published_time\" content=\"2024-07-04T06:33:32+00:00\" \/>\n<meta property=\"article:modified_time\" content=\"2024-07-04T15:17:09+00:00\" \/>\n<meta property=\"og:image\" content=\"https:\/\/iraurgiberritzen.eus\/wp-content\/uploads\/2024\/07\/Captura-de-pantalla-2024-07-04-a-las-9.13.52-2-1.png\" \/>\n\t<meta property=\"og:image:width\" content=\"3834\" \/>\n\t<meta property=\"og:image:height\" content=\"1956\" \/>\n\t<meta property=\"og:image:type\" content=\"image\/png\" \/>\n<meta name=\"author\" content=\"ainara\" \/>\n<meta name=\"twitter:card\" content=\"summary_large_image\" \/>\n<meta name=\"twitter:label1\" content=\"Escrito por\" \/>\n\t<meta name=\"twitter:data1\" content=\"ainara\" \/>\n\t<meta name=\"twitter:label2\" content=\"Tiempo de lectura\" \/>\n\t<meta name=\"twitter:data2\" content=\"2 minutos\" \/>\n<script type=\"application\/ld+json\" class=\"yoast-schema-graph\">{\"@context\":\"https:\\\/\\\/schema.org\",\"@graph\":[{\"@type\":\"Article\",\"@id\":\"https:\\\/\\\/iraurgiberritzen.eus\\\/es\\\/las-empresas-de-la-comarca-analizan-las-responsabilidades-de-los-administradores-y-gestores-en-el-derecho-societario\\\/#article\",\"isPartOf\":{\"@id\":\"https:\\\/\\\/iraurgiberritzen.eus\\\/es\\\/las-empresas-de-la-comarca-analizan-las-responsabilidades-de-los-administradores-y-gestores-en-el-derecho-societario\\\/\"},\"author\":{\"name\":\"ainara\",\"@id\":\"https:\\\/\\\/iraurgiberritzen.eus\\\/es\\\/#\\\/schema\\\/person\\\/a32c9825b3e2bfcbe757a97f6a15c8a5\"},\"headline\":\"Webinar celebrado con empresas de la comarca sobre las responsabilidades de los administradores en el \u00e1mbito del derecho societario\",\"datePublished\":\"2024-07-04T06:33:32+00:00\",\"dateModified\":\"2024-07-04T15:17:09+00:00\",\"mainEntityOfPage\":{\"@id\":\"https:\\\/\\\/iraurgiberritzen.eus\\\/es\\\/las-empresas-de-la-comarca-analizan-las-responsabilidades-de-los-administradores-y-gestores-en-el-derecho-societario\\\/\"},\"wordCount\":274,\"publisher\":{\"@id\":\"https:\\\/\\\/iraurgiberritzen.eus\\\/es\\\/#organization\"},\"image\":{\"@id\":\"https:\\\/\\\/iraurgiberritzen.eus\\\/es\\\/las-empresas-de-la-comarca-analizan-las-responsabilidades-de-los-administradores-y-gestores-en-el-derecho-societario\\\/#primaryimage\"},\"thumbnailUrl\":\"https:\\\/\\\/iraurgiberritzen.eus\\\/wp-content\\\/uploads\\\/2024\\\/07\\\/Captura-de-pantalla-2024-07-04-a-las-9.13.52-2-1.png\",\"articleSection\":[\"Noticias\"],\"inLanguage\":\"es\"},{\"@type\":\"WebPage\",\"@id\":\"https:\\\/\\\/iraurgiberritzen.eus\\\/es\\\/las-empresas-de-la-comarca-analizan-las-responsabilidades-de-los-administradores-y-gestores-en-el-derecho-societario\\\/\",\"url\":\"https:\\\/\\\/iraurgiberritzen.eus\\\/es\\\/las-empresas-de-la-comarca-analizan-las-responsabilidades-de-los-administradores-y-gestores-en-el-derecho-societario\\\/\",\"name\":\"Webinar celebrado con empresas de la comarca sobre las responsabilidades de los administradores en el \u00e1mbito del derecho societario - Iraurgi Berritzen\",\"isPartOf\":{\"@id\":\"https:\\\/\\\/iraurgiberritzen.eus\\\/es\\\/#website\"},\"primaryImageOfPage\":{\"@id\":\"https:\\\/\\\/iraurgiberritzen.eus\\\/es\\\/las-empresas-de-la-comarca-analizan-las-responsabilidades-de-los-administradores-y-gestores-en-el-derecho-societario\\\/#primaryimage\"},\"image\":{\"@id\":\"https:\\\/\\\/iraurgiberritzen.eus\\\/es\\\/las-empresas-de-la-comarca-analizan-las-responsabilidades-de-los-administradores-y-gestores-en-el-derecho-societario\\\/#primaryimage\"},\"thumbnailUrl\":\"https:\\\/\\\/iraurgiberritzen.eus\\\/wp-content\\\/uploads\\\/2024\\\/07\\\/Captura-de-pantalla-2024-07-04-a-las-9.13.52-2-1.png\",\"datePublished\":\"2024-07-04T06:33:32+00:00\",\"dateModified\":\"2024-07-04T15:17:09+00:00\",\"breadcrumb\":{\"@id\":\"https:\\\/\\\/iraurgiberritzen.eus\\\/es\\\/las-empresas-de-la-comarca-analizan-las-responsabilidades-de-los-administradores-y-gestores-en-el-derecho-societario\\\/#breadcrumb\"},\"inLanguage\":\"es\",\"potentialAction\":[{\"@type\":\"ReadAction\",\"target\":[\"https:\\\/\\\/iraurgiberritzen.eus\\\/es\\\/las-empresas-de-la-comarca-analizan-las-responsabilidades-de-los-administradores-y-gestores-en-el-derecho-societario\\\/\"]}]},{\"@type\":\"ImageObject\",\"inLanguage\":\"es\",\"@id\":\"https:\\\/\\\/iraurgiberritzen.eus\\\/es\\\/las-empresas-de-la-comarca-analizan-las-responsabilidades-de-los-administradores-y-gestores-en-el-derecho-societario\\\/#primaryimage\",\"url\":\"https:\\\/\\\/iraurgiberritzen.eus\\\/wp-content\\\/uploads\\\/2024\\\/07\\\/Captura-de-pantalla-2024-07-04-a-las-9.13.52-2-1.png\",\"contentUrl\":\"https:\\\/\\\/iraurgiberritzen.eus\\\/wp-content\\\/uploads\\\/2024\\\/07\\\/Captura-de-pantalla-2024-07-04-a-las-9.13.52-2-1.png\",\"width\":3834,\"height\":1956},{\"@type\":\"BreadcrumbList\",\"@id\":\"https:\\\/\\\/iraurgiberritzen.eus\\\/es\\\/las-empresas-de-la-comarca-analizan-las-responsabilidades-de-los-administradores-y-gestores-en-el-derecho-societario\\\/#breadcrumb\",\"itemListElement\":[{\"@type\":\"ListItem\",\"position\":1,\"name\":\"Home\",\"item\":\"https:\\\/\\\/iraurgiberritzen.eus\\\/es\\\/\"},{\"@type\":\"ListItem\",\"position\":2,\"name\":\"Webinar celebrado con empresas de la comarca sobre las responsabilidades de los administradores en el \u00e1mbito del derecho societario\"}]},{\"@type\":\"WebSite\",\"@id\":\"https:\\\/\\\/iraurgiberritzen.eus\\\/es\\\/#website\",\"url\":\"https:\\\/\\\/iraurgiberritzen.eus\\\/es\\\/\",\"name\":\"Iraurgi Berritzen\",\"description\":\"Urola Erdiko Garapen Agentzia\",\"publisher\":{\"@id\":\"https:\\\/\\\/iraurgiberritzen.eus\\\/es\\\/#organization\"},\"potentialAction\":[{\"@type\":\"SearchAction\",\"target\":{\"@type\":\"EntryPoint\",\"urlTemplate\":\"https:\\\/\\\/iraurgiberritzen.eus\\\/es\\\/?s={search_term_string}\"},\"query-input\":{\"@type\":\"PropertyValueSpecification\",\"valueRequired\":true,\"valueName\":\"search_term_string\"}}],\"inLanguage\":\"es\"},{\"@type\":\"Organization\",\"@id\":\"https:\\\/\\\/iraurgiberritzen.eus\\\/es\\\/#organization\",\"name\":\"Iraurgi Berritzen\",\"url\":\"https:\\\/\\\/iraurgiberritzen.eus\\\/es\\\/\",\"logo\":{\"@type\":\"ImageObject\",\"inLanguage\":\"es\",\"@id\":\"https:\\\/\\\/iraurgiberritzen.eus\\\/es\\\/#\\\/schema\\\/logo\\\/image\\\/\",\"url\":\"https:\\\/\\\/iraurgiberritzen.eus\\\/wp-content\\\/uploads\\\/2024\\\/02\\\/IRAURGI-BERRITZEN-logotipoa_2.png\",\"contentUrl\":\"https:\\\/\\\/iraurgiberritzen.eus\\\/wp-content\\\/uploads\\\/2024\\\/02\\\/IRAURGI-BERRITZEN-logotipoa_2.png\",\"width\":496,\"height\":190,\"caption\":\"Iraurgi Berritzen\"},\"image\":{\"@id\":\"https:\\\/\\\/iraurgiberritzen.eus\\\/es\\\/#\\\/schema\\\/logo\\\/image\\\/\"}},{\"@type\":\"Person\",\"@id\":\"https:\\\/\\\/iraurgiberritzen.eus\\\/es\\\/#\\\/schema\\\/person\\\/a32c9825b3e2bfcbe757a97f6a15c8a5\",\"name\":\"ainara\"}]}<\/script>\n<!-- \/ Yoast SEO plugin. -->","yoast_head_json":{"title":"Webinar celebrado con empresas de la comarca sobre las responsabilidades de los administradores en el \u00e1mbito del derecho societario - Iraurgi Berritzen","robots":{"index":"index","follow":"follow","max-snippet":"max-snippet:-1","max-image-preview":"max-image-preview:large","max-video-preview":"max-video-preview:-1"},"canonical":"https:\/\/iraurgiberritzen.eus\/es\/las-empresas-de-la-comarca-analizan-las-responsabilidades-de-los-administradores-y-gestores-en-el-derecho-societario\/","og_locale":"es_ES","og_type":"article","og_title":"Webinar celebrado con empresas de la comarca sobre las responsabilidades de los administradores en el \u00e1mbito del derecho societario - Iraurgi Berritzen","og_description":"Dentro del programa Ikasiz 2024, el 4 de julio se ha celebrado la cuarta jornada de este a\u00f1o dirigida a las empresas industriales de la comarca bajo el lema \u00abDesde mi posici\u00f3n de Administrador\/Gestor de la empresa, \u00bfqu\u00e9 obligaciones y responsabilidades tengo?\u00bb. En ella han participado varias empresas de la comarca. Se trata de una [&hellip;]","og_url":"https:\/\/iraurgiberritzen.eus\/es\/las-empresas-de-la-comarca-analizan-las-responsabilidades-de-los-administradores-y-gestores-en-el-derecho-societario\/","og_site_name":"Iraurgi Berritzen","article_published_time":"2024-07-04T06:33:32+00:00","article_modified_time":"2024-07-04T15:17:09+00:00","og_image":[{"width":3834,"height":1956,"url":"https:\/\/iraurgiberritzen.eus\/wp-content\/uploads\/2024\/07\/Captura-de-pantalla-2024-07-04-a-las-9.13.52-2-1.png","type":"image\/png"}],"author":"ainara","twitter_card":"summary_large_image","twitter_misc":{"Escrito por":"ainara","Tiempo de lectura":"2 minutos"},"schema":{"@context":"https:\/\/schema.org","@graph":[{"@type":"Article","@id":"https:\/\/iraurgiberritzen.eus\/es\/las-empresas-de-la-comarca-analizan-las-responsabilidades-de-los-administradores-y-gestores-en-el-derecho-societario\/#article","isPartOf":{"@id":"https:\/\/iraurgiberritzen.eus\/es\/las-empresas-de-la-comarca-analizan-las-responsabilidades-de-los-administradores-y-gestores-en-el-derecho-societario\/"},"author":{"name":"ainara","@id":"https:\/\/iraurgiberritzen.eus\/es\/#\/schema\/person\/a32c9825b3e2bfcbe757a97f6a15c8a5"},"headline":"Webinar celebrado con empresas de la comarca sobre las responsabilidades de los administradores en el \u00e1mbito del derecho societario","datePublished":"2024-07-04T06:33:32+00:00","dateModified":"2024-07-04T15:17:09+00:00","mainEntityOfPage":{"@id":"https:\/\/iraurgiberritzen.eus\/es\/las-empresas-de-la-comarca-analizan-las-responsabilidades-de-los-administradores-y-gestores-en-el-derecho-societario\/"},"wordCount":274,"publisher":{"@id":"https:\/\/iraurgiberritzen.eus\/es\/#organization"},"image":{"@id":"https:\/\/iraurgiberritzen.eus\/es\/las-empresas-de-la-comarca-analizan-las-responsabilidades-de-los-administradores-y-gestores-en-el-derecho-societario\/#primaryimage"},"thumbnailUrl":"https:\/\/iraurgiberritzen.eus\/wp-content\/uploads\/2024\/07\/Captura-de-pantalla-2024-07-04-a-las-9.13.52-2-1.png","articleSection":["Noticias"],"inLanguage":"es"},{"@type":"WebPage","@id":"https:\/\/iraurgiberritzen.eus\/es\/las-empresas-de-la-comarca-analizan-las-responsabilidades-de-los-administradores-y-gestores-en-el-derecho-societario\/","url":"https:\/\/iraurgiberritzen.eus\/es\/las-empresas-de-la-comarca-analizan-las-responsabilidades-de-los-administradores-y-gestores-en-el-derecho-societario\/","name":"Webinar celebrado con empresas de la comarca sobre las responsabilidades de los administradores en el \u00e1mbito del derecho societario - Iraurgi Berritzen","isPartOf":{"@id":"https:\/\/iraurgiberritzen.eus\/es\/#website"},"primaryImageOfPage":{"@id":"https:\/\/iraurgiberritzen.eus\/es\/las-empresas-de-la-comarca-analizan-las-responsabilidades-de-los-administradores-y-gestores-en-el-derecho-societario\/#primaryimage"},"image":{"@id":"https:\/\/iraurgiberritzen.eus\/es\/las-empresas-de-la-comarca-analizan-las-responsabilidades-de-los-administradores-y-gestores-en-el-derecho-societario\/#primaryimage"},"thumbnailUrl":"https:\/\/iraurgiberritzen.eus\/wp-content\/uploads\/2024\/07\/Captura-de-pantalla-2024-07-04-a-las-9.13.52-2-1.png","datePublished":"2024-07-04T06:33:32+00:00","dateModified":"2024-07-04T15:17:09+00:00","breadcrumb":{"@id":"https:\/\/iraurgiberritzen.eus\/es\/las-empresas-de-la-comarca-analizan-las-responsabilidades-de-los-administradores-y-gestores-en-el-derecho-societario\/#breadcrumb"},"inLanguage":"es","potentialAction":[{"@type":"ReadAction","target":["https:\/\/iraurgiberritzen.eus\/es\/las-empresas-de-la-comarca-analizan-las-responsabilidades-de-los-administradores-y-gestores-en-el-derecho-societario\/"]}]},{"@type":"ImageObject","inLanguage":"es","@id":"https:\/\/iraurgiberritzen.eus\/es\/las-empresas-de-la-comarca-analizan-las-responsabilidades-de-los-administradores-y-gestores-en-el-derecho-societario\/#primaryimage","url":"https:\/\/iraurgiberritzen.eus\/wp-content\/uploads\/2024\/07\/Captura-de-pantalla-2024-07-04-a-las-9.13.52-2-1.png","contentUrl":"https:\/\/iraurgiberritzen.eus\/wp-content\/uploads\/2024\/07\/Captura-de-pantalla-2024-07-04-a-las-9.13.52-2-1.png","width":3834,"height":1956},{"@type":"BreadcrumbList","@id":"https:\/\/iraurgiberritzen.eus\/es\/las-empresas-de-la-comarca-analizan-las-responsabilidades-de-los-administradores-y-gestores-en-el-derecho-societario\/#breadcrumb","itemListElement":[{"@type":"ListItem","position":1,"name":"Home","item":"https:\/\/iraurgiberritzen.eus\/es\/"},{"@type":"ListItem","position":2,"name":"Webinar celebrado con empresas de la comarca sobre las responsabilidades de los administradores en el \u00e1mbito del derecho societario"}]},{"@type":"WebSite","@id":"https:\/\/iraurgiberritzen.eus\/es\/#website","url":"https:\/\/iraurgiberritzen.eus\/es\/","name":"Iraurgi Berritzen","description":"Urola Erdiko Garapen Agentzia","publisher":{"@id":"https:\/\/iraurgiberritzen.eus\/es\/#organization"},"potentialAction":[{"@type":"SearchAction","target":{"@type":"EntryPoint","urlTemplate":"https:\/\/iraurgiberritzen.eus\/es\/?s={search_term_string}"},"query-input":{"@type":"PropertyValueSpecification","valueRequired":true,"valueName":"search_term_string"}}],"inLanguage":"es"},{"@type":"Organization","@id":"https:\/\/iraurgiberritzen.eus\/es\/#organization","name":"Iraurgi Berritzen","url":"https:\/\/iraurgiberritzen.eus\/es\/","logo":{"@type":"ImageObject","inLanguage":"es","@id":"https:\/\/iraurgiberritzen.eus\/es\/#\/schema\/logo\/image\/","url":"https:\/\/iraurgiberritzen.eus\/wp-content\/uploads\/2024\/02\/IRAURGI-BERRITZEN-logotipoa_2.png","contentUrl":"https:\/\/iraurgiberritzen.eus\/wp-content\/uploads\/2024\/02\/IRAURGI-BERRITZEN-logotipoa_2.png","width":496,"height":190,"caption":"Iraurgi Berritzen"},"image":{"@id":"https:\/\/iraurgiberritzen.eus\/es\/#\/schema\/logo\/image\/"}},{"@type":"Person","@id":"https:\/\/iraurgiberritzen.eus\/es\/#\/schema\/person\/a32c9825b3e2bfcbe757a97f6a15c8a5","name":"ainara"}]}},"_links":{"self":[{"href":"https:\/\/iraurgiberritzen.eus\/es\/wp-json\/wp\/v2\/posts\/20957","targetHints":{"allow":["GET"]}}],"collection":[{"href":"https:\/\/iraurgiberritzen.eus\/es\/wp-json\/wp\/v2\/posts"}],"about":[{"href":"https:\/\/iraurgiberritzen.eus\/es\/wp-json\/wp\/v2\/types\/post"}],"author":[{"embeddable":true,"href":"https:\/\/iraurgiberritzen.eus\/es\/wp-json\/wp\/v2\/users\/4"}],"replies":[{"embeddable":true,"href":"https:\/\/iraurgiberritzen.eus\/es\/wp-json\/wp\/v2\/comments?post=20957"}],"version-history":[{"count":8,"href":"https:\/\/iraurgiberritzen.eus\/es\/wp-json\/wp\/v2\/posts\/20957\/revisions"}],"predecessor-version":[{"id":20979,"href":"https:\/\/iraurgiberritzen.eus\/es\/wp-json\/wp\/v2\/posts\/20957\/revisions\/20979"}],"wp:featuredmedia":[{"embeddable":true,"href":"https:\/\/iraurgiberritzen.eus\/es\/wp-json\/wp\/v2\/media\/20969"}],"wp:attachment":[{"href":"https:\/\/iraurgiberritzen.eus\/es\/wp-json\/wp\/v2\/media?parent=20957"}],"wp:term":[{"taxonomy":"category","embeddable":true,"href":"https:\/\/iraurgiberritzen.eus\/es\/wp-json\/wp\/v2\/categories?post=20957"},{"taxonomy":"post_tag","embeddable":true,"href":"https:\/\/iraurgiberritzen.eus\/es\/wp-json\/wp\/v2\/tags?post=20957"}],"curies":[{"name":"wp","href":"https:\/\/api.w.org\/{rel}","templated":true}]}}