{"id":20982,"date":"2024-07-09T12:21:47","date_gmt":"2024-07-09T10:21:47","guid":{"rendered":"https:\/\/iraurgiberritzen.eus\/?p=20982"},"modified":"2024-07-09T10:06:48","modified_gmt":"2024-07-09T08:06:48","slug":"la-campana-comercial-puesta-en-marcha-en-junio-ya-tiene-premiados","status":"publish","type":"post","link":"https:\/\/iraurgiberritzen.eus\/es\/la-campana-comercial-puesta-en-marcha-en-junio-ya-tiene-premiados\/","title":{"rendered":"La campa\u00f1a comercial puesta en marcha en junio ya tiene premiados"},"content":{"rendered":"<p><strong>Las asociaciones de comerciantes de Azpeitia y Azkoitia, Bertan y Herrixen, en colaboraci\u00f3n con la agencia de desarrollo comarcal Iraurgi Berritzen, han concluido con \u00e9xito la campa\u00f1a \u00abRasca y Gana\u00bb, dise\u00f1ada para dinamizar el comercio local en ambos municipios. La iniciativa, llevada a cabo entre el 17 y el 23 de Junio, ha distribuido un total de bonos valorados en 2000 \u20ac, incentivando las compras y reforzando la econom\u00eda local.<\/strong><\/p>\n<p>En la campa\u00f1a, se han otorgado premios en cada uno de los municipios. En total, un premio de 500 \u20ac y cinco premios de 100 \u20ac fueron repartidos tanto en Azkoitia como en Azpeitia. Los participantes tuvieron la oportunidad de ganar estos premios a trav\u00e9s de boletos \u00abrasca y gana\u00bb entregados por los comercios locales tras realizar la compra en el establecimiento participante en la iniciativa.<\/p>\n<p>Los establecimientos premiados han sido en el caso de Azkoitia, autoescuela Etxaniz, centro de estetica Laztane, bar restaurante Errexil, ultramarinos Mari, pasteleria Presalde y la aseguradora Mapfre. En el caso de Azpeitia, Arrospide oinetakoak, brikodenda Landeta, charcuteria Ermela, centro de estetica Jone y Maikar, la tienda de ropa Bossi y optika Ostadar.<\/p>\n","protected":false},"excerpt":{"rendered":"<p>Las asociaciones de comerciantes de Azpeitia y Azkoitia, Bertan y Herrixen, en colaboraci\u00f3n con la agencia de desarrollo comarcal Iraurgi Berritzen, han concluido con \u00e9xito la campa\u00f1a \u00abRasca y Gana\u00bb, dise\u00f1ada para dinamizar el comercio local en ambos municipios. La iniciativa, llevada a cabo entre el 17 y el 23 de Junio, ha distribuido un [&hellip;]<\/p>\n","protected":false},"author":4,"featured_media":20995,"comment_status":"closed","ping_status":"closed","sticky":false,"template":"","format":"standard","meta":{"_acf_changed":false,"footnotes":""},"categories":[4],"tags":[],"class_list":["post-20982","post","type-post","status-publish","format-standard","has-post-thumbnail","hentry","category-noticias","arloak-comercio"],"acf":[],"yoast_head":"<!-- This site is optimized with the Yoast SEO plugin v27.4 - https:\/\/yoast.com\/product\/yoast-seo-wordpress\/ -->\n<title>La campa\u00f1a comercial puesta en marcha en junio ya tiene premiados - Iraurgi Berritzen<\/title>\n<meta name=\"robots\" content=\"index, follow, max-snippet:-1, max-image-preview:large, max-video-preview:-1\" \/>\n<link rel=\"canonical\" href=\"https:\/\/iraurgiberritzen.eus\/es\/la-campana-comercial-puesta-en-marcha-en-junio-ya-tiene-premiados\/\" \/>\n<meta property=\"og:locale\" content=\"es_ES\" \/>\n<meta property=\"og:type\" content=\"article\" \/>\n<meta property=\"og:title\" content=\"La campa\u00f1a comercial puesta en marcha en junio ya tiene premiados - Iraurgi Berritzen\" \/>\n<meta property=\"og:description\" content=\"Las asociaciones de comerciantes de Azpeitia y Azkoitia, Bertan y Herrixen, en colaboraci\u00f3n con la agencia de desarrollo comarcal Iraurgi Berritzen, han concluido con \u00e9xito la campa\u00f1a \u00abRasca y Gana\u00bb, dise\u00f1ada para dinamizar el comercio local en ambos municipios. La iniciativa, llevada a cabo entre el 17 y el 23 de Junio, ha distribuido un [&hellip;]\" \/>\n<meta property=\"og:url\" content=\"https:\/\/iraurgiberritzen.eus\/es\/la-campana-comercial-puesta-en-marcha-en-junio-ya-tiene-premiados\/\" \/>\n<meta property=\"og:site_name\" content=\"Iraurgi Berritzen\" \/>\n<meta property=\"article:published_time\" content=\"2024-07-09T10:21:47+00:00\" \/>\n<meta property=\"og:image\" content=\"https:\/\/iraurgiberritzen.eus\/wp-content\/uploads\/2024\/07\/Ermela_100.jpeg\" \/>\n\t<meta property=\"og:image:width\" content=\"1599\" \/>\n\t<meta property=\"og:image:height\" content=\"1577\" \/>\n\t<meta property=\"og:image:type\" content=\"image\/jpeg\" \/>\n<meta name=\"author\" content=\"ainara\" \/>\n<meta name=\"twitter:card\" content=\"summary_large_image\" \/>\n<meta name=\"twitter:label1\" content=\"Escrito por\" \/>\n\t<meta name=\"twitter:data1\" content=\"ainara\" \/>\n\t<meta name=\"twitter:label2\" content=\"Tiempo de lectura\" \/>\n\t<meta name=\"twitter:data2\" content=\"2 minutos\" \/>\n<script type=\"application\/ld+json\" class=\"yoast-schema-graph\">{\"@context\":\"https:\\\/\\\/schema.org\",\"@graph\":[{\"@type\":\"Article\",\"@id\":\"https:\\\/\\\/iraurgiberritzen.eus\\\/es\\\/la-campana-comercial-puesta-en-marcha-en-junio-ya-tiene-premiados\\\/#article\",\"isPartOf\":{\"@id\":\"https:\\\/\\\/iraurgiberritzen.eus\\\/es\\\/la-campana-comercial-puesta-en-marcha-en-junio-ya-tiene-premiados\\\/\"},\"author\":{\"name\":\"ainara\",\"@id\":\"https:\\\/\\\/iraurgiberritzen.eus\\\/es\\\/#\\\/schema\\\/person\\\/a32c9825b3e2bfcbe757a97f6a15c8a5\"},\"headline\":\"La campa\u00f1a comercial puesta en marcha en junio ya tiene premiados\",\"datePublished\":\"2024-07-09T10:21:47+00:00\",\"mainEntityOfPage\":{\"@id\":\"https:\\\/\\\/iraurgiberritzen.eus\\\/es\\\/la-campana-comercial-puesta-en-marcha-en-junio-ya-tiene-premiados\\\/\"},\"wordCount\":198,\"publisher\":{\"@id\":\"https:\\\/\\\/iraurgiberritzen.eus\\\/es\\\/#organization\"},\"image\":{\"@id\":\"https:\\\/\\\/iraurgiberritzen.eus\\\/es\\\/la-campana-comercial-puesta-en-marcha-en-junio-ya-tiene-premiados\\\/#primaryimage\"},\"thumbnailUrl\":\"https:\\\/\\\/iraurgiberritzen.eus\\\/wp-content\\\/uploads\\\/2024\\\/07\\\/Ermela_100.jpeg\",\"articleSection\":[\"Noticias\"],\"inLanguage\":\"es\"},{\"@type\":\"WebPage\",\"@id\":\"https:\\\/\\\/iraurgiberritzen.eus\\\/es\\\/la-campana-comercial-puesta-en-marcha-en-junio-ya-tiene-premiados\\\/\",\"url\":\"https:\\\/\\\/iraurgiberritzen.eus\\\/es\\\/la-campana-comercial-puesta-en-marcha-en-junio-ya-tiene-premiados\\\/\",\"name\":\"La campa\u00f1a comercial puesta en marcha en junio ya tiene premiados - Iraurgi Berritzen\",\"isPartOf\":{\"@id\":\"https:\\\/\\\/iraurgiberritzen.eus\\\/es\\\/#website\"},\"primaryImageOfPage\":{\"@id\":\"https:\\\/\\\/iraurgiberritzen.eus\\\/es\\\/la-campana-comercial-puesta-en-marcha-en-junio-ya-tiene-premiados\\\/#primaryimage\"},\"image\":{\"@id\":\"https:\\\/\\\/iraurgiberritzen.eus\\\/es\\\/la-campana-comercial-puesta-en-marcha-en-junio-ya-tiene-premiados\\\/#primaryimage\"},\"thumbnailUrl\":\"https:\\\/\\\/iraurgiberritzen.eus\\\/wp-content\\\/uploads\\\/2024\\\/07\\\/Ermela_100.jpeg\",\"datePublished\":\"2024-07-09T10:21:47+00:00\",\"breadcrumb\":{\"@id\":\"https:\\\/\\\/iraurgiberritzen.eus\\\/es\\\/la-campana-comercial-puesta-en-marcha-en-junio-ya-tiene-premiados\\\/#breadcrumb\"},\"inLanguage\":\"es\",\"potentialAction\":[{\"@type\":\"ReadAction\",\"target\":[\"https:\\\/\\\/iraurgiberritzen.eus\\\/es\\\/la-campana-comercial-puesta-en-marcha-en-junio-ya-tiene-premiados\\\/\"]}]},{\"@type\":\"ImageObject\",\"inLanguage\":\"es\",\"@id\":\"https:\\\/\\\/iraurgiberritzen.eus\\\/es\\\/la-campana-comercial-puesta-en-marcha-en-junio-ya-tiene-premiados\\\/#primaryimage\",\"url\":\"https:\\\/\\\/iraurgiberritzen.eus\\\/wp-content\\\/uploads\\\/2024\\\/07\\\/Ermela_100.jpeg\",\"contentUrl\":\"https:\\\/\\\/iraurgiberritzen.eus\\\/wp-content\\\/uploads\\\/2024\\\/07\\\/Ermela_100.jpeg\",\"width\":1599,\"height\":1577},{\"@type\":\"BreadcrumbList\",\"@id\":\"https:\\\/\\\/iraurgiberritzen.eus\\\/es\\\/la-campana-comercial-puesta-en-marcha-en-junio-ya-tiene-premiados\\\/#breadcrumb\",\"itemListElement\":[{\"@type\":\"ListItem\",\"position\":1,\"name\":\"Home\",\"item\":\"https:\\\/\\\/iraurgiberritzen.eus\\\/es\\\/\"},{\"@type\":\"ListItem\",\"position\":2,\"name\":\"La campa\u00f1a comercial puesta en marcha en junio ya tiene premiados\"}]},{\"@type\":\"WebSite\",\"@id\":\"https:\\\/\\\/iraurgiberritzen.eus\\\/es\\\/#website\",\"url\":\"https:\\\/\\\/iraurgiberritzen.eus\\\/es\\\/\",\"name\":\"Iraurgi Berritzen\",\"description\":\"Urola Erdiko Garapen Agentzia\",\"publisher\":{\"@id\":\"https:\\\/\\\/iraurgiberritzen.eus\\\/es\\\/#organization\"},\"potentialAction\":[{\"@type\":\"SearchAction\",\"target\":{\"@type\":\"EntryPoint\",\"urlTemplate\":\"https:\\\/\\\/iraurgiberritzen.eus\\\/es\\\/?s={search_term_string}\"},\"query-input\":{\"@type\":\"PropertyValueSpecification\",\"valueRequired\":true,\"valueName\":\"search_term_string\"}}],\"inLanguage\":\"es\"},{\"@type\":\"Organization\",\"@id\":\"https:\\\/\\\/iraurgiberritzen.eus\\\/es\\\/#organization\",\"name\":\"Iraurgi Berritzen\",\"url\":\"https:\\\/\\\/iraurgiberritzen.eus\\\/es\\\/\",\"logo\":{\"@type\":\"ImageObject\",\"inLanguage\":\"es\",\"@id\":\"https:\\\/\\\/iraurgiberritzen.eus\\\/es\\\/#\\\/schema\\\/logo\\\/image\\\/\",\"url\":\"https:\\\/\\\/iraurgiberritzen.eus\\\/wp-content\\\/uploads\\\/2024\\\/02\\\/IRAURGI-BERRITZEN-logotipoa_2.png\",\"contentUrl\":\"https:\\\/\\\/iraurgiberritzen.eus\\\/wp-content\\\/uploads\\\/2024\\\/02\\\/IRAURGI-BERRITZEN-logotipoa_2.png\",\"width\":496,\"height\":190,\"caption\":\"Iraurgi Berritzen\"},\"image\":{\"@id\":\"https:\\\/\\\/iraurgiberritzen.eus\\\/es\\\/#\\\/schema\\\/logo\\\/image\\\/\"}},{\"@type\":\"Person\",\"@id\":\"https:\\\/\\\/iraurgiberritzen.eus\\\/es\\\/#\\\/schema\\\/person\\\/a32c9825b3e2bfcbe757a97f6a15c8a5\",\"name\":\"ainara\"}]}<\/script>\n<!-- \/ Yoast SEO plugin. -->","yoast_head_json":{"title":"La campa\u00f1a comercial puesta en marcha en junio ya tiene premiados - Iraurgi Berritzen","robots":{"index":"index","follow":"follow","max-snippet":"max-snippet:-1","max-image-preview":"max-image-preview:large","max-video-preview":"max-video-preview:-1"},"canonical":"https:\/\/iraurgiberritzen.eus\/es\/la-campana-comercial-puesta-en-marcha-en-junio-ya-tiene-premiados\/","og_locale":"es_ES","og_type":"article","og_title":"La campa\u00f1a comercial puesta en marcha en junio ya tiene premiados - Iraurgi Berritzen","og_description":"Las asociaciones de comerciantes de Azpeitia y Azkoitia, Bertan y Herrixen, en colaboraci\u00f3n con la agencia de desarrollo comarcal Iraurgi Berritzen, han concluido con \u00e9xito la campa\u00f1a \u00abRasca y Gana\u00bb, dise\u00f1ada para dinamizar el comercio local en ambos municipios. La iniciativa, llevada a cabo entre el 17 y el 23 de Junio, ha distribuido un [&hellip;]","og_url":"https:\/\/iraurgiberritzen.eus\/es\/la-campana-comercial-puesta-en-marcha-en-junio-ya-tiene-premiados\/","og_site_name":"Iraurgi Berritzen","article_published_time":"2024-07-09T10:21:47+00:00","og_image":[{"width":1599,"height":1577,"url":"https:\/\/iraurgiberritzen.eus\/wp-content\/uploads\/2024\/07\/Ermela_100.jpeg","type":"image\/jpeg"}],"author":"ainara","twitter_card":"summary_large_image","twitter_misc":{"Escrito por":"ainara","Tiempo de lectura":"2 minutos"},"schema":{"@context":"https:\/\/schema.org","@graph":[{"@type":"Article","@id":"https:\/\/iraurgiberritzen.eus\/es\/la-campana-comercial-puesta-en-marcha-en-junio-ya-tiene-premiados\/#article","isPartOf":{"@id":"https:\/\/iraurgiberritzen.eus\/es\/la-campana-comercial-puesta-en-marcha-en-junio-ya-tiene-premiados\/"},"author":{"name":"ainara","@id":"https:\/\/iraurgiberritzen.eus\/es\/#\/schema\/person\/a32c9825b3e2bfcbe757a97f6a15c8a5"},"headline":"La campa\u00f1a comercial puesta en marcha en junio ya tiene premiados","datePublished":"2024-07-09T10:21:47+00:00","mainEntityOfPage":{"@id":"https:\/\/iraurgiberritzen.eus\/es\/la-campana-comercial-puesta-en-marcha-en-junio-ya-tiene-premiados\/"},"wordCount":198,"publisher":{"@id":"https:\/\/iraurgiberritzen.eus\/es\/#organization"},"image":{"@id":"https:\/\/iraurgiberritzen.eus\/es\/la-campana-comercial-puesta-en-marcha-en-junio-ya-tiene-premiados\/#primaryimage"},"thumbnailUrl":"https:\/\/iraurgiberritzen.eus\/wp-content\/uploads\/2024\/07\/Ermela_100.jpeg","articleSection":["Noticias"],"inLanguage":"es"},{"@type":"WebPage","@id":"https:\/\/iraurgiberritzen.eus\/es\/la-campana-comercial-puesta-en-marcha-en-junio-ya-tiene-premiados\/","url":"https:\/\/iraurgiberritzen.eus\/es\/la-campana-comercial-puesta-en-marcha-en-junio-ya-tiene-premiados\/","name":"La campa\u00f1a comercial puesta en marcha en junio ya tiene premiados - Iraurgi Berritzen","isPartOf":{"@id":"https:\/\/iraurgiberritzen.eus\/es\/#website"},"primaryImageOfPage":{"@id":"https:\/\/iraurgiberritzen.eus\/es\/la-campana-comercial-puesta-en-marcha-en-junio-ya-tiene-premiados\/#primaryimage"},"image":{"@id":"https:\/\/iraurgiberritzen.eus\/es\/la-campana-comercial-puesta-en-marcha-en-junio-ya-tiene-premiados\/#primaryimage"},"thumbnailUrl":"https:\/\/iraurgiberritzen.eus\/wp-content\/uploads\/2024\/07\/Ermela_100.jpeg","datePublished":"2024-07-09T10:21:47+00:00","breadcrumb":{"@id":"https:\/\/iraurgiberritzen.eus\/es\/la-campana-comercial-puesta-en-marcha-en-junio-ya-tiene-premiados\/#breadcrumb"},"inLanguage":"es","potentialAction":[{"@type":"ReadAction","target":["https:\/\/iraurgiberritzen.eus\/es\/la-campana-comercial-puesta-en-marcha-en-junio-ya-tiene-premiados\/"]}]},{"@type":"ImageObject","inLanguage":"es","@id":"https:\/\/iraurgiberritzen.eus\/es\/la-campana-comercial-puesta-en-marcha-en-junio-ya-tiene-premiados\/#primaryimage","url":"https:\/\/iraurgiberritzen.eus\/wp-content\/uploads\/2024\/07\/Ermela_100.jpeg","contentUrl":"https:\/\/iraurgiberritzen.eus\/wp-content\/uploads\/2024\/07\/Ermela_100.jpeg","width":1599,"height":1577},{"@type":"BreadcrumbList","@id":"https:\/\/iraurgiberritzen.eus\/es\/la-campana-comercial-puesta-en-marcha-en-junio-ya-tiene-premiados\/#breadcrumb","itemListElement":[{"@type":"ListItem","position":1,"name":"Home","item":"https:\/\/iraurgiberritzen.eus\/es\/"},{"@type":"ListItem","position":2,"name":"La campa\u00f1a comercial puesta en marcha en junio ya tiene premiados"}]},{"@type":"WebSite","@id":"https:\/\/iraurgiberritzen.eus\/es\/#website","url":"https:\/\/iraurgiberritzen.eus\/es\/","name":"Iraurgi Berritzen","description":"Urola Erdiko Garapen Agentzia","publisher":{"@id":"https:\/\/iraurgiberritzen.eus\/es\/#organization"},"potentialAction":[{"@type":"SearchAction","target":{"@type":"EntryPoint","urlTemplate":"https:\/\/iraurgiberritzen.eus\/es\/?s={search_term_string}"},"query-input":{"@type":"PropertyValueSpecification","valueRequired":true,"valueName":"search_term_string"}}],"inLanguage":"es"},{"@type":"Organization","@id":"https:\/\/iraurgiberritzen.eus\/es\/#organization","name":"Iraurgi Berritzen","url":"https:\/\/iraurgiberritzen.eus\/es\/","logo":{"@type":"ImageObject","inLanguage":"es","@id":"https:\/\/iraurgiberritzen.eus\/es\/#\/schema\/logo\/image\/","url":"https:\/\/iraurgiberritzen.eus\/wp-content\/uploads\/2024\/02\/IRAURGI-BERRITZEN-logotipoa_2.png","contentUrl":"https:\/\/iraurgiberritzen.eus\/wp-content\/uploads\/2024\/02\/IRAURGI-BERRITZEN-logotipoa_2.png","width":496,"height":190,"caption":"Iraurgi Berritzen"},"image":{"@id":"https:\/\/iraurgiberritzen.eus\/es\/#\/schema\/logo\/image\/"}},{"@type":"Person","@id":"https:\/\/iraurgiberritzen.eus\/es\/#\/schema\/person\/a32c9825b3e2bfcbe757a97f6a15c8a5","name":"ainara"}]}},"_links":{"self":[{"href":"https:\/\/iraurgiberritzen.eus\/es\/wp-json\/wp\/v2\/posts\/20982","targetHints":{"allow":["GET"]}}],"collection":[{"href":"https:\/\/iraurgiberritzen.eus\/es\/wp-json\/wp\/v2\/posts"}],"about":[{"href":"https:\/\/iraurgiberritzen.eus\/es\/wp-json\/wp\/v2\/types\/post"}],"author":[{"embeddable":true,"href":"https:\/\/iraurgiberritzen.eus\/es\/wp-json\/wp\/v2\/users\/4"}],"replies":[{"embeddable":true,"href":"https:\/\/iraurgiberritzen.eus\/es\/wp-json\/wp\/v2\/comments?post=20982"}],"version-history":[{"count":4,"href":"https:\/\/iraurgiberritzen.eus\/es\/wp-json\/wp\/v2\/posts\/20982\/revisions"}],"predecessor-version":[{"id":21028,"href":"https:\/\/iraurgiberritzen.eus\/es\/wp-json\/wp\/v2\/posts\/20982\/revisions\/21028"}],"wp:featuredmedia":[{"embeddable":true,"href":"https:\/\/iraurgiberritzen.eus\/es\/wp-json\/wp\/v2\/media\/20995"}],"wp:attachment":[{"href":"https:\/\/iraurgiberritzen.eus\/es\/wp-json\/wp\/v2\/media?parent=20982"}],"wp:term":[{"taxonomy":"category","embeddable":true,"href":"https:\/\/iraurgiberritzen.eus\/es\/wp-json\/wp\/v2\/categories?post=20982"},{"taxonomy":"post_tag","embeddable":true,"href":"https:\/\/iraurgiberritzen.eus\/es\/wp-json\/wp\/v2\/tags?post=20982"}],"curies":[{"name":"wp","href":"https:\/\/api.w.org\/{rel}","templated":true}]}}