{"id":21037,"date":"2024-07-11T12:21:19","date_gmt":"2024-07-11T10:21:19","guid":{"rendered":"https:\/\/iraurgiberritzen.eus\/?p=21037"},"modified":"2024-07-11T12:30:01","modified_gmt":"2024-07-11T10:30:01","slug":"fin-del-proyecto-eradigitzen-y-comienzo-del-proyecto-eradigitzen","status":"publish","type":"post","link":"https:\/\/iraurgiberritzen.eus\/es\/fin-del-proyecto-eradigitzen-y-comienzo-del-proyecto-eradigitzen\/","title":{"rendered":"Fin del Proyecto Eradigitzen y Comienzo del Proyecto Eradigitzen ++"},"content":{"rendered":"<p><span data-contrast=\"auto\">El 10 de julio, durante la reuni\u00f3n de trabajo, se dio por finalizado el proyecto <\/span><b><i><span data-contrast=\"auto\">EraDigitzen: Colaboraci\u00f3n entre entidades p\u00fablicas para convertirse en un modelo de digitalizaci\u00f3n<\/span><\/i><\/b><span data-contrast=\"auto\">, liderado por Iraurgi Berritzen, donde se presentaron las conclusiones obtenidas durante el proyecto. El objetivo de este proyecto era promover la interoperabilidad de datos entre administraciones p\u00fablicas y la gobernanza multinivel de datos. Gracias a la colaboraci\u00f3n entre la sociedad p\u00fablica Iraurgi Berritzen y varias administraciones p\u00fablicas, se han estudiado los primeros pasos para acceder e intercambiar datos de manera eficiente y efectiva, lo que permitir\u00e1 tomar mejores decisiones y aprovechar al m\u00e1ximo las tecnolog\u00edas digitales.<\/span><span data-ccp-props=\"{&quot;134233117&quot;:false,&quot;134233118&quot;:false,&quot;201341983&quot;:0,&quot;335551550&quot;:0,&quot;335551620&quot;:0,&quot;335559738&quot;:240,&quot;335559739&quot;:240,&quot;335559740&quot;:279}\">\u00a0<\/span><\/p>\n<p><span data-contrast=\"auto\">Junto con la finalizaci\u00f3n del proyecto EraDigitzen, se ha iniciado el proyecto EraDigitzen ++. Este nuevo proyecto busca mejorar el intercambio de datos entre administraciones p\u00fablicas y entidades tanto p\u00fablicas como privadas, para obtener y compartir datos de calidad sobre la demograf\u00eda empresarial. Se desarrollar\u00e1n nuevos sistemas de software y conexiones, proporcionando informaci\u00f3n \u00fatil a diversos usuarios para la creaci\u00f3n de estrategias pol\u00edticas y servicios p\u00fablicos.<\/span><span data-ccp-props=\"{&quot;134233117&quot;:false,&quot;134233118&quot;:false,&quot;201341983&quot;:0,&quot;335551550&quot;:0,&quot;335551620&quot;:0,&quot;335559738&quot;:240,&quot;335559739&quot;:240,&quot;335559740&quot;:279}\">\u00a0<\/span><\/p>\n<p><span data-contrast=\"auto\">En el evento estuvieron presentes representantes de las entidades participantes en el proyecto EraDigitzen, como la Diputaci\u00f3n Foral de Gipuzkoa, EUSTAT, Innobasque, Izarraitz Formaci\u00f3n Profesional y el presidente de Iraurgi Berritzen. En el proyecto EraDigitzen ++, adem\u00e1s de los representantes anteriores, tambi\u00e9n participar\u00e1n UGGASA y GOIEKI. Ambos proyectos han sido financiados a trav\u00e9s del Programa Etorkizuna Eraikiz de la Diputaci\u00f3n Foral de Gipuzkoa, y se espera que tengan un impacto positivo en el desarrollo regional.<\/span><span data-ccp-props=\"{&quot;134233117&quot;:false,&quot;134233118&quot;:false,&quot;201341983&quot;:0,&quot;335551550&quot;:0,&quot;335551620&quot;:0,&quot;335559738&quot;:240,&quot;335559739&quot;:240,&quot;335559740&quot;:279}\">\u00a0<\/span><\/p>\n","protected":false},"excerpt":{"rendered":"<p>El 10 de julio, durante la reuni\u00f3n de trabajo, se dio por finalizado el proyecto EraDigitzen: Colaboraci\u00f3n entre entidades p\u00fablicas para convertirse en un modelo de digitalizaci\u00f3n, liderado por Iraurgi Berritzen, donde se presentaron las conclusiones obtenidas durante el proyecto. El objetivo de este proyecto era promover la interoperabilidad de datos entre administraciones p\u00fablicas y [&hellip;]<\/p>\n","protected":false},"author":4,"featured_media":21034,"comment_status":"closed","ping_status":"closed","sticky":false,"template":"","format":"standard","meta":{"_acf_changed":false,"footnotes":""},"categories":[4],"tags":[],"class_list":["post-21037","post","type-post","status-publish","format-standard","has-post-thumbnail","hentry","category-noticias","arloak-enpresa"],"acf":[],"yoast_head":"<!-- This site is optimized with the Yoast SEO plugin v27.4 - https:\/\/yoast.com\/product\/yoast-seo-wordpress\/ -->\n<title>Fin del Proyecto Eradigitzen y Comienzo del Proyecto Eradigitzen ++ - Iraurgi Berritzen<\/title>\n<meta name=\"robots\" content=\"index, follow, max-snippet:-1, max-image-preview:large, max-video-preview:-1\" \/>\n<link rel=\"canonical\" href=\"https:\/\/iraurgiberritzen.eus\/es\/fin-del-proyecto-eradigitzen-y-comienzo-del-proyecto-eradigitzen\/\" \/>\n<meta property=\"og:locale\" content=\"es_ES\" \/>\n<meta property=\"og:type\" content=\"article\" \/>\n<meta property=\"og:title\" content=\"Fin del Proyecto Eradigitzen y Comienzo del Proyecto Eradigitzen ++ - Iraurgi Berritzen\" \/>\n<meta property=\"og:description\" content=\"El 10 de julio, durante la reuni\u00f3n de trabajo, se dio por finalizado el proyecto EraDigitzen: Colaboraci\u00f3n entre entidades p\u00fablicas para convertirse en un modelo de digitalizaci\u00f3n, liderado por Iraurgi Berritzen, donde se presentaron las conclusiones obtenidas durante el proyecto. El objetivo de este proyecto era promover la interoperabilidad de datos entre administraciones p\u00fablicas y [&hellip;]\" \/>\n<meta property=\"og:url\" content=\"https:\/\/iraurgiberritzen.eus\/es\/fin-del-proyecto-eradigitzen-y-comienzo-del-proyecto-eradigitzen\/\" \/>\n<meta property=\"og:site_name\" content=\"Iraurgi Berritzen\" \/>\n<meta property=\"article:published_time\" content=\"2024-07-11T10:21:19+00:00\" \/>\n<meta property=\"article:modified_time\" content=\"2024-07-11T10:30:01+00:00\" \/>\n<meta property=\"og:image\" content=\"https:\/\/iraurgiberritzen.eus\/wp-content\/uploads\/2024\/07\/DENAK_AMAIERA.jpeg\" \/>\n\t<meta property=\"og:image:width\" content=\"1600\" \/>\n\t<meta property=\"og:image:height\" content=\"1204\" \/>\n\t<meta property=\"og:image:type\" content=\"image\/jpeg\" \/>\n<meta name=\"author\" content=\"ainara\" \/>\n<meta name=\"twitter:card\" content=\"summary_large_image\" \/>\n<meta name=\"twitter:label1\" content=\"Escrito por\" \/>\n\t<meta name=\"twitter:data1\" content=\"ainara\" \/>\n\t<meta name=\"twitter:label2\" content=\"Tiempo de lectura\" \/>\n\t<meta name=\"twitter:data2\" content=\"2 minutos\" \/>\n<script type=\"application\/ld+json\" class=\"yoast-schema-graph\">{\"@context\":\"https:\\\/\\\/schema.org\",\"@graph\":[{\"@type\":\"Article\",\"@id\":\"https:\\\/\\\/iraurgiberritzen.eus\\\/es\\\/fin-del-proyecto-eradigitzen-y-comienzo-del-proyecto-eradigitzen\\\/#article\",\"isPartOf\":{\"@id\":\"https:\\\/\\\/iraurgiberritzen.eus\\\/es\\\/fin-del-proyecto-eradigitzen-y-comienzo-del-proyecto-eradigitzen\\\/\"},\"author\":{\"name\":\"ainara\",\"@id\":\"https:\\\/\\\/iraurgiberritzen.eus\\\/es\\\/#\\\/schema\\\/person\\\/a32c9825b3e2bfcbe757a97f6a15c8a5\"},\"headline\":\"Fin del Proyecto Eradigitzen y Comienzo del Proyecto Eradigitzen ++\",\"datePublished\":\"2024-07-11T10:21:19+00:00\",\"dateModified\":\"2024-07-11T10:30:01+00:00\",\"mainEntityOfPage\":{\"@id\":\"https:\\\/\\\/iraurgiberritzen.eus\\\/es\\\/fin-del-proyecto-eradigitzen-y-comienzo-del-proyecto-eradigitzen\\\/\"},\"wordCount\":276,\"publisher\":{\"@id\":\"https:\\\/\\\/iraurgiberritzen.eus\\\/es\\\/#organization\"},\"image\":{\"@id\":\"https:\\\/\\\/iraurgiberritzen.eus\\\/es\\\/fin-del-proyecto-eradigitzen-y-comienzo-del-proyecto-eradigitzen\\\/#primaryimage\"},\"thumbnailUrl\":\"https:\\\/\\\/iraurgiberritzen.eus\\\/wp-content\\\/uploads\\\/2024\\\/07\\\/DENAK_AMAIERA.jpeg\",\"articleSection\":[\"Noticias\"],\"inLanguage\":\"es\"},{\"@type\":\"WebPage\",\"@id\":\"https:\\\/\\\/iraurgiberritzen.eus\\\/es\\\/fin-del-proyecto-eradigitzen-y-comienzo-del-proyecto-eradigitzen\\\/\",\"url\":\"https:\\\/\\\/iraurgiberritzen.eus\\\/es\\\/fin-del-proyecto-eradigitzen-y-comienzo-del-proyecto-eradigitzen\\\/\",\"name\":\"Fin del Proyecto Eradigitzen y Comienzo del Proyecto Eradigitzen ++ - Iraurgi Berritzen\",\"isPartOf\":{\"@id\":\"https:\\\/\\\/iraurgiberritzen.eus\\\/es\\\/#website\"},\"primaryImageOfPage\":{\"@id\":\"https:\\\/\\\/iraurgiberritzen.eus\\\/es\\\/fin-del-proyecto-eradigitzen-y-comienzo-del-proyecto-eradigitzen\\\/#primaryimage\"},\"image\":{\"@id\":\"https:\\\/\\\/iraurgiberritzen.eus\\\/es\\\/fin-del-proyecto-eradigitzen-y-comienzo-del-proyecto-eradigitzen\\\/#primaryimage\"},\"thumbnailUrl\":\"https:\\\/\\\/iraurgiberritzen.eus\\\/wp-content\\\/uploads\\\/2024\\\/07\\\/DENAK_AMAIERA.jpeg\",\"datePublished\":\"2024-07-11T10:21:19+00:00\",\"dateModified\":\"2024-07-11T10:30:01+00:00\",\"breadcrumb\":{\"@id\":\"https:\\\/\\\/iraurgiberritzen.eus\\\/es\\\/fin-del-proyecto-eradigitzen-y-comienzo-del-proyecto-eradigitzen\\\/#breadcrumb\"},\"inLanguage\":\"es\",\"potentialAction\":[{\"@type\":\"ReadAction\",\"target\":[\"https:\\\/\\\/iraurgiberritzen.eus\\\/es\\\/fin-del-proyecto-eradigitzen-y-comienzo-del-proyecto-eradigitzen\\\/\"]}]},{\"@type\":\"ImageObject\",\"inLanguage\":\"es\",\"@id\":\"https:\\\/\\\/iraurgiberritzen.eus\\\/es\\\/fin-del-proyecto-eradigitzen-y-comienzo-del-proyecto-eradigitzen\\\/#primaryimage\",\"url\":\"https:\\\/\\\/iraurgiberritzen.eus\\\/wp-content\\\/uploads\\\/2024\\\/07\\\/DENAK_AMAIERA.jpeg\",\"contentUrl\":\"https:\\\/\\\/iraurgiberritzen.eus\\\/wp-content\\\/uploads\\\/2024\\\/07\\\/DENAK_AMAIERA.jpeg\",\"width\":1600,\"height\":1204},{\"@type\":\"BreadcrumbList\",\"@id\":\"https:\\\/\\\/iraurgiberritzen.eus\\\/es\\\/fin-del-proyecto-eradigitzen-y-comienzo-del-proyecto-eradigitzen\\\/#breadcrumb\",\"itemListElement\":[{\"@type\":\"ListItem\",\"position\":1,\"name\":\"Home\",\"item\":\"https:\\\/\\\/iraurgiberritzen.eus\\\/es\\\/\"},{\"@type\":\"ListItem\",\"position\":2,\"name\":\"Fin del Proyecto Eradigitzen y Comienzo del Proyecto Eradigitzen ++\"}]},{\"@type\":\"WebSite\",\"@id\":\"https:\\\/\\\/iraurgiberritzen.eus\\\/es\\\/#website\",\"url\":\"https:\\\/\\\/iraurgiberritzen.eus\\\/es\\\/\",\"name\":\"Iraurgi Berritzen\",\"description\":\"Urola Erdiko Garapen Agentzia\",\"publisher\":{\"@id\":\"https:\\\/\\\/iraurgiberritzen.eus\\\/es\\\/#organization\"},\"potentialAction\":[{\"@type\":\"SearchAction\",\"target\":{\"@type\":\"EntryPoint\",\"urlTemplate\":\"https:\\\/\\\/iraurgiberritzen.eus\\\/es\\\/?s={search_term_string}\"},\"query-input\":{\"@type\":\"PropertyValueSpecification\",\"valueRequired\":true,\"valueName\":\"search_term_string\"}}],\"inLanguage\":\"es\"},{\"@type\":\"Organization\",\"@id\":\"https:\\\/\\\/iraurgiberritzen.eus\\\/es\\\/#organization\",\"name\":\"Iraurgi Berritzen\",\"url\":\"https:\\\/\\\/iraurgiberritzen.eus\\\/es\\\/\",\"logo\":{\"@type\":\"ImageObject\",\"inLanguage\":\"es\",\"@id\":\"https:\\\/\\\/iraurgiberritzen.eus\\\/es\\\/#\\\/schema\\\/logo\\\/image\\\/\",\"url\":\"https:\\\/\\\/iraurgiberritzen.eus\\\/wp-content\\\/uploads\\\/2024\\\/02\\\/IRAURGI-BERRITZEN-logotipoa_2.png\",\"contentUrl\":\"https:\\\/\\\/iraurgiberritzen.eus\\\/wp-content\\\/uploads\\\/2024\\\/02\\\/IRAURGI-BERRITZEN-logotipoa_2.png\",\"width\":496,\"height\":190,\"caption\":\"Iraurgi Berritzen\"},\"image\":{\"@id\":\"https:\\\/\\\/iraurgiberritzen.eus\\\/es\\\/#\\\/schema\\\/logo\\\/image\\\/\"}},{\"@type\":\"Person\",\"@id\":\"https:\\\/\\\/iraurgiberritzen.eus\\\/es\\\/#\\\/schema\\\/person\\\/a32c9825b3e2bfcbe757a97f6a15c8a5\",\"name\":\"ainara\"}]}<\/script>\n<!-- \/ Yoast SEO plugin. -->","yoast_head_json":{"title":"Fin del Proyecto Eradigitzen y Comienzo del Proyecto Eradigitzen ++ - Iraurgi Berritzen","robots":{"index":"index","follow":"follow","max-snippet":"max-snippet:-1","max-image-preview":"max-image-preview:large","max-video-preview":"max-video-preview:-1"},"canonical":"https:\/\/iraurgiberritzen.eus\/es\/fin-del-proyecto-eradigitzen-y-comienzo-del-proyecto-eradigitzen\/","og_locale":"es_ES","og_type":"article","og_title":"Fin del Proyecto Eradigitzen y Comienzo del Proyecto Eradigitzen ++ - Iraurgi Berritzen","og_description":"El 10 de julio, durante la reuni\u00f3n de trabajo, se dio por finalizado el proyecto EraDigitzen: Colaboraci\u00f3n entre entidades p\u00fablicas para convertirse en un modelo de digitalizaci\u00f3n, liderado por Iraurgi Berritzen, donde se presentaron las conclusiones obtenidas durante el proyecto. El objetivo de este proyecto era promover la interoperabilidad de datos entre administraciones p\u00fablicas y [&hellip;]","og_url":"https:\/\/iraurgiberritzen.eus\/es\/fin-del-proyecto-eradigitzen-y-comienzo-del-proyecto-eradigitzen\/","og_site_name":"Iraurgi Berritzen","article_published_time":"2024-07-11T10:21:19+00:00","article_modified_time":"2024-07-11T10:30:01+00:00","og_image":[{"width":1600,"height":1204,"url":"https:\/\/iraurgiberritzen.eus\/wp-content\/uploads\/2024\/07\/DENAK_AMAIERA.jpeg","type":"image\/jpeg"}],"author":"ainara","twitter_card":"summary_large_image","twitter_misc":{"Escrito por":"ainara","Tiempo de lectura":"2 minutos"},"schema":{"@context":"https:\/\/schema.org","@graph":[{"@type":"Article","@id":"https:\/\/iraurgiberritzen.eus\/es\/fin-del-proyecto-eradigitzen-y-comienzo-del-proyecto-eradigitzen\/#article","isPartOf":{"@id":"https:\/\/iraurgiberritzen.eus\/es\/fin-del-proyecto-eradigitzen-y-comienzo-del-proyecto-eradigitzen\/"},"author":{"name":"ainara","@id":"https:\/\/iraurgiberritzen.eus\/es\/#\/schema\/person\/a32c9825b3e2bfcbe757a97f6a15c8a5"},"headline":"Fin del Proyecto Eradigitzen y Comienzo del Proyecto Eradigitzen ++","datePublished":"2024-07-11T10:21:19+00:00","dateModified":"2024-07-11T10:30:01+00:00","mainEntityOfPage":{"@id":"https:\/\/iraurgiberritzen.eus\/es\/fin-del-proyecto-eradigitzen-y-comienzo-del-proyecto-eradigitzen\/"},"wordCount":276,"publisher":{"@id":"https:\/\/iraurgiberritzen.eus\/es\/#organization"},"image":{"@id":"https:\/\/iraurgiberritzen.eus\/es\/fin-del-proyecto-eradigitzen-y-comienzo-del-proyecto-eradigitzen\/#primaryimage"},"thumbnailUrl":"https:\/\/iraurgiberritzen.eus\/wp-content\/uploads\/2024\/07\/DENAK_AMAIERA.jpeg","articleSection":["Noticias"],"inLanguage":"es"},{"@type":"WebPage","@id":"https:\/\/iraurgiberritzen.eus\/es\/fin-del-proyecto-eradigitzen-y-comienzo-del-proyecto-eradigitzen\/","url":"https:\/\/iraurgiberritzen.eus\/es\/fin-del-proyecto-eradigitzen-y-comienzo-del-proyecto-eradigitzen\/","name":"Fin del Proyecto Eradigitzen y Comienzo del Proyecto Eradigitzen ++ - Iraurgi Berritzen","isPartOf":{"@id":"https:\/\/iraurgiberritzen.eus\/es\/#website"},"primaryImageOfPage":{"@id":"https:\/\/iraurgiberritzen.eus\/es\/fin-del-proyecto-eradigitzen-y-comienzo-del-proyecto-eradigitzen\/#primaryimage"},"image":{"@id":"https:\/\/iraurgiberritzen.eus\/es\/fin-del-proyecto-eradigitzen-y-comienzo-del-proyecto-eradigitzen\/#primaryimage"},"thumbnailUrl":"https:\/\/iraurgiberritzen.eus\/wp-content\/uploads\/2024\/07\/DENAK_AMAIERA.jpeg","datePublished":"2024-07-11T10:21:19+00:00","dateModified":"2024-07-11T10:30:01+00:00","breadcrumb":{"@id":"https:\/\/iraurgiberritzen.eus\/es\/fin-del-proyecto-eradigitzen-y-comienzo-del-proyecto-eradigitzen\/#breadcrumb"},"inLanguage":"es","potentialAction":[{"@type":"ReadAction","target":["https:\/\/iraurgiberritzen.eus\/es\/fin-del-proyecto-eradigitzen-y-comienzo-del-proyecto-eradigitzen\/"]}]},{"@type":"ImageObject","inLanguage":"es","@id":"https:\/\/iraurgiberritzen.eus\/es\/fin-del-proyecto-eradigitzen-y-comienzo-del-proyecto-eradigitzen\/#primaryimage","url":"https:\/\/iraurgiberritzen.eus\/wp-content\/uploads\/2024\/07\/DENAK_AMAIERA.jpeg","contentUrl":"https:\/\/iraurgiberritzen.eus\/wp-content\/uploads\/2024\/07\/DENAK_AMAIERA.jpeg","width":1600,"height":1204},{"@type":"BreadcrumbList","@id":"https:\/\/iraurgiberritzen.eus\/es\/fin-del-proyecto-eradigitzen-y-comienzo-del-proyecto-eradigitzen\/#breadcrumb","itemListElement":[{"@type":"ListItem","position":1,"name":"Home","item":"https:\/\/iraurgiberritzen.eus\/es\/"},{"@type":"ListItem","position":2,"name":"Fin del Proyecto Eradigitzen y Comienzo del Proyecto Eradigitzen ++"}]},{"@type":"WebSite","@id":"https:\/\/iraurgiberritzen.eus\/es\/#website","url":"https:\/\/iraurgiberritzen.eus\/es\/","name":"Iraurgi Berritzen","description":"Urola Erdiko Garapen Agentzia","publisher":{"@id":"https:\/\/iraurgiberritzen.eus\/es\/#organization"},"potentialAction":[{"@type":"SearchAction","target":{"@type":"EntryPoint","urlTemplate":"https:\/\/iraurgiberritzen.eus\/es\/?s={search_term_string}"},"query-input":{"@type":"PropertyValueSpecification","valueRequired":true,"valueName":"search_term_string"}}],"inLanguage":"es"},{"@type":"Organization","@id":"https:\/\/iraurgiberritzen.eus\/es\/#organization","name":"Iraurgi Berritzen","url":"https:\/\/iraurgiberritzen.eus\/es\/","logo":{"@type":"ImageObject","inLanguage":"es","@id":"https:\/\/iraurgiberritzen.eus\/es\/#\/schema\/logo\/image\/","url":"https:\/\/iraurgiberritzen.eus\/wp-content\/uploads\/2024\/02\/IRAURGI-BERRITZEN-logotipoa_2.png","contentUrl":"https:\/\/iraurgiberritzen.eus\/wp-content\/uploads\/2024\/02\/IRAURGI-BERRITZEN-logotipoa_2.png","width":496,"height":190,"caption":"Iraurgi Berritzen"},"image":{"@id":"https:\/\/iraurgiberritzen.eus\/es\/#\/schema\/logo\/image\/"}},{"@type":"Person","@id":"https:\/\/iraurgiberritzen.eus\/es\/#\/schema\/person\/a32c9825b3e2bfcbe757a97f6a15c8a5","name":"ainara"}]}},"_links":{"self":[{"href":"https:\/\/iraurgiberritzen.eus\/es\/wp-json\/wp\/v2\/posts\/21037","targetHints":{"allow":["GET"]}}],"collection":[{"href":"https:\/\/iraurgiberritzen.eus\/es\/wp-json\/wp\/v2\/posts"}],"about":[{"href":"https:\/\/iraurgiberritzen.eus\/es\/wp-json\/wp\/v2\/types\/post"}],"author":[{"embeddable":true,"href":"https:\/\/iraurgiberritzen.eus\/es\/wp-json\/wp\/v2\/users\/4"}],"replies":[{"embeddable":true,"href":"https:\/\/iraurgiberritzen.eus\/es\/wp-json\/wp\/v2\/comments?post=21037"}],"version-history":[{"count":2,"href":"https:\/\/iraurgiberritzen.eus\/es\/wp-json\/wp\/v2\/posts\/21037\/revisions"}],"predecessor-version":[{"id":21040,"href":"https:\/\/iraurgiberritzen.eus\/es\/wp-json\/wp\/v2\/posts\/21037\/revisions\/21040"}],"wp:featuredmedia":[{"embeddable":true,"href":"https:\/\/iraurgiberritzen.eus\/es\/wp-json\/wp\/v2\/media\/21034"}],"wp:attachment":[{"href":"https:\/\/iraurgiberritzen.eus\/es\/wp-json\/wp\/v2\/media?parent=21037"}],"wp:term":[{"taxonomy":"category","embeddable":true,"href":"https:\/\/iraurgiberritzen.eus\/es\/wp-json\/wp\/v2\/categories?post=21037"},{"taxonomy":"post_tag","embeddable":true,"href":"https:\/\/iraurgiberritzen.eus\/es\/wp-json\/wp\/v2\/tags?post=21037"}],"curies":[{"name":"wp","href":"https:\/\/api.w.org\/{rel}","templated":true}]}}