{"id":21058,"date":"2024-07-12T14:02:37","date_gmt":"2024-07-12T12:02:37","guid":{"rendered":"https:\/\/iraurgiberritzen.eus\/?p=21058"},"modified":"2024-07-12T14:03:46","modified_gmt":"2024-07-12T12:03:46","slug":"gestion-del-talento-y-posicionamento-regional-ha-sido-el-tema-principal-en-el-encuentro-de-enpresa-gunea","status":"publish","type":"post","link":"https:\/\/iraurgiberritzen.eus\/es\/gestion-del-talento-y-posicionamento-regional-ha-sido-el-tema-principal-en-el-encuentro-de-enpresa-gunea\/","title":{"rendered":"\u00abGesti\u00f3n del Talento y Posicionamento Regional\u00bb ha sido el tema principal en el encuentro de Enpresa Gunea"},"content":{"rendered":"<p><span data-contrast=\"auto\">En el contexto del \u00c1rea Empresarial de Iraurgi Berritzen, hoy, 12 de julio, se ha celebrado la segunda reuni\u00f3n de trabajo anual de los representantes de <strong><a href=\"https:\/\/iraurgiberritzen.eus\/lankidetzazko-gobernantza\/#edukia\">Enpresa Gunea<\/a><\/strong>\u00a0de Urola Erdia, en el Palacio Basazabal de Azpeitia. En esta reuni\u00f3n han participado representantes de varias empresas del \u00c1rea (Sein, Astigarraga Kit Line, Grupo Xubi, Biele, Alberdi Mecanizados, Ormola, Ekintza, Grupo Glual, Sidenor, Elkarmedia, Grupo Sarralle, Elkarmedia).<\/span><span data-ccp-props=\"{&quot;134233117&quot;:false,&quot;134233118&quot;:false,&quot;335551550&quot;:6,&quot;335551620&quot;:6,&quot;335559738&quot;:240,&quot;335559739&quot;:240}\">\u00a0<\/span><\/p>\n<p><span data-contrast=\"auto\">Entre los objetivos del encuentro se encontraban <\/span><b><span data-contrast=\"auto\">compartir la situaci\u00f3n y los desaf\u00edos del contexto empresarial de la regi\u00f3n<\/span><\/b><span data-contrast=\"auto\">, <\/span><b><span data-contrast=\"auto\">hacer un seguimiento de los proyectos dirigidos a las empresas por parte de Iraurgi Berritzen<\/span><\/b><span data-contrast=\"auto\"> y <\/span><b><span data-contrast=\"auto\">analizar el estado de las l\u00edneas de trabajo que las empresas desarrollan dentro del Plan Estrat\u00e9gico UE22-27<\/span><\/b><span data-contrast=\"auto\">. En esta l\u00ednea, se ha hecho el seguimiento de los proyectos del talento \u201cErein, Erakarri eta Fidelizatu\u00bb y, por otro lado, se han analizado los resultados de las diferentes iniciativas que los representantes empresariales han llevado a cabo con entidades externas en varios \u00e1mbitos (infraestructuras industriales, movilidad, industria del futuro y Fondos Next), con el fin de determinar los pr\u00f3ximos pasos a seguir.<\/span><span data-ccp-props=\"{&quot;134233117&quot;:false,&quot;134233118&quot;:false,&quot;335551550&quot;:6,&quot;335551620&quot;:6,&quot;335559738&quot;:240,&quot;335559739&quot;:240}\">\u00a0<\/span><\/p>\n","protected":false},"excerpt":{"rendered":"<p>En el contexto del \u00c1rea Empresarial de Iraurgi Berritzen, hoy, 12 de julio, se ha celebrado la segunda reuni\u00f3n de trabajo anual de los representantes de Enpresa Gunea\u00a0de Urola Erdia, en el Palacio Basazabal de Azpeitia. En esta reuni\u00f3n han participado representantes de varias empresas del \u00c1rea (Sein, Astigarraga Kit Line, Grupo Xubi, Biele, Alberdi [&hellip;]<\/p>\n","protected":false},"author":4,"featured_media":21068,"comment_status":"closed","ping_status":"closed","sticky":false,"template":"","format":"standard","meta":{"_acf_changed":false,"footnotes":""},"categories":[4],"tags":[],"class_list":["post-21058","post","type-post","status-publish","format-standard","has-post-thumbnail","hentry","category-noticias","arloak-enpresa"],"acf":[],"yoast_head":"<!-- This site is optimized with the Yoast SEO plugin v27.4 - https:\/\/yoast.com\/product\/yoast-seo-wordpress\/ -->\n<title>&quot;Gesti\u00f3n del Talento y Posicionamento Regional&quot; ha sido el tema principal en el encuentro de Enpresa Gunea - Iraurgi Berritzen<\/title>\n<meta name=\"robots\" content=\"index, follow, max-snippet:-1, max-image-preview:large, max-video-preview:-1\" \/>\n<link rel=\"canonical\" href=\"https:\/\/iraurgiberritzen.eus\/es\/gestion-del-talento-y-posicionamento-regional-ha-sido-el-tema-principal-en-el-encuentro-de-enpresa-gunea\/\" \/>\n<meta property=\"og:locale\" content=\"es_ES\" \/>\n<meta property=\"og:type\" content=\"article\" \/>\n<meta property=\"og:title\" content=\"&quot;Gesti\u00f3n del Talento y Posicionamento Regional&quot; ha sido el tema principal en el encuentro de Enpresa Gunea - Iraurgi Berritzen\" \/>\n<meta property=\"og:description\" content=\"En el contexto del \u00c1rea Empresarial de Iraurgi Berritzen, hoy, 12 de julio, se ha celebrado la segunda reuni\u00f3n de trabajo anual de los representantes de Enpresa Gunea\u00a0de Urola Erdia, en el Palacio Basazabal de Azpeitia. En esta reuni\u00f3n han participado representantes de varias empresas del \u00c1rea (Sein, Astigarraga Kit Line, Grupo Xubi, Biele, Alberdi [&hellip;]\" \/>\n<meta property=\"og:url\" content=\"https:\/\/iraurgiberritzen.eus\/es\/gestion-del-talento-y-posicionamento-regional-ha-sido-el-tema-principal-en-el-encuentro-de-enpresa-gunea\/\" \/>\n<meta property=\"og:site_name\" content=\"Iraurgi Berritzen\" \/>\n<meta property=\"article:published_time\" content=\"2024-07-12T12:02:37+00:00\" \/>\n<meta property=\"article:modified_time\" content=\"2024-07-12T12:03:46+00:00\" \/>\n<meta property=\"og:image\" content=\"https:\/\/iraurgiberritzen.eus\/wp-content\/uploads\/2024\/07\/IMG_6831-scaled.jpg\" \/>\n\t<meta property=\"og:image:width\" content=\"1920\" \/>\n\t<meta property=\"og:image:height\" content=\"2560\" \/>\n\t<meta property=\"og:image:type\" content=\"image\/jpeg\" \/>\n<meta name=\"author\" content=\"ainara\" \/>\n<meta name=\"twitter:card\" content=\"summary_large_image\" \/>\n<meta name=\"twitter:label1\" content=\"Escrito por\" \/>\n\t<meta name=\"twitter:data1\" content=\"ainara\" \/>\n\t<meta name=\"twitter:label2\" content=\"Tiempo de lectura\" \/>\n\t<meta name=\"twitter:data2\" content=\"2 minutos\" \/>\n<script type=\"application\/ld+json\" class=\"yoast-schema-graph\">{\"@context\":\"https:\\\/\\\/schema.org\",\"@graph\":[{\"@type\":\"Article\",\"@id\":\"https:\\\/\\\/iraurgiberritzen.eus\\\/es\\\/gestion-del-talento-y-posicionamento-regional-ha-sido-el-tema-principal-en-el-encuentro-de-enpresa-gunea\\\/#article\",\"isPartOf\":{\"@id\":\"https:\\\/\\\/iraurgiberritzen.eus\\\/es\\\/gestion-del-talento-y-posicionamento-regional-ha-sido-el-tema-principal-en-el-encuentro-de-enpresa-gunea\\\/\"},\"author\":{\"name\":\"ainara\",\"@id\":\"https:\\\/\\\/iraurgiberritzen.eus\\\/es\\\/#\\\/schema\\\/person\\\/a32c9825b3e2bfcbe757a97f6a15c8a5\"},\"headline\":\"\u00abGesti\u00f3n del Talento y Posicionamento Regional\u00bb ha sido el tema principal en el encuentro de Enpresa Gunea\",\"datePublished\":\"2024-07-12T12:02:37+00:00\",\"dateModified\":\"2024-07-12T12:03:46+00:00\",\"mainEntityOfPage\":{\"@id\":\"https:\\\/\\\/iraurgiberritzen.eus\\\/es\\\/gestion-del-talento-y-posicionamento-regional-ha-sido-el-tema-principal-en-el-encuentro-de-enpresa-gunea\\\/\"},\"wordCount\":208,\"publisher\":{\"@id\":\"https:\\\/\\\/iraurgiberritzen.eus\\\/es\\\/#organization\"},\"image\":{\"@id\":\"https:\\\/\\\/iraurgiberritzen.eus\\\/es\\\/gestion-del-talento-y-posicionamento-regional-ha-sido-el-tema-principal-en-el-encuentro-de-enpresa-gunea\\\/#primaryimage\"},\"thumbnailUrl\":\"https:\\\/\\\/iraurgiberritzen.eus\\\/wp-content\\\/uploads\\\/2024\\\/07\\\/IMG_6831-scaled.jpg\",\"articleSection\":[\"Noticias\"],\"inLanguage\":\"es\"},{\"@type\":\"WebPage\",\"@id\":\"https:\\\/\\\/iraurgiberritzen.eus\\\/es\\\/gestion-del-talento-y-posicionamento-regional-ha-sido-el-tema-principal-en-el-encuentro-de-enpresa-gunea\\\/\",\"url\":\"https:\\\/\\\/iraurgiberritzen.eus\\\/es\\\/gestion-del-talento-y-posicionamento-regional-ha-sido-el-tema-principal-en-el-encuentro-de-enpresa-gunea\\\/\",\"name\":\"\\\"Gesti\u00f3n del Talento y Posicionamento Regional\\\" ha sido el tema principal en el encuentro de Enpresa Gunea - Iraurgi Berritzen\",\"isPartOf\":{\"@id\":\"https:\\\/\\\/iraurgiberritzen.eus\\\/es\\\/#website\"},\"primaryImageOfPage\":{\"@id\":\"https:\\\/\\\/iraurgiberritzen.eus\\\/es\\\/gestion-del-talento-y-posicionamento-regional-ha-sido-el-tema-principal-en-el-encuentro-de-enpresa-gunea\\\/#primaryimage\"},\"image\":{\"@id\":\"https:\\\/\\\/iraurgiberritzen.eus\\\/es\\\/gestion-del-talento-y-posicionamento-regional-ha-sido-el-tema-principal-en-el-encuentro-de-enpresa-gunea\\\/#primaryimage\"},\"thumbnailUrl\":\"https:\\\/\\\/iraurgiberritzen.eus\\\/wp-content\\\/uploads\\\/2024\\\/07\\\/IMG_6831-scaled.jpg\",\"datePublished\":\"2024-07-12T12:02:37+00:00\",\"dateModified\":\"2024-07-12T12:03:46+00:00\",\"breadcrumb\":{\"@id\":\"https:\\\/\\\/iraurgiberritzen.eus\\\/es\\\/gestion-del-talento-y-posicionamento-regional-ha-sido-el-tema-principal-en-el-encuentro-de-enpresa-gunea\\\/#breadcrumb\"},\"inLanguage\":\"es\",\"potentialAction\":[{\"@type\":\"ReadAction\",\"target\":[\"https:\\\/\\\/iraurgiberritzen.eus\\\/es\\\/gestion-del-talento-y-posicionamento-regional-ha-sido-el-tema-principal-en-el-encuentro-de-enpresa-gunea\\\/\"]}]},{\"@type\":\"ImageObject\",\"inLanguage\":\"es\",\"@id\":\"https:\\\/\\\/iraurgiberritzen.eus\\\/es\\\/gestion-del-talento-y-posicionamento-regional-ha-sido-el-tema-principal-en-el-encuentro-de-enpresa-gunea\\\/#primaryimage\",\"url\":\"https:\\\/\\\/iraurgiberritzen.eus\\\/wp-content\\\/uploads\\\/2024\\\/07\\\/IMG_6831-scaled.jpg\",\"contentUrl\":\"https:\\\/\\\/iraurgiberritzen.eus\\\/wp-content\\\/uploads\\\/2024\\\/07\\\/IMG_6831-scaled.jpg\",\"width\":1920,\"height\":2560},{\"@type\":\"BreadcrumbList\",\"@id\":\"https:\\\/\\\/iraurgiberritzen.eus\\\/es\\\/gestion-del-talento-y-posicionamento-regional-ha-sido-el-tema-principal-en-el-encuentro-de-enpresa-gunea\\\/#breadcrumb\",\"itemListElement\":[{\"@type\":\"ListItem\",\"position\":1,\"name\":\"Home\",\"item\":\"https:\\\/\\\/iraurgiberritzen.eus\\\/es\\\/\"},{\"@type\":\"ListItem\",\"position\":2,\"name\":\"&#8220;Gesti\u00f3n del Talento y Posicionamento Regional&#8221; ha sido el tema principal en el encuentro de Enpresa Gunea\"}]},{\"@type\":\"WebSite\",\"@id\":\"https:\\\/\\\/iraurgiberritzen.eus\\\/es\\\/#website\",\"url\":\"https:\\\/\\\/iraurgiberritzen.eus\\\/es\\\/\",\"name\":\"Iraurgi Berritzen\",\"description\":\"Urola Erdiko Garapen Agentzia\",\"publisher\":{\"@id\":\"https:\\\/\\\/iraurgiberritzen.eus\\\/es\\\/#organization\"},\"potentialAction\":[{\"@type\":\"SearchAction\",\"target\":{\"@type\":\"EntryPoint\",\"urlTemplate\":\"https:\\\/\\\/iraurgiberritzen.eus\\\/es\\\/?s={search_term_string}\"},\"query-input\":{\"@type\":\"PropertyValueSpecification\",\"valueRequired\":true,\"valueName\":\"search_term_string\"}}],\"inLanguage\":\"es\"},{\"@type\":\"Organization\",\"@id\":\"https:\\\/\\\/iraurgiberritzen.eus\\\/es\\\/#organization\",\"name\":\"Iraurgi Berritzen\",\"url\":\"https:\\\/\\\/iraurgiberritzen.eus\\\/es\\\/\",\"logo\":{\"@type\":\"ImageObject\",\"inLanguage\":\"es\",\"@id\":\"https:\\\/\\\/iraurgiberritzen.eus\\\/es\\\/#\\\/schema\\\/logo\\\/image\\\/\",\"url\":\"https:\\\/\\\/iraurgiberritzen.eus\\\/wp-content\\\/uploads\\\/2024\\\/02\\\/IRAURGI-BERRITZEN-logotipoa_2.png\",\"contentUrl\":\"https:\\\/\\\/iraurgiberritzen.eus\\\/wp-content\\\/uploads\\\/2024\\\/02\\\/IRAURGI-BERRITZEN-logotipoa_2.png\",\"width\":496,\"height\":190,\"caption\":\"Iraurgi Berritzen\"},\"image\":{\"@id\":\"https:\\\/\\\/iraurgiberritzen.eus\\\/es\\\/#\\\/schema\\\/logo\\\/image\\\/\"}},{\"@type\":\"Person\",\"@id\":\"https:\\\/\\\/iraurgiberritzen.eus\\\/es\\\/#\\\/schema\\\/person\\\/a32c9825b3e2bfcbe757a97f6a15c8a5\",\"name\":\"ainara\"}]}<\/script>\n<!-- \/ Yoast SEO plugin. -->","yoast_head_json":{"title":"\"Gesti\u00f3n del Talento y Posicionamento Regional\" ha sido el tema principal en el encuentro de Enpresa Gunea - Iraurgi Berritzen","robots":{"index":"index","follow":"follow","max-snippet":"max-snippet:-1","max-image-preview":"max-image-preview:large","max-video-preview":"max-video-preview:-1"},"canonical":"https:\/\/iraurgiberritzen.eus\/es\/gestion-del-talento-y-posicionamento-regional-ha-sido-el-tema-principal-en-el-encuentro-de-enpresa-gunea\/","og_locale":"es_ES","og_type":"article","og_title":"\"Gesti\u00f3n del Talento y Posicionamento Regional\" ha sido el tema principal en el encuentro de Enpresa Gunea - Iraurgi Berritzen","og_description":"En el contexto del \u00c1rea Empresarial de Iraurgi Berritzen, hoy, 12 de julio, se ha celebrado la segunda reuni\u00f3n de trabajo anual de los representantes de Enpresa Gunea\u00a0de Urola Erdia, en el Palacio Basazabal de Azpeitia. En esta reuni\u00f3n han participado representantes de varias empresas del \u00c1rea (Sein, Astigarraga Kit Line, Grupo Xubi, Biele, Alberdi [&hellip;]","og_url":"https:\/\/iraurgiberritzen.eus\/es\/gestion-del-talento-y-posicionamento-regional-ha-sido-el-tema-principal-en-el-encuentro-de-enpresa-gunea\/","og_site_name":"Iraurgi Berritzen","article_published_time":"2024-07-12T12:02:37+00:00","article_modified_time":"2024-07-12T12:03:46+00:00","og_image":[{"width":1920,"height":2560,"url":"https:\/\/iraurgiberritzen.eus\/wp-content\/uploads\/2024\/07\/IMG_6831-scaled.jpg","type":"image\/jpeg"}],"author":"ainara","twitter_card":"summary_large_image","twitter_misc":{"Escrito por":"ainara","Tiempo de lectura":"2 minutos"},"schema":{"@context":"https:\/\/schema.org","@graph":[{"@type":"Article","@id":"https:\/\/iraurgiberritzen.eus\/es\/gestion-del-talento-y-posicionamento-regional-ha-sido-el-tema-principal-en-el-encuentro-de-enpresa-gunea\/#article","isPartOf":{"@id":"https:\/\/iraurgiberritzen.eus\/es\/gestion-del-talento-y-posicionamento-regional-ha-sido-el-tema-principal-en-el-encuentro-de-enpresa-gunea\/"},"author":{"name":"ainara","@id":"https:\/\/iraurgiberritzen.eus\/es\/#\/schema\/person\/a32c9825b3e2bfcbe757a97f6a15c8a5"},"headline":"\u00abGesti\u00f3n del Talento y Posicionamento Regional\u00bb ha sido el tema principal en el encuentro de Enpresa Gunea","datePublished":"2024-07-12T12:02:37+00:00","dateModified":"2024-07-12T12:03:46+00:00","mainEntityOfPage":{"@id":"https:\/\/iraurgiberritzen.eus\/es\/gestion-del-talento-y-posicionamento-regional-ha-sido-el-tema-principal-en-el-encuentro-de-enpresa-gunea\/"},"wordCount":208,"publisher":{"@id":"https:\/\/iraurgiberritzen.eus\/es\/#organization"},"image":{"@id":"https:\/\/iraurgiberritzen.eus\/es\/gestion-del-talento-y-posicionamento-regional-ha-sido-el-tema-principal-en-el-encuentro-de-enpresa-gunea\/#primaryimage"},"thumbnailUrl":"https:\/\/iraurgiberritzen.eus\/wp-content\/uploads\/2024\/07\/IMG_6831-scaled.jpg","articleSection":["Noticias"],"inLanguage":"es"},{"@type":"WebPage","@id":"https:\/\/iraurgiberritzen.eus\/es\/gestion-del-talento-y-posicionamento-regional-ha-sido-el-tema-principal-en-el-encuentro-de-enpresa-gunea\/","url":"https:\/\/iraurgiberritzen.eus\/es\/gestion-del-talento-y-posicionamento-regional-ha-sido-el-tema-principal-en-el-encuentro-de-enpresa-gunea\/","name":"\"Gesti\u00f3n del Talento y Posicionamento Regional\" ha sido el tema principal en el encuentro de Enpresa Gunea - Iraurgi Berritzen","isPartOf":{"@id":"https:\/\/iraurgiberritzen.eus\/es\/#website"},"primaryImageOfPage":{"@id":"https:\/\/iraurgiberritzen.eus\/es\/gestion-del-talento-y-posicionamento-regional-ha-sido-el-tema-principal-en-el-encuentro-de-enpresa-gunea\/#primaryimage"},"image":{"@id":"https:\/\/iraurgiberritzen.eus\/es\/gestion-del-talento-y-posicionamento-regional-ha-sido-el-tema-principal-en-el-encuentro-de-enpresa-gunea\/#primaryimage"},"thumbnailUrl":"https:\/\/iraurgiberritzen.eus\/wp-content\/uploads\/2024\/07\/IMG_6831-scaled.jpg","datePublished":"2024-07-12T12:02:37+00:00","dateModified":"2024-07-12T12:03:46+00:00","breadcrumb":{"@id":"https:\/\/iraurgiberritzen.eus\/es\/gestion-del-talento-y-posicionamento-regional-ha-sido-el-tema-principal-en-el-encuentro-de-enpresa-gunea\/#breadcrumb"},"inLanguage":"es","potentialAction":[{"@type":"ReadAction","target":["https:\/\/iraurgiberritzen.eus\/es\/gestion-del-talento-y-posicionamento-regional-ha-sido-el-tema-principal-en-el-encuentro-de-enpresa-gunea\/"]}]},{"@type":"ImageObject","inLanguage":"es","@id":"https:\/\/iraurgiberritzen.eus\/es\/gestion-del-talento-y-posicionamento-regional-ha-sido-el-tema-principal-en-el-encuentro-de-enpresa-gunea\/#primaryimage","url":"https:\/\/iraurgiberritzen.eus\/wp-content\/uploads\/2024\/07\/IMG_6831-scaled.jpg","contentUrl":"https:\/\/iraurgiberritzen.eus\/wp-content\/uploads\/2024\/07\/IMG_6831-scaled.jpg","width":1920,"height":2560},{"@type":"BreadcrumbList","@id":"https:\/\/iraurgiberritzen.eus\/es\/gestion-del-talento-y-posicionamento-regional-ha-sido-el-tema-principal-en-el-encuentro-de-enpresa-gunea\/#breadcrumb","itemListElement":[{"@type":"ListItem","position":1,"name":"Home","item":"https:\/\/iraurgiberritzen.eus\/es\/"},{"@type":"ListItem","position":2,"name":"&#8220;Gesti\u00f3n del Talento y Posicionamento Regional&#8221; ha sido el tema principal en el encuentro de Enpresa Gunea"}]},{"@type":"WebSite","@id":"https:\/\/iraurgiberritzen.eus\/es\/#website","url":"https:\/\/iraurgiberritzen.eus\/es\/","name":"Iraurgi Berritzen","description":"Urola Erdiko Garapen Agentzia","publisher":{"@id":"https:\/\/iraurgiberritzen.eus\/es\/#organization"},"potentialAction":[{"@type":"SearchAction","target":{"@type":"EntryPoint","urlTemplate":"https:\/\/iraurgiberritzen.eus\/es\/?s={search_term_string}"},"query-input":{"@type":"PropertyValueSpecification","valueRequired":true,"valueName":"search_term_string"}}],"inLanguage":"es"},{"@type":"Organization","@id":"https:\/\/iraurgiberritzen.eus\/es\/#organization","name":"Iraurgi Berritzen","url":"https:\/\/iraurgiberritzen.eus\/es\/","logo":{"@type":"ImageObject","inLanguage":"es","@id":"https:\/\/iraurgiberritzen.eus\/es\/#\/schema\/logo\/image\/","url":"https:\/\/iraurgiberritzen.eus\/wp-content\/uploads\/2024\/02\/IRAURGI-BERRITZEN-logotipoa_2.png","contentUrl":"https:\/\/iraurgiberritzen.eus\/wp-content\/uploads\/2024\/02\/IRAURGI-BERRITZEN-logotipoa_2.png","width":496,"height":190,"caption":"Iraurgi Berritzen"},"image":{"@id":"https:\/\/iraurgiberritzen.eus\/es\/#\/schema\/logo\/image\/"}},{"@type":"Person","@id":"https:\/\/iraurgiberritzen.eus\/es\/#\/schema\/person\/a32c9825b3e2bfcbe757a97f6a15c8a5","name":"ainara"}]}},"_links":{"self":[{"href":"https:\/\/iraurgiberritzen.eus\/es\/wp-json\/wp\/v2\/posts\/21058","targetHints":{"allow":["GET"]}}],"collection":[{"href":"https:\/\/iraurgiberritzen.eus\/es\/wp-json\/wp\/v2\/posts"}],"about":[{"href":"https:\/\/iraurgiberritzen.eus\/es\/wp-json\/wp\/v2\/types\/post"}],"author":[{"embeddable":true,"href":"https:\/\/iraurgiberritzen.eus\/es\/wp-json\/wp\/v2\/users\/4"}],"replies":[{"embeddable":true,"href":"https:\/\/iraurgiberritzen.eus\/es\/wp-json\/wp\/v2\/comments?post=21058"}],"version-history":[{"count":3,"href":"https:\/\/iraurgiberritzen.eus\/es\/wp-json\/wp\/v2\/posts\/21058\/revisions"}],"predecessor-version":[{"id":21061,"href":"https:\/\/iraurgiberritzen.eus\/es\/wp-json\/wp\/v2\/posts\/21058\/revisions\/21061"}],"wp:featuredmedia":[{"embeddable":true,"href":"https:\/\/iraurgiberritzen.eus\/es\/wp-json\/wp\/v2\/media\/21068"}],"wp:attachment":[{"href":"https:\/\/iraurgiberritzen.eus\/es\/wp-json\/wp\/v2\/media?parent=21058"}],"wp:term":[{"taxonomy":"category","embeddable":true,"href":"https:\/\/iraurgiberritzen.eus\/es\/wp-json\/wp\/v2\/categories?post=21058"},{"taxonomy":"post_tag","embeddable":true,"href":"https:\/\/iraurgiberritzen.eus\/es\/wp-json\/wp\/v2\/tags?post=21058"}],"curies":[{"name":"wp","href":"https:\/\/api.w.org\/{rel}","templated":true}]}}