{"id":21097,"date":"2024-07-18T12:04:55","date_gmt":"2024-07-18T10:04:55","guid":{"rendered":"https:\/\/iraurgiberritzen.eus\/?p=21097"},"modified":"2024-07-18T19:01:12","modified_gmt":"2024-07-18T17:01:12","slug":"representantes-de-agentes-de-ib-sarea-kontseilua-realizan-el-seguimiento-del-plan-estrategico-comarcal","status":"publish","type":"post","link":"https:\/\/iraurgiberritzen.eus\/es\/representantes-de-agentes-de-ib-sarea-kontseilua-realizan-el-seguimiento-del-plan-estrategico-comarcal\/","title":{"rendered":"Representantes de agentes de IB Sarea Kontseilua realizan el seguimiento del Plan Estrat\u00e9gico Comarcal"},"content":{"rendered":"<p><strong>En la reuni\u00f3n de IB Sarea Kontseilua, formada por agentes de diferentes \u00e1mbitos, se ha realizado el seguimiento de las acciones llevadas a cabo hasta el momento, as\u00ed como las pr\u00f3ximas acciones a futuro.<\/strong><\/p>\n<p>En respuesta a una de las l\u00edneas derivadas de la Reflexi\u00f3n Estrat\u00e9gica Elkarrekin Urola Erdia Eraldatzen 2022 \u2013 2027, hoy, 18 julio, se ha reunido IB Sarea Kontseilua en el Palacio Basazabal de Azpeitia. Se trata de un espacio estrat\u00e9gico formado por representantes p\u00fablicos y privados de 7 \u00e1mbitos de trabajo diferentes (empresa, empleo, emprendimiento, educaci\u00f3n, comercio, turismo y desarrollo local) cuyo objetivo es promover la transformaci\u00f3n socioecon\u00f3mica de la comarca.<\/p>\n<p>En la primera parte de la reuni\u00f3n se ha realizado el seguimiento del Plan de Acci\u00f3n acordado en la Reflexi\u00f3n Estrat\u00e9gica, informando del estado de las acciones del mismo.\u202f A continuaci\u00f3n, se ha presentado la situaci\u00f3n de 5 proyectos:<\/p>\n<ul>\n<li><strong>Plan Estrat\u00e9gico de Turismo:<\/strong> los agentes que conforman Turismo Gunea han aprobado el Plan Estrat\u00e9gico de Turismo comarcal que se ejecutar\u00e1 en el periodo 2025-2027.<\/li>\n<li><strong>Emprendimiento:<\/strong> Teniendo en cuenta las cadenas de valor estrat\u00e9gicas, se ha puesto en marcha un proyecto cuyo objetivo es identificar oportunidades de negocio respondiendo a la estrategia de emprendimiento derivada de la Reflexi\u00f3n Estrat\u00e9gica.<\/li>\n<li><strong>Posicionamiento comarcal:<\/strong> Con el objetivo de convertirse Urola Erdia en una comarca atractiva se han ejecutado diferentes acciones tanto con empresas comarcales como con representantes de la Diputaci\u00f3n Foral de Gipuzkoa y del Gobierno Vasco desde 3 perspectivas: posicionamiento comarcal, movilidad e infraestructuras industriales.<\/li>\n<li><strong>Empleo Inclusivo:<\/strong> Se han puesto en marcha itinerarios de inserci\u00f3n formativa que facilitan la inserci\u00f3n laboral de la poblaci\u00f3n en situaci\u00f3n de exclusi\u00f3n y a su vez, se han realizado diferentes acciones de sensibilizaci\u00f3n y mediaci\u00f3n en colaboraci\u00f3n con las empresas de los sectores de la construcci\u00f3n, soldadura y cuidados de la comarca.<\/li>\n<li><strong>Atracci\u00f3n, desarrollo y fidelizaci\u00f3n del Talento:<\/strong> Con el objetivo atraer, desarrollar y fidelizar el talento a nivel comarcal, se han trabajado diversas acciones en colaboraci\u00f3n con diferentes agentes (empresa, centros educativos, instituciones, empleo y otros).<\/li>\n<\/ul>\n<p>Finalmente se han presentado, nuevas propuestas de colaboraci\u00f3n a desarrollar entre diferentes sectores as\u00ed como las siguientes acciones a impulsar desde IB Sarea Kontseilua.<\/p>\n<p>&nbsp;<\/p>\n","protected":false},"excerpt":{"rendered":"<p>En la reuni\u00f3n de IB Sarea Kontseilua, formada por agentes de diferentes \u00e1mbitos, se ha realizado el seguimiento de las acciones llevadas a cabo hasta el momento, as\u00ed como las pr\u00f3ximas acciones a futuro. En respuesta a una de las l\u00edneas derivadas de la Reflexi\u00f3n Estrat\u00e9gica Elkarrekin Urola Erdia Eraldatzen 2022 \u2013 2027, hoy, 18 [&hellip;]<\/p>\n","protected":false},"author":4,"featured_media":21119,"comment_status":"closed","ping_status":"closed","sticky":false,"template":"","format":"standard","meta":{"_acf_changed":false,"footnotes":""},"categories":[4],"tags":[],"class_list":["post-21097","post","type-post","status-publish","format-standard","has-post-thumbnail","hentry","category-noticias","arloak-desarrollo-local"],"acf":[],"yoast_head":"<!-- This site is optimized with the Yoast SEO plugin v27.4 - https:\/\/yoast.com\/product\/yoast-seo-wordpress\/ -->\n<title>Representantes de agentes de IB Sarea Kontseilua realizan el seguimiento del Plan Estrat\u00e9gico Comarcal - Iraurgi Berritzen<\/title>\n<meta name=\"robots\" content=\"index, follow, max-snippet:-1, max-image-preview:large, max-video-preview:-1\" \/>\n<link rel=\"canonical\" href=\"https:\/\/iraurgiberritzen.eus\/es\/representantes-de-agentes-de-ib-sarea-kontseilua-realizan-el-seguimiento-del-plan-estrategico-comarcal\/\" \/>\n<meta property=\"og:locale\" content=\"es_ES\" \/>\n<meta property=\"og:type\" content=\"article\" \/>\n<meta property=\"og:title\" content=\"Representantes de agentes de IB Sarea Kontseilua realizan el seguimiento del Plan Estrat\u00e9gico Comarcal - Iraurgi Berritzen\" \/>\n<meta property=\"og:description\" content=\"En la reuni\u00f3n de IB Sarea Kontseilua, formada por agentes de diferentes \u00e1mbitos, se ha realizado el seguimiento de las acciones llevadas a cabo hasta el momento, as\u00ed como las pr\u00f3ximas acciones a futuro. En respuesta a una de las l\u00edneas derivadas de la Reflexi\u00f3n Estrat\u00e9gica Elkarrekin Urola Erdia Eraldatzen 2022 \u2013 2027, hoy, 18 [&hellip;]\" \/>\n<meta property=\"og:url\" content=\"https:\/\/iraurgiberritzen.eus\/es\/representantes-de-agentes-de-ib-sarea-kontseilua-realizan-el-seguimiento-del-plan-estrategico-comarcal\/\" \/>\n<meta property=\"og:site_name\" content=\"Iraurgi Berritzen\" \/>\n<meta property=\"article:published_time\" content=\"2024-07-18T10:04:55+00:00\" \/>\n<meta property=\"article:modified_time\" content=\"2024-07-18T17:01:12+00:00\" \/>\n<meta property=\"og:image\" content=\"https:\/\/iraurgiberritzen.eus\/wp-content\/uploads\/2024\/07\/WhatsApp-Image-2024-07-18-at-14.03.04-1.jpeg\" \/>\n\t<meta property=\"og:image:width\" content=\"1600\" \/>\n\t<meta property=\"og:image:height\" content=\"1204\" \/>\n\t<meta property=\"og:image:type\" content=\"image\/jpeg\" \/>\n<meta name=\"author\" content=\"ainara\" \/>\n<meta name=\"twitter:card\" content=\"summary_large_image\" \/>\n<meta name=\"twitter:label1\" content=\"Escrito por\" \/>\n\t<meta name=\"twitter:data1\" content=\"ainara\" \/>\n\t<meta name=\"twitter:label2\" content=\"Tiempo de lectura\" \/>\n\t<meta name=\"twitter:data2\" content=\"3 minutos\" \/>\n<script type=\"application\/ld+json\" class=\"yoast-schema-graph\">{\"@context\":\"https:\\\/\\\/schema.org\",\"@graph\":[{\"@type\":\"Article\",\"@id\":\"https:\\\/\\\/iraurgiberritzen.eus\\\/es\\\/representantes-de-agentes-de-ib-sarea-kontseilua-realizan-el-seguimiento-del-plan-estrategico-comarcal\\\/#article\",\"isPartOf\":{\"@id\":\"https:\\\/\\\/iraurgiberritzen.eus\\\/es\\\/representantes-de-agentes-de-ib-sarea-kontseilua-realizan-el-seguimiento-del-plan-estrategico-comarcal\\\/\"},\"author\":{\"name\":\"ainara\",\"@id\":\"https:\\\/\\\/iraurgiberritzen.eus\\\/es\\\/#\\\/schema\\\/person\\\/a32c9825b3e2bfcbe757a97f6a15c8a5\"},\"headline\":\"Representantes de agentes de IB Sarea Kontseilua realizan el seguimiento del Plan Estrat\u00e9gico Comarcal\",\"datePublished\":\"2024-07-18T10:04:55+00:00\",\"dateModified\":\"2024-07-18T17:01:12+00:00\",\"mainEntityOfPage\":{\"@id\":\"https:\\\/\\\/iraurgiberritzen.eus\\\/es\\\/representantes-de-agentes-de-ib-sarea-kontseilua-realizan-el-seguimiento-del-plan-estrategico-comarcal\\\/\"},\"wordCount\":403,\"publisher\":{\"@id\":\"https:\\\/\\\/iraurgiberritzen.eus\\\/es\\\/#organization\"},\"image\":{\"@id\":\"https:\\\/\\\/iraurgiberritzen.eus\\\/es\\\/representantes-de-agentes-de-ib-sarea-kontseilua-realizan-el-seguimiento-del-plan-estrategico-comarcal\\\/#primaryimage\"},\"thumbnailUrl\":\"https:\\\/\\\/iraurgiberritzen.eus\\\/wp-content\\\/uploads\\\/2024\\\/07\\\/WhatsApp-Image-2024-07-19-at-08.34.57-1-scaled.jpeg\",\"articleSection\":[\"Noticias\"],\"inLanguage\":\"es\"},{\"@type\":\"WebPage\",\"@id\":\"https:\\\/\\\/iraurgiberritzen.eus\\\/es\\\/representantes-de-agentes-de-ib-sarea-kontseilua-realizan-el-seguimiento-del-plan-estrategico-comarcal\\\/\",\"url\":\"https:\\\/\\\/iraurgiberritzen.eus\\\/es\\\/representantes-de-agentes-de-ib-sarea-kontseilua-realizan-el-seguimiento-del-plan-estrategico-comarcal\\\/\",\"name\":\"Representantes de agentes de IB Sarea Kontseilua realizan el seguimiento del Plan Estrat\u00e9gico Comarcal - Iraurgi Berritzen\",\"isPartOf\":{\"@id\":\"https:\\\/\\\/iraurgiberritzen.eus\\\/es\\\/#website\"},\"primaryImageOfPage\":{\"@id\":\"https:\\\/\\\/iraurgiberritzen.eus\\\/es\\\/representantes-de-agentes-de-ib-sarea-kontseilua-realizan-el-seguimiento-del-plan-estrategico-comarcal\\\/#primaryimage\"},\"image\":{\"@id\":\"https:\\\/\\\/iraurgiberritzen.eus\\\/es\\\/representantes-de-agentes-de-ib-sarea-kontseilua-realizan-el-seguimiento-del-plan-estrategico-comarcal\\\/#primaryimage\"},\"thumbnailUrl\":\"https:\\\/\\\/iraurgiberritzen.eus\\\/wp-content\\\/uploads\\\/2024\\\/07\\\/WhatsApp-Image-2024-07-19-at-08.34.57-1-scaled.jpeg\",\"datePublished\":\"2024-07-18T10:04:55+00:00\",\"dateModified\":\"2024-07-18T17:01:12+00:00\",\"breadcrumb\":{\"@id\":\"https:\\\/\\\/iraurgiberritzen.eus\\\/es\\\/representantes-de-agentes-de-ib-sarea-kontseilua-realizan-el-seguimiento-del-plan-estrategico-comarcal\\\/#breadcrumb\"},\"inLanguage\":\"es\",\"potentialAction\":[{\"@type\":\"ReadAction\",\"target\":[\"https:\\\/\\\/iraurgiberritzen.eus\\\/es\\\/representantes-de-agentes-de-ib-sarea-kontseilua-realizan-el-seguimiento-del-plan-estrategico-comarcal\\\/\"]}]},{\"@type\":\"ImageObject\",\"inLanguage\":\"es\",\"@id\":\"https:\\\/\\\/iraurgiberritzen.eus\\\/es\\\/representantes-de-agentes-de-ib-sarea-kontseilua-realizan-el-seguimiento-del-plan-estrategico-comarcal\\\/#primaryimage\",\"url\":\"https:\\\/\\\/iraurgiberritzen.eus\\\/wp-content\\\/uploads\\\/2024\\\/07\\\/WhatsApp-Image-2024-07-19-at-08.34.57-1-scaled.jpeg\",\"contentUrl\":\"https:\\\/\\\/iraurgiberritzen.eus\\\/wp-content\\\/uploads\\\/2024\\\/07\\\/WhatsApp-Image-2024-07-19-at-08.34.57-1-scaled.jpeg\",\"width\":2560,\"height\":1928},{\"@type\":\"BreadcrumbList\",\"@id\":\"https:\\\/\\\/iraurgiberritzen.eus\\\/es\\\/representantes-de-agentes-de-ib-sarea-kontseilua-realizan-el-seguimiento-del-plan-estrategico-comarcal\\\/#breadcrumb\",\"itemListElement\":[{\"@type\":\"ListItem\",\"position\":1,\"name\":\"Home\",\"item\":\"https:\\\/\\\/iraurgiberritzen.eus\\\/es\\\/\"},{\"@type\":\"ListItem\",\"position\":2,\"name\":\"Representantes de agentes de IB Sarea Kontseilua realizan el seguimiento del Plan Estrat\u00e9gico Comarcal\"}]},{\"@type\":\"WebSite\",\"@id\":\"https:\\\/\\\/iraurgiberritzen.eus\\\/es\\\/#website\",\"url\":\"https:\\\/\\\/iraurgiberritzen.eus\\\/es\\\/\",\"name\":\"Iraurgi Berritzen\",\"description\":\"Urola Erdiko Garapen Agentzia\",\"publisher\":{\"@id\":\"https:\\\/\\\/iraurgiberritzen.eus\\\/es\\\/#organization\"},\"potentialAction\":[{\"@type\":\"SearchAction\",\"target\":{\"@type\":\"EntryPoint\",\"urlTemplate\":\"https:\\\/\\\/iraurgiberritzen.eus\\\/es\\\/?s={search_term_string}\"},\"query-input\":{\"@type\":\"PropertyValueSpecification\",\"valueRequired\":true,\"valueName\":\"search_term_string\"}}],\"inLanguage\":\"es\"},{\"@type\":\"Organization\",\"@id\":\"https:\\\/\\\/iraurgiberritzen.eus\\\/es\\\/#organization\",\"name\":\"Iraurgi Berritzen\",\"url\":\"https:\\\/\\\/iraurgiberritzen.eus\\\/es\\\/\",\"logo\":{\"@type\":\"ImageObject\",\"inLanguage\":\"es\",\"@id\":\"https:\\\/\\\/iraurgiberritzen.eus\\\/es\\\/#\\\/schema\\\/logo\\\/image\\\/\",\"url\":\"https:\\\/\\\/iraurgiberritzen.eus\\\/wp-content\\\/uploads\\\/2024\\\/02\\\/IRAURGI-BERRITZEN-logotipoa_2.png\",\"contentUrl\":\"https:\\\/\\\/iraurgiberritzen.eus\\\/wp-content\\\/uploads\\\/2024\\\/02\\\/IRAURGI-BERRITZEN-logotipoa_2.png\",\"width\":496,\"height\":190,\"caption\":\"Iraurgi Berritzen\"},\"image\":{\"@id\":\"https:\\\/\\\/iraurgiberritzen.eus\\\/es\\\/#\\\/schema\\\/logo\\\/image\\\/\"}},{\"@type\":\"Person\",\"@id\":\"https:\\\/\\\/iraurgiberritzen.eus\\\/es\\\/#\\\/schema\\\/person\\\/a32c9825b3e2bfcbe757a97f6a15c8a5\",\"name\":\"ainara\"}]}<\/script>\n<!-- \/ Yoast SEO plugin. -->","yoast_head_json":{"title":"Representantes de agentes de IB Sarea Kontseilua realizan el seguimiento del Plan Estrat\u00e9gico Comarcal - Iraurgi Berritzen","robots":{"index":"index","follow":"follow","max-snippet":"max-snippet:-1","max-image-preview":"max-image-preview:large","max-video-preview":"max-video-preview:-1"},"canonical":"https:\/\/iraurgiberritzen.eus\/es\/representantes-de-agentes-de-ib-sarea-kontseilua-realizan-el-seguimiento-del-plan-estrategico-comarcal\/","og_locale":"es_ES","og_type":"article","og_title":"Representantes de agentes de IB Sarea Kontseilua realizan el seguimiento del Plan Estrat\u00e9gico Comarcal - Iraurgi Berritzen","og_description":"En la reuni\u00f3n de IB Sarea Kontseilua, formada por agentes de diferentes \u00e1mbitos, se ha realizado el seguimiento de las acciones llevadas a cabo hasta el momento, as\u00ed como las pr\u00f3ximas acciones a futuro. En respuesta a una de las l\u00edneas derivadas de la Reflexi\u00f3n Estrat\u00e9gica Elkarrekin Urola Erdia Eraldatzen 2022 \u2013 2027, hoy, 18 [&hellip;]","og_url":"https:\/\/iraurgiberritzen.eus\/es\/representantes-de-agentes-de-ib-sarea-kontseilua-realizan-el-seguimiento-del-plan-estrategico-comarcal\/","og_site_name":"Iraurgi Berritzen","article_published_time":"2024-07-18T10:04:55+00:00","article_modified_time":"2024-07-18T17:01:12+00:00","og_image":[{"width":1600,"height":1204,"url":"https:\/\/iraurgiberritzen.eus\/wp-content\/uploads\/2024\/07\/WhatsApp-Image-2024-07-18-at-14.03.04-1.jpeg","type":"image\/jpeg"}],"author":"ainara","twitter_card":"summary_large_image","twitter_misc":{"Escrito por":"ainara","Tiempo de lectura":"3 minutos"},"schema":{"@context":"https:\/\/schema.org","@graph":[{"@type":"Article","@id":"https:\/\/iraurgiberritzen.eus\/es\/representantes-de-agentes-de-ib-sarea-kontseilua-realizan-el-seguimiento-del-plan-estrategico-comarcal\/#article","isPartOf":{"@id":"https:\/\/iraurgiberritzen.eus\/es\/representantes-de-agentes-de-ib-sarea-kontseilua-realizan-el-seguimiento-del-plan-estrategico-comarcal\/"},"author":{"name":"ainara","@id":"https:\/\/iraurgiberritzen.eus\/es\/#\/schema\/person\/a32c9825b3e2bfcbe757a97f6a15c8a5"},"headline":"Representantes de agentes de IB Sarea Kontseilua realizan el seguimiento del Plan Estrat\u00e9gico Comarcal","datePublished":"2024-07-18T10:04:55+00:00","dateModified":"2024-07-18T17:01:12+00:00","mainEntityOfPage":{"@id":"https:\/\/iraurgiberritzen.eus\/es\/representantes-de-agentes-de-ib-sarea-kontseilua-realizan-el-seguimiento-del-plan-estrategico-comarcal\/"},"wordCount":403,"publisher":{"@id":"https:\/\/iraurgiberritzen.eus\/es\/#organization"},"image":{"@id":"https:\/\/iraurgiberritzen.eus\/es\/representantes-de-agentes-de-ib-sarea-kontseilua-realizan-el-seguimiento-del-plan-estrategico-comarcal\/#primaryimage"},"thumbnailUrl":"https:\/\/iraurgiberritzen.eus\/wp-content\/uploads\/2024\/07\/WhatsApp-Image-2024-07-19-at-08.34.57-1-scaled.jpeg","articleSection":["Noticias"],"inLanguage":"es"},{"@type":"WebPage","@id":"https:\/\/iraurgiberritzen.eus\/es\/representantes-de-agentes-de-ib-sarea-kontseilua-realizan-el-seguimiento-del-plan-estrategico-comarcal\/","url":"https:\/\/iraurgiberritzen.eus\/es\/representantes-de-agentes-de-ib-sarea-kontseilua-realizan-el-seguimiento-del-plan-estrategico-comarcal\/","name":"Representantes de agentes de IB Sarea Kontseilua realizan el seguimiento del Plan Estrat\u00e9gico Comarcal - Iraurgi Berritzen","isPartOf":{"@id":"https:\/\/iraurgiberritzen.eus\/es\/#website"},"primaryImageOfPage":{"@id":"https:\/\/iraurgiberritzen.eus\/es\/representantes-de-agentes-de-ib-sarea-kontseilua-realizan-el-seguimiento-del-plan-estrategico-comarcal\/#primaryimage"},"image":{"@id":"https:\/\/iraurgiberritzen.eus\/es\/representantes-de-agentes-de-ib-sarea-kontseilua-realizan-el-seguimiento-del-plan-estrategico-comarcal\/#primaryimage"},"thumbnailUrl":"https:\/\/iraurgiberritzen.eus\/wp-content\/uploads\/2024\/07\/WhatsApp-Image-2024-07-19-at-08.34.57-1-scaled.jpeg","datePublished":"2024-07-18T10:04:55+00:00","dateModified":"2024-07-18T17:01:12+00:00","breadcrumb":{"@id":"https:\/\/iraurgiberritzen.eus\/es\/representantes-de-agentes-de-ib-sarea-kontseilua-realizan-el-seguimiento-del-plan-estrategico-comarcal\/#breadcrumb"},"inLanguage":"es","potentialAction":[{"@type":"ReadAction","target":["https:\/\/iraurgiberritzen.eus\/es\/representantes-de-agentes-de-ib-sarea-kontseilua-realizan-el-seguimiento-del-plan-estrategico-comarcal\/"]}]},{"@type":"ImageObject","inLanguage":"es","@id":"https:\/\/iraurgiberritzen.eus\/es\/representantes-de-agentes-de-ib-sarea-kontseilua-realizan-el-seguimiento-del-plan-estrategico-comarcal\/#primaryimage","url":"https:\/\/iraurgiberritzen.eus\/wp-content\/uploads\/2024\/07\/WhatsApp-Image-2024-07-19-at-08.34.57-1-scaled.jpeg","contentUrl":"https:\/\/iraurgiberritzen.eus\/wp-content\/uploads\/2024\/07\/WhatsApp-Image-2024-07-19-at-08.34.57-1-scaled.jpeg","width":2560,"height":1928},{"@type":"BreadcrumbList","@id":"https:\/\/iraurgiberritzen.eus\/es\/representantes-de-agentes-de-ib-sarea-kontseilua-realizan-el-seguimiento-del-plan-estrategico-comarcal\/#breadcrumb","itemListElement":[{"@type":"ListItem","position":1,"name":"Home","item":"https:\/\/iraurgiberritzen.eus\/es\/"},{"@type":"ListItem","position":2,"name":"Representantes de agentes de IB Sarea Kontseilua realizan el seguimiento del Plan Estrat\u00e9gico Comarcal"}]},{"@type":"WebSite","@id":"https:\/\/iraurgiberritzen.eus\/es\/#website","url":"https:\/\/iraurgiberritzen.eus\/es\/","name":"Iraurgi Berritzen","description":"Urola Erdiko Garapen Agentzia","publisher":{"@id":"https:\/\/iraurgiberritzen.eus\/es\/#organization"},"potentialAction":[{"@type":"SearchAction","target":{"@type":"EntryPoint","urlTemplate":"https:\/\/iraurgiberritzen.eus\/es\/?s={search_term_string}"},"query-input":{"@type":"PropertyValueSpecification","valueRequired":true,"valueName":"search_term_string"}}],"inLanguage":"es"},{"@type":"Organization","@id":"https:\/\/iraurgiberritzen.eus\/es\/#organization","name":"Iraurgi Berritzen","url":"https:\/\/iraurgiberritzen.eus\/es\/","logo":{"@type":"ImageObject","inLanguage":"es","@id":"https:\/\/iraurgiberritzen.eus\/es\/#\/schema\/logo\/image\/","url":"https:\/\/iraurgiberritzen.eus\/wp-content\/uploads\/2024\/02\/IRAURGI-BERRITZEN-logotipoa_2.png","contentUrl":"https:\/\/iraurgiberritzen.eus\/wp-content\/uploads\/2024\/02\/IRAURGI-BERRITZEN-logotipoa_2.png","width":496,"height":190,"caption":"Iraurgi Berritzen"},"image":{"@id":"https:\/\/iraurgiberritzen.eus\/es\/#\/schema\/logo\/image\/"}},{"@type":"Person","@id":"https:\/\/iraurgiberritzen.eus\/es\/#\/schema\/person\/a32c9825b3e2bfcbe757a97f6a15c8a5","name":"ainara"}]}},"_links":{"self":[{"href":"https:\/\/iraurgiberritzen.eus\/es\/wp-json\/wp\/v2\/posts\/21097","targetHints":{"allow":["GET"]}}],"collection":[{"href":"https:\/\/iraurgiberritzen.eus\/es\/wp-json\/wp\/v2\/posts"}],"about":[{"href":"https:\/\/iraurgiberritzen.eus\/es\/wp-json\/wp\/v2\/types\/post"}],"author":[{"embeddable":true,"href":"https:\/\/iraurgiberritzen.eus\/es\/wp-json\/wp\/v2\/users\/4"}],"replies":[{"embeddable":true,"href":"https:\/\/iraurgiberritzen.eus\/es\/wp-json\/wp\/v2\/comments?post=21097"}],"version-history":[{"count":3,"href":"https:\/\/iraurgiberritzen.eus\/es\/wp-json\/wp\/v2\/posts\/21097\/revisions"}],"predecessor-version":[{"id":21109,"href":"https:\/\/iraurgiberritzen.eus\/es\/wp-json\/wp\/v2\/posts\/21097\/revisions\/21109"}],"wp:featuredmedia":[{"embeddable":true,"href":"https:\/\/iraurgiberritzen.eus\/es\/wp-json\/wp\/v2\/media\/21119"}],"wp:attachment":[{"href":"https:\/\/iraurgiberritzen.eus\/es\/wp-json\/wp\/v2\/media?parent=21097"}],"wp:term":[{"taxonomy":"category","embeddable":true,"href":"https:\/\/iraurgiberritzen.eus\/es\/wp-json\/wp\/v2\/categories?post=21097"},{"taxonomy":"post_tag","embeddable":true,"href":"https:\/\/iraurgiberritzen.eus\/es\/wp-json\/wp\/v2\/tags?post=21097"}],"curies":[{"name":"wp","href":"https:\/\/api.w.org\/{rel}","templated":true}]}}