{"id":21231,"date":"2024-09-03T09:42:18","date_gmt":"2024-09-03T07:42:18","guid":{"rendered":"https:\/\/iraurgiberritzen.eus\/?p=21231"},"modified":"2024-09-03T09:47:03","modified_gmt":"2024-09-03T07:47:03","slug":"jornada-sobre-el-marco-legal-del-medio-ambiente-dirigida-a-empresas-industriales-de-la-comarca","status":"publish","type":"post","link":"https:\/\/iraurgiberritzen.eus\/es\/jornada-sobre-el-marco-legal-del-medio-ambiente-dirigida-a-empresas-industriales-de-la-comarca\/","title":{"rendered":"Jornada sobre el marco legal del medio ambiente dirigida a empresas industriales de la comarca"},"content":{"rendered":"<h5><span class=\"TextRun MacChromeBold SCXW44007543 BCX0\" lang=\"ES-ES\" xml:lang=\"ES-ES\" data-contrast=\"none\"><span class=\"NormalTextRun SCXW44007543 BCX0\">Esta es<\/span> <span class=\"NormalTextRun SCXW44007543 BCX0\">la quinta jornada<\/span><span class=\"NormalTextRun SCXW44007543 BCX0\"> que se ha organizado<\/span><span class=\"NormalTextRun SCXW44007543 BCX0\"> dentro del programa <\/span><span class=\"NormalTextRun SpellingErrorV2Themed SCXW44007543 BCX0\">Ikasiz<\/span><span class=\"NormalTextRun SCXW44007543 BCX0\"> 2024, propuesto por <\/span><span class=\"NormalTextRun SpellingErrorV2Themed SCXW44007543 BCX0\">Enpresa<\/span> <span class=\"NormalTextRun SpellingErrorV2Themed SCXW44007543 BCX0\">Gunea<\/span> <span class=\"NormalTextRun SpellingErrorV2Themed SCXW44007543 BCX0\">Iraurgi<\/span> <span class=\"NormalTextRun SpellingErrorV2Themed SCXW44007543 BCX0\">Berri<\/span><span class=\"NormalTextRun SpellingErrorV2Themed SCXW44007543 BCX0\">tzen<\/span><span class=\"NormalTextRun SCXW44007543 BCX0\">. Se celebrar\u00e1 el 12 de septiembre, <\/span><span class=\"NormalTextRun SpellingErrorV2Themed SCXW44007543 BCX0\">on<\/span><span class=\"NormalTextRun SCXW44007543 BCX0\"> line, de 09:00 a 11:00 horas, bajo el lema \u00abMarco legal ambiental\u00bb.<\/span><\/span><span class=\"LineBreakBlob BlobObject DragDrop SCXW44007543 BCX0\"><span class=\"SCXW44007543 BCX0\">\u00a0<\/span><\/span><\/h5>\n<p>&nbsp;<\/p>\n<p><span class=\"TextRun SCXW44007543 BCX0\" lang=\"ES-ES\" xml:lang=\"ES-ES\" data-contrast=\"none\"><span class=\"NormalTextRun SCXW44007543 BCX0\">Dentro del programa <\/span><span class=\"NormalTextRun SpellingErrorV2Themed SCXW44007543 BCX0\">Ikasiz<\/span><span class=\"NormalTextRun SCXW44007543 BCX0\"> 2024, <\/span><span class=\"NormalTextRun SpellingErrorV2Themed SCXW44007543 BCX0\">Iraurgi<\/span> <span class=\"NormalTextRun SpellingErrorV2Themed SCXW44007543 BCX0\">Berritzen<\/span><span class=\"NormalTextRun SCXW44007543 BCX0\"> ha organizado para el jueves 12 de septiembre la quinta jornada de este a\u00f1o dirigida a empresas industriales de la comarca. Ser\u00e1 de 09:00 a 11:00 horas, online. Se trata de una de las jornadas basadas en la propuesta de <\/span><span class=\"NormalTextRun SpellingErrorV2Themed SCXW44007543 BCX0\">Enpresa<\/span> <span class=\"NormalTextRun SpellingErrorV2Themed SCXW44007543 BCX0\">Gunea<\/span> <span class=\"NormalTextRun SpellingErrorV2Themed SCXW44007543 BCX0\">Iraurgi<\/span> <span class=\"NormalTextRun SpellingErrorV2Themed SCXW44007543 BCX0\">Berritzen<\/span> <span class=\"NormalTextRun SCXW44007543 BCX0\">para tratar temas <\/span><span class=\"NormalTextRun SCXW44007543 BCX0\">legales<\/span><span class=\"NormalTextRun SCXW44007543 BCX0\"> y que cuenta con el patrocinio de la Diputaci\u00f3n Foral de Gipuzkoa. En esta sesi\u00f3n est\u00e1n invitadas a participar todas las empresas industriales de la comarca.<\/span><\/span><span class=\"LineBreakBlob BlobObject DragDrop SCXW44007543 BCX0\"><span class=\"SCXW44007543 BCX0\">\u00a0<\/span><br class=\"SCXW44007543 BCX0\" \/><\/span><span class=\"LineBreakBlob BlobObject DragDrop SCXW44007543 BCX0\"><span class=\"SCXW44007543 BCX0\">\u00a0<\/span><br class=\"SCXW44007543 BCX0\" \/><\/span><span class=\"TextRun SCXW44007543 BCX0\" lang=\"ES-ES\" xml:lang=\"ES-ES\" data-contrast=\"none\"><span class=\"NormalTextRun SCXW44007543 BCX0\">El objetivo de la jornada ser\u00e1 dar a conocer el marco legal ambiental y las principales obligaciones legales exigibles a las actividades industriales en funci\u00f3n de sus caracter\u00edsticas.<\/span><\/span><span class=\"LineBreakBlob BlobObject DragDrop SCXW44007543 BCX0\"><span class=\"SCXW44007543 BCX0\">\u00a0<\/span><br class=\"SCXW44007543 BCX0\" \/><\/span><span class=\"LineBreakBlob BlobObject DragDrop SCXW44007543 BCX0\"><span class=\"SCXW44007543 BCX0\">\u00a0<\/span><br class=\"SCXW44007543 BCX0\" \/><\/span><span class=\"TextRun SCXW44007543 BCX0\" lang=\"ES-ES\" xml:lang=\"ES-ES\" data-contrast=\"none\"><span class=\"NormalTextRun SCXW44007543 BCX0\">Los participantes podr\u00e1n <\/span><span class=\"NormalTextRun SCXW44007543 BCX0\">informarse <\/span><span class=\"NormalTextRun SCXW44007543 BCX0\">sobre la legislaci\u00f3n vigente en materia de residuos, envases y residuos, contaminaci\u00f3n atmosf\u00e9rica y emisiones, entre otros, as\u00ed como aclarar sus dudas.<\/span><\/span><span class=\"LineBreakBlob BlobObject DragDrop SCXW44007543 BCX0\"><span class=\"SCXW44007543 BCX0\">\u00a0<\/span><br class=\"SCXW44007543 BCX0\" \/><\/span><span class=\"LineBreakBlob BlobObject DragDrop SCXW44007543 BCX0\"><span class=\"SCXW44007543 BCX0\">\u00a0<\/span><br class=\"SCXW44007543 BCX0\" \/><\/span><span class=\"TextRun SCXW44007543 BCX0\" lang=\"ES-ES\" xml:lang=\"ES-ES\" data-contrast=\"none\"><span class=\"NormalTextRun SCXW44007543 BCX0\">Las empresas interesadas deber\u00e1n inscribirse tanto en esta jornada como <\/span><span class=\"NormalTextRun SCXW44007543 BCX0\">la que se celebrar\u00e1 en el<\/span><span class=\"NormalTextRun SCXW44007543 BCX0\"> mes de octubre a trav\u00e9s del siguiente <\/span><\/span><strong><a class=\"Hyperlink SCXW44007543 BCX0\" href=\"https:\/\/forms.office.com\/Pages\/ResponsePage.aspx?id=S5DeT3Jq90W0WLjBrBndp1jySGu9zxtIpCkBAthDUWpUQ1pPQUI5V1EyVUpZN00yODNHSkgxUVc3SSQlQCN0PWcu\" target=\"_blank\" rel=\"noreferrer noopener\"><span class=\"TextRun Underlined SCXW44007543 BCX0\" lang=\"ES-ES\" xml:lang=\"ES-ES\" data-contrast=\"none\"><span class=\"NormalTextRun SCXW44007543 BCX0\" data-ccp-charstyle=\"Hyperlink\">formulario<\/span><\/span><\/a><\/strong><span class=\"TextRun SCXW44007543 BCX0\" lang=\"ES-ES\" xml:lang=\"ES-ES\" data-contrast=\"none\"><span class=\"NormalTextRun SCXW44007543 BCX0\">:<\/span><\/span><span class=\"LineBreakBlob BlobObject DragDrop SCXW44007543 BCX0\"><span class=\"SCXW44007543 BCX0\">\u00a0<\/span><br class=\"SCXW44007543 BCX0\" \/><\/span><span class=\"LineBreakBlob BlobObject DragDrop SCXW44007543 BCX0\"><span class=\"SCXW44007543 BCX0\">\u00a0<\/span><br class=\"SCXW44007543 BCX0\" \/><\/span><span class=\"TextRun SCXW44007543 BCX0\" lang=\"ES-ES\" xml:lang=\"ES-ES\" data-contrast=\"none\"><span class=\"NormalTextRun SCXW44007543 BCX0\">10 de octubre, de <\/span><span class=\"NormalTextRun SCXW44007543 BCX0\">09<\/span><span class=\"NormalTextRun SCXW44007543 BCX0\">:00 a 1<\/span><span class=\"NormalTextRun SCXW44007543 BCX0\">1<\/span><span class=\"NormalTextRun SCXW44007543 BCX0\">:00 horas, on line: Extranjer\u00eda.<\/span><\/span><span class=\"LineBreakBlob BlobObject DragDrop SCXW44007543 BCX0\"><span class=\"SCXW44007543 BCX0\">\u00a0<\/span><br class=\"SCXW44007543 BCX0\" \/><\/span><span class=\"EOP SCXW44007543 BCX0\" data-ccp-props=\"{&quot;134233117&quot;:false,&quot;134233118&quot;:false,&quot;201341983&quot;:0,&quot;335551550&quot;:1,&quot;335551620&quot;:1,&quot;335559685&quot;:0,&quot;335559737&quot;:0,&quot;335559738&quot;:0,&quot;335559739&quot;:160,&quot;335559740&quot;:279}\">\u00a0<\/span><\/p>\n","protected":false},"excerpt":{"rendered":"<p>Esta es la quinta jornada que se ha organizado dentro del programa Ikasiz 2024, propuesto por Enpresa Gunea Iraurgi Berritzen. Se celebrar\u00e1 el 12 de septiembre, on line, de 09:00 a 11:00 horas, bajo el lema \u00abMarco legal ambiental\u00bb.\u00a0 &nbsp; Dentro del programa Ikasiz 2024, Iraurgi Berritzen ha organizado para el jueves 12 de septiembre [&hellip;]<\/p>\n","protected":false},"author":4,"featured_media":21235,"comment_status":"closed","ping_status":"closed","sticky":false,"template":"","format":"standard","meta":{"_acf_changed":false,"footnotes":""},"categories":[4],"tags":[],"class_list":["post-21231","post","type-post","status-publish","format-standard","has-post-thumbnail","hentry","category-noticias","arloak-enpresa"],"acf":[],"yoast_head":"<!-- This site is optimized with the Yoast SEO plugin v27.4 - https:\/\/yoast.com\/product\/yoast-seo-wordpress\/ -->\n<title>Jornada sobre el marco legal del medio ambiente dirigida a empresas industriales de la comarca - Iraurgi Berritzen<\/title>\n<meta name=\"robots\" content=\"index, follow, max-snippet:-1, max-image-preview:large, max-video-preview:-1\" \/>\n<link rel=\"canonical\" href=\"https:\/\/iraurgiberritzen.eus\/es\/jornada-sobre-el-marco-legal-del-medio-ambiente-dirigida-a-empresas-industriales-de-la-comarca\/\" \/>\n<meta property=\"og:locale\" content=\"es_ES\" \/>\n<meta property=\"og:type\" content=\"article\" \/>\n<meta property=\"og:title\" content=\"Jornada sobre el marco legal del medio ambiente dirigida a empresas industriales de la comarca - Iraurgi Berritzen\" \/>\n<meta property=\"og:description\" content=\"Esta es la quinta jornada que se ha organizado dentro del programa Ikasiz 2024, propuesto por Enpresa Gunea Iraurgi Berritzen. Se celebrar\u00e1 el 12 de septiembre, on line, de 09:00 a 11:00 horas, bajo el lema \u00abMarco legal ambiental\u00bb.\u00a0 &nbsp; Dentro del programa Ikasiz 2024, Iraurgi Berritzen ha organizado para el jueves 12 de septiembre [&hellip;]\" \/>\n<meta property=\"og:url\" content=\"https:\/\/iraurgiberritzen.eus\/es\/jornada-sobre-el-marco-legal-del-medio-ambiente-dirigida-a-empresas-industriales-de-la-comarca\/\" \/>\n<meta property=\"og:site_name\" content=\"Iraurgi Berritzen\" \/>\n<meta property=\"article:published_time\" content=\"2024-09-03T07:42:18+00:00\" \/>\n<meta property=\"article:modified_time\" content=\"2024-09-03T07:47:03+00:00\" \/>\n<meta property=\"og:image\" content=\"https:\/\/iraurgiberritzen.eus\/wp-content\/uploads\/2024\/09\/4e70cc59-4793-389c-577f-b93887dcec9f.png\" \/>\n\t<meta property=\"og:image:width\" content=\"800\" \/>\n\t<meta property=\"og:image:height\" content=\"550\" \/>\n\t<meta property=\"og:image:type\" content=\"image\/png\" \/>\n<meta name=\"author\" content=\"ainara\" \/>\n<meta name=\"twitter:card\" content=\"summary_large_image\" \/>\n<meta name=\"twitter:label1\" content=\"Escrito por\" \/>\n\t<meta name=\"twitter:data1\" content=\"ainara\" \/>\n\t<meta name=\"twitter:label2\" content=\"Tiempo de lectura\" \/>\n\t<meta name=\"twitter:data2\" content=\"2 minutos\" \/>\n<script type=\"application\/ld+json\" class=\"yoast-schema-graph\">{\"@context\":\"https:\\\/\\\/schema.org\",\"@graph\":[{\"@type\":\"Article\",\"@id\":\"https:\\\/\\\/iraurgiberritzen.eus\\\/es\\\/jornada-sobre-el-marco-legal-del-medio-ambiente-dirigida-a-empresas-industriales-de-la-comarca\\\/#article\",\"isPartOf\":{\"@id\":\"https:\\\/\\\/iraurgiberritzen.eus\\\/es\\\/jornada-sobre-el-marco-legal-del-medio-ambiente-dirigida-a-empresas-industriales-de-la-comarca\\\/\"},\"author\":{\"name\":\"ainara\",\"@id\":\"https:\\\/\\\/iraurgiberritzen.eus\\\/es\\\/#\\\/schema\\\/person\\\/a32c9825b3e2bfcbe757a97f6a15c8a5\"},\"headline\":\"Jornada sobre el marco legal del medio ambiente dirigida a empresas industriales de la comarca\",\"datePublished\":\"2024-09-03T07:42:18+00:00\",\"dateModified\":\"2024-09-03T07:47:03+00:00\",\"mainEntityOfPage\":{\"@id\":\"https:\\\/\\\/iraurgiberritzen.eus\\\/es\\\/jornada-sobre-el-marco-legal-del-medio-ambiente-dirigida-a-empresas-industriales-de-la-comarca\\\/\"},\"wordCount\":228,\"publisher\":{\"@id\":\"https:\\\/\\\/iraurgiberritzen.eus\\\/es\\\/#organization\"},\"image\":{\"@id\":\"https:\\\/\\\/iraurgiberritzen.eus\\\/es\\\/jornada-sobre-el-marco-legal-del-medio-ambiente-dirigida-a-empresas-industriales-de-la-comarca\\\/#primaryimage\"},\"thumbnailUrl\":\"https:\\\/\\\/iraurgiberritzen.eus\\\/wp-content\\\/uploads\\\/2024\\\/09\\\/4e70cc59-4793-389c-577f-b93887dcec9f.png\",\"articleSection\":[\"Noticias\"],\"inLanguage\":\"es\"},{\"@type\":\"WebPage\",\"@id\":\"https:\\\/\\\/iraurgiberritzen.eus\\\/es\\\/jornada-sobre-el-marco-legal-del-medio-ambiente-dirigida-a-empresas-industriales-de-la-comarca\\\/\",\"url\":\"https:\\\/\\\/iraurgiberritzen.eus\\\/es\\\/jornada-sobre-el-marco-legal-del-medio-ambiente-dirigida-a-empresas-industriales-de-la-comarca\\\/\",\"name\":\"Jornada sobre el marco legal del medio ambiente dirigida a empresas industriales de la comarca - Iraurgi Berritzen\",\"isPartOf\":{\"@id\":\"https:\\\/\\\/iraurgiberritzen.eus\\\/es\\\/#website\"},\"primaryImageOfPage\":{\"@id\":\"https:\\\/\\\/iraurgiberritzen.eus\\\/es\\\/jornada-sobre-el-marco-legal-del-medio-ambiente-dirigida-a-empresas-industriales-de-la-comarca\\\/#primaryimage\"},\"image\":{\"@id\":\"https:\\\/\\\/iraurgiberritzen.eus\\\/es\\\/jornada-sobre-el-marco-legal-del-medio-ambiente-dirigida-a-empresas-industriales-de-la-comarca\\\/#primaryimage\"},\"thumbnailUrl\":\"https:\\\/\\\/iraurgiberritzen.eus\\\/wp-content\\\/uploads\\\/2024\\\/09\\\/4e70cc59-4793-389c-577f-b93887dcec9f.png\",\"datePublished\":\"2024-09-03T07:42:18+00:00\",\"dateModified\":\"2024-09-03T07:47:03+00:00\",\"breadcrumb\":{\"@id\":\"https:\\\/\\\/iraurgiberritzen.eus\\\/es\\\/jornada-sobre-el-marco-legal-del-medio-ambiente-dirigida-a-empresas-industriales-de-la-comarca\\\/#breadcrumb\"},\"inLanguage\":\"es\",\"potentialAction\":[{\"@type\":\"ReadAction\",\"target\":[\"https:\\\/\\\/iraurgiberritzen.eus\\\/es\\\/jornada-sobre-el-marco-legal-del-medio-ambiente-dirigida-a-empresas-industriales-de-la-comarca\\\/\"]}]},{\"@type\":\"ImageObject\",\"inLanguage\":\"es\",\"@id\":\"https:\\\/\\\/iraurgiberritzen.eus\\\/es\\\/jornada-sobre-el-marco-legal-del-medio-ambiente-dirigida-a-empresas-industriales-de-la-comarca\\\/#primaryimage\",\"url\":\"https:\\\/\\\/iraurgiberritzen.eus\\\/wp-content\\\/uploads\\\/2024\\\/09\\\/4e70cc59-4793-389c-577f-b93887dcec9f.png\",\"contentUrl\":\"https:\\\/\\\/iraurgiberritzen.eus\\\/wp-content\\\/uploads\\\/2024\\\/09\\\/4e70cc59-4793-389c-577f-b93887dcec9f.png\",\"width\":800,\"height\":550},{\"@type\":\"BreadcrumbList\",\"@id\":\"https:\\\/\\\/iraurgiberritzen.eus\\\/es\\\/jornada-sobre-el-marco-legal-del-medio-ambiente-dirigida-a-empresas-industriales-de-la-comarca\\\/#breadcrumb\",\"itemListElement\":[{\"@type\":\"ListItem\",\"position\":1,\"name\":\"Home\",\"item\":\"https:\\\/\\\/iraurgiberritzen.eus\\\/es\\\/\"},{\"@type\":\"ListItem\",\"position\":2,\"name\":\"Jornada sobre el marco legal del medio ambiente dirigida a empresas industriales de la comarca\"}]},{\"@type\":\"WebSite\",\"@id\":\"https:\\\/\\\/iraurgiberritzen.eus\\\/es\\\/#website\",\"url\":\"https:\\\/\\\/iraurgiberritzen.eus\\\/es\\\/\",\"name\":\"Iraurgi Berritzen\",\"description\":\"Urola Erdiko Garapen Agentzia\",\"publisher\":{\"@id\":\"https:\\\/\\\/iraurgiberritzen.eus\\\/es\\\/#organization\"},\"potentialAction\":[{\"@type\":\"SearchAction\",\"target\":{\"@type\":\"EntryPoint\",\"urlTemplate\":\"https:\\\/\\\/iraurgiberritzen.eus\\\/es\\\/?s={search_term_string}\"},\"query-input\":{\"@type\":\"PropertyValueSpecification\",\"valueRequired\":true,\"valueName\":\"search_term_string\"}}],\"inLanguage\":\"es\"},{\"@type\":\"Organization\",\"@id\":\"https:\\\/\\\/iraurgiberritzen.eus\\\/es\\\/#organization\",\"name\":\"Iraurgi Berritzen\",\"url\":\"https:\\\/\\\/iraurgiberritzen.eus\\\/es\\\/\",\"logo\":{\"@type\":\"ImageObject\",\"inLanguage\":\"es\",\"@id\":\"https:\\\/\\\/iraurgiberritzen.eus\\\/es\\\/#\\\/schema\\\/logo\\\/image\\\/\",\"url\":\"https:\\\/\\\/iraurgiberritzen.eus\\\/wp-content\\\/uploads\\\/2024\\\/02\\\/IRAURGI-BERRITZEN-logotipoa_2.png\",\"contentUrl\":\"https:\\\/\\\/iraurgiberritzen.eus\\\/wp-content\\\/uploads\\\/2024\\\/02\\\/IRAURGI-BERRITZEN-logotipoa_2.png\",\"width\":496,\"height\":190,\"caption\":\"Iraurgi Berritzen\"},\"image\":{\"@id\":\"https:\\\/\\\/iraurgiberritzen.eus\\\/es\\\/#\\\/schema\\\/logo\\\/image\\\/\"}},{\"@type\":\"Person\",\"@id\":\"https:\\\/\\\/iraurgiberritzen.eus\\\/es\\\/#\\\/schema\\\/person\\\/a32c9825b3e2bfcbe757a97f6a15c8a5\",\"name\":\"ainara\"}]}<\/script>\n<!-- \/ Yoast SEO plugin. -->","yoast_head_json":{"title":"Jornada sobre el marco legal del medio ambiente dirigida a empresas industriales de la comarca - Iraurgi Berritzen","robots":{"index":"index","follow":"follow","max-snippet":"max-snippet:-1","max-image-preview":"max-image-preview:large","max-video-preview":"max-video-preview:-1"},"canonical":"https:\/\/iraurgiberritzen.eus\/es\/jornada-sobre-el-marco-legal-del-medio-ambiente-dirigida-a-empresas-industriales-de-la-comarca\/","og_locale":"es_ES","og_type":"article","og_title":"Jornada sobre el marco legal del medio ambiente dirigida a empresas industriales de la comarca - Iraurgi Berritzen","og_description":"Esta es la quinta jornada que se ha organizado dentro del programa Ikasiz 2024, propuesto por Enpresa Gunea Iraurgi Berritzen. Se celebrar\u00e1 el 12 de septiembre, on line, de 09:00 a 11:00 horas, bajo el lema \u00abMarco legal ambiental\u00bb.\u00a0 &nbsp; Dentro del programa Ikasiz 2024, Iraurgi Berritzen ha organizado para el jueves 12 de septiembre [&hellip;]","og_url":"https:\/\/iraurgiberritzen.eus\/es\/jornada-sobre-el-marco-legal-del-medio-ambiente-dirigida-a-empresas-industriales-de-la-comarca\/","og_site_name":"Iraurgi Berritzen","article_published_time":"2024-09-03T07:42:18+00:00","article_modified_time":"2024-09-03T07:47:03+00:00","og_image":[{"width":800,"height":550,"url":"https:\/\/iraurgiberritzen.eus\/wp-content\/uploads\/2024\/09\/4e70cc59-4793-389c-577f-b93887dcec9f.png","type":"image\/png"}],"author":"ainara","twitter_card":"summary_large_image","twitter_misc":{"Escrito por":"ainara","Tiempo de lectura":"2 minutos"},"schema":{"@context":"https:\/\/schema.org","@graph":[{"@type":"Article","@id":"https:\/\/iraurgiberritzen.eus\/es\/jornada-sobre-el-marco-legal-del-medio-ambiente-dirigida-a-empresas-industriales-de-la-comarca\/#article","isPartOf":{"@id":"https:\/\/iraurgiberritzen.eus\/es\/jornada-sobre-el-marco-legal-del-medio-ambiente-dirigida-a-empresas-industriales-de-la-comarca\/"},"author":{"name":"ainara","@id":"https:\/\/iraurgiberritzen.eus\/es\/#\/schema\/person\/a32c9825b3e2bfcbe757a97f6a15c8a5"},"headline":"Jornada sobre el marco legal del medio ambiente dirigida a empresas industriales de la comarca","datePublished":"2024-09-03T07:42:18+00:00","dateModified":"2024-09-03T07:47:03+00:00","mainEntityOfPage":{"@id":"https:\/\/iraurgiberritzen.eus\/es\/jornada-sobre-el-marco-legal-del-medio-ambiente-dirigida-a-empresas-industriales-de-la-comarca\/"},"wordCount":228,"publisher":{"@id":"https:\/\/iraurgiberritzen.eus\/es\/#organization"},"image":{"@id":"https:\/\/iraurgiberritzen.eus\/es\/jornada-sobre-el-marco-legal-del-medio-ambiente-dirigida-a-empresas-industriales-de-la-comarca\/#primaryimage"},"thumbnailUrl":"https:\/\/iraurgiberritzen.eus\/wp-content\/uploads\/2024\/09\/4e70cc59-4793-389c-577f-b93887dcec9f.png","articleSection":["Noticias"],"inLanguage":"es"},{"@type":"WebPage","@id":"https:\/\/iraurgiberritzen.eus\/es\/jornada-sobre-el-marco-legal-del-medio-ambiente-dirigida-a-empresas-industriales-de-la-comarca\/","url":"https:\/\/iraurgiberritzen.eus\/es\/jornada-sobre-el-marco-legal-del-medio-ambiente-dirigida-a-empresas-industriales-de-la-comarca\/","name":"Jornada sobre el marco legal del medio ambiente dirigida a empresas industriales de la comarca - Iraurgi Berritzen","isPartOf":{"@id":"https:\/\/iraurgiberritzen.eus\/es\/#website"},"primaryImageOfPage":{"@id":"https:\/\/iraurgiberritzen.eus\/es\/jornada-sobre-el-marco-legal-del-medio-ambiente-dirigida-a-empresas-industriales-de-la-comarca\/#primaryimage"},"image":{"@id":"https:\/\/iraurgiberritzen.eus\/es\/jornada-sobre-el-marco-legal-del-medio-ambiente-dirigida-a-empresas-industriales-de-la-comarca\/#primaryimage"},"thumbnailUrl":"https:\/\/iraurgiberritzen.eus\/wp-content\/uploads\/2024\/09\/4e70cc59-4793-389c-577f-b93887dcec9f.png","datePublished":"2024-09-03T07:42:18+00:00","dateModified":"2024-09-03T07:47:03+00:00","breadcrumb":{"@id":"https:\/\/iraurgiberritzen.eus\/es\/jornada-sobre-el-marco-legal-del-medio-ambiente-dirigida-a-empresas-industriales-de-la-comarca\/#breadcrumb"},"inLanguage":"es","potentialAction":[{"@type":"ReadAction","target":["https:\/\/iraurgiberritzen.eus\/es\/jornada-sobre-el-marco-legal-del-medio-ambiente-dirigida-a-empresas-industriales-de-la-comarca\/"]}]},{"@type":"ImageObject","inLanguage":"es","@id":"https:\/\/iraurgiberritzen.eus\/es\/jornada-sobre-el-marco-legal-del-medio-ambiente-dirigida-a-empresas-industriales-de-la-comarca\/#primaryimage","url":"https:\/\/iraurgiberritzen.eus\/wp-content\/uploads\/2024\/09\/4e70cc59-4793-389c-577f-b93887dcec9f.png","contentUrl":"https:\/\/iraurgiberritzen.eus\/wp-content\/uploads\/2024\/09\/4e70cc59-4793-389c-577f-b93887dcec9f.png","width":800,"height":550},{"@type":"BreadcrumbList","@id":"https:\/\/iraurgiberritzen.eus\/es\/jornada-sobre-el-marco-legal-del-medio-ambiente-dirigida-a-empresas-industriales-de-la-comarca\/#breadcrumb","itemListElement":[{"@type":"ListItem","position":1,"name":"Home","item":"https:\/\/iraurgiberritzen.eus\/es\/"},{"@type":"ListItem","position":2,"name":"Jornada sobre el marco legal del medio ambiente dirigida a empresas industriales de la comarca"}]},{"@type":"WebSite","@id":"https:\/\/iraurgiberritzen.eus\/es\/#website","url":"https:\/\/iraurgiberritzen.eus\/es\/","name":"Iraurgi Berritzen","description":"Urola Erdiko Garapen Agentzia","publisher":{"@id":"https:\/\/iraurgiberritzen.eus\/es\/#organization"},"potentialAction":[{"@type":"SearchAction","target":{"@type":"EntryPoint","urlTemplate":"https:\/\/iraurgiberritzen.eus\/es\/?s={search_term_string}"},"query-input":{"@type":"PropertyValueSpecification","valueRequired":true,"valueName":"search_term_string"}}],"inLanguage":"es"},{"@type":"Organization","@id":"https:\/\/iraurgiberritzen.eus\/es\/#organization","name":"Iraurgi Berritzen","url":"https:\/\/iraurgiberritzen.eus\/es\/","logo":{"@type":"ImageObject","inLanguage":"es","@id":"https:\/\/iraurgiberritzen.eus\/es\/#\/schema\/logo\/image\/","url":"https:\/\/iraurgiberritzen.eus\/wp-content\/uploads\/2024\/02\/IRAURGI-BERRITZEN-logotipoa_2.png","contentUrl":"https:\/\/iraurgiberritzen.eus\/wp-content\/uploads\/2024\/02\/IRAURGI-BERRITZEN-logotipoa_2.png","width":496,"height":190,"caption":"Iraurgi Berritzen"},"image":{"@id":"https:\/\/iraurgiberritzen.eus\/es\/#\/schema\/logo\/image\/"}},{"@type":"Person","@id":"https:\/\/iraurgiberritzen.eus\/es\/#\/schema\/person\/a32c9825b3e2bfcbe757a97f6a15c8a5","name":"ainara"}]}},"_links":{"self":[{"href":"https:\/\/iraurgiberritzen.eus\/es\/wp-json\/wp\/v2\/posts\/21231","targetHints":{"allow":["GET"]}}],"collection":[{"href":"https:\/\/iraurgiberritzen.eus\/es\/wp-json\/wp\/v2\/posts"}],"about":[{"href":"https:\/\/iraurgiberritzen.eus\/es\/wp-json\/wp\/v2\/types\/post"}],"author":[{"embeddable":true,"href":"https:\/\/iraurgiberritzen.eus\/es\/wp-json\/wp\/v2\/users\/4"}],"replies":[{"embeddable":true,"href":"https:\/\/iraurgiberritzen.eus\/es\/wp-json\/wp\/v2\/comments?post=21231"}],"version-history":[{"count":2,"href":"https:\/\/iraurgiberritzen.eus\/es\/wp-json\/wp\/v2\/posts\/21231\/revisions"}],"predecessor-version":[{"id":21238,"href":"https:\/\/iraurgiberritzen.eus\/es\/wp-json\/wp\/v2\/posts\/21231\/revisions\/21238"}],"wp:featuredmedia":[{"embeddable":true,"href":"https:\/\/iraurgiberritzen.eus\/es\/wp-json\/wp\/v2\/media\/21235"}],"wp:attachment":[{"href":"https:\/\/iraurgiberritzen.eus\/es\/wp-json\/wp\/v2\/media?parent=21231"}],"wp:term":[{"taxonomy":"category","embeddable":true,"href":"https:\/\/iraurgiberritzen.eus\/es\/wp-json\/wp\/v2\/categories?post=21231"},{"taxonomy":"post_tag","embeddable":true,"href":"https:\/\/iraurgiberritzen.eus\/es\/wp-json\/wp\/v2\/tags?post=21231"}],"curies":[{"name":"wp","href":"https:\/\/api.w.org\/{rel}","templated":true}]}}