{"id":21290,"date":"2024-09-05T11:59:48","date_gmt":"2024-09-05T09:59:48","guid":{"rendered":"https:\/\/iraurgiberritzen.eus\/?p=21290"},"modified":"2024-09-13T11:53:32","modified_gmt":"2024-09-13T09:53:32","slug":"impulsa-tu-negocio-talleres-gratuitos-de-digitalizacion-en-el-segundo-semestre-de-2024","status":"publish","type":"post","link":"https:\/\/iraurgiberritzen.eus\/es\/impulsa-tu-negocio-talleres-gratuitos-de-digitalizacion-en-el-segundo-semestre-de-2024\/","title":{"rendered":"Impulsa tu negocio: talleres gratuitos de digitalizaci\u00f3n en el segundo semestre de 2024."},"content":{"rendered":"<p><strong>Formacion pr\u00e1ctica de 2-3 horas con herramientas tecnol\u00f3gicas para mejorar la gesti\u00f3n empresarial de personas emprendedoras que ofrecen servicios o peque\u00f1os negocios.<\/strong><\/p>\n<p>&nbsp;<\/p>\n<p>Dentro del marco de KLINK, espacio para impulsar el emprendimiento de la comarca, desde el Area de Emprendimiento de Iraurgi Berritzen se continua activamente apoyando a personas emprendedoras y peque\u00f1os negocios.<\/p>\n<p>KLINK Bide, la linea de trabajo de capacitaci\u00f3n, continua con su objetivo de apoyar la digitalizaci\u00f3n de personas emprendedoras y peque\u00f1os negocios. Para ello, para el segundo semestre de 2024, ha dise\u00f1ado un programa que se apoya en la digitalizaci\u00f3n de la empresa y en las aplicaciones m\u00e1s demandadas para la gesti\u00f3n de las redes sociales.<\/p>\n<p>Esta es la propuesta de digitalizaci\u00f3n:<\/p>\n<ul>\n<li><strong>17 de Septiembre, 1 de Octubre y el 8 de Octubre<\/strong> en horario de 9:30 a 12:30, en el Palacio Basazabal de Azpeitia, impartido por el equipo de Implantalariak (SPRI), se ofrecer\u00e1n 3 talleres con un \u00fanico objetivo, agilizar y acercar a los clientes con tecnolog\u00eda sencilla y de aplicaci\u00f3n inmediata.<\/li>\n<li><strong>17 de Septiembre<\/strong>, creaci\u00f3n de cat\u00e1logo virtual, asistentes virtuales, reservas online, recopilaci\u00f3n de datos v\u00cda formularios online. Objetivo, agilizar la atenci\u00f3n al cliente en los canales digitales.<\/li>\n<li><strong>1 de Octubre<\/strong>, posicionamiento de p\u00e1gina web, dinamizaci\u00f3n de medios sociales, uso de ChatGPT, c\u00f3digos QR. Objetivo, fidelizar y ganar clientela.<\/li>\n<li><strong>8 de Octubre<\/strong>, acceso a datos, ordenar sitios, comandos de voz, automatizar correos. Objetivo, trabajar con orden y seguridad.<\/li>\n<\/ul>\n<p>Propuesta de redes sociales:<\/p>\n<ul>\n<li>Los d\u00edas <strong>6 de Noviembre y 4 de Diciembre<\/strong>, en horario de 14:30 \u2013 16:30, en el Palacio Intsausti, impartido por Tomillo Lim\u00f3n, se abordar\u00e1n las herramientas Instagram Reels, haciendo el foco en la creaci\u00f3n de contenido para videos y por otra parte, TIK-TOK una introducci\u00f3n a la herramienta.<\/li>\n<\/ul>\n<p>Los talleres est\u00e1n dise\u00f1ados espec\u00edficamente para personas emprendedoras que ofrecen servicios o propietarios de peque\u00f1os negocios que buscan mantenerse competitivos en un mercado cada vez m\u00e1s digitalizado. Con una duraci\u00f3n de 2 a 3 horas por sesi\u00f3n, estas formaciones pr\u00e1cticas proporcionar\u00e1n a los asistentes las herramientas y el conocimiento para valorar la implementaci\u00f3n de soluciones tecnol\u00f3gicas en \u00e1reas clave de su negocio, como el marketing digital, y la atenci\u00f3n al cliente.<\/p>\n<p>La inscripci\u00f3n a los talleres es gratuita, y las plazas son limitadas para garantizar una atenci\u00f3n personalizada y una experiencia de aprendizaje \u00f3ptima. Los interesados pueden contactar directamente con Alazne Larra\u00f1aga (688718777) o Ione Eizagirre (688601299) para m\u00e1s informaci\u00f3n.<\/p>\n<p>Con esta iniciativa, Iraurgi Berritzen, reafirma su compromiso de apoyar el desarrollo de las personas emprendedoras que ofrecen servicios o peque\u00f1os negocios, brind\u00e1ndoles las herramientas necesarias para adaptarse al entorno digital y alcanzar el \u00e9xito en un mercado en constante evoluci\u00f3n.<\/p>\n<p>Informaci\u00f3n adicional en el siguiente <a href=\"https:\/\/klinkekintzailetasuna.wordpress.com\/sarrera-2\/formakuntzak\/\"><strong>link<\/strong>.<\/a><\/p>\n","protected":false},"excerpt":{"rendered":"<p>Formacion pr\u00e1ctica de 2-3 horas con herramientas tecnol\u00f3gicas para mejorar la gesti\u00f3n empresarial de personas emprendedoras que ofrecen servicios o peque\u00f1os negocios. &nbsp; Dentro del marco de KLINK, espacio para impulsar el emprendimiento de la comarca, desde el Area de Emprendimiento de Iraurgi Berritzen se continua activamente apoyando a personas emprendedoras y peque\u00f1os negocios. KLINK [&hellip;]<\/p>\n","protected":false},"author":4,"featured_media":21245,"comment_status":"closed","ping_status":"closed","sticky":false,"template":"","format":"standard","meta":{"_acf_changed":false,"footnotes":""},"categories":[4],"tags":[],"class_list":["post-21290","post","type-post","status-publish","format-standard","has-post-thumbnail","hentry","category-noticias","arloak-emprendimiento"],"acf":[],"yoast_head":"<!-- This site is optimized with the Yoast SEO plugin v27.4 - https:\/\/yoast.com\/product\/yoast-seo-wordpress\/ -->\n<title>Impulsa tu negocio: talleres gratuitos de digitalizaci\u00f3n en el segundo semestre de 2024. - Iraurgi Berritzen<\/title>\n<meta name=\"robots\" content=\"index, follow, max-snippet:-1, max-image-preview:large, max-video-preview:-1\" \/>\n<link rel=\"canonical\" href=\"https:\/\/iraurgiberritzen.eus\/es\/impulsa-tu-negocio-talleres-gratuitos-de-digitalizacion-en-el-segundo-semestre-de-2024\/\" \/>\n<meta property=\"og:locale\" content=\"es_ES\" \/>\n<meta property=\"og:type\" content=\"article\" \/>\n<meta property=\"og:title\" content=\"Impulsa tu negocio: talleres gratuitos de digitalizaci\u00f3n en el segundo semestre de 2024. - Iraurgi Berritzen\" \/>\n<meta property=\"og:description\" content=\"Formacion pr\u00e1ctica de 2-3 horas con herramientas tecnol\u00f3gicas para mejorar la gesti\u00f3n empresarial de personas emprendedoras que ofrecen servicios o peque\u00f1os negocios. &nbsp; Dentro del marco de KLINK, espacio para impulsar el emprendimiento de la comarca, desde el Area de Emprendimiento de Iraurgi Berritzen se continua activamente apoyando a personas emprendedoras y peque\u00f1os negocios. KLINK [&hellip;]\" \/>\n<meta property=\"og:url\" content=\"https:\/\/iraurgiberritzen.eus\/es\/impulsa-tu-negocio-talleres-gratuitos-de-digitalizacion-en-el-segundo-semestre-de-2024\/\" \/>\n<meta property=\"og:site_name\" content=\"Iraurgi Berritzen\" \/>\n<meta property=\"article:published_time\" content=\"2024-09-05T09:59:48+00:00\" \/>\n<meta property=\"article:modified_time\" content=\"2024-09-13T09:53:32+00:00\" \/>\n<meta property=\"og:image\" content=\"https:\/\/iraurgiberritzen.eus\/wp-content\/uploads\/2024\/09\/2023-lehenengo-6-hilabetea-1.png\" \/>\n\t<meta property=\"og:image:width\" content=\"600\" \/>\n\t<meta property=\"og:image:height\" content=\"386\" \/>\n\t<meta property=\"og:image:type\" content=\"image\/png\" \/>\n<meta name=\"author\" content=\"ainara\" \/>\n<meta name=\"twitter:card\" content=\"summary_large_image\" \/>\n<meta name=\"twitter:label1\" content=\"Escrito por\" \/>\n\t<meta name=\"twitter:data1\" content=\"ainara\" \/>\n\t<meta name=\"twitter:label2\" content=\"Tiempo de lectura\" \/>\n\t<meta name=\"twitter:data2\" content=\"3 minutos\" \/>\n<script type=\"application\/ld+json\" class=\"yoast-schema-graph\">{\"@context\":\"https:\\\/\\\/schema.org\",\"@graph\":[{\"@type\":\"Article\",\"@id\":\"https:\\\/\\\/iraurgiberritzen.eus\\\/es\\\/impulsa-tu-negocio-talleres-gratuitos-de-digitalizacion-en-el-segundo-semestre-de-2024\\\/#article\",\"isPartOf\":{\"@id\":\"https:\\\/\\\/iraurgiberritzen.eus\\\/es\\\/impulsa-tu-negocio-talleres-gratuitos-de-digitalizacion-en-el-segundo-semestre-de-2024\\\/\"},\"author\":{\"name\":\"ainara\",\"@id\":\"https:\\\/\\\/iraurgiberritzen.eus\\\/es\\\/#\\\/schema\\\/person\\\/a32c9825b3e2bfcbe757a97f6a15c8a5\"},\"headline\":\"Impulsa tu negocio: talleres gratuitos de digitalizaci\u00f3n en el segundo semestre de 2024.\",\"datePublished\":\"2024-09-05T09:59:48+00:00\",\"dateModified\":\"2024-09-13T09:53:32+00:00\",\"mainEntityOfPage\":{\"@id\":\"https:\\\/\\\/iraurgiberritzen.eus\\\/es\\\/impulsa-tu-negocio-talleres-gratuitos-de-digitalizacion-en-el-segundo-semestre-de-2024\\\/\"},\"wordCount\":488,\"publisher\":{\"@id\":\"https:\\\/\\\/iraurgiberritzen.eus\\\/es\\\/#organization\"},\"image\":{\"@id\":\"https:\\\/\\\/iraurgiberritzen.eus\\\/es\\\/impulsa-tu-negocio-talleres-gratuitos-de-digitalizacion-en-el-segundo-semestre-de-2024\\\/#primaryimage\"},\"thumbnailUrl\":\"https:\\\/\\\/iraurgiberritzen.eus\\\/wp-content\\\/uploads\\\/2024\\\/09\\\/2023-lehenengo-6-hilabetea-1.png\",\"articleSection\":[\"Noticias\"],\"inLanguage\":\"es\"},{\"@type\":\"WebPage\",\"@id\":\"https:\\\/\\\/iraurgiberritzen.eus\\\/es\\\/impulsa-tu-negocio-talleres-gratuitos-de-digitalizacion-en-el-segundo-semestre-de-2024\\\/\",\"url\":\"https:\\\/\\\/iraurgiberritzen.eus\\\/es\\\/impulsa-tu-negocio-talleres-gratuitos-de-digitalizacion-en-el-segundo-semestre-de-2024\\\/\",\"name\":\"Impulsa tu negocio: talleres gratuitos de digitalizaci\u00f3n en el segundo semestre de 2024. - Iraurgi Berritzen\",\"isPartOf\":{\"@id\":\"https:\\\/\\\/iraurgiberritzen.eus\\\/es\\\/#website\"},\"primaryImageOfPage\":{\"@id\":\"https:\\\/\\\/iraurgiberritzen.eus\\\/es\\\/impulsa-tu-negocio-talleres-gratuitos-de-digitalizacion-en-el-segundo-semestre-de-2024\\\/#primaryimage\"},\"image\":{\"@id\":\"https:\\\/\\\/iraurgiberritzen.eus\\\/es\\\/impulsa-tu-negocio-talleres-gratuitos-de-digitalizacion-en-el-segundo-semestre-de-2024\\\/#primaryimage\"},\"thumbnailUrl\":\"https:\\\/\\\/iraurgiberritzen.eus\\\/wp-content\\\/uploads\\\/2024\\\/09\\\/2023-lehenengo-6-hilabetea-1.png\",\"datePublished\":\"2024-09-05T09:59:48+00:00\",\"dateModified\":\"2024-09-13T09:53:32+00:00\",\"breadcrumb\":{\"@id\":\"https:\\\/\\\/iraurgiberritzen.eus\\\/es\\\/impulsa-tu-negocio-talleres-gratuitos-de-digitalizacion-en-el-segundo-semestre-de-2024\\\/#breadcrumb\"},\"inLanguage\":\"es\",\"potentialAction\":[{\"@type\":\"ReadAction\",\"target\":[\"https:\\\/\\\/iraurgiberritzen.eus\\\/es\\\/impulsa-tu-negocio-talleres-gratuitos-de-digitalizacion-en-el-segundo-semestre-de-2024\\\/\"]}]},{\"@type\":\"ImageObject\",\"inLanguage\":\"es\",\"@id\":\"https:\\\/\\\/iraurgiberritzen.eus\\\/es\\\/impulsa-tu-negocio-talleres-gratuitos-de-digitalizacion-en-el-segundo-semestre-de-2024\\\/#primaryimage\",\"url\":\"https:\\\/\\\/iraurgiberritzen.eus\\\/wp-content\\\/uploads\\\/2024\\\/09\\\/2023-lehenengo-6-hilabetea-1.png\",\"contentUrl\":\"https:\\\/\\\/iraurgiberritzen.eus\\\/wp-content\\\/uploads\\\/2024\\\/09\\\/2023-lehenengo-6-hilabetea-1.png\",\"width\":600,\"height\":386},{\"@type\":\"BreadcrumbList\",\"@id\":\"https:\\\/\\\/iraurgiberritzen.eus\\\/es\\\/impulsa-tu-negocio-talleres-gratuitos-de-digitalizacion-en-el-segundo-semestre-de-2024\\\/#breadcrumb\",\"itemListElement\":[{\"@type\":\"ListItem\",\"position\":1,\"name\":\"Home\",\"item\":\"https:\\\/\\\/iraurgiberritzen.eus\\\/es\\\/\"},{\"@type\":\"ListItem\",\"position\":2,\"name\":\"Impulsa tu negocio: talleres gratuitos de digitalizaci\u00f3n en el segundo semestre de 2024.\"}]},{\"@type\":\"WebSite\",\"@id\":\"https:\\\/\\\/iraurgiberritzen.eus\\\/es\\\/#website\",\"url\":\"https:\\\/\\\/iraurgiberritzen.eus\\\/es\\\/\",\"name\":\"Iraurgi Berritzen\",\"description\":\"Urola Erdiko Garapen Agentzia\",\"publisher\":{\"@id\":\"https:\\\/\\\/iraurgiberritzen.eus\\\/es\\\/#organization\"},\"potentialAction\":[{\"@type\":\"SearchAction\",\"target\":{\"@type\":\"EntryPoint\",\"urlTemplate\":\"https:\\\/\\\/iraurgiberritzen.eus\\\/es\\\/?s={search_term_string}\"},\"query-input\":{\"@type\":\"PropertyValueSpecification\",\"valueRequired\":true,\"valueName\":\"search_term_string\"}}],\"inLanguage\":\"es\"},{\"@type\":\"Organization\",\"@id\":\"https:\\\/\\\/iraurgiberritzen.eus\\\/es\\\/#organization\",\"name\":\"Iraurgi Berritzen\",\"url\":\"https:\\\/\\\/iraurgiberritzen.eus\\\/es\\\/\",\"logo\":{\"@type\":\"ImageObject\",\"inLanguage\":\"es\",\"@id\":\"https:\\\/\\\/iraurgiberritzen.eus\\\/es\\\/#\\\/schema\\\/logo\\\/image\\\/\",\"url\":\"https:\\\/\\\/iraurgiberritzen.eus\\\/wp-content\\\/uploads\\\/2024\\\/02\\\/IRAURGI-BERRITZEN-logotipoa_2.png\",\"contentUrl\":\"https:\\\/\\\/iraurgiberritzen.eus\\\/wp-content\\\/uploads\\\/2024\\\/02\\\/IRAURGI-BERRITZEN-logotipoa_2.png\",\"width\":496,\"height\":190,\"caption\":\"Iraurgi Berritzen\"},\"image\":{\"@id\":\"https:\\\/\\\/iraurgiberritzen.eus\\\/es\\\/#\\\/schema\\\/logo\\\/image\\\/\"}},{\"@type\":\"Person\",\"@id\":\"https:\\\/\\\/iraurgiberritzen.eus\\\/es\\\/#\\\/schema\\\/person\\\/a32c9825b3e2bfcbe757a97f6a15c8a5\",\"name\":\"ainara\"}]}<\/script>\n<!-- \/ Yoast SEO plugin. -->","yoast_head_json":{"title":"Impulsa tu negocio: talleres gratuitos de digitalizaci\u00f3n en el segundo semestre de 2024. - Iraurgi Berritzen","robots":{"index":"index","follow":"follow","max-snippet":"max-snippet:-1","max-image-preview":"max-image-preview:large","max-video-preview":"max-video-preview:-1"},"canonical":"https:\/\/iraurgiberritzen.eus\/es\/impulsa-tu-negocio-talleres-gratuitos-de-digitalizacion-en-el-segundo-semestre-de-2024\/","og_locale":"es_ES","og_type":"article","og_title":"Impulsa tu negocio: talleres gratuitos de digitalizaci\u00f3n en el segundo semestre de 2024. - Iraurgi Berritzen","og_description":"Formacion pr\u00e1ctica de 2-3 horas con herramientas tecnol\u00f3gicas para mejorar la gesti\u00f3n empresarial de personas emprendedoras que ofrecen servicios o peque\u00f1os negocios. &nbsp; Dentro del marco de KLINK, espacio para impulsar el emprendimiento de la comarca, desde el Area de Emprendimiento de Iraurgi Berritzen se continua activamente apoyando a personas emprendedoras y peque\u00f1os negocios. KLINK [&hellip;]","og_url":"https:\/\/iraurgiberritzen.eus\/es\/impulsa-tu-negocio-talleres-gratuitos-de-digitalizacion-en-el-segundo-semestre-de-2024\/","og_site_name":"Iraurgi Berritzen","article_published_time":"2024-09-05T09:59:48+00:00","article_modified_time":"2024-09-13T09:53:32+00:00","og_image":[{"width":600,"height":386,"url":"https:\/\/iraurgiberritzen.eus\/wp-content\/uploads\/2024\/09\/2023-lehenengo-6-hilabetea-1.png","type":"image\/png"}],"author":"ainara","twitter_card":"summary_large_image","twitter_misc":{"Escrito por":"ainara","Tiempo de lectura":"3 minutos"},"schema":{"@context":"https:\/\/schema.org","@graph":[{"@type":"Article","@id":"https:\/\/iraurgiberritzen.eus\/es\/impulsa-tu-negocio-talleres-gratuitos-de-digitalizacion-en-el-segundo-semestre-de-2024\/#article","isPartOf":{"@id":"https:\/\/iraurgiberritzen.eus\/es\/impulsa-tu-negocio-talleres-gratuitos-de-digitalizacion-en-el-segundo-semestre-de-2024\/"},"author":{"name":"ainara","@id":"https:\/\/iraurgiberritzen.eus\/es\/#\/schema\/person\/a32c9825b3e2bfcbe757a97f6a15c8a5"},"headline":"Impulsa tu negocio: talleres gratuitos de digitalizaci\u00f3n en el segundo semestre de 2024.","datePublished":"2024-09-05T09:59:48+00:00","dateModified":"2024-09-13T09:53:32+00:00","mainEntityOfPage":{"@id":"https:\/\/iraurgiberritzen.eus\/es\/impulsa-tu-negocio-talleres-gratuitos-de-digitalizacion-en-el-segundo-semestre-de-2024\/"},"wordCount":488,"publisher":{"@id":"https:\/\/iraurgiberritzen.eus\/es\/#organization"},"image":{"@id":"https:\/\/iraurgiberritzen.eus\/es\/impulsa-tu-negocio-talleres-gratuitos-de-digitalizacion-en-el-segundo-semestre-de-2024\/#primaryimage"},"thumbnailUrl":"https:\/\/iraurgiberritzen.eus\/wp-content\/uploads\/2024\/09\/2023-lehenengo-6-hilabetea-1.png","articleSection":["Noticias"],"inLanguage":"es"},{"@type":"WebPage","@id":"https:\/\/iraurgiberritzen.eus\/es\/impulsa-tu-negocio-talleres-gratuitos-de-digitalizacion-en-el-segundo-semestre-de-2024\/","url":"https:\/\/iraurgiberritzen.eus\/es\/impulsa-tu-negocio-talleres-gratuitos-de-digitalizacion-en-el-segundo-semestre-de-2024\/","name":"Impulsa tu negocio: talleres gratuitos de digitalizaci\u00f3n en el segundo semestre de 2024. - Iraurgi Berritzen","isPartOf":{"@id":"https:\/\/iraurgiberritzen.eus\/es\/#website"},"primaryImageOfPage":{"@id":"https:\/\/iraurgiberritzen.eus\/es\/impulsa-tu-negocio-talleres-gratuitos-de-digitalizacion-en-el-segundo-semestre-de-2024\/#primaryimage"},"image":{"@id":"https:\/\/iraurgiberritzen.eus\/es\/impulsa-tu-negocio-talleres-gratuitos-de-digitalizacion-en-el-segundo-semestre-de-2024\/#primaryimage"},"thumbnailUrl":"https:\/\/iraurgiberritzen.eus\/wp-content\/uploads\/2024\/09\/2023-lehenengo-6-hilabetea-1.png","datePublished":"2024-09-05T09:59:48+00:00","dateModified":"2024-09-13T09:53:32+00:00","breadcrumb":{"@id":"https:\/\/iraurgiberritzen.eus\/es\/impulsa-tu-negocio-talleres-gratuitos-de-digitalizacion-en-el-segundo-semestre-de-2024\/#breadcrumb"},"inLanguage":"es","potentialAction":[{"@type":"ReadAction","target":["https:\/\/iraurgiberritzen.eus\/es\/impulsa-tu-negocio-talleres-gratuitos-de-digitalizacion-en-el-segundo-semestre-de-2024\/"]}]},{"@type":"ImageObject","inLanguage":"es","@id":"https:\/\/iraurgiberritzen.eus\/es\/impulsa-tu-negocio-talleres-gratuitos-de-digitalizacion-en-el-segundo-semestre-de-2024\/#primaryimage","url":"https:\/\/iraurgiberritzen.eus\/wp-content\/uploads\/2024\/09\/2023-lehenengo-6-hilabetea-1.png","contentUrl":"https:\/\/iraurgiberritzen.eus\/wp-content\/uploads\/2024\/09\/2023-lehenengo-6-hilabetea-1.png","width":600,"height":386},{"@type":"BreadcrumbList","@id":"https:\/\/iraurgiberritzen.eus\/es\/impulsa-tu-negocio-talleres-gratuitos-de-digitalizacion-en-el-segundo-semestre-de-2024\/#breadcrumb","itemListElement":[{"@type":"ListItem","position":1,"name":"Home","item":"https:\/\/iraurgiberritzen.eus\/es\/"},{"@type":"ListItem","position":2,"name":"Impulsa tu negocio: talleres gratuitos de digitalizaci\u00f3n en el segundo semestre de 2024."}]},{"@type":"WebSite","@id":"https:\/\/iraurgiberritzen.eus\/es\/#website","url":"https:\/\/iraurgiberritzen.eus\/es\/","name":"Iraurgi Berritzen","description":"Urola Erdiko Garapen Agentzia","publisher":{"@id":"https:\/\/iraurgiberritzen.eus\/es\/#organization"},"potentialAction":[{"@type":"SearchAction","target":{"@type":"EntryPoint","urlTemplate":"https:\/\/iraurgiberritzen.eus\/es\/?s={search_term_string}"},"query-input":{"@type":"PropertyValueSpecification","valueRequired":true,"valueName":"search_term_string"}}],"inLanguage":"es"},{"@type":"Organization","@id":"https:\/\/iraurgiberritzen.eus\/es\/#organization","name":"Iraurgi Berritzen","url":"https:\/\/iraurgiberritzen.eus\/es\/","logo":{"@type":"ImageObject","inLanguage":"es","@id":"https:\/\/iraurgiberritzen.eus\/es\/#\/schema\/logo\/image\/","url":"https:\/\/iraurgiberritzen.eus\/wp-content\/uploads\/2024\/02\/IRAURGI-BERRITZEN-logotipoa_2.png","contentUrl":"https:\/\/iraurgiberritzen.eus\/wp-content\/uploads\/2024\/02\/IRAURGI-BERRITZEN-logotipoa_2.png","width":496,"height":190,"caption":"Iraurgi Berritzen"},"image":{"@id":"https:\/\/iraurgiberritzen.eus\/es\/#\/schema\/logo\/image\/"}},{"@type":"Person","@id":"https:\/\/iraurgiberritzen.eus\/es\/#\/schema\/person\/a32c9825b3e2bfcbe757a97f6a15c8a5","name":"ainara"}]}},"_links":{"self":[{"href":"https:\/\/iraurgiberritzen.eus\/es\/wp-json\/wp\/v2\/posts\/21290","targetHints":{"allow":["GET"]}}],"collection":[{"href":"https:\/\/iraurgiberritzen.eus\/es\/wp-json\/wp\/v2\/posts"}],"about":[{"href":"https:\/\/iraurgiberritzen.eus\/es\/wp-json\/wp\/v2\/types\/post"}],"author":[{"embeddable":true,"href":"https:\/\/iraurgiberritzen.eus\/es\/wp-json\/wp\/v2\/users\/4"}],"replies":[{"embeddable":true,"href":"https:\/\/iraurgiberritzen.eus\/es\/wp-json\/wp\/v2\/comments?post=21290"}],"version-history":[{"count":3,"href":"https:\/\/iraurgiberritzen.eus\/es\/wp-json\/wp\/v2\/posts\/21290\/revisions"}],"predecessor-version":[{"id":21359,"href":"https:\/\/iraurgiberritzen.eus\/es\/wp-json\/wp\/v2\/posts\/21290\/revisions\/21359"}],"wp:featuredmedia":[{"embeddable":true,"href":"https:\/\/iraurgiberritzen.eus\/es\/wp-json\/wp\/v2\/media\/21245"}],"wp:attachment":[{"href":"https:\/\/iraurgiberritzen.eus\/es\/wp-json\/wp\/v2\/media?parent=21290"}],"wp:term":[{"taxonomy":"category","embeddable":true,"href":"https:\/\/iraurgiberritzen.eus\/es\/wp-json\/wp\/v2\/categories?post=21290"},{"taxonomy":"post_tag","embeddable":true,"href":"https:\/\/iraurgiberritzen.eus\/es\/wp-json\/wp\/v2\/tags?post=21290"}],"curies":[{"name":"wp","href":"https:\/\/api.w.org\/{rel}","templated":true}]}}