{"id":21305,"date":"2024-09-05T14:02:49","date_gmt":"2024-09-05T12:02:49","guid":{"rendered":"https:\/\/iraurgiberritzen.eus\/?p=21305"},"modified":"2024-09-05T14:02:49","modified_gmt":"2024-09-05T12:02:49","slug":"planes-de-personas-en-las-empresas-nuevo-proyecto-de-colaboracion-en-marcha","status":"publish","type":"post","link":"https:\/\/iraurgiberritzen.eus\/es\/planes-de-personas-en-las-empresas-nuevo-proyecto-de-colaboracion-en-marcha\/","title":{"rendered":"Planes de personas en las empresas: nuevo proyecto de colaboraci\u00f3n en marcha"},"content":{"rendered":"<p>Hoy, 5 de setiembre, Iraurgi Berritzen ha iniciado un nuevo proyecto colaborativo en el \u00e1mbito del Desarrollo de Personas entre un grupo de empresas industriales de la comarca. El proyecto responde a un diagn\u00f3stico com\u00fan de prioridades identificado por IB, en el que las empresas est\u00e1n interesadas en implantar y mejorar planes de desarrollo de personas en sus organizaciones. El nuevo proyecto <strong>\u00abIkasEkin. Desarrollo de Personas\u00bb<\/strong> destaca por su metodolog\u00eda de Formaci\u00f3n-Acci\u00f3n, en el que la empresa desarrollar\u00e1 su propio proyecto a lo largo del proceso, as\u00ed como el aspecto colaborativo entre empresas a trav\u00e9s del cual compartir\u00e1n el aprendizaje de diferentes proyectos. Para ello a lo largo del proceso se organizar\u00e1n diferentes sesiones individuales y colectivas. A trav\u00e9s de este proyecto se pretenden alcanzar los siguientes objetivos:<\/p>\n<ol>\n<li>Dar respuesta a las necesidades explicitadas por el colectivo de empresas.<\/li>\n<li>Apoyar a las personas responsables de RRHH o gerencias en el desempe\u00f1o de su funci\u00f3n dentro de la organizaci\u00f3n. Ayudar a las personas participantes a implantar herramientas de gesti\u00f3n enfocadas al desarrollo de las personas.<\/li>\n<li>Generar una red de apoyo en el que compartir qu\u00e9 se est\u00e1 haciendo en las diferentes organizaciones a este respecto, y compartir dificultades encontradas en el proceso de implantaci\u00f3n.<\/li>\n<\/ol>\n<p>Este proyecto se desarrollar\u00e1 con el apoyo experto de Nerea Urcola y ser\u00e1 financiado por la Diputaci\u00f3n Foral de Gipuzkoa. Las empresas participantes en el proyecto son Lan Mobel S. Coop, Ekintza Mekanizatuak, Astigarraga Kit Line y Erlo Group.<\/p>\n","protected":false},"excerpt":{"rendered":"<p>Hoy, 5 de setiembre, Iraurgi Berritzen ha iniciado un nuevo proyecto colaborativo en el \u00e1mbito del Desarrollo de Personas entre un grupo de empresas industriales de la comarca. El proyecto responde a un diagn\u00f3stico com\u00fan de prioridades identificado por IB, en el que las empresas est\u00e1n interesadas en implantar y mejorar planes de desarrollo de [&hellip;]<\/p>\n","protected":false},"author":4,"featured_media":21299,"comment_status":"closed","ping_status":"closed","sticky":false,"template":"","format":"standard","meta":{"_acf_changed":false,"footnotes":""},"categories":[4],"tags":[],"class_list":["post-21305","post","type-post","status-publish","format-standard","has-post-thumbnail","hentry","category-noticias","arloak-enpresa"],"acf":[],"yoast_head":"<!-- This site is optimized with the Yoast SEO plugin v27.4 - https:\/\/yoast.com\/product\/yoast-seo-wordpress\/ -->\n<title>Planes de personas en las empresas: nuevo proyecto de colaboraci\u00f3n en marcha - Iraurgi Berritzen<\/title>\n<meta name=\"robots\" content=\"index, follow, max-snippet:-1, max-image-preview:large, max-video-preview:-1\" \/>\n<link rel=\"canonical\" href=\"https:\/\/iraurgiberritzen.eus\/es\/planes-de-personas-en-las-empresas-nuevo-proyecto-de-colaboracion-en-marcha\/\" \/>\n<meta property=\"og:locale\" content=\"es_ES\" \/>\n<meta property=\"og:type\" content=\"article\" \/>\n<meta property=\"og:title\" content=\"Planes de personas en las empresas: nuevo proyecto de colaboraci\u00f3n en marcha - Iraurgi Berritzen\" \/>\n<meta property=\"og:description\" content=\"Hoy, 5 de setiembre, Iraurgi Berritzen ha iniciado un nuevo proyecto colaborativo en el \u00e1mbito del Desarrollo de Personas entre un grupo de empresas industriales de la comarca. El proyecto responde a un diagn\u00f3stico com\u00fan de prioridades identificado por IB, en el que las empresas est\u00e1n interesadas en implantar y mejorar planes de desarrollo de [&hellip;]\" \/>\n<meta property=\"og:url\" content=\"https:\/\/iraurgiberritzen.eus\/es\/planes-de-personas-en-las-empresas-nuevo-proyecto-de-colaboracion-en-marcha\/\" \/>\n<meta property=\"og:site_name\" content=\"Iraurgi Berritzen\" \/>\n<meta property=\"article:published_time\" content=\"2024-09-05T12:02:49+00:00\" \/>\n<meta name=\"author\" content=\"ainara\" \/>\n<meta name=\"twitter:card\" content=\"summary_large_image\" \/>\n<meta name=\"twitter:label1\" content=\"Escrito por\" \/>\n\t<meta name=\"twitter:data1\" content=\"ainara\" \/>\n\t<meta name=\"twitter:label2\" content=\"Tiempo de lectura\" \/>\n\t<meta name=\"twitter:data2\" content=\"2 minutos\" \/>\n<script type=\"application\/ld+json\" class=\"yoast-schema-graph\">{\"@context\":\"https:\\\/\\\/schema.org\",\"@graph\":[{\"@type\":\"Article\",\"@id\":\"https:\\\/\\\/iraurgiberritzen.eus\\\/es\\\/planes-de-personas-en-las-empresas-nuevo-proyecto-de-colaboracion-en-marcha\\\/#article\",\"isPartOf\":{\"@id\":\"https:\\\/\\\/iraurgiberritzen.eus\\\/es\\\/planes-de-personas-en-las-empresas-nuevo-proyecto-de-colaboracion-en-marcha\\\/\"},\"author\":{\"name\":\"ainara\",\"@id\":\"https:\\\/\\\/iraurgiberritzen.eus\\\/es\\\/#\\\/schema\\\/person\\\/a32c9825b3e2bfcbe757a97f6a15c8a5\"},\"headline\":\"Planes de personas en las empresas: nuevo proyecto de colaboraci\u00f3n en marcha\",\"datePublished\":\"2024-09-05T12:02:49+00:00\",\"mainEntityOfPage\":{\"@id\":\"https:\\\/\\\/iraurgiberritzen.eus\\\/es\\\/planes-de-personas-en-las-empresas-nuevo-proyecto-de-colaboracion-en-marcha\\\/\"},\"wordCount\":270,\"publisher\":{\"@id\":\"https:\\\/\\\/iraurgiberritzen.eus\\\/es\\\/#organization\"},\"image\":{\"@id\":\"https:\\\/\\\/iraurgiberritzen.eus\\\/es\\\/planes-de-personas-en-las-empresas-nuevo-proyecto-de-colaboracion-en-marcha\\\/#primaryimage\"},\"thumbnailUrl\":\"https:\\\/\\\/iraurgiberritzen.eus\\\/wp-content\\\/uploads\\\/2024\\\/09\\\/WhatsApp-Image-2024-09-05-at-13.45.57-scaled.jpeg\",\"articleSection\":[\"Noticias\"],\"inLanguage\":\"es\"},{\"@type\":\"WebPage\",\"@id\":\"https:\\\/\\\/iraurgiberritzen.eus\\\/es\\\/planes-de-personas-en-las-empresas-nuevo-proyecto-de-colaboracion-en-marcha\\\/\",\"url\":\"https:\\\/\\\/iraurgiberritzen.eus\\\/es\\\/planes-de-personas-en-las-empresas-nuevo-proyecto-de-colaboracion-en-marcha\\\/\",\"name\":\"Planes de personas en las empresas: nuevo proyecto de colaboraci\u00f3n en marcha - Iraurgi Berritzen\",\"isPartOf\":{\"@id\":\"https:\\\/\\\/iraurgiberritzen.eus\\\/es\\\/#website\"},\"primaryImageOfPage\":{\"@id\":\"https:\\\/\\\/iraurgiberritzen.eus\\\/es\\\/planes-de-personas-en-las-empresas-nuevo-proyecto-de-colaboracion-en-marcha\\\/#primaryimage\"},\"image\":{\"@id\":\"https:\\\/\\\/iraurgiberritzen.eus\\\/es\\\/planes-de-personas-en-las-empresas-nuevo-proyecto-de-colaboracion-en-marcha\\\/#primaryimage\"},\"thumbnailUrl\":\"https:\\\/\\\/iraurgiberritzen.eus\\\/wp-content\\\/uploads\\\/2024\\\/09\\\/WhatsApp-Image-2024-09-05-at-13.45.57-scaled.jpeg\",\"datePublished\":\"2024-09-05T12:02:49+00:00\",\"breadcrumb\":{\"@id\":\"https:\\\/\\\/iraurgiberritzen.eus\\\/es\\\/planes-de-personas-en-las-empresas-nuevo-proyecto-de-colaboracion-en-marcha\\\/#breadcrumb\"},\"inLanguage\":\"es\",\"potentialAction\":[{\"@type\":\"ReadAction\",\"target\":[\"https:\\\/\\\/iraurgiberritzen.eus\\\/es\\\/planes-de-personas-en-las-empresas-nuevo-proyecto-de-colaboracion-en-marcha\\\/\"]}]},{\"@type\":\"ImageObject\",\"inLanguage\":\"es\",\"@id\":\"https:\\\/\\\/iraurgiberritzen.eus\\\/es\\\/planes-de-personas-en-las-empresas-nuevo-proyecto-de-colaboracion-en-marcha\\\/#primaryimage\",\"url\":\"https:\\\/\\\/iraurgiberritzen.eus\\\/wp-content\\\/uploads\\\/2024\\\/09\\\/WhatsApp-Image-2024-09-05-at-13.45.57-scaled.jpeg\",\"contentUrl\":\"https:\\\/\\\/iraurgiberritzen.eus\\\/wp-content\\\/uploads\\\/2024\\\/09\\\/WhatsApp-Image-2024-09-05-at-13.45.57-scaled.jpeg\",\"width\":2560,\"height\":1920},{\"@type\":\"BreadcrumbList\",\"@id\":\"https:\\\/\\\/iraurgiberritzen.eus\\\/es\\\/planes-de-personas-en-las-empresas-nuevo-proyecto-de-colaboracion-en-marcha\\\/#breadcrumb\",\"itemListElement\":[{\"@type\":\"ListItem\",\"position\":1,\"name\":\"Home\",\"item\":\"https:\\\/\\\/iraurgiberritzen.eus\\\/es\\\/\"},{\"@type\":\"ListItem\",\"position\":2,\"name\":\"Planes de personas en las empresas: nuevo proyecto de colaboraci\u00f3n en marcha\"}]},{\"@type\":\"WebSite\",\"@id\":\"https:\\\/\\\/iraurgiberritzen.eus\\\/es\\\/#website\",\"url\":\"https:\\\/\\\/iraurgiberritzen.eus\\\/es\\\/\",\"name\":\"Iraurgi Berritzen\",\"description\":\"Urola Erdiko Garapen Agentzia\",\"publisher\":{\"@id\":\"https:\\\/\\\/iraurgiberritzen.eus\\\/es\\\/#organization\"},\"potentialAction\":[{\"@type\":\"SearchAction\",\"target\":{\"@type\":\"EntryPoint\",\"urlTemplate\":\"https:\\\/\\\/iraurgiberritzen.eus\\\/es\\\/?s={search_term_string}\"},\"query-input\":{\"@type\":\"PropertyValueSpecification\",\"valueRequired\":true,\"valueName\":\"search_term_string\"}}],\"inLanguage\":\"es\"},{\"@type\":\"Organization\",\"@id\":\"https:\\\/\\\/iraurgiberritzen.eus\\\/es\\\/#organization\",\"name\":\"Iraurgi Berritzen\",\"url\":\"https:\\\/\\\/iraurgiberritzen.eus\\\/es\\\/\",\"logo\":{\"@type\":\"ImageObject\",\"inLanguage\":\"es\",\"@id\":\"https:\\\/\\\/iraurgiberritzen.eus\\\/es\\\/#\\\/schema\\\/logo\\\/image\\\/\",\"url\":\"https:\\\/\\\/iraurgiberritzen.eus\\\/wp-content\\\/uploads\\\/2024\\\/02\\\/IRAURGI-BERRITZEN-logotipoa_2.png\",\"contentUrl\":\"https:\\\/\\\/iraurgiberritzen.eus\\\/wp-content\\\/uploads\\\/2024\\\/02\\\/IRAURGI-BERRITZEN-logotipoa_2.png\",\"width\":496,\"height\":190,\"caption\":\"Iraurgi Berritzen\"},\"image\":{\"@id\":\"https:\\\/\\\/iraurgiberritzen.eus\\\/es\\\/#\\\/schema\\\/logo\\\/image\\\/\"}},{\"@type\":\"Person\",\"@id\":\"https:\\\/\\\/iraurgiberritzen.eus\\\/es\\\/#\\\/schema\\\/person\\\/a32c9825b3e2bfcbe757a97f6a15c8a5\",\"name\":\"ainara\"}]}<\/script>\n<!-- \/ Yoast SEO plugin. -->","yoast_head_json":{"title":"Planes de personas en las empresas: nuevo proyecto de colaboraci\u00f3n en marcha - Iraurgi Berritzen","robots":{"index":"index","follow":"follow","max-snippet":"max-snippet:-1","max-image-preview":"max-image-preview:large","max-video-preview":"max-video-preview:-1"},"canonical":"https:\/\/iraurgiberritzen.eus\/es\/planes-de-personas-en-las-empresas-nuevo-proyecto-de-colaboracion-en-marcha\/","og_locale":"es_ES","og_type":"article","og_title":"Planes de personas en las empresas: nuevo proyecto de colaboraci\u00f3n en marcha - Iraurgi Berritzen","og_description":"Hoy, 5 de setiembre, Iraurgi Berritzen ha iniciado un nuevo proyecto colaborativo en el \u00e1mbito del Desarrollo de Personas entre un grupo de empresas industriales de la comarca. El proyecto responde a un diagn\u00f3stico com\u00fan de prioridades identificado por IB, en el que las empresas est\u00e1n interesadas en implantar y mejorar planes de desarrollo de [&hellip;]","og_url":"https:\/\/iraurgiberritzen.eus\/es\/planes-de-personas-en-las-empresas-nuevo-proyecto-de-colaboracion-en-marcha\/","og_site_name":"Iraurgi Berritzen","article_published_time":"2024-09-05T12:02:49+00:00","author":"ainara","twitter_card":"summary_large_image","twitter_misc":{"Escrito por":"ainara","Tiempo de lectura":"2 minutos"},"schema":{"@context":"https:\/\/schema.org","@graph":[{"@type":"Article","@id":"https:\/\/iraurgiberritzen.eus\/es\/planes-de-personas-en-las-empresas-nuevo-proyecto-de-colaboracion-en-marcha\/#article","isPartOf":{"@id":"https:\/\/iraurgiberritzen.eus\/es\/planes-de-personas-en-las-empresas-nuevo-proyecto-de-colaboracion-en-marcha\/"},"author":{"name":"ainara","@id":"https:\/\/iraurgiberritzen.eus\/es\/#\/schema\/person\/a32c9825b3e2bfcbe757a97f6a15c8a5"},"headline":"Planes de personas en las empresas: nuevo proyecto de colaboraci\u00f3n en marcha","datePublished":"2024-09-05T12:02:49+00:00","mainEntityOfPage":{"@id":"https:\/\/iraurgiberritzen.eus\/es\/planes-de-personas-en-las-empresas-nuevo-proyecto-de-colaboracion-en-marcha\/"},"wordCount":270,"publisher":{"@id":"https:\/\/iraurgiberritzen.eus\/es\/#organization"},"image":{"@id":"https:\/\/iraurgiberritzen.eus\/es\/planes-de-personas-en-las-empresas-nuevo-proyecto-de-colaboracion-en-marcha\/#primaryimage"},"thumbnailUrl":"https:\/\/iraurgiberritzen.eus\/wp-content\/uploads\/2024\/09\/WhatsApp-Image-2024-09-05-at-13.45.57-scaled.jpeg","articleSection":["Noticias"],"inLanguage":"es"},{"@type":"WebPage","@id":"https:\/\/iraurgiberritzen.eus\/es\/planes-de-personas-en-las-empresas-nuevo-proyecto-de-colaboracion-en-marcha\/","url":"https:\/\/iraurgiberritzen.eus\/es\/planes-de-personas-en-las-empresas-nuevo-proyecto-de-colaboracion-en-marcha\/","name":"Planes de personas en las empresas: nuevo proyecto de colaboraci\u00f3n en marcha - Iraurgi Berritzen","isPartOf":{"@id":"https:\/\/iraurgiberritzen.eus\/es\/#website"},"primaryImageOfPage":{"@id":"https:\/\/iraurgiberritzen.eus\/es\/planes-de-personas-en-las-empresas-nuevo-proyecto-de-colaboracion-en-marcha\/#primaryimage"},"image":{"@id":"https:\/\/iraurgiberritzen.eus\/es\/planes-de-personas-en-las-empresas-nuevo-proyecto-de-colaboracion-en-marcha\/#primaryimage"},"thumbnailUrl":"https:\/\/iraurgiberritzen.eus\/wp-content\/uploads\/2024\/09\/WhatsApp-Image-2024-09-05-at-13.45.57-scaled.jpeg","datePublished":"2024-09-05T12:02:49+00:00","breadcrumb":{"@id":"https:\/\/iraurgiberritzen.eus\/es\/planes-de-personas-en-las-empresas-nuevo-proyecto-de-colaboracion-en-marcha\/#breadcrumb"},"inLanguage":"es","potentialAction":[{"@type":"ReadAction","target":["https:\/\/iraurgiberritzen.eus\/es\/planes-de-personas-en-las-empresas-nuevo-proyecto-de-colaboracion-en-marcha\/"]}]},{"@type":"ImageObject","inLanguage":"es","@id":"https:\/\/iraurgiberritzen.eus\/es\/planes-de-personas-en-las-empresas-nuevo-proyecto-de-colaboracion-en-marcha\/#primaryimage","url":"https:\/\/iraurgiberritzen.eus\/wp-content\/uploads\/2024\/09\/WhatsApp-Image-2024-09-05-at-13.45.57-scaled.jpeg","contentUrl":"https:\/\/iraurgiberritzen.eus\/wp-content\/uploads\/2024\/09\/WhatsApp-Image-2024-09-05-at-13.45.57-scaled.jpeg","width":2560,"height":1920},{"@type":"BreadcrumbList","@id":"https:\/\/iraurgiberritzen.eus\/es\/planes-de-personas-en-las-empresas-nuevo-proyecto-de-colaboracion-en-marcha\/#breadcrumb","itemListElement":[{"@type":"ListItem","position":1,"name":"Home","item":"https:\/\/iraurgiberritzen.eus\/es\/"},{"@type":"ListItem","position":2,"name":"Planes de personas en las empresas: nuevo proyecto de colaboraci\u00f3n en marcha"}]},{"@type":"WebSite","@id":"https:\/\/iraurgiberritzen.eus\/es\/#website","url":"https:\/\/iraurgiberritzen.eus\/es\/","name":"Iraurgi Berritzen","description":"Urola Erdiko Garapen Agentzia","publisher":{"@id":"https:\/\/iraurgiberritzen.eus\/es\/#organization"},"potentialAction":[{"@type":"SearchAction","target":{"@type":"EntryPoint","urlTemplate":"https:\/\/iraurgiberritzen.eus\/es\/?s={search_term_string}"},"query-input":{"@type":"PropertyValueSpecification","valueRequired":true,"valueName":"search_term_string"}}],"inLanguage":"es"},{"@type":"Organization","@id":"https:\/\/iraurgiberritzen.eus\/es\/#organization","name":"Iraurgi Berritzen","url":"https:\/\/iraurgiberritzen.eus\/es\/","logo":{"@type":"ImageObject","inLanguage":"es","@id":"https:\/\/iraurgiberritzen.eus\/es\/#\/schema\/logo\/image\/","url":"https:\/\/iraurgiberritzen.eus\/wp-content\/uploads\/2024\/02\/IRAURGI-BERRITZEN-logotipoa_2.png","contentUrl":"https:\/\/iraurgiberritzen.eus\/wp-content\/uploads\/2024\/02\/IRAURGI-BERRITZEN-logotipoa_2.png","width":496,"height":190,"caption":"Iraurgi Berritzen"},"image":{"@id":"https:\/\/iraurgiberritzen.eus\/es\/#\/schema\/logo\/image\/"}},{"@type":"Person","@id":"https:\/\/iraurgiberritzen.eus\/es\/#\/schema\/person\/a32c9825b3e2bfcbe757a97f6a15c8a5","name":"ainara"}]}},"_links":{"self":[{"href":"https:\/\/iraurgiberritzen.eus\/es\/wp-json\/wp\/v2\/posts\/21305","targetHints":{"allow":["GET"]}}],"collection":[{"href":"https:\/\/iraurgiberritzen.eus\/es\/wp-json\/wp\/v2\/posts"}],"about":[{"href":"https:\/\/iraurgiberritzen.eus\/es\/wp-json\/wp\/v2\/types\/post"}],"author":[{"embeddable":true,"href":"https:\/\/iraurgiberritzen.eus\/es\/wp-json\/wp\/v2\/users\/4"}],"replies":[{"embeddable":true,"href":"https:\/\/iraurgiberritzen.eus\/es\/wp-json\/wp\/v2\/comments?post=21305"}],"version-history":[{"count":1,"href":"https:\/\/iraurgiberritzen.eus\/es\/wp-json\/wp\/v2\/posts\/21305\/revisions"}],"predecessor-version":[{"id":21306,"href":"https:\/\/iraurgiberritzen.eus\/es\/wp-json\/wp\/v2\/posts\/21305\/revisions\/21306"}],"wp:featuredmedia":[{"embeddable":true,"href":"https:\/\/iraurgiberritzen.eus\/es\/wp-json\/wp\/v2\/media\/21299"}],"wp:attachment":[{"href":"https:\/\/iraurgiberritzen.eus\/es\/wp-json\/wp\/v2\/media?parent=21305"}],"wp:term":[{"taxonomy":"category","embeddable":true,"href":"https:\/\/iraurgiberritzen.eus\/es\/wp-json\/wp\/v2\/categories?post=21305"},{"taxonomy":"post_tag","embeddable":true,"href":"https:\/\/iraurgiberritzen.eus\/es\/wp-json\/wp\/v2\/tags?post=21305"}],"curies":[{"name":"wp","href":"https:\/\/api.w.org\/{rel}","templated":true}]}}