{"id":21355,"date":"2024-09-12T13:32:30","date_gmt":"2024-09-12T11:32:30","guid":{"rendered":"https:\/\/iraurgiberritzen.eus\/?p=21355"},"modified":"2024-09-12T13:37:30","modified_gmt":"2024-09-12T11:37:30","slug":"empresas-de-la-comarca-conocen-el-marco-legal-de-medio-ambiente","status":"publish","type":"post","link":"https:\/\/iraurgiberritzen.eus\/es\/empresas-de-la-comarca-conocen-el-marco-legal-de-medio-ambiente\/","title":{"rendered":"Empresas de la comarca conocen el marco legal de medio ambiente"},"content":{"rendered":"<h5>Hoy se ha celebrado en formato on line, de 09:00 a 11:00 horas, la quinta jornada de este a\u00f1o dirigida a las empresas industriales de la comarca bajo el lema \u00abMarco legal ambiental\u00bb.<\/h5>\n<p>En \u00e9l han participado representantes de diferentes empresas industriales de la comarca, as\u00ed como de diferentes instituciones p\u00fablicas. En este webinar han podido conocer el marco legal ambiental y las principales obligaciones legales exigibles a las actividades industriales en funci\u00f3n de sus caracter\u00edsticas.<\/p>\n<p>Adem\u00e1s, los participantes han podido informarse sobre la legislaci\u00f3n en vigor de residuos, envases y residuos, contaminaci\u00f3n atmosf\u00e9rica o emisiones, entre otros, as\u00ed como aclarar sus dudas.<\/p>\n<p>Dentro del programa Ikasiz 2024, el \u00faltimo webinar dirigido a empresas industriales de la comarca se celebrar\u00e1 el 10 de octubre en torno a la \u00abExtranjer\u00eda\u00bb. Las empresas interesadas en participar deber\u00e1n inscribirse a trav\u00e9s del siguiente <strong><a href=\"https:\/\/forms.office.com\/Pages\/ResponsePage.aspx?id=S5DeT3Jq90W0WLjBrBndp1jySGu9zxtIpCkBAthDUWpUQ1pPQUI5V1EyVUpZN00yODNHSkgxUVc3SSQlQCN0PWcu\" target=\"_blank\" rel=\"noopener\">formulario<\/a><\/strong>.<\/p>\n<p>Se trata de una de las jornadas basadas en la propuesta de Enpresa Gunea de Iraurgi Berritzen para trabajar temas de legales y que cuenta con el patrocinio de la Diputaci\u00f3n Foral de Gipuzkoa.<\/p>\n","protected":false},"excerpt":{"rendered":"<p>Hoy se ha celebrado en formato on line, de 09:00 a 11:00 horas, la quinta jornada de este a\u00f1o dirigida a las empresas industriales de la comarca bajo el lema \u00abMarco legal ambiental\u00bb. En \u00e9l han participado representantes de diferentes empresas industriales de la comarca, as\u00ed como de diferentes instituciones p\u00fablicas. En este webinar han [&hellip;]<\/p>\n","protected":false},"author":4,"featured_media":21353,"comment_status":"closed","ping_status":"closed","sticky":false,"template":"","format":"standard","meta":{"_acf_changed":false,"footnotes":""},"categories":[4],"tags":[],"class_list":["post-21355","post","type-post","status-publish","format-standard","has-post-thumbnail","hentry","category-noticias","arloak-enpresa"],"acf":[],"yoast_head":"<!-- This site is optimized with the Yoast SEO plugin v27.4 - https:\/\/yoast.com\/product\/yoast-seo-wordpress\/ -->\n<title>Empresas de la comarca conocen el marco legal de medio ambiente - Iraurgi Berritzen<\/title>\n<meta name=\"robots\" content=\"index, follow, max-snippet:-1, max-image-preview:large, max-video-preview:-1\" \/>\n<link rel=\"canonical\" href=\"https:\/\/iraurgiberritzen.eus\/es\/empresas-de-la-comarca-conocen-el-marco-legal-de-medio-ambiente\/\" \/>\n<meta property=\"og:locale\" content=\"es_ES\" \/>\n<meta property=\"og:type\" content=\"article\" \/>\n<meta property=\"og:title\" content=\"Empresas de la comarca conocen el marco legal de medio ambiente - Iraurgi Berritzen\" \/>\n<meta property=\"og:description\" content=\"Hoy se ha celebrado en formato on line, de 09:00 a 11:00 horas, la quinta jornada de este a\u00f1o dirigida a las empresas industriales de la comarca bajo el lema \u00abMarco legal ambiental\u00bb. En \u00e9l han participado representantes de diferentes empresas industriales de la comarca, as\u00ed como de diferentes instituciones p\u00fablicas. En este webinar han [&hellip;]\" \/>\n<meta property=\"og:url\" content=\"https:\/\/iraurgiberritzen.eus\/es\/empresas-de-la-comarca-conocen-el-marco-legal-de-medio-ambiente\/\" \/>\n<meta property=\"og:site_name\" content=\"Iraurgi Berritzen\" \/>\n<meta property=\"article:published_time\" content=\"2024-09-12T11:32:30+00:00\" \/>\n<meta property=\"article:modified_time\" content=\"2024-09-12T11:37:30+00:00\" \/>\n<meta property=\"og:image\" content=\"https:\/\/iraurgiberritzen.eus\/wp-content\/uploads\/2024\/09\/Captura-de-pantalla-2024-09-12-a-las-9.19.34.png\" \/>\n\t<meta property=\"og:image:width\" content=\"2558\" \/>\n\t<meta property=\"og:image:height\" content=\"1279\" \/>\n\t<meta property=\"og:image:type\" content=\"image\/png\" \/>\n<meta name=\"author\" content=\"ainara\" \/>\n<meta name=\"twitter:card\" content=\"summary_large_image\" \/>\n<meta name=\"twitter:label1\" content=\"Escrito por\" \/>\n\t<meta name=\"twitter:data1\" content=\"ainara\" \/>\n\t<meta name=\"twitter:label2\" content=\"Tiempo de lectura\" \/>\n\t<meta name=\"twitter:data2\" content=\"2 minutos\" \/>\n<script type=\"application\/ld+json\" class=\"yoast-schema-graph\">{\"@context\":\"https:\\\/\\\/schema.org\",\"@graph\":[{\"@type\":\"Article\",\"@id\":\"https:\\\/\\\/iraurgiberritzen.eus\\\/es\\\/empresas-de-la-comarca-conocen-el-marco-legal-de-medio-ambiente\\\/#article\",\"isPartOf\":{\"@id\":\"https:\\\/\\\/iraurgiberritzen.eus\\\/es\\\/empresas-de-la-comarca-conocen-el-marco-legal-de-medio-ambiente\\\/\"},\"author\":{\"name\":\"ainara\",\"@id\":\"https:\\\/\\\/iraurgiberritzen.eus\\\/es\\\/#\\\/schema\\\/person\\\/a32c9825b3e2bfcbe757a97f6a15c8a5\"},\"headline\":\"Empresas de la comarca conocen el marco legal de medio ambiente\",\"datePublished\":\"2024-09-12T11:32:30+00:00\",\"dateModified\":\"2024-09-12T11:37:30+00:00\",\"mainEntityOfPage\":{\"@id\":\"https:\\\/\\\/iraurgiberritzen.eus\\\/es\\\/empresas-de-la-comarca-conocen-el-marco-legal-de-medio-ambiente\\\/\"},\"wordCount\":194,\"publisher\":{\"@id\":\"https:\\\/\\\/iraurgiberritzen.eus\\\/es\\\/#organization\"},\"image\":{\"@id\":\"https:\\\/\\\/iraurgiberritzen.eus\\\/es\\\/empresas-de-la-comarca-conocen-el-marco-legal-de-medio-ambiente\\\/#primaryimage\"},\"thumbnailUrl\":\"https:\\\/\\\/iraurgiberritzen.eus\\\/wp-content\\\/uploads\\\/2024\\\/09\\\/Captura-de-pantalla-2024-09-12-a-las-9.19.34.png\",\"articleSection\":[\"Noticias\"],\"inLanguage\":\"es\"},{\"@type\":\"WebPage\",\"@id\":\"https:\\\/\\\/iraurgiberritzen.eus\\\/es\\\/empresas-de-la-comarca-conocen-el-marco-legal-de-medio-ambiente\\\/\",\"url\":\"https:\\\/\\\/iraurgiberritzen.eus\\\/es\\\/empresas-de-la-comarca-conocen-el-marco-legal-de-medio-ambiente\\\/\",\"name\":\"Empresas de la comarca conocen el marco legal de medio ambiente - Iraurgi Berritzen\",\"isPartOf\":{\"@id\":\"https:\\\/\\\/iraurgiberritzen.eus\\\/es\\\/#website\"},\"primaryImageOfPage\":{\"@id\":\"https:\\\/\\\/iraurgiberritzen.eus\\\/es\\\/empresas-de-la-comarca-conocen-el-marco-legal-de-medio-ambiente\\\/#primaryimage\"},\"image\":{\"@id\":\"https:\\\/\\\/iraurgiberritzen.eus\\\/es\\\/empresas-de-la-comarca-conocen-el-marco-legal-de-medio-ambiente\\\/#primaryimage\"},\"thumbnailUrl\":\"https:\\\/\\\/iraurgiberritzen.eus\\\/wp-content\\\/uploads\\\/2024\\\/09\\\/Captura-de-pantalla-2024-09-12-a-las-9.19.34.png\",\"datePublished\":\"2024-09-12T11:32:30+00:00\",\"dateModified\":\"2024-09-12T11:37:30+00:00\",\"breadcrumb\":{\"@id\":\"https:\\\/\\\/iraurgiberritzen.eus\\\/es\\\/empresas-de-la-comarca-conocen-el-marco-legal-de-medio-ambiente\\\/#breadcrumb\"},\"inLanguage\":\"es\",\"potentialAction\":[{\"@type\":\"ReadAction\",\"target\":[\"https:\\\/\\\/iraurgiberritzen.eus\\\/es\\\/empresas-de-la-comarca-conocen-el-marco-legal-de-medio-ambiente\\\/\"]}]},{\"@type\":\"ImageObject\",\"inLanguage\":\"es\",\"@id\":\"https:\\\/\\\/iraurgiberritzen.eus\\\/es\\\/empresas-de-la-comarca-conocen-el-marco-legal-de-medio-ambiente\\\/#primaryimage\",\"url\":\"https:\\\/\\\/iraurgiberritzen.eus\\\/wp-content\\\/uploads\\\/2024\\\/09\\\/Captura-de-pantalla-2024-09-12-a-las-9.19.34.png\",\"contentUrl\":\"https:\\\/\\\/iraurgiberritzen.eus\\\/wp-content\\\/uploads\\\/2024\\\/09\\\/Captura-de-pantalla-2024-09-12-a-las-9.19.34.png\",\"width\":2558,\"height\":1279},{\"@type\":\"BreadcrumbList\",\"@id\":\"https:\\\/\\\/iraurgiberritzen.eus\\\/es\\\/empresas-de-la-comarca-conocen-el-marco-legal-de-medio-ambiente\\\/#breadcrumb\",\"itemListElement\":[{\"@type\":\"ListItem\",\"position\":1,\"name\":\"Home\",\"item\":\"https:\\\/\\\/iraurgiberritzen.eus\\\/es\\\/\"},{\"@type\":\"ListItem\",\"position\":2,\"name\":\"Empresas de la comarca conocen el marco legal de medio ambiente\"}]},{\"@type\":\"WebSite\",\"@id\":\"https:\\\/\\\/iraurgiberritzen.eus\\\/es\\\/#website\",\"url\":\"https:\\\/\\\/iraurgiberritzen.eus\\\/es\\\/\",\"name\":\"Iraurgi Berritzen\",\"description\":\"Urola Erdiko Garapen Agentzia\",\"publisher\":{\"@id\":\"https:\\\/\\\/iraurgiberritzen.eus\\\/es\\\/#organization\"},\"potentialAction\":[{\"@type\":\"SearchAction\",\"target\":{\"@type\":\"EntryPoint\",\"urlTemplate\":\"https:\\\/\\\/iraurgiberritzen.eus\\\/es\\\/?s={search_term_string}\"},\"query-input\":{\"@type\":\"PropertyValueSpecification\",\"valueRequired\":true,\"valueName\":\"search_term_string\"}}],\"inLanguage\":\"es\"},{\"@type\":\"Organization\",\"@id\":\"https:\\\/\\\/iraurgiberritzen.eus\\\/es\\\/#organization\",\"name\":\"Iraurgi Berritzen\",\"url\":\"https:\\\/\\\/iraurgiberritzen.eus\\\/es\\\/\",\"logo\":{\"@type\":\"ImageObject\",\"inLanguage\":\"es\",\"@id\":\"https:\\\/\\\/iraurgiberritzen.eus\\\/es\\\/#\\\/schema\\\/logo\\\/image\\\/\",\"url\":\"https:\\\/\\\/iraurgiberritzen.eus\\\/wp-content\\\/uploads\\\/2024\\\/02\\\/IRAURGI-BERRITZEN-logotipoa_2.png\",\"contentUrl\":\"https:\\\/\\\/iraurgiberritzen.eus\\\/wp-content\\\/uploads\\\/2024\\\/02\\\/IRAURGI-BERRITZEN-logotipoa_2.png\",\"width\":496,\"height\":190,\"caption\":\"Iraurgi Berritzen\"},\"image\":{\"@id\":\"https:\\\/\\\/iraurgiberritzen.eus\\\/es\\\/#\\\/schema\\\/logo\\\/image\\\/\"}},{\"@type\":\"Person\",\"@id\":\"https:\\\/\\\/iraurgiberritzen.eus\\\/es\\\/#\\\/schema\\\/person\\\/a32c9825b3e2bfcbe757a97f6a15c8a5\",\"name\":\"ainara\"}]}<\/script>\n<!-- \/ Yoast SEO plugin. -->","yoast_head_json":{"title":"Empresas de la comarca conocen el marco legal de medio ambiente - Iraurgi Berritzen","robots":{"index":"index","follow":"follow","max-snippet":"max-snippet:-1","max-image-preview":"max-image-preview:large","max-video-preview":"max-video-preview:-1"},"canonical":"https:\/\/iraurgiberritzen.eus\/es\/empresas-de-la-comarca-conocen-el-marco-legal-de-medio-ambiente\/","og_locale":"es_ES","og_type":"article","og_title":"Empresas de la comarca conocen el marco legal de medio ambiente - Iraurgi Berritzen","og_description":"Hoy se ha celebrado en formato on line, de 09:00 a 11:00 horas, la quinta jornada de este a\u00f1o dirigida a las empresas industriales de la comarca bajo el lema \u00abMarco legal ambiental\u00bb. En \u00e9l han participado representantes de diferentes empresas industriales de la comarca, as\u00ed como de diferentes instituciones p\u00fablicas. En este webinar han [&hellip;]","og_url":"https:\/\/iraurgiberritzen.eus\/es\/empresas-de-la-comarca-conocen-el-marco-legal-de-medio-ambiente\/","og_site_name":"Iraurgi Berritzen","article_published_time":"2024-09-12T11:32:30+00:00","article_modified_time":"2024-09-12T11:37:30+00:00","og_image":[{"width":2558,"height":1279,"url":"https:\/\/iraurgiberritzen.eus\/wp-content\/uploads\/2024\/09\/Captura-de-pantalla-2024-09-12-a-las-9.19.34.png","type":"image\/png"}],"author":"ainara","twitter_card":"summary_large_image","twitter_misc":{"Escrito por":"ainara","Tiempo de lectura":"2 minutos"},"schema":{"@context":"https:\/\/schema.org","@graph":[{"@type":"Article","@id":"https:\/\/iraurgiberritzen.eus\/es\/empresas-de-la-comarca-conocen-el-marco-legal-de-medio-ambiente\/#article","isPartOf":{"@id":"https:\/\/iraurgiberritzen.eus\/es\/empresas-de-la-comarca-conocen-el-marco-legal-de-medio-ambiente\/"},"author":{"name":"ainara","@id":"https:\/\/iraurgiberritzen.eus\/es\/#\/schema\/person\/a32c9825b3e2bfcbe757a97f6a15c8a5"},"headline":"Empresas de la comarca conocen el marco legal de medio ambiente","datePublished":"2024-09-12T11:32:30+00:00","dateModified":"2024-09-12T11:37:30+00:00","mainEntityOfPage":{"@id":"https:\/\/iraurgiberritzen.eus\/es\/empresas-de-la-comarca-conocen-el-marco-legal-de-medio-ambiente\/"},"wordCount":194,"publisher":{"@id":"https:\/\/iraurgiberritzen.eus\/es\/#organization"},"image":{"@id":"https:\/\/iraurgiberritzen.eus\/es\/empresas-de-la-comarca-conocen-el-marco-legal-de-medio-ambiente\/#primaryimage"},"thumbnailUrl":"https:\/\/iraurgiberritzen.eus\/wp-content\/uploads\/2024\/09\/Captura-de-pantalla-2024-09-12-a-las-9.19.34.png","articleSection":["Noticias"],"inLanguage":"es"},{"@type":"WebPage","@id":"https:\/\/iraurgiberritzen.eus\/es\/empresas-de-la-comarca-conocen-el-marco-legal-de-medio-ambiente\/","url":"https:\/\/iraurgiberritzen.eus\/es\/empresas-de-la-comarca-conocen-el-marco-legal-de-medio-ambiente\/","name":"Empresas de la comarca conocen el marco legal de medio ambiente - Iraurgi Berritzen","isPartOf":{"@id":"https:\/\/iraurgiberritzen.eus\/es\/#website"},"primaryImageOfPage":{"@id":"https:\/\/iraurgiberritzen.eus\/es\/empresas-de-la-comarca-conocen-el-marco-legal-de-medio-ambiente\/#primaryimage"},"image":{"@id":"https:\/\/iraurgiberritzen.eus\/es\/empresas-de-la-comarca-conocen-el-marco-legal-de-medio-ambiente\/#primaryimage"},"thumbnailUrl":"https:\/\/iraurgiberritzen.eus\/wp-content\/uploads\/2024\/09\/Captura-de-pantalla-2024-09-12-a-las-9.19.34.png","datePublished":"2024-09-12T11:32:30+00:00","dateModified":"2024-09-12T11:37:30+00:00","breadcrumb":{"@id":"https:\/\/iraurgiberritzen.eus\/es\/empresas-de-la-comarca-conocen-el-marco-legal-de-medio-ambiente\/#breadcrumb"},"inLanguage":"es","potentialAction":[{"@type":"ReadAction","target":["https:\/\/iraurgiberritzen.eus\/es\/empresas-de-la-comarca-conocen-el-marco-legal-de-medio-ambiente\/"]}]},{"@type":"ImageObject","inLanguage":"es","@id":"https:\/\/iraurgiberritzen.eus\/es\/empresas-de-la-comarca-conocen-el-marco-legal-de-medio-ambiente\/#primaryimage","url":"https:\/\/iraurgiberritzen.eus\/wp-content\/uploads\/2024\/09\/Captura-de-pantalla-2024-09-12-a-las-9.19.34.png","contentUrl":"https:\/\/iraurgiberritzen.eus\/wp-content\/uploads\/2024\/09\/Captura-de-pantalla-2024-09-12-a-las-9.19.34.png","width":2558,"height":1279},{"@type":"BreadcrumbList","@id":"https:\/\/iraurgiberritzen.eus\/es\/empresas-de-la-comarca-conocen-el-marco-legal-de-medio-ambiente\/#breadcrumb","itemListElement":[{"@type":"ListItem","position":1,"name":"Home","item":"https:\/\/iraurgiberritzen.eus\/es\/"},{"@type":"ListItem","position":2,"name":"Empresas de la comarca conocen el marco legal de medio ambiente"}]},{"@type":"WebSite","@id":"https:\/\/iraurgiberritzen.eus\/es\/#website","url":"https:\/\/iraurgiberritzen.eus\/es\/","name":"Iraurgi Berritzen","description":"Urola Erdiko Garapen Agentzia","publisher":{"@id":"https:\/\/iraurgiberritzen.eus\/es\/#organization"},"potentialAction":[{"@type":"SearchAction","target":{"@type":"EntryPoint","urlTemplate":"https:\/\/iraurgiberritzen.eus\/es\/?s={search_term_string}"},"query-input":{"@type":"PropertyValueSpecification","valueRequired":true,"valueName":"search_term_string"}}],"inLanguage":"es"},{"@type":"Organization","@id":"https:\/\/iraurgiberritzen.eus\/es\/#organization","name":"Iraurgi Berritzen","url":"https:\/\/iraurgiberritzen.eus\/es\/","logo":{"@type":"ImageObject","inLanguage":"es","@id":"https:\/\/iraurgiberritzen.eus\/es\/#\/schema\/logo\/image\/","url":"https:\/\/iraurgiberritzen.eus\/wp-content\/uploads\/2024\/02\/IRAURGI-BERRITZEN-logotipoa_2.png","contentUrl":"https:\/\/iraurgiberritzen.eus\/wp-content\/uploads\/2024\/02\/IRAURGI-BERRITZEN-logotipoa_2.png","width":496,"height":190,"caption":"Iraurgi Berritzen"},"image":{"@id":"https:\/\/iraurgiberritzen.eus\/es\/#\/schema\/logo\/image\/"}},{"@type":"Person","@id":"https:\/\/iraurgiberritzen.eus\/es\/#\/schema\/person\/a32c9825b3e2bfcbe757a97f6a15c8a5","name":"ainara"}]}},"_links":{"self":[{"href":"https:\/\/iraurgiberritzen.eus\/es\/wp-json\/wp\/v2\/posts\/21355","targetHints":{"allow":["GET"]}}],"collection":[{"href":"https:\/\/iraurgiberritzen.eus\/es\/wp-json\/wp\/v2\/posts"}],"about":[{"href":"https:\/\/iraurgiberritzen.eus\/es\/wp-json\/wp\/v2\/types\/post"}],"author":[{"embeddable":true,"href":"https:\/\/iraurgiberritzen.eus\/es\/wp-json\/wp\/v2\/users\/4"}],"replies":[{"embeddable":true,"href":"https:\/\/iraurgiberritzen.eus\/es\/wp-json\/wp\/v2\/comments?post=21355"}],"version-history":[{"count":3,"href":"https:\/\/iraurgiberritzen.eus\/es\/wp-json\/wp\/v2\/posts\/21355\/revisions"}],"predecessor-version":[{"id":21358,"href":"https:\/\/iraurgiberritzen.eus\/es\/wp-json\/wp\/v2\/posts\/21355\/revisions\/21358"}],"wp:featuredmedia":[{"embeddable":true,"href":"https:\/\/iraurgiberritzen.eus\/es\/wp-json\/wp\/v2\/media\/21353"}],"wp:attachment":[{"href":"https:\/\/iraurgiberritzen.eus\/es\/wp-json\/wp\/v2\/media?parent=21355"}],"wp:term":[{"taxonomy":"category","embeddable":true,"href":"https:\/\/iraurgiberritzen.eus\/es\/wp-json\/wp\/v2\/categories?post=21355"},{"taxonomy":"post_tag","embeddable":true,"href":"https:\/\/iraurgiberritzen.eus\/es\/wp-json\/wp\/v2\/tags?post=21355"}],"curies":[{"name":"wp","href":"https:\/\/api.w.org\/{rel}","templated":true}]}}