{"id":21439,"date":"2024-09-27T13:26:26","date_gmt":"2024-09-27T11:26:26","guid":{"rendered":"https:\/\/iraurgiberritzen.eus\/?p=21439"},"modified":"2024-09-30T07:25:16","modified_gmt":"2024-09-30T05:25:16","slug":"agentes-de-urola-medio-colaboran-de-la-mano-de-iraurgi-berritzen-para-impulsar-la-insercion-laboral-y-social-de-las-personas-en-situacion-de-vulnerabilidad","status":"publish","type":"post","link":"https:\/\/iraurgiberritzen.eus\/es\/agentes-de-urola-medio-colaboran-de-la-mano-de-iraurgi-berritzen-para-impulsar-la-insercion-laboral-y-social-de-las-personas-en-situacion-de-vulnerabilidad\/","title":{"rendered":"\ud835\udc00\ud835\udc20\ud835\udc1e\ud835\udc27\ud835\udc2d\ud835\udc1e\ud835\udc2c \ud835\udc1d\ud835\udc1e \ud835\udc14\ud835\udc2b\ud835\udc28\ud835\udc25\ud835\udc1a \ud835\udc0c\ud835\udc1e\ud835\udc1d\ud835\udc22\ud835\udc28 \ud835\udc1c\ud835\udc28\ud835\udc25\ud835\udc1a\ud835\udc1b\ud835\udc28\ud835\udc2b\ud835\udc1a\ud835\udc27 \ud835\udc29\ud835\udc1a\ud835\udc2b\ud835\udc1a \ud835\udc22\ud835\udc26\ud835\udc29\ud835\udc2e\ud835\udc25\ud835\udc2c\ud835\udc1a\ud835\udc2b \ud835\udc25\ud835\udc1a \ud835\udc22\ud835\udc27\ud835\udc2c\ud835\udc1e\ud835\udc2b\ud835\udc1c\ud835\udc22\ud835\udc28\u0301\ud835\udc27 \ud835\udc2c\ud835\udc28\ud835\udc1c\ud835\udc22\ud835\udc28-\ud835\udc25\ud835\udc1a\ud835\udc1b\ud835\udc28\ud835\udc2b\ud835\udc1a\ud835\udc25 \ud835\udc1d\ud835\udc1e \ud835\udc29\ud835\udc1e\ud835\udc2b\ud835\udc2c\ud835\udc28\ud835\udc27\ud835\udc1a\ud835\udc2c \ud835\udc1e\ud835\udc27 \ud835\udc2c\ud835\udc22\ud835\udc2d\ud835\udc2e\ud835\udc1a\ud835\udc1c\ud835\udc22\ud835\udc28\u0301\ud835\udc27 \ud835\udc1d\ud835\udc1e \ud835\udc2f\ud835\udc2e\ud835\udc25\ud835\udc27\ud835\udc1e\ud835\udc2b\ud835\udc1a\ud835\udc1b\ud835\udc22\ud835\udc25\ud835\udc22\ud835\udc1d\ud835\udc1a\ud835\udc1d"},"content":{"rendered":"<p>Hoy 27 de Septiembre, 14 agentes de la Red de Inclusi\u00f3n del Urola Medio se han reunido en el encuentro de UrolanEkin Sarea de la mano de Iraurgi Berritzen. <strong>El objetivo de esta red es ofrecer itinerarios formativos y servicios eficaces para la inserci\u00f3n sociolaboral de personas en situaci\u00f3n de vulnerabilidad en la comarca, promoviendo la colaboraci\u00f3n y la coordinaci\u00f3n.<\/strong> Esta iniciativa cuenta con el apoyo econ\u00f3mico de la Diputaci\u00f3n Foral de Gipuzkoa y se enmarca en la \u00abEstrategia ElkarEkin\u00bb. Los objetivos trabajados en el encuentro han sido:<\/p>\n<ol>\n<li><strong>Activar UrolanEkin Sarea<\/strong>. <strong>Promover el conocimiento y la colaboraci\u00f3n entre los agentes implicados en la inserci\u00f3n laboral y social<\/strong> de las personas en situaci\u00f3n de vulnerabilidad.<\/li>\n<li><strong>Compartir el diagn\u00f3stico del desempleo comarcal y la oferta de servicios de empleo.<\/strong><\/li>\n<li>Compartir la <strong>trayectoria y resultados<\/strong> del proyecto en marcha <strong>ElkarEkin 2022-24<\/strong>. En este sentido, se ha realizado una <strong>valoraci\u00f3n muy positiva<\/strong> del proyecto que finalizar\u00e1 en diciembre. Entre otros, destacan los r<strong>esultados<\/strong> obtenidos gracias a este proyecto:\n<ul>\n<li>5 itinerarios formativos<\/li>\n<li>13 nuevos cursos<\/li>\n<li>131 personas participantes<\/li>\n<li><strong>57 personas ocupadas<\/strong><\/li>\n<li>10 personas regularizan su situaci\u00f3n<\/li>\n<li>28 empresas participantes<\/li>\n<\/ul>\n<\/li>\n<li><strong>Se han analizado las bases de la nueva convocatoria ElkarEkin 2025-26 y se ha valorado<\/strong> con las personas participantes <strong>la propuesta del nuevo proyecto que se prev\u00e9 desarrollar en la comarca<\/strong>.<\/li>\n<\/ol>\n<p>Participantes:<\/p>\n<img loading=\"lazy\" decoding=\"async\" class=\" wp-image-21445 aligncenter\" src=\"https:\/\/iraurgiberritzen.eus\/wp-content\/uploads\/2024\/09\/PORTADA-IB-WEB-800-x-550-px-43-300x206.png\" alt=\"\" width=\"900\" height=\"618\" srcset=\"https:\/\/iraurgiberritzen.eus\/wp-content\/uploads\/2024\/09\/PORTADA-IB-WEB-800-x-550-px-43-300x206.png 300w, https:\/\/iraurgiberritzen.eus\/wp-content\/uploads\/2024\/09\/PORTADA-IB-WEB-800-x-550-px-43-768x528.png 768w, https:\/\/iraurgiberritzen.eus\/wp-content\/uploads\/2024\/09\/PORTADA-IB-WEB-800-x-550-px-43.png 800w\" sizes=\"auto, (max-width: 900px) 100vw, 900px\" \/>\n","protected":false},"excerpt":{"rendered":"<p>Hoy 27 de Septiembre, 14 agentes de la Red de Inclusi\u00f3n del Urola Medio se han reunido en el encuentro de UrolanEkin Sarea de la mano de Iraurgi Berritzen. El objetivo de esta red es ofrecer itinerarios formativos y servicios eficaces para la inserci\u00f3n sociolaboral de personas en situaci\u00f3n de vulnerabilidad en la comarca, promoviendo [&hellip;]<\/p>\n","protected":false},"author":4,"featured_media":21437,"comment_status":"closed","ping_status":"closed","sticky":false,"template":"","format":"standard","meta":{"_acf_changed":false,"footnotes":""},"categories":[4],"tags":[],"class_list":["post-21439","post","type-post","status-publish","format-standard","has-post-thumbnail","hentry","category-noticias","arloak-empleo"],"acf":[],"yoast_head":"<!-- This site is optimized with the Yoast SEO plugin v27.4 - https:\/\/yoast.com\/product\/yoast-seo-wordpress\/ -->\n<title>\ud835\udc00\ud835\udc20\ud835\udc1e\ud835\udc27\ud835\udc2d\ud835\udc1e\ud835\udc2c \ud835\udc1d\ud835\udc1e \ud835\udc14\ud835\udc2b\ud835\udc28\ud835\udc25\ud835\udc1a \ud835\udc0c\ud835\udc1e\ud835\udc1d\ud835\udc22\ud835\udc28 \ud835\udc1c\ud835\udc28\ud835\udc25\ud835\udc1a\ud835\udc1b\ud835\udc28\ud835\udc2b\ud835\udc1a\ud835\udc27 \ud835\udc29\ud835\udc1a\ud835\udc2b\ud835\udc1a \ud835\udc22\ud835\udc26\ud835\udc29\ud835\udc2e\ud835\udc25\ud835\udc2c\ud835\udc1a\ud835\udc2b \ud835\udc25\ud835\udc1a \ud835\udc22\ud835\udc27\ud835\udc2c\ud835\udc1e\ud835\udc2b\ud835\udc1c\ud835\udc22\ud835\udc28\u0301\ud835\udc27 \ud835\udc2c\ud835\udc28\ud835\udc1c\ud835\udc22\ud835\udc28-\ud835\udc25\ud835\udc1a\ud835\udc1b\ud835\udc28\ud835\udc2b\ud835\udc1a\ud835\udc25 \ud835\udc1d\ud835\udc1e \ud835\udc29\ud835\udc1e\ud835\udc2b\ud835\udc2c\ud835\udc28\ud835\udc27\ud835\udc1a\ud835\udc2c \ud835\udc1e\ud835\udc27 \ud835\udc2c\ud835\udc22\ud835\udc2d\ud835\udc2e\ud835\udc1a\ud835\udc1c\ud835\udc22\ud835\udc28\u0301\ud835\udc27 \ud835\udc1d\ud835\udc1e \ud835\udc2f\ud835\udc2e\ud835\udc25\ud835\udc27\ud835\udc1e\ud835\udc2b\ud835\udc1a\ud835\udc1b\ud835\udc22\ud835\udc25\ud835\udc22\ud835\udc1d\ud835\udc1a\ud835\udc1d - Iraurgi Berritzen<\/title>\n<meta name=\"robots\" content=\"index, follow, max-snippet:-1, max-image-preview:large, max-video-preview:-1\" \/>\n<link rel=\"canonical\" href=\"https:\/\/iraurgiberritzen.eus\/es\/agentes-de-urola-medio-colaboran-de-la-mano-de-iraurgi-berritzen-para-impulsar-la-insercion-laboral-y-social-de-las-personas-en-situacion-de-vulnerabilidad\/\" \/>\n<meta property=\"og:locale\" content=\"es_ES\" \/>\n<meta property=\"og:type\" content=\"article\" \/>\n<meta property=\"og:title\" content=\"\ud835\udc00\ud835\udc20\ud835\udc1e\ud835\udc27\ud835\udc2d\ud835\udc1e\ud835\udc2c \ud835\udc1d\ud835\udc1e \ud835\udc14\ud835\udc2b\ud835\udc28\ud835\udc25\ud835\udc1a \ud835\udc0c\ud835\udc1e\ud835\udc1d\ud835\udc22\ud835\udc28 \ud835\udc1c\ud835\udc28\ud835\udc25\ud835\udc1a\ud835\udc1b\ud835\udc28\ud835\udc2b\ud835\udc1a\ud835\udc27 \ud835\udc29\ud835\udc1a\ud835\udc2b\ud835\udc1a \ud835\udc22\ud835\udc26\ud835\udc29\ud835\udc2e\ud835\udc25\ud835\udc2c\ud835\udc1a\ud835\udc2b \ud835\udc25\ud835\udc1a \ud835\udc22\ud835\udc27\ud835\udc2c\ud835\udc1e\ud835\udc2b\ud835\udc1c\ud835\udc22\ud835\udc28\u0301\ud835\udc27 \ud835\udc2c\ud835\udc28\ud835\udc1c\ud835\udc22\ud835\udc28-\ud835\udc25\ud835\udc1a\ud835\udc1b\ud835\udc28\ud835\udc2b\ud835\udc1a\ud835\udc25 \ud835\udc1d\ud835\udc1e \ud835\udc29\ud835\udc1e\ud835\udc2b\ud835\udc2c\ud835\udc28\ud835\udc27\ud835\udc1a\ud835\udc2c \ud835\udc1e\ud835\udc27 \ud835\udc2c\ud835\udc22\ud835\udc2d\ud835\udc2e\ud835\udc1a\ud835\udc1c\ud835\udc22\ud835\udc28\u0301\ud835\udc27 \ud835\udc1d\ud835\udc1e \ud835\udc2f\ud835\udc2e\ud835\udc25\ud835\udc27\ud835\udc1e\ud835\udc2b\ud835\udc1a\ud835\udc1b\ud835\udc22\ud835\udc25\ud835\udc22\ud835\udc1d\ud835\udc1a\ud835\udc1d - Iraurgi Berritzen\" \/>\n<meta property=\"og:description\" content=\"Hoy 27 de Septiembre, 14 agentes de la Red de Inclusi\u00f3n del Urola Medio se han reunido en el encuentro de UrolanEkin Sarea de la mano de Iraurgi Berritzen. El objetivo de esta red es ofrecer itinerarios formativos y servicios eficaces para la inserci\u00f3n sociolaboral de personas en situaci\u00f3n de vulnerabilidad en la comarca, promoviendo [&hellip;]\" \/>\n<meta property=\"og:url\" content=\"https:\/\/iraurgiberritzen.eus\/es\/agentes-de-urola-medio-colaboran-de-la-mano-de-iraurgi-berritzen-para-impulsar-la-insercion-laboral-y-social-de-las-personas-en-situacion-de-vulnerabilidad\/\" \/>\n<meta property=\"og:site_name\" content=\"Iraurgi Berritzen\" \/>\n<meta property=\"article:published_time\" content=\"2024-09-27T11:26:26+00:00\" \/>\n<meta property=\"article:modified_time\" content=\"2024-09-30T05:25:16+00:00\" \/>\n<meta property=\"og:image\" content=\"https:\/\/iraurgiberritzen.eus\/wp-content\/uploads\/2024\/09\/1-4.png\" \/>\n\t<meta property=\"og:image:width\" content=\"2500\" \/>\n\t<meta property=\"og:image:height\" content=\"1719\" \/>\n\t<meta property=\"og:image:type\" content=\"image\/png\" \/>\n<meta name=\"author\" content=\"ainara\" \/>\n<meta name=\"twitter:card\" content=\"summary_large_image\" \/>\n<meta name=\"twitter:label1\" content=\"Escrito por\" \/>\n\t<meta name=\"twitter:data1\" content=\"ainara\" \/>\n\t<meta name=\"twitter:label2\" content=\"Tiempo de lectura\" \/>\n\t<meta name=\"twitter:data2\" content=\"2 minutos\" \/>\n<script type=\"application\/ld+json\" class=\"yoast-schema-graph\">{\"@context\":\"https:\\\/\\\/schema.org\",\"@graph\":[{\"@type\":\"Article\",\"@id\":\"https:\\\/\\\/iraurgiberritzen.eus\\\/es\\\/agentes-de-urola-medio-colaboran-de-la-mano-de-iraurgi-berritzen-para-impulsar-la-insercion-laboral-y-social-de-las-personas-en-situacion-de-vulnerabilidad\\\/#article\",\"isPartOf\":{\"@id\":\"https:\\\/\\\/iraurgiberritzen.eus\\\/es\\\/agentes-de-urola-medio-colaboran-de-la-mano-de-iraurgi-berritzen-para-impulsar-la-insercion-laboral-y-social-de-las-personas-en-situacion-de-vulnerabilidad\\\/\"},\"author\":{\"name\":\"ainara\",\"@id\":\"https:\\\/\\\/iraurgiberritzen.eus\\\/es\\\/#\\\/schema\\\/person\\\/a32c9825b3e2bfcbe757a97f6a15c8a5\"},\"headline\":\"\ud835\udc00\ud835\udc20\ud835\udc1e\ud835\udc27\ud835\udc2d\ud835\udc1e\ud835\udc2c \ud835\udc1d\ud835\udc1e \ud835\udc14\ud835\udc2b\ud835\udc28\ud835\udc25\ud835\udc1a \ud835\udc0c\ud835\udc1e\ud835\udc1d\ud835\udc22\ud835\udc28 \ud835\udc1c\ud835\udc28\ud835\udc25\ud835\udc1a\ud835\udc1b\ud835\udc28\ud835\udc2b\ud835\udc1a\ud835\udc27 \ud835\udc29\ud835\udc1a\ud835\udc2b\ud835\udc1a \ud835\udc22\ud835\udc26\ud835\udc29\ud835\udc2e\ud835\udc25\ud835\udc2c\ud835\udc1a\ud835\udc2b \ud835\udc25\ud835\udc1a \ud835\udc22\ud835\udc27\ud835\udc2c\ud835\udc1e\ud835\udc2b\ud835\udc1c\ud835\udc22\ud835\udc28\u0301\ud835\udc27 \ud835\udc2c\ud835\udc28\ud835\udc1c\ud835\udc22\ud835\udc28-\ud835\udc25\ud835\udc1a\ud835\udc1b\ud835\udc28\ud835\udc2b\ud835\udc1a\ud835\udc25 \ud835\udc1d\ud835\udc1e \ud835\udc29\ud835\udc1e\ud835\udc2b\ud835\udc2c\ud835\udc28\ud835\udc27\ud835\udc1a\ud835\udc2c \ud835\udc1e\ud835\udc27 \ud835\udc2c\ud835\udc22\ud835\udc2d\ud835\udc2e\ud835\udc1a\ud835\udc1c\ud835\udc22\ud835\udc28\u0301\ud835\udc27 \ud835\udc1d\ud835\udc1e \ud835\udc2f\ud835\udc2e\ud835\udc25\ud835\udc27\ud835\udc1e\ud835\udc2b\ud835\udc1a\ud835\udc1b\ud835\udc22\ud835\udc25\ud835\udc22\ud835\udc1d\ud835\udc1a\ud835\udc1d\",\"datePublished\":\"2024-09-27T11:26:26+00:00\",\"dateModified\":\"2024-09-30T05:25:16+00:00\",\"mainEntityOfPage\":{\"@id\":\"https:\\\/\\\/iraurgiberritzen.eus\\\/es\\\/agentes-de-urola-medio-colaboran-de-la-mano-de-iraurgi-berritzen-para-impulsar-la-insercion-laboral-y-social-de-las-personas-en-situacion-de-vulnerabilidad\\\/\"},\"wordCount\":222,\"publisher\":{\"@id\":\"https:\\\/\\\/iraurgiberritzen.eus\\\/es\\\/#organization\"},\"image\":{\"@id\":\"https:\\\/\\\/iraurgiberritzen.eus\\\/es\\\/agentes-de-urola-medio-colaboran-de-la-mano-de-iraurgi-berritzen-para-impulsar-la-insercion-laboral-y-social-de-las-personas-en-situacion-de-vulnerabilidad\\\/#primaryimage\"},\"thumbnailUrl\":\"https:\\\/\\\/iraurgiberritzen.eus\\\/wp-content\\\/uploads\\\/2024\\\/09\\\/1-4.png\",\"articleSection\":[\"Noticias\"],\"inLanguage\":\"es\"},{\"@type\":\"WebPage\",\"@id\":\"https:\\\/\\\/iraurgiberritzen.eus\\\/es\\\/agentes-de-urola-medio-colaboran-de-la-mano-de-iraurgi-berritzen-para-impulsar-la-insercion-laboral-y-social-de-las-personas-en-situacion-de-vulnerabilidad\\\/\",\"url\":\"https:\\\/\\\/iraurgiberritzen.eus\\\/es\\\/agentes-de-urola-medio-colaboran-de-la-mano-de-iraurgi-berritzen-para-impulsar-la-insercion-laboral-y-social-de-las-personas-en-situacion-de-vulnerabilidad\\\/\",\"name\":\"\ud835\udc00\ud835\udc20\ud835\udc1e\ud835\udc27\ud835\udc2d\ud835\udc1e\ud835\udc2c \ud835\udc1d\ud835\udc1e \ud835\udc14\ud835\udc2b\ud835\udc28\ud835\udc25\ud835\udc1a \ud835\udc0c\ud835\udc1e\ud835\udc1d\ud835\udc22\ud835\udc28 \ud835\udc1c\ud835\udc28\ud835\udc25\ud835\udc1a\ud835\udc1b\ud835\udc28\ud835\udc2b\ud835\udc1a\ud835\udc27 \ud835\udc29\ud835\udc1a\ud835\udc2b\ud835\udc1a \ud835\udc22\ud835\udc26\ud835\udc29\ud835\udc2e\ud835\udc25\ud835\udc2c\ud835\udc1a\ud835\udc2b \ud835\udc25\ud835\udc1a \ud835\udc22\ud835\udc27\ud835\udc2c\ud835\udc1e\ud835\udc2b\ud835\udc1c\ud835\udc22\ud835\udc28\u0301\ud835\udc27 \ud835\udc2c\ud835\udc28\ud835\udc1c\ud835\udc22\ud835\udc28-\ud835\udc25\ud835\udc1a\ud835\udc1b\ud835\udc28\ud835\udc2b\ud835\udc1a\ud835\udc25 \ud835\udc1d\ud835\udc1e \ud835\udc29\ud835\udc1e\ud835\udc2b\ud835\udc2c\ud835\udc28\ud835\udc27\ud835\udc1a\ud835\udc2c \ud835\udc1e\ud835\udc27 \ud835\udc2c\ud835\udc22\ud835\udc2d\ud835\udc2e\ud835\udc1a\ud835\udc1c\ud835\udc22\ud835\udc28\u0301\ud835\udc27 \ud835\udc1d\ud835\udc1e \ud835\udc2f\ud835\udc2e\ud835\udc25\ud835\udc27\ud835\udc1e\ud835\udc2b\ud835\udc1a\ud835\udc1b\ud835\udc22\ud835\udc25\ud835\udc22\ud835\udc1d\ud835\udc1a\ud835\udc1d - Iraurgi Berritzen\",\"isPartOf\":{\"@id\":\"https:\\\/\\\/iraurgiberritzen.eus\\\/es\\\/#website\"},\"primaryImageOfPage\":{\"@id\":\"https:\\\/\\\/iraurgiberritzen.eus\\\/es\\\/agentes-de-urola-medio-colaboran-de-la-mano-de-iraurgi-berritzen-para-impulsar-la-insercion-laboral-y-social-de-las-personas-en-situacion-de-vulnerabilidad\\\/#primaryimage\"},\"image\":{\"@id\":\"https:\\\/\\\/iraurgiberritzen.eus\\\/es\\\/agentes-de-urola-medio-colaboran-de-la-mano-de-iraurgi-berritzen-para-impulsar-la-insercion-laboral-y-social-de-las-personas-en-situacion-de-vulnerabilidad\\\/#primaryimage\"},\"thumbnailUrl\":\"https:\\\/\\\/iraurgiberritzen.eus\\\/wp-content\\\/uploads\\\/2024\\\/09\\\/1-4.png\",\"datePublished\":\"2024-09-27T11:26:26+00:00\",\"dateModified\":\"2024-09-30T05:25:16+00:00\",\"breadcrumb\":{\"@id\":\"https:\\\/\\\/iraurgiberritzen.eus\\\/es\\\/agentes-de-urola-medio-colaboran-de-la-mano-de-iraurgi-berritzen-para-impulsar-la-insercion-laboral-y-social-de-las-personas-en-situacion-de-vulnerabilidad\\\/#breadcrumb\"},\"inLanguage\":\"es\",\"potentialAction\":[{\"@type\":\"ReadAction\",\"target\":[\"https:\\\/\\\/iraurgiberritzen.eus\\\/es\\\/agentes-de-urola-medio-colaboran-de-la-mano-de-iraurgi-berritzen-para-impulsar-la-insercion-laboral-y-social-de-las-personas-en-situacion-de-vulnerabilidad\\\/\"]}]},{\"@type\":\"ImageObject\",\"inLanguage\":\"es\",\"@id\":\"https:\\\/\\\/iraurgiberritzen.eus\\\/es\\\/agentes-de-urola-medio-colaboran-de-la-mano-de-iraurgi-berritzen-para-impulsar-la-insercion-laboral-y-social-de-las-personas-en-situacion-de-vulnerabilidad\\\/#primaryimage\",\"url\":\"https:\\\/\\\/iraurgiberritzen.eus\\\/wp-content\\\/uploads\\\/2024\\\/09\\\/1-4.png\",\"contentUrl\":\"https:\\\/\\\/iraurgiberritzen.eus\\\/wp-content\\\/uploads\\\/2024\\\/09\\\/1-4.png\",\"width\":2500,\"height\":1719,\"caption\":\"UrolanEkin Sarea\"},{\"@type\":\"BreadcrumbList\",\"@id\":\"https:\\\/\\\/iraurgiberritzen.eus\\\/es\\\/agentes-de-urola-medio-colaboran-de-la-mano-de-iraurgi-berritzen-para-impulsar-la-insercion-laboral-y-social-de-las-personas-en-situacion-de-vulnerabilidad\\\/#breadcrumb\",\"itemListElement\":[{\"@type\":\"ListItem\",\"position\":1,\"name\":\"Home\",\"item\":\"https:\\\/\\\/iraurgiberritzen.eus\\\/es\\\/\"},{\"@type\":\"ListItem\",\"position\":2,\"name\":\"\ud835\udc00\ud835\udc20\ud835\udc1e\ud835\udc27\ud835\udc2d\ud835\udc1e\ud835\udc2c \ud835\udc1d\ud835\udc1e \ud835\udc14\ud835\udc2b\ud835\udc28\ud835\udc25\ud835\udc1a \ud835\udc0c\ud835\udc1e\ud835\udc1d\ud835\udc22\ud835\udc28 \ud835\udc1c\ud835\udc28\ud835\udc25\ud835\udc1a\ud835\udc1b\ud835\udc28\ud835\udc2b\ud835\udc1a\ud835\udc27 \ud835\udc29\ud835\udc1a\ud835\udc2b\ud835\udc1a \ud835\udc22\ud835\udc26\ud835\udc29\ud835\udc2e\ud835\udc25\ud835\udc2c\ud835\udc1a\ud835\udc2b \ud835\udc25\ud835\udc1a \ud835\udc22\ud835\udc27\ud835\udc2c\ud835\udc1e\ud835\udc2b\ud835\udc1c\ud835\udc22\ud835\udc28\u0301\ud835\udc27 \ud835\udc2c\ud835\udc28\ud835\udc1c\ud835\udc22\ud835\udc28-\ud835\udc25\ud835\udc1a\ud835\udc1b\ud835\udc28\ud835\udc2b\ud835\udc1a\ud835\udc25 \ud835\udc1d\ud835\udc1e \ud835\udc29\ud835\udc1e\ud835\udc2b\ud835\udc2c\ud835\udc28\ud835\udc27\ud835\udc1a\ud835\udc2c \ud835\udc1e\ud835\udc27 \ud835\udc2c\ud835\udc22\ud835\udc2d\ud835\udc2e\ud835\udc1a\ud835\udc1c\ud835\udc22\ud835\udc28\u0301\ud835\udc27 \ud835\udc1d\ud835\udc1e \ud835\udc2f\ud835\udc2e\ud835\udc25\ud835\udc27\ud835\udc1e\ud835\udc2b\ud835\udc1a\ud835\udc1b\ud835\udc22\ud835\udc25\ud835\udc22\ud835\udc1d\ud835\udc1a\ud835\udc1d\"}]},{\"@type\":\"WebSite\",\"@id\":\"https:\\\/\\\/iraurgiberritzen.eus\\\/es\\\/#website\",\"url\":\"https:\\\/\\\/iraurgiberritzen.eus\\\/es\\\/\",\"name\":\"Iraurgi Berritzen\",\"description\":\"Urola Erdiko Garapen Agentzia\",\"publisher\":{\"@id\":\"https:\\\/\\\/iraurgiberritzen.eus\\\/es\\\/#organization\"},\"potentialAction\":[{\"@type\":\"SearchAction\",\"target\":{\"@type\":\"EntryPoint\",\"urlTemplate\":\"https:\\\/\\\/iraurgiberritzen.eus\\\/es\\\/?s={search_term_string}\"},\"query-input\":{\"@type\":\"PropertyValueSpecification\",\"valueRequired\":true,\"valueName\":\"search_term_string\"}}],\"inLanguage\":\"es\"},{\"@type\":\"Organization\",\"@id\":\"https:\\\/\\\/iraurgiberritzen.eus\\\/es\\\/#organization\",\"name\":\"Iraurgi Berritzen\",\"url\":\"https:\\\/\\\/iraurgiberritzen.eus\\\/es\\\/\",\"logo\":{\"@type\":\"ImageObject\",\"inLanguage\":\"es\",\"@id\":\"https:\\\/\\\/iraurgiberritzen.eus\\\/es\\\/#\\\/schema\\\/logo\\\/image\\\/\",\"url\":\"https:\\\/\\\/iraurgiberritzen.eus\\\/wp-content\\\/uploads\\\/2024\\\/02\\\/IRAURGI-BERRITZEN-logotipoa_2.png\",\"contentUrl\":\"https:\\\/\\\/iraurgiberritzen.eus\\\/wp-content\\\/uploads\\\/2024\\\/02\\\/IRAURGI-BERRITZEN-logotipoa_2.png\",\"width\":496,\"height\":190,\"caption\":\"Iraurgi Berritzen\"},\"image\":{\"@id\":\"https:\\\/\\\/iraurgiberritzen.eus\\\/es\\\/#\\\/schema\\\/logo\\\/image\\\/\"}},{\"@type\":\"Person\",\"@id\":\"https:\\\/\\\/iraurgiberritzen.eus\\\/es\\\/#\\\/schema\\\/person\\\/a32c9825b3e2bfcbe757a97f6a15c8a5\",\"name\":\"ainara\"}]}<\/script>\n<!-- \/ Yoast SEO plugin. -->","yoast_head_json":{"title":"\ud835\udc00\ud835\udc20\ud835\udc1e\ud835\udc27\ud835\udc2d\ud835\udc1e\ud835\udc2c \ud835\udc1d\ud835\udc1e \ud835\udc14\ud835\udc2b\ud835\udc28\ud835\udc25\ud835\udc1a \ud835\udc0c\ud835\udc1e\ud835\udc1d\ud835\udc22\ud835\udc28 \ud835\udc1c\ud835\udc28\ud835\udc25\ud835\udc1a\ud835\udc1b\ud835\udc28\ud835\udc2b\ud835\udc1a\ud835\udc27 \ud835\udc29\ud835\udc1a\ud835\udc2b\ud835\udc1a \ud835\udc22\ud835\udc26\ud835\udc29\ud835\udc2e\ud835\udc25\ud835\udc2c\ud835\udc1a\ud835\udc2b \ud835\udc25\ud835\udc1a \ud835\udc22\ud835\udc27\ud835\udc2c\ud835\udc1e\ud835\udc2b\ud835\udc1c\ud835\udc22\ud835\udc28\u0301\ud835\udc27 \ud835\udc2c\ud835\udc28\ud835\udc1c\ud835\udc22\ud835\udc28-\ud835\udc25\ud835\udc1a\ud835\udc1b\ud835\udc28\ud835\udc2b\ud835\udc1a\ud835\udc25 \ud835\udc1d\ud835\udc1e \ud835\udc29\ud835\udc1e\ud835\udc2b\ud835\udc2c\ud835\udc28\ud835\udc27\ud835\udc1a\ud835\udc2c \ud835\udc1e\ud835\udc27 \ud835\udc2c\ud835\udc22\ud835\udc2d\ud835\udc2e\ud835\udc1a\ud835\udc1c\ud835\udc22\ud835\udc28\u0301\ud835\udc27 \ud835\udc1d\ud835\udc1e \ud835\udc2f\ud835\udc2e\ud835\udc25\ud835\udc27\ud835\udc1e\ud835\udc2b\ud835\udc1a\ud835\udc1b\ud835\udc22\ud835\udc25\ud835\udc22\ud835\udc1d\ud835\udc1a\ud835\udc1d - Iraurgi Berritzen","robots":{"index":"index","follow":"follow","max-snippet":"max-snippet:-1","max-image-preview":"max-image-preview:large","max-video-preview":"max-video-preview:-1"},"canonical":"https:\/\/iraurgiberritzen.eus\/es\/agentes-de-urola-medio-colaboran-de-la-mano-de-iraurgi-berritzen-para-impulsar-la-insercion-laboral-y-social-de-las-personas-en-situacion-de-vulnerabilidad\/","og_locale":"es_ES","og_type":"article","og_title":"\ud835\udc00\ud835\udc20\ud835\udc1e\ud835\udc27\ud835\udc2d\ud835\udc1e\ud835\udc2c \ud835\udc1d\ud835\udc1e \ud835\udc14\ud835\udc2b\ud835\udc28\ud835\udc25\ud835\udc1a \ud835\udc0c\ud835\udc1e\ud835\udc1d\ud835\udc22\ud835\udc28 \ud835\udc1c\ud835\udc28\ud835\udc25\ud835\udc1a\ud835\udc1b\ud835\udc28\ud835\udc2b\ud835\udc1a\ud835\udc27 \ud835\udc29\ud835\udc1a\ud835\udc2b\ud835\udc1a \ud835\udc22\ud835\udc26\ud835\udc29\ud835\udc2e\ud835\udc25\ud835\udc2c\ud835\udc1a\ud835\udc2b \ud835\udc25\ud835\udc1a \ud835\udc22\ud835\udc27\ud835\udc2c\ud835\udc1e\ud835\udc2b\ud835\udc1c\ud835\udc22\ud835\udc28\u0301\ud835\udc27 \ud835\udc2c\ud835\udc28\ud835\udc1c\ud835\udc22\ud835\udc28-\ud835\udc25\ud835\udc1a\ud835\udc1b\ud835\udc28\ud835\udc2b\ud835\udc1a\ud835\udc25 \ud835\udc1d\ud835\udc1e \ud835\udc29\ud835\udc1e\ud835\udc2b\ud835\udc2c\ud835\udc28\ud835\udc27\ud835\udc1a\ud835\udc2c \ud835\udc1e\ud835\udc27 \ud835\udc2c\ud835\udc22\ud835\udc2d\ud835\udc2e\ud835\udc1a\ud835\udc1c\ud835\udc22\ud835\udc28\u0301\ud835\udc27 \ud835\udc1d\ud835\udc1e \ud835\udc2f\ud835\udc2e\ud835\udc25\ud835\udc27\ud835\udc1e\ud835\udc2b\ud835\udc1a\ud835\udc1b\ud835\udc22\ud835\udc25\ud835\udc22\ud835\udc1d\ud835\udc1a\ud835\udc1d - Iraurgi Berritzen","og_description":"Hoy 27 de Septiembre, 14 agentes de la Red de Inclusi\u00f3n del Urola Medio se han reunido en el encuentro de UrolanEkin Sarea de la mano de Iraurgi Berritzen. El objetivo de esta red es ofrecer itinerarios formativos y servicios eficaces para la inserci\u00f3n sociolaboral de personas en situaci\u00f3n de vulnerabilidad en la comarca, promoviendo [&hellip;]","og_url":"https:\/\/iraurgiberritzen.eus\/es\/agentes-de-urola-medio-colaboran-de-la-mano-de-iraurgi-berritzen-para-impulsar-la-insercion-laboral-y-social-de-las-personas-en-situacion-de-vulnerabilidad\/","og_site_name":"Iraurgi Berritzen","article_published_time":"2024-09-27T11:26:26+00:00","article_modified_time":"2024-09-30T05:25:16+00:00","og_image":[{"width":2500,"height":1719,"url":"https:\/\/iraurgiberritzen.eus\/wp-content\/uploads\/2024\/09\/1-4.png","type":"image\/png"}],"author":"ainara","twitter_card":"summary_large_image","twitter_misc":{"Escrito por":"ainara","Tiempo de lectura":"2 minutos"},"schema":{"@context":"https:\/\/schema.org","@graph":[{"@type":"Article","@id":"https:\/\/iraurgiberritzen.eus\/es\/agentes-de-urola-medio-colaboran-de-la-mano-de-iraurgi-berritzen-para-impulsar-la-insercion-laboral-y-social-de-las-personas-en-situacion-de-vulnerabilidad\/#article","isPartOf":{"@id":"https:\/\/iraurgiberritzen.eus\/es\/agentes-de-urola-medio-colaboran-de-la-mano-de-iraurgi-berritzen-para-impulsar-la-insercion-laboral-y-social-de-las-personas-en-situacion-de-vulnerabilidad\/"},"author":{"name":"ainara","@id":"https:\/\/iraurgiberritzen.eus\/es\/#\/schema\/person\/a32c9825b3e2bfcbe757a97f6a15c8a5"},"headline":"\ud835\udc00\ud835\udc20\ud835\udc1e\ud835\udc27\ud835\udc2d\ud835\udc1e\ud835\udc2c \ud835\udc1d\ud835\udc1e \ud835\udc14\ud835\udc2b\ud835\udc28\ud835\udc25\ud835\udc1a \ud835\udc0c\ud835\udc1e\ud835\udc1d\ud835\udc22\ud835\udc28 \ud835\udc1c\ud835\udc28\ud835\udc25\ud835\udc1a\ud835\udc1b\ud835\udc28\ud835\udc2b\ud835\udc1a\ud835\udc27 \ud835\udc29\ud835\udc1a\ud835\udc2b\ud835\udc1a \ud835\udc22\ud835\udc26\ud835\udc29\ud835\udc2e\ud835\udc25\ud835\udc2c\ud835\udc1a\ud835\udc2b \ud835\udc25\ud835\udc1a \ud835\udc22\ud835\udc27\ud835\udc2c\ud835\udc1e\ud835\udc2b\ud835\udc1c\ud835\udc22\ud835\udc28\u0301\ud835\udc27 \ud835\udc2c\ud835\udc28\ud835\udc1c\ud835\udc22\ud835\udc28-\ud835\udc25\ud835\udc1a\ud835\udc1b\ud835\udc28\ud835\udc2b\ud835\udc1a\ud835\udc25 \ud835\udc1d\ud835\udc1e \ud835\udc29\ud835\udc1e\ud835\udc2b\ud835\udc2c\ud835\udc28\ud835\udc27\ud835\udc1a\ud835\udc2c \ud835\udc1e\ud835\udc27 \ud835\udc2c\ud835\udc22\ud835\udc2d\ud835\udc2e\ud835\udc1a\ud835\udc1c\ud835\udc22\ud835\udc28\u0301\ud835\udc27 \ud835\udc1d\ud835\udc1e \ud835\udc2f\ud835\udc2e\ud835\udc25\ud835\udc27\ud835\udc1e\ud835\udc2b\ud835\udc1a\ud835\udc1b\ud835\udc22\ud835\udc25\ud835\udc22\ud835\udc1d\ud835\udc1a\ud835\udc1d","datePublished":"2024-09-27T11:26:26+00:00","dateModified":"2024-09-30T05:25:16+00:00","mainEntityOfPage":{"@id":"https:\/\/iraurgiberritzen.eus\/es\/agentes-de-urola-medio-colaboran-de-la-mano-de-iraurgi-berritzen-para-impulsar-la-insercion-laboral-y-social-de-las-personas-en-situacion-de-vulnerabilidad\/"},"wordCount":222,"publisher":{"@id":"https:\/\/iraurgiberritzen.eus\/es\/#organization"},"image":{"@id":"https:\/\/iraurgiberritzen.eus\/es\/agentes-de-urola-medio-colaboran-de-la-mano-de-iraurgi-berritzen-para-impulsar-la-insercion-laboral-y-social-de-las-personas-en-situacion-de-vulnerabilidad\/#primaryimage"},"thumbnailUrl":"https:\/\/iraurgiberritzen.eus\/wp-content\/uploads\/2024\/09\/1-4.png","articleSection":["Noticias"],"inLanguage":"es"},{"@type":"WebPage","@id":"https:\/\/iraurgiberritzen.eus\/es\/agentes-de-urola-medio-colaboran-de-la-mano-de-iraurgi-berritzen-para-impulsar-la-insercion-laboral-y-social-de-las-personas-en-situacion-de-vulnerabilidad\/","url":"https:\/\/iraurgiberritzen.eus\/es\/agentes-de-urola-medio-colaboran-de-la-mano-de-iraurgi-berritzen-para-impulsar-la-insercion-laboral-y-social-de-las-personas-en-situacion-de-vulnerabilidad\/","name":"\ud835\udc00\ud835\udc20\ud835\udc1e\ud835\udc27\ud835\udc2d\ud835\udc1e\ud835\udc2c \ud835\udc1d\ud835\udc1e \ud835\udc14\ud835\udc2b\ud835\udc28\ud835\udc25\ud835\udc1a \ud835\udc0c\ud835\udc1e\ud835\udc1d\ud835\udc22\ud835\udc28 \ud835\udc1c\ud835\udc28\ud835\udc25\ud835\udc1a\ud835\udc1b\ud835\udc28\ud835\udc2b\ud835\udc1a\ud835\udc27 \ud835\udc29\ud835\udc1a\ud835\udc2b\ud835\udc1a \ud835\udc22\ud835\udc26\ud835\udc29\ud835\udc2e\ud835\udc25\ud835\udc2c\ud835\udc1a\ud835\udc2b \ud835\udc25\ud835\udc1a \ud835\udc22\ud835\udc27\ud835\udc2c\ud835\udc1e\ud835\udc2b\ud835\udc1c\ud835\udc22\ud835\udc28\u0301\ud835\udc27 \ud835\udc2c\ud835\udc28\ud835\udc1c\ud835\udc22\ud835\udc28-\ud835\udc25\ud835\udc1a\ud835\udc1b\ud835\udc28\ud835\udc2b\ud835\udc1a\ud835\udc25 \ud835\udc1d\ud835\udc1e \ud835\udc29\ud835\udc1e\ud835\udc2b\ud835\udc2c\ud835\udc28\ud835\udc27\ud835\udc1a\ud835\udc2c \ud835\udc1e\ud835\udc27 \ud835\udc2c\ud835\udc22\ud835\udc2d\ud835\udc2e\ud835\udc1a\ud835\udc1c\ud835\udc22\ud835\udc28\u0301\ud835\udc27 \ud835\udc1d\ud835\udc1e \ud835\udc2f\ud835\udc2e\ud835\udc25\ud835\udc27\ud835\udc1e\ud835\udc2b\ud835\udc1a\ud835\udc1b\ud835\udc22\ud835\udc25\ud835\udc22\ud835\udc1d\ud835\udc1a\ud835\udc1d - Iraurgi Berritzen","isPartOf":{"@id":"https:\/\/iraurgiberritzen.eus\/es\/#website"},"primaryImageOfPage":{"@id":"https:\/\/iraurgiberritzen.eus\/es\/agentes-de-urola-medio-colaboran-de-la-mano-de-iraurgi-berritzen-para-impulsar-la-insercion-laboral-y-social-de-las-personas-en-situacion-de-vulnerabilidad\/#primaryimage"},"image":{"@id":"https:\/\/iraurgiberritzen.eus\/es\/agentes-de-urola-medio-colaboran-de-la-mano-de-iraurgi-berritzen-para-impulsar-la-insercion-laboral-y-social-de-las-personas-en-situacion-de-vulnerabilidad\/#primaryimage"},"thumbnailUrl":"https:\/\/iraurgiberritzen.eus\/wp-content\/uploads\/2024\/09\/1-4.png","datePublished":"2024-09-27T11:26:26+00:00","dateModified":"2024-09-30T05:25:16+00:00","breadcrumb":{"@id":"https:\/\/iraurgiberritzen.eus\/es\/agentes-de-urola-medio-colaboran-de-la-mano-de-iraurgi-berritzen-para-impulsar-la-insercion-laboral-y-social-de-las-personas-en-situacion-de-vulnerabilidad\/#breadcrumb"},"inLanguage":"es","potentialAction":[{"@type":"ReadAction","target":["https:\/\/iraurgiberritzen.eus\/es\/agentes-de-urola-medio-colaboran-de-la-mano-de-iraurgi-berritzen-para-impulsar-la-insercion-laboral-y-social-de-las-personas-en-situacion-de-vulnerabilidad\/"]}]},{"@type":"ImageObject","inLanguage":"es","@id":"https:\/\/iraurgiberritzen.eus\/es\/agentes-de-urola-medio-colaboran-de-la-mano-de-iraurgi-berritzen-para-impulsar-la-insercion-laboral-y-social-de-las-personas-en-situacion-de-vulnerabilidad\/#primaryimage","url":"https:\/\/iraurgiberritzen.eus\/wp-content\/uploads\/2024\/09\/1-4.png","contentUrl":"https:\/\/iraurgiberritzen.eus\/wp-content\/uploads\/2024\/09\/1-4.png","width":2500,"height":1719,"caption":"UrolanEkin Sarea"},{"@type":"BreadcrumbList","@id":"https:\/\/iraurgiberritzen.eus\/es\/agentes-de-urola-medio-colaboran-de-la-mano-de-iraurgi-berritzen-para-impulsar-la-insercion-laboral-y-social-de-las-personas-en-situacion-de-vulnerabilidad\/#breadcrumb","itemListElement":[{"@type":"ListItem","position":1,"name":"Home","item":"https:\/\/iraurgiberritzen.eus\/es\/"},{"@type":"ListItem","position":2,"name":"\ud835\udc00\ud835\udc20\ud835\udc1e\ud835\udc27\ud835\udc2d\ud835\udc1e\ud835\udc2c \ud835\udc1d\ud835\udc1e \ud835\udc14\ud835\udc2b\ud835\udc28\ud835\udc25\ud835\udc1a \ud835\udc0c\ud835\udc1e\ud835\udc1d\ud835\udc22\ud835\udc28 \ud835\udc1c\ud835\udc28\ud835\udc25\ud835\udc1a\ud835\udc1b\ud835\udc28\ud835\udc2b\ud835\udc1a\ud835\udc27 \ud835\udc29\ud835\udc1a\ud835\udc2b\ud835\udc1a \ud835\udc22\ud835\udc26\ud835\udc29\ud835\udc2e\ud835\udc25\ud835\udc2c\ud835\udc1a\ud835\udc2b \ud835\udc25\ud835\udc1a \ud835\udc22\ud835\udc27\ud835\udc2c\ud835\udc1e\ud835\udc2b\ud835\udc1c\ud835\udc22\ud835\udc28\u0301\ud835\udc27 \ud835\udc2c\ud835\udc28\ud835\udc1c\ud835\udc22\ud835\udc28-\ud835\udc25\ud835\udc1a\ud835\udc1b\ud835\udc28\ud835\udc2b\ud835\udc1a\ud835\udc25 \ud835\udc1d\ud835\udc1e \ud835\udc29\ud835\udc1e\ud835\udc2b\ud835\udc2c\ud835\udc28\ud835\udc27\ud835\udc1a\ud835\udc2c \ud835\udc1e\ud835\udc27 \ud835\udc2c\ud835\udc22\ud835\udc2d\ud835\udc2e\ud835\udc1a\ud835\udc1c\ud835\udc22\ud835\udc28\u0301\ud835\udc27 \ud835\udc1d\ud835\udc1e \ud835\udc2f\ud835\udc2e\ud835\udc25\ud835\udc27\ud835\udc1e\ud835\udc2b\ud835\udc1a\ud835\udc1b\ud835\udc22\ud835\udc25\ud835\udc22\ud835\udc1d\ud835\udc1a\ud835\udc1d"}]},{"@type":"WebSite","@id":"https:\/\/iraurgiberritzen.eus\/es\/#website","url":"https:\/\/iraurgiberritzen.eus\/es\/","name":"Iraurgi Berritzen","description":"Urola Erdiko Garapen Agentzia","publisher":{"@id":"https:\/\/iraurgiberritzen.eus\/es\/#organization"},"potentialAction":[{"@type":"SearchAction","target":{"@type":"EntryPoint","urlTemplate":"https:\/\/iraurgiberritzen.eus\/es\/?s={search_term_string}"},"query-input":{"@type":"PropertyValueSpecification","valueRequired":true,"valueName":"search_term_string"}}],"inLanguage":"es"},{"@type":"Organization","@id":"https:\/\/iraurgiberritzen.eus\/es\/#organization","name":"Iraurgi Berritzen","url":"https:\/\/iraurgiberritzen.eus\/es\/","logo":{"@type":"ImageObject","inLanguage":"es","@id":"https:\/\/iraurgiberritzen.eus\/es\/#\/schema\/logo\/image\/","url":"https:\/\/iraurgiberritzen.eus\/wp-content\/uploads\/2024\/02\/IRAURGI-BERRITZEN-logotipoa_2.png","contentUrl":"https:\/\/iraurgiberritzen.eus\/wp-content\/uploads\/2024\/02\/IRAURGI-BERRITZEN-logotipoa_2.png","width":496,"height":190,"caption":"Iraurgi Berritzen"},"image":{"@id":"https:\/\/iraurgiberritzen.eus\/es\/#\/schema\/logo\/image\/"}},{"@type":"Person","@id":"https:\/\/iraurgiberritzen.eus\/es\/#\/schema\/person\/a32c9825b3e2bfcbe757a97f6a15c8a5","name":"ainara"}]}},"_links":{"self":[{"href":"https:\/\/iraurgiberritzen.eus\/es\/wp-json\/wp\/v2\/posts\/21439","targetHints":{"allow":["GET"]}}],"collection":[{"href":"https:\/\/iraurgiberritzen.eus\/es\/wp-json\/wp\/v2\/posts"}],"about":[{"href":"https:\/\/iraurgiberritzen.eus\/es\/wp-json\/wp\/v2\/types\/post"}],"author":[{"embeddable":true,"href":"https:\/\/iraurgiberritzen.eus\/es\/wp-json\/wp\/v2\/users\/4"}],"replies":[{"embeddable":true,"href":"https:\/\/iraurgiberritzen.eus\/es\/wp-json\/wp\/v2\/comments?post=21439"}],"version-history":[{"count":7,"href":"https:\/\/iraurgiberritzen.eus\/es\/wp-json\/wp\/v2\/posts\/21439\/revisions"}],"predecessor-version":[{"id":21460,"href":"https:\/\/iraurgiberritzen.eus\/es\/wp-json\/wp\/v2\/posts\/21439\/revisions\/21460"}],"wp:featuredmedia":[{"embeddable":true,"href":"https:\/\/iraurgiberritzen.eus\/es\/wp-json\/wp\/v2\/media\/21437"}],"wp:attachment":[{"href":"https:\/\/iraurgiberritzen.eus\/es\/wp-json\/wp\/v2\/media?parent=21439"}],"wp:term":[{"taxonomy":"category","embeddable":true,"href":"https:\/\/iraurgiberritzen.eus\/es\/wp-json\/wp\/v2\/categories?post=21439"},{"taxonomy":"post_tag","embeddable":true,"href":"https:\/\/iraurgiberritzen.eus\/es\/wp-json\/wp\/v2\/tags?post=21439"}],"curies":[{"name":"wp","href":"https:\/\/api.w.org\/{rel}","templated":true}]}}