{"id":21508,"date":"2024-10-04T14:09:13","date_gmt":"2024-10-04T12:09:13","guid":{"rendered":"https:\/\/iraurgiberritzen.eus\/?p=21508"},"modified":"2024-10-04T14:09:13","modified_gmt":"2024-10-04T12:09:13","slug":"jornada-bajo-el-lema-aspectos-legales-para-la-gestion-de-personas-extranjeras-dirigida-a-empresas-industriales-de-la-comarca-comarca","status":"publish","type":"post","link":"https:\/\/iraurgiberritzen.eus\/es\/jornada-bajo-el-lema-aspectos-legales-para-la-gestion-de-personas-extranjeras-dirigida-a-empresas-industriales-de-la-comarca-comarca\/","title":{"rendered":"Jornada bajo el lema \u201cAspectos legales para la gesti\u00f3n de personas extranjeras\u201d dirigida a empresas industriales de la comarca  comarca"},"content":{"rendered":"<h5>Esta es la sexta jornada que se ha organizado dentro del programa Ikasiz 2024, propuesto por Enpresa Gunea de Iraurgi Berritzen. Se celebrar\u00e1 el 10 de septiembre, on line, de 09:00 a 11:00 horas, bajo el lema \u00abAspectos legales para la gesti\u00f3n de personas extranjeras en la empresa\u00bb.<\/h5>\n<p>Dentro del programa Ikasiz 2024, Iraurgi Berritzen ha organizado para el jueves 10 de octubre la sexta jornada de este a\u00f1o dirigida a empresas industriales de la comarca. Ser\u00e1 de 09:00 a 11:00 horas, online. Se trata de una de las jornadas basadas en la propuesta de Enpresa Gunea Iraurgi Berritzen para tratar temas legales y que cuenta con el patrocinio de la Diputaci\u00f3n Foral de Gipuzkoa. En esta sesi\u00f3n est\u00e1n invitadas a participar todas las empresas industriales de la comarca.<\/p>\n<p>El objetivo de la jornada ser\u00e1 dar a conocer los conceptos generales de Derecho en relaci\u00f3n con las f\u00f3rmulas para contratar personas trabajadoras de nacionalidades distintas en funci\u00f3n de las necesidades que surjan en la empresa. Y por otro lado identificar buenas pr\u00e1cticas y mecanismos que pueden implementarse en funci\u00f3n del objeto del contrato de trabajo.<\/p>\n<p>Las empresas interesadas deber\u00e1n inscribirse en esta jornada a trav\u00e9s del siguiente <strong><a href=\"https:\/\/forms.office.com\/Pages\/ResponsePage.aspx?id=S5DeT3Jq90W0WLjBrBndp1jySGu9zxtIpCkBAthDUWpUQ1pPQUI5V1EyVUpZN00yODNHSkgxUVc3SSQlQCN0PWcu\">formulario<\/a><\/strong>.<\/p>\n","protected":false},"excerpt":{"rendered":"<p>Esta es la sexta jornada que se ha organizado dentro del programa Ikasiz 2024, propuesto por Enpresa Gunea de Iraurgi Berritzen. Se celebrar\u00e1 el 10 de septiembre, on line, de 09:00 a 11:00 horas, bajo el lema \u00abAspectos legales para la gesti\u00f3n de personas extranjeras en la empresa\u00bb. Dentro del programa Ikasiz 2024, Iraurgi Berritzen [&hellip;]<\/p>\n","protected":false},"author":4,"featured_media":21509,"comment_status":"closed","ping_status":"closed","sticky":false,"template":"","format":"standard","meta":{"_acf_changed":false,"footnotes":""},"categories":[4],"tags":[],"class_list":["post-21508","post","type-post","status-publish","format-standard","has-post-thumbnail","hentry","category-noticias","arloak-enpresa"],"acf":[],"yoast_head":"<!-- This site is optimized with the Yoast SEO plugin v27.4 - https:\/\/yoast.com\/product\/yoast-seo-wordpress\/ -->\n<title>Jornada bajo el lema \u201cAspectos legales para la gesti\u00f3n de personas extranjeras\u201d dirigida a empresas industriales de la comarca comarca - Iraurgi Berritzen<\/title>\n<meta name=\"robots\" content=\"index, follow, max-snippet:-1, max-image-preview:large, max-video-preview:-1\" \/>\n<link rel=\"canonical\" href=\"https:\/\/iraurgiberritzen.eus\/es\/jornada-bajo-el-lema-aspectos-legales-para-la-gestion-de-personas-extranjeras-dirigida-a-empresas-industriales-de-la-comarca-comarca\/\" \/>\n<meta property=\"og:locale\" content=\"es_ES\" \/>\n<meta property=\"og:type\" content=\"article\" \/>\n<meta property=\"og:title\" content=\"Jornada bajo el lema \u201cAspectos legales para la gesti\u00f3n de personas extranjeras\u201d dirigida a empresas industriales de la comarca comarca - Iraurgi Berritzen\" \/>\n<meta property=\"og:description\" content=\"Esta es la sexta jornada que se ha organizado dentro del programa Ikasiz 2024, propuesto por Enpresa Gunea de Iraurgi Berritzen. Se celebrar\u00e1 el 10 de septiembre, on line, de 09:00 a 11:00 horas, bajo el lema \u00abAspectos legales para la gesti\u00f3n de personas extranjeras en la empresa\u00bb. Dentro del programa Ikasiz 2024, Iraurgi Berritzen [&hellip;]\" \/>\n<meta property=\"og:url\" content=\"https:\/\/iraurgiberritzen.eus\/es\/jornada-bajo-el-lema-aspectos-legales-para-la-gestion-de-personas-extranjeras-dirigida-a-empresas-industriales-de-la-comarca-comarca\/\" \/>\n<meta property=\"og:site_name\" content=\"Iraurgi Berritzen\" \/>\n<meta property=\"article:published_time\" content=\"2024-10-04T12:09:13+00:00\" \/>\n<meta property=\"og:image\" content=\"https:\/\/iraurgiberritzen.eus\/wp-content\/uploads\/2024\/10\/d6d2e599-2fe8-89e7-01db-644bfbb8209d.png\" \/>\n\t<meta property=\"og:image:width\" content=\"800\" \/>\n\t<meta property=\"og:image:height\" content=\"550\" \/>\n\t<meta property=\"og:image:type\" content=\"image\/png\" \/>\n<meta name=\"author\" content=\"ainara\" \/>\n<meta name=\"twitter:card\" content=\"summary_large_image\" \/>\n<meta name=\"twitter:label1\" content=\"Escrito por\" \/>\n\t<meta name=\"twitter:data1\" content=\"ainara\" \/>\n\t<meta name=\"twitter:label2\" content=\"Tiempo de lectura\" \/>\n\t<meta name=\"twitter:data2\" content=\"2 minutos\" \/>\n<script type=\"application\/ld+json\" class=\"yoast-schema-graph\">{\"@context\":\"https:\\\/\\\/schema.org\",\"@graph\":[{\"@type\":\"Article\",\"@id\":\"https:\\\/\\\/iraurgiberritzen.eus\\\/es\\\/jornada-bajo-el-lema-aspectos-legales-para-la-gestion-de-personas-extranjeras-dirigida-a-empresas-industriales-de-la-comarca-comarca\\\/#article\",\"isPartOf\":{\"@id\":\"https:\\\/\\\/iraurgiberritzen.eus\\\/es\\\/jornada-bajo-el-lema-aspectos-legales-para-la-gestion-de-personas-extranjeras-dirigida-a-empresas-industriales-de-la-comarca-comarca\\\/\"},\"author\":{\"name\":\"ainara\",\"@id\":\"https:\\\/\\\/iraurgiberritzen.eus\\\/es\\\/#\\\/schema\\\/person\\\/a32c9825b3e2bfcbe757a97f6a15c8a5\"},\"headline\":\"Jornada bajo el lema \u201cAspectos legales para la gesti\u00f3n de personas extranjeras\u201d dirigida a empresas industriales de la comarca comarca\",\"datePublished\":\"2024-10-04T12:09:13+00:00\",\"mainEntityOfPage\":{\"@id\":\"https:\\\/\\\/iraurgiberritzen.eus\\\/es\\\/jornada-bajo-el-lema-aspectos-legales-para-la-gestion-de-personas-extranjeras-dirigida-a-empresas-industriales-de-la-comarca-comarca\\\/\"},\"wordCount\":223,\"publisher\":{\"@id\":\"https:\\\/\\\/iraurgiberritzen.eus\\\/es\\\/#organization\"},\"image\":{\"@id\":\"https:\\\/\\\/iraurgiberritzen.eus\\\/es\\\/jornada-bajo-el-lema-aspectos-legales-para-la-gestion-de-personas-extranjeras-dirigida-a-empresas-industriales-de-la-comarca-comarca\\\/#primaryimage\"},\"thumbnailUrl\":\"https:\\\/\\\/iraurgiberritzen.eus\\\/wp-content\\\/uploads\\\/2024\\\/10\\\/d6d2e599-2fe8-89e7-01db-644bfbb8209d.png\",\"articleSection\":[\"Noticias\"],\"inLanguage\":\"es\"},{\"@type\":\"WebPage\",\"@id\":\"https:\\\/\\\/iraurgiberritzen.eus\\\/es\\\/jornada-bajo-el-lema-aspectos-legales-para-la-gestion-de-personas-extranjeras-dirigida-a-empresas-industriales-de-la-comarca-comarca\\\/\",\"url\":\"https:\\\/\\\/iraurgiberritzen.eus\\\/es\\\/jornada-bajo-el-lema-aspectos-legales-para-la-gestion-de-personas-extranjeras-dirigida-a-empresas-industriales-de-la-comarca-comarca\\\/\",\"name\":\"Jornada bajo el lema \u201cAspectos legales para la gesti\u00f3n de personas extranjeras\u201d dirigida a empresas industriales de la comarca comarca - Iraurgi Berritzen\",\"isPartOf\":{\"@id\":\"https:\\\/\\\/iraurgiberritzen.eus\\\/es\\\/#website\"},\"primaryImageOfPage\":{\"@id\":\"https:\\\/\\\/iraurgiberritzen.eus\\\/es\\\/jornada-bajo-el-lema-aspectos-legales-para-la-gestion-de-personas-extranjeras-dirigida-a-empresas-industriales-de-la-comarca-comarca\\\/#primaryimage\"},\"image\":{\"@id\":\"https:\\\/\\\/iraurgiberritzen.eus\\\/es\\\/jornada-bajo-el-lema-aspectos-legales-para-la-gestion-de-personas-extranjeras-dirigida-a-empresas-industriales-de-la-comarca-comarca\\\/#primaryimage\"},\"thumbnailUrl\":\"https:\\\/\\\/iraurgiberritzen.eus\\\/wp-content\\\/uploads\\\/2024\\\/10\\\/d6d2e599-2fe8-89e7-01db-644bfbb8209d.png\",\"datePublished\":\"2024-10-04T12:09:13+00:00\",\"breadcrumb\":{\"@id\":\"https:\\\/\\\/iraurgiberritzen.eus\\\/es\\\/jornada-bajo-el-lema-aspectos-legales-para-la-gestion-de-personas-extranjeras-dirigida-a-empresas-industriales-de-la-comarca-comarca\\\/#breadcrumb\"},\"inLanguage\":\"es\",\"potentialAction\":[{\"@type\":\"ReadAction\",\"target\":[\"https:\\\/\\\/iraurgiberritzen.eus\\\/es\\\/jornada-bajo-el-lema-aspectos-legales-para-la-gestion-de-personas-extranjeras-dirigida-a-empresas-industriales-de-la-comarca-comarca\\\/\"]}]},{\"@type\":\"ImageObject\",\"inLanguage\":\"es\",\"@id\":\"https:\\\/\\\/iraurgiberritzen.eus\\\/es\\\/jornada-bajo-el-lema-aspectos-legales-para-la-gestion-de-personas-extranjeras-dirigida-a-empresas-industriales-de-la-comarca-comarca\\\/#primaryimage\",\"url\":\"https:\\\/\\\/iraurgiberritzen.eus\\\/wp-content\\\/uploads\\\/2024\\\/10\\\/d6d2e599-2fe8-89e7-01db-644bfbb8209d.png\",\"contentUrl\":\"https:\\\/\\\/iraurgiberritzen.eus\\\/wp-content\\\/uploads\\\/2024\\\/10\\\/d6d2e599-2fe8-89e7-01db-644bfbb8209d.png\",\"width\":800,\"height\":550},{\"@type\":\"BreadcrumbList\",\"@id\":\"https:\\\/\\\/iraurgiberritzen.eus\\\/es\\\/jornada-bajo-el-lema-aspectos-legales-para-la-gestion-de-personas-extranjeras-dirigida-a-empresas-industriales-de-la-comarca-comarca\\\/#breadcrumb\",\"itemListElement\":[{\"@type\":\"ListItem\",\"position\":1,\"name\":\"Home\",\"item\":\"https:\\\/\\\/iraurgiberritzen.eus\\\/es\\\/\"},{\"@type\":\"ListItem\",\"position\":2,\"name\":\"Jornada bajo el lema \u201cAspectos legales para la gesti\u00f3n de personas extranjeras\u201d dirigida a empresas industriales de la comarca comarca\"}]},{\"@type\":\"WebSite\",\"@id\":\"https:\\\/\\\/iraurgiberritzen.eus\\\/es\\\/#website\",\"url\":\"https:\\\/\\\/iraurgiberritzen.eus\\\/es\\\/\",\"name\":\"Iraurgi Berritzen\",\"description\":\"Urola Erdiko Garapen Agentzia\",\"publisher\":{\"@id\":\"https:\\\/\\\/iraurgiberritzen.eus\\\/es\\\/#organization\"},\"potentialAction\":[{\"@type\":\"SearchAction\",\"target\":{\"@type\":\"EntryPoint\",\"urlTemplate\":\"https:\\\/\\\/iraurgiberritzen.eus\\\/es\\\/?s={search_term_string}\"},\"query-input\":{\"@type\":\"PropertyValueSpecification\",\"valueRequired\":true,\"valueName\":\"search_term_string\"}}],\"inLanguage\":\"es\"},{\"@type\":\"Organization\",\"@id\":\"https:\\\/\\\/iraurgiberritzen.eus\\\/es\\\/#organization\",\"name\":\"Iraurgi Berritzen\",\"url\":\"https:\\\/\\\/iraurgiberritzen.eus\\\/es\\\/\",\"logo\":{\"@type\":\"ImageObject\",\"inLanguage\":\"es\",\"@id\":\"https:\\\/\\\/iraurgiberritzen.eus\\\/es\\\/#\\\/schema\\\/logo\\\/image\\\/\",\"url\":\"https:\\\/\\\/iraurgiberritzen.eus\\\/wp-content\\\/uploads\\\/2024\\\/02\\\/IRAURGI-BERRITZEN-logotipoa_2.png\",\"contentUrl\":\"https:\\\/\\\/iraurgiberritzen.eus\\\/wp-content\\\/uploads\\\/2024\\\/02\\\/IRAURGI-BERRITZEN-logotipoa_2.png\",\"width\":496,\"height\":190,\"caption\":\"Iraurgi Berritzen\"},\"image\":{\"@id\":\"https:\\\/\\\/iraurgiberritzen.eus\\\/es\\\/#\\\/schema\\\/logo\\\/image\\\/\"}},{\"@type\":\"Person\",\"@id\":\"https:\\\/\\\/iraurgiberritzen.eus\\\/es\\\/#\\\/schema\\\/person\\\/a32c9825b3e2bfcbe757a97f6a15c8a5\",\"name\":\"ainara\"}]}<\/script>\n<!-- \/ Yoast SEO plugin. -->","yoast_head_json":{"title":"Jornada bajo el lema \u201cAspectos legales para la gesti\u00f3n de personas extranjeras\u201d dirigida a empresas industriales de la comarca comarca - Iraurgi Berritzen","robots":{"index":"index","follow":"follow","max-snippet":"max-snippet:-1","max-image-preview":"max-image-preview:large","max-video-preview":"max-video-preview:-1"},"canonical":"https:\/\/iraurgiberritzen.eus\/es\/jornada-bajo-el-lema-aspectos-legales-para-la-gestion-de-personas-extranjeras-dirigida-a-empresas-industriales-de-la-comarca-comarca\/","og_locale":"es_ES","og_type":"article","og_title":"Jornada bajo el lema \u201cAspectos legales para la gesti\u00f3n de personas extranjeras\u201d dirigida a empresas industriales de la comarca comarca - Iraurgi Berritzen","og_description":"Esta es la sexta jornada que se ha organizado dentro del programa Ikasiz 2024, propuesto por Enpresa Gunea de Iraurgi Berritzen. Se celebrar\u00e1 el 10 de septiembre, on line, de 09:00 a 11:00 horas, bajo el lema \u00abAspectos legales para la gesti\u00f3n de personas extranjeras en la empresa\u00bb. Dentro del programa Ikasiz 2024, Iraurgi Berritzen [&hellip;]","og_url":"https:\/\/iraurgiberritzen.eus\/es\/jornada-bajo-el-lema-aspectos-legales-para-la-gestion-de-personas-extranjeras-dirigida-a-empresas-industriales-de-la-comarca-comarca\/","og_site_name":"Iraurgi Berritzen","article_published_time":"2024-10-04T12:09:13+00:00","og_image":[{"width":800,"height":550,"url":"https:\/\/iraurgiberritzen.eus\/wp-content\/uploads\/2024\/10\/d6d2e599-2fe8-89e7-01db-644bfbb8209d.png","type":"image\/png"}],"author":"ainara","twitter_card":"summary_large_image","twitter_misc":{"Escrito por":"ainara","Tiempo de lectura":"2 minutos"},"schema":{"@context":"https:\/\/schema.org","@graph":[{"@type":"Article","@id":"https:\/\/iraurgiberritzen.eus\/es\/jornada-bajo-el-lema-aspectos-legales-para-la-gestion-de-personas-extranjeras-dirigida-a-empresas-industriales-de-la-comarca-comarca\/#article","isPartOf":{"@id":"https:\/\/iraurgiberritzen.eus\/es\/jornada-bajo-el-lema-aspectos-legales-para-la-gestion-de-personas-extranjeras-dirigida-a-empresas-industriales-de-la-comarca-comarca\/"},"author":{"name":"ainara","@id":"https:\/\/iraurgiberritzen.eus\/es\/#\/schema\/person\/a32c9825b3e2bfcbe757a97f6a15c8a5"},"headline":"Jornada bajo el lema \u201cAspectos legales para la gesti\u00f3n de personas extranjeras\u201d dirigida a empresas industriales de la comarca comarca","datePublished":"2024-10-04T12:09:13+00:00","mainEntityOfPage":{"@id":"https:\/\/iraurgiberritzen.eus\/es\/jornada-bajo-el-lema-aspectos-legales-para-la-gestion-de-personas-extranjeras-dirigida-a-empresas-industriales-de-la-comarca-comarca\/"},"wordCount":223,"publisher":{"@id":"https:\/\/iraurgiberritzen.eus\/es\/#organization"},"image":{"@id":"https:\/\/iraurgiberritzen.eus\/es\/jornada-bajo-el-lema-aspectos-legales-para-la-gestion-de-personas-extranjeras-dirigida-a-empresas-industriales-de-la-comarca-comarca\/#primaryimage"},"thumbnailUrl":"https:\/\/iraurgiberritzen.eus\/wp-content\/uploads\/2024\/10\/d6d2e599-2fe8-89e7-01db-644bfbb8209d.png","articleSection":["Noticias"],"inLanguage":"es"},{"@type":"WebPage","@id":"https:\/\/iraurgiberritzen.eus\/es\/jornada-bajo-el-lema-aspectos-legales-para-la-gestion-de-personas-extranjeras-dirigida-a-empresas-industriales-de-la-comarca-comarca\/","url":"https:\/\/iraurgiberritzen.eus\/es\/jornada-bajo-el-lema-aspectos-legales-para-la-gestion-de-personas-extranjeras-dirigida-a-empresas-industriales-de-la-comarca-comarca\/","name":"Jornada bajo el lema \u201cAspectos legales para la gesti\u00f3n de personas extranjeras\u201d dirigida a empresas industriales de la comarca comarca - Iraurgi Berritzen","isPartOf":{"@id":"https:\/\/iraurgiberritzen.eus\/es\/#website"},"primaryImageOfPage":{"@id":"https:\/\/iraurgiberritzen.eus\/es\/jornada-bajo-el-lema-aspectos-legales-para-la-gestion-de-personas-extranjeras-dirigida-a-empresas-industriales-de-la-comarca-comarca\/#primaryimage"},"image":{"@id":"https:\/\/iraurgiberritzen.eus\/es\/jornada-bajo-el-lema-aspectos-legales-para-la-gestion-de-personas-extranjeras-dirigida-a-empresas-industriales-de-la-comarca-comarca\/#primaryimage"},"thumbnailUrl":"https:\/\/iraurgiberritzen.eus\/wp-content\/uploads\/2024\/10\/d6d2e599-2fe8-89e7-01db-644bfbb8209d.png","datePublished":"2024-10-04T12:09:13+00:00","breadcrumb":{"@id":"https:\/\/iraurgiberritzen.eus\/es\/jornada-bajo-el-lema-aspectos-legales-para-la-gestion-de-personas-extranjeras-dirigida-a-empresas-industriales-de-la-comarca-comarca\/#breadcrumb"},"inLanguage":"es","potentialAction":[{"@type":"ReadAction","target":["https:\/\/iraurgiberritzen.eus\/es\/jornada-bajo-el-lema-aspectos-legales-para-la-gestion-de-personas-extranjeras-dirigida-a-empresas-industriales-de-la-comarca-comarca\/"]}]},{"@type":"ImageObject","inLanguage":"es","@id":"https:\/\/iraurgiberritzen.eus\/es\/jornada-bajo-el-lema-aspectos-legales-para-la-gestion-de-personas-extranjeras-dirigida-a-empresas-industriales-de-la-comarca-comarca\/#primaryimage","url":"https:\/\/iraurgiberritzen.eus\/wp-content\/uploads\/2024\/10\/d6d2e599-2fe8-89e7-01db-644bfbb8209d.png","contentUrl":"https:\/\/iraurgiberritzen.eus\/wp-content\/uploads\/2024\/10\/d6d2e599-2fe8-89e7-01db-644bfbb8209d.png","width":800,"height":550},{"@type":"BreadcrumbList","@id":"https:\/\/iraurgiberritzen.eus\/es\/jornada-bajo-el-lema-aspectos-legales-para-la-gestion-de-personas-extranjeras-dirigida-a-empresas-industriales-de-la-comarca-comarca\/#breadcrumb","itemListElement":[{"@type":"ListItem","position":1,"name":"Home","item":"https:\/\/iraurgiberritzen.eus\/es\/"},{"@type":"ListItem","position":2,"name":"Jornada bajo el lema \u201cAspectos legales para la gesti\u00f3n de personas extranjeras\u201d dirigida a empresas industriales de la comarca comarca"}]},{"@type":"WebSite","@id":"https:\/\/iraurgiberritzen.eus\/es\/#website","url":"https:\/\/iraurgiberritzen.eus\/es\/","name":"Iraurgi Berritzen","description":"Urola Erdiko Garapen Agentzia","publisher":{"@id":"https:\/\/iraurgiberritzen.eus\/es\/#organization"},"potentialAction":[{"@type":"SearchAction","target":{"@type":"EntryPoint","urlTemplate":"https:\/\/iraurgiberritzen.eus\/es\/?s={search_term_string}"},"query-input":{"@type":"PropertyValueSpecification","valueRequired":true,"valueName":"search_term_string"}}],"inLanguage":"es"},{"@type":"Organization","@id":"https:\/\/iraurgiberritzen.eus\/es\/#organization","name":"Iraurgi Berritzen","url":"https:\/\/iraurgiberritzen.eus\/es\/","logo":{"@type":"ImageObject","inLanguage":"es","@id":"https:\/\/iraurgiberritzen.eus\/es\/#\/schema\/logo\/image\/","url":"https:\/\/iraurgiberritzen.eus\/wp-content\/uploads\/2024\/02\/IRAURGI-BERRITZEN-logotipoa_2.png","contentUrl":"https:\/\/iraurgiberritzen.eus\/wp-content\/uploads\/2024\/02\/IRAURGI-BERRITZEN-logotipoa_2.png","width":496,"height":190,"caption":"Iraurgi Berritzen"},"image":{"@id":"https:\/\/iraurgiberritzen.eus\/es\/#\/schema\/logo\/image\/"}},{"@type":"Person","@id":"https:\/\/iraurgiberritzen.eus\/es\/#\/schema\/person\/a32c9825b3e2bfcbe757a97f6a15c8a5","name":"ainara"}]}},"_links":{"self":[{"href":"https:\/\/iraurgiberritzen.eus\/es\/wp-json\/wp\/v2\/posts\/21508","targetHints":{"allow":["GET"]}}],"collection":[{"href":"https:\/\/iraurgiberritzen.eus\/es\/wp-json\/wp\/v2\/posts"}],"about":[{"href":"https:\/\/iraurgiberritzen.eus\/es\/wp-json\/wp\/v2\/types\/post"}],"author":[{"embeddable":true,"href":"https:\/\/iraurgiberritzen.eus\/es\/wp-json\/wp\/v2\/users\/4"}],"replies":[{"embeddable":true,"href":"https:\/\/iraurgiberritzen.eus\/es\/wp-json\/wp\/v2\/comments?post=21508"}],"version-history":[{"count":1,"href":"https:\/\/iraurgiberritzen.eus\/es\/wp-json\/wp\/v2\/posts\/21508\/revisions"}],"predecessor-version":[{"id":21511,"href":"https:\/\/iraurgiberritzen.eus\/es\/wp-json\/wp\/v2\/posts\/21508\/revisions\/21511"}],"wp:featuredmedia":[{"embeddable":true,"href":"https:\/\/iraurgiberritzen.eus\/es\/wp-json\/wp\/v2\/media\/21509"}],"wp:attachment":[{"href":"https:\/\/iraurgiberritzen.eus\/es\/wp-json\/wp\/v2\/media?parent=21508"}],"wp:term":[{"taxonomy":"category","embeddable":true,"href":"https:\/\/iraurgiberritzen.eus\/es\/wp-json\/wp\/v2\/categories?post=21508"},{"taxonomy":"post_tag","embeddable":true,"href":"https:\/\/iraurgiberritzen.eus\/es\/wp-json\/wp\/v2\/tags?post=21508"}],"curies":[{"name":"wp","href":"https:\/\/api.w.org\/{rel}","templated":true}]}}