{"id":21527,"date":"2024-10-04T15:49:51","date_gmt":"2024-10-04T13:49:51","guid":{"rendered":"https:\/\/iraurgiberritzen.eus\/?p=21527"},"modified":"2024-10-04T15:49:51","modified_gmt":"2024-10-04T13:49:51","slug":"analisis-de-la-transformacion-de-los-puestos-de-trabajo-y-las-tendencias-de-futuro-en-el-grupo-de-responsables-de-personas-de-las-empresas-de-la-red-2","status":"publish","type":"post","link":"https:\/\/iraurgiberritzen.eus\/es\/analisis-de-la-transformacion-de-los-puestos-de-trabajo-y-las-tendencias-de-futuro-en-el-grupo-de-responsables-de-personas-de-las-empresas-de-la-red-2\/","title":{"rendered":"An\u00e1lisis de la transformaci\u00f3n de los puestos de trabajo y las tendencias de futuro en el Grupo de Responsables de Personas de las empresas de la red"},"content":{"rendered":"<p>Los\/as Responsables de Personas de 10 empresas de lB Sarea se han reunido en el Palacio Basazanbal de Azpeitia para debatir y compartir experiencias en clave general sobre \u00abTransformaci\u00f3n de puestos de trabajo-tendencias de futuro\u00bb bajo la dinamizaci\u00f3n de Nerea Urcola.<\/p>\n<p>Se ha puesto en valor la oportunidad que este espacio brinda a este perfil clave para reunirse y compartir experiencias en funci\u00f3n de necesidades concretas, subrayando su importancia.<\/p>\n<p>Dentro de los retos que se vislumbran en este marco de cara al futuro, tambi\u00e9n han acordado l\u00edneas de trabajo que pueden ser de inter\u00e9s para seguir trabajando conjuntamente con esta din\u00e1mica.<\/p>\n","protected":false},"excerpt":{"rendered":"<p>Los\/as Responsables de Personas de 10 empresas de lB Sarea se han reunido en el Palacio Basazanbal de Azpeitia para debatir y compartir experiencias en clave general sobre \u00abTransformaci\u00f3n de puestos de trabajo-tendencias de futuro\u00bb bajo la dinamizaci\u00f3n de Nerea Urcola. Se ha puesto en valor la oportunidad que este espacio brinda a este perfil [&hellip;]<\/p>\n","protected":false},"author":4,"featured_media":21517,"comment_status":"closed","ping_status":"closed","sticky":false,"template":"","format":"standard","meta":{"_acf_changed":false,"footnotes":""},"categories":[4],"tags":[],"class_list":["post-21527","post","type-post","status-publish","format-standard","has-post-thumbnail","hentry","category-noticias","arloak-enpresa"],"acf":[],"yoast_head":"<!-- This site is optimized with the Yoast SEO plugin v27.4 - https:\/\/yoast.com\/product\/yoast-seo-wordpress\/ -->\n<title>An\u00e1lisis de la transformaci\u00f3n de los puestos de trabajo y las tendencias de futuro en el Grupo de Responsables de Personas de las empresas de la red - Iraurgi Berritzen<\/title>\n<meta name=\"robots\" content=\"index, follow, max-snippet:-1, max-image-preview:large, max-video-preview:-1\" \/>\n<link rel=\"canonical\" href=\"https:\/\/iraurgiberritzen.eus\/es\/analisis-de-la-transformacion-de-los-puestos-de-trabajo-y-las-tendencias-de-futuro-en-el-grupo-de-responsables-de-personas-de-las-empresas-de-la-red-2\/\" \/>\n<meta property=\"og:locale\" content=\"es_ES\" \/>\n<meta property=\"og:type\" content=\"article\" \/>\n<meta property=\"og:title\" content=\"An\u00e1lisis de la transformaci\u00f3n de los puestos de trabajo y las tendencias de futuro en el Grupo de Responsables de Personas de las empresas de la red - Iraurgi Berritzen\" \/>\n<meta property=\"og:description\" content=\"Los\/as Responsables de Personas de 10 empresas de lB Sarea se han reunido en el Palacio Basazanbal de Azpeitia para debatir y compartir experiencias en clave general sobre \u00abTransformaci\u00f3n de puestos de trabajo-tendencias de futuro\u00bb bajo la dinamizaci\u00f3n de Nerea Urcola. Se ha puesto en valor la oportunidad que este espacio brinda a este perfil [&hellip;]\" \/>\n<meta property=\"og:url\" content=\"https:\/\/iraurgiberritzen.eus\/es\/analisis-de-la-transformacion-de-los-puestos-de-trabajo-y-las-tendencias-de-futuro-en-el-grupo-de-responsables-de-personas-de-las-empresas-de-la-red-2\/\" \/>\n<meta property=\"og:site_name\" content=\"Iraurgi Berritzen\" \/>\n<meta property=\"article:published_time\" content=\"2024-10-04T13:49:51+00:00\" \/>\n<meta property=\"og:image\" content=\"https:\/\/iraurgiberritzen.eus\/wp-content\/uploads\/2024\/10\/WhatsApp-Image-2024-10-04-at-14.34.18-scaled.jpeg\" \/>\n\t<meta property=\"og:image:width\" content=\"1928\" \/>\n\t<meta property=\"og:image:height\" content=\"2560\" \/>\n\t<meta property=\"og:image:type\" content=\"image\/jpeg\" \/>\n<meta name=\"author\" content=\"ainara\" \/>\n<meta name=\"twitter:card\" content=\"summary_large_image\" \/>\n<meta name=\"twitter:label1\" content=\"Escrito por\" \/>\n\t<meta name=\"twitter:data1\" content=\"ainara\" \/>\n\t<meta name=\"twitter:label2\" content=\"Tiempo de lectura\" \/>\n\t<meta name=\"twitter:data2\" content=\"1 minuto\" \/>\n<script type=\"application\/ld+json\" class=\"yoast-schema-graph\">{\"@context\":\"https:\\\/\\\/schema.org\",\"@graph\":[{\"@type\":\"Article\",\"@id\":\"https:\\\/\\\/iraurgiberritzen.eus\\\/es\\\/analisis-de-la-transformacion-de-los-puestos-de-trabajo-y-las-tendencias-de-futuro-en-el-grupo-de-responsables-de-personas-de-las-empresas-de-la-red-2\\\/#article\",\"isPartOf\":{\"@id\":\"https:\\\/\\\/iraurgiberritzen.eus\\\/es\\\/analisis-de-la-transformacion-de-los-puestos-de-trabajo-y-las-tendencias-de-futuro-en-el-grupo-de-responsables-de-personas-de-las-empresas-de-la-red-2\\\/\"},\"author\":{\"name\":\"ainara\",\"@id\":\"https:\\\/\\\/iraurgiberritzen.eus\\\/es\\\/#\\\/schema\\\/person\\\/a32c9825b3e2bfcbe757a97f6a15c8a5\"},\"headline\":\"An\u00e1lisis de la transformaci\u00f3n de los puestos de trabajo y las tendencias de futuro en el Grupo de Responsables de Personas de las empresas de la red\",\"datePublished\":\"2024-10-04T13:49:51+00:00\",\"mainEntityOfPage\":{\"@id\":\"https:\\\/\\\/iraurgiberritzen.eus\\\/es\\\/analisis-de-la-transformacion-de-los-puestos-de-trabajo-y-las-tendencias-de-futuro-en-el-grupo-de-responsables-de-personas-de-las-empresas-de-la-red-2\\\/\"},\"wordCount\":137,\"publisher\":{\"@id\":\"https:\\\/\\\/iraurgiberritzen.eus\\\/es\\\/#organization\"},\"image\":{\"@id\":\"https:\\\/\\\/iraurgiberritzen.eus\\\/es\\\/analisis-de-la-transformacion-de-los-puestos-de-trabajo-y-las-tendencias-de-futuro-en-el-grupo-de-responsables-de-personas-de-las-empresas-de-la-red-2\\\/#primaryimage\"},\"thumbnailUrl\":\"https:\\\/\\\/iraurgiberritzen.eus\\\/wp-content\\\/uploads\\\/2024\\\/10\\\/WhatsApp-Image-2024-10-04-at-14.34.18-scaled.jpeg\",\"articleSection\":[\"Noticias\"],\"inLanguage\":\"es\"},{\"@type\":\"WebPage\",\"@id\":\"https:\\\/\\\/iraurgiberritzen.eus\\\/es\\\/analisis-de-la-transformacion-de-los-puestos-de-trabajo-y-las-tendencias-de-futuro-en-el-grupo-de-responsables-de-personas-de-las-empresas-de-la-red-2\\\/\",\"url\":\"https:\\\/\\\/iraurgiberritzen.eus\\\/es\\\/analisis-de-la-transformacion-de-los-puestos-de-trabajo-y-las-tendencias-de-futuro-en-el-grupo-de-responsables-de-personas-de-las-empresas-de-la-red-2\\\/\",\"name\":\"An\u00e1lisis de la transformaci\u00f3n de los puestos de trabajo y las tendencias de futuro en el Grupo de Responsables de Personas de las empresas de la red - Iraurgi Berritzen\",\"isPartOf\":{\"@id\":\"https:\\\/\\\/iraurgiberritzen.eus\\\/es\\\/#website\"},\"primaryImageOfPage\":{\"@id\":\"https:\\\/\\\/iraurgiberritzen.eus\\\/es\\\/analisis-de-la-transformacion-de-los-puestos-de-trabajo-y-las-tendencias-de-futuro-en-el-grupo-de-responsables-de-personas-de-las-empresas-de-la-red-2\\\/#primaryimage\"},\"image\":{\"@id\":\"https:\\\/\\\/iraurgiberritzen.eus\\\/es\\\/analisis-de-la-transformacion-de-los-puestos-de-trabajo-y-las-tendencias-de-futuro-en-el-grupo-de-responsables-de-personas-de-las-empresas-de-la-red-2\\\/#primaryimage\"},\"thumbnailUrl\":\"https:\\\/\\\/iraurgiberritzen.eus\\\/wp-content\\\/uploads\\\/2024\\\/10\\\/WhatsApp-Image-2024-10-04-at-14.34.18-scaled.jpeg\",\"datePublished\":\"2024-10-04T13:49:51+00:00\",\"breadcrumb\":{\"@id\":\"https:\\\/\\\/iraurgiberritzen.eus\\\/es\\\/analisis-de-la-transformacion-de-los-puestos-de-trabajo-y-las-tendencias-de-futuro-en-el-grupo-de-responsables-de-personas-de-las-empresas-de-la-red-2\\\/#breadcrumb\"},\"inLanguage\":\"es\",\"potentialAction\":[{\"@type\":\"ReadAction\",\"target\":[\"https:\\\/\\\/iraurgiberritzen.eus\\\/es\\\/analisis-de-la-transformacion-de-los-puestos-de-trabajo-y-las-tendencias-de-futuro-en-el-grupo-de-responsables-de-personas-de-las-empresas-de-la-red-2\\\/\"]}]},{\"@type\":\"ImageObject\",\"inLanguage\":\"es\",\"@id\":\"https:\\\/\\\/iraurgiberritzen.eus\\\/es\\\/analisis-de-la-transformacion-de-los-puestos-de-trabajo-y-las-tendencias-de-futuro-en-el-grupo-de-responsables-de-personas-de-las-empresas-de-la-red-2\\\/#primaryimage\",\"url\":\"https:\\\/\\\/iraurgiberritzen.eus\\\/wp-content\\\/uploads\\\/2024\\\/10\\\/WhatsApp-Image-2024-10-04-at-14.34.18-scaled.jpeg\",\"contentUrl\":\"https:\\\/\\\/iraurgiberritzen.eus\\\/wp-content\\\/uploads\\\/2024\\\/10\\\/WhatsApp-Image-2024-10-04-at-14.34.18-scaled.jpeg\",\"width\":1928,\"height\":2560},{\"@type\":\"BreadcrumbList\",\"@id\":\"https:\\\/\\\/iraurgiberritzen.eus\\\/es\\\/analisis-de-la-transformacion-de-los-puestos-de-trabajo-y-las-tendencias-de-futuro-en-el-grupo-de-responsables-de-personas-de-las-empresas-de-la-red-2\\\/#breadcrumb\",\"itemListElement\":[{\"@type\":\"ListItem\",\"position\":1,\"name\":\"Home\",\"item\":\"https:\\\/\\\/iraurgiberritzen.eus\\\/es\\\/\"},{\"@type\":\"ListItem\",\"position\":2,\"name\":\"An\u00e1lisis de la transformaci\u00f3n de los puestos de trabajo y las tendencias de futuro en el Grupo de Responsables de Personas de las empresas de la red\"}]},{\"@type\":\"WebSite\",\"@id\":\"https:\\\/\\\/iraurgiberritzen.eus\\\/es\\\/#website\",\"url\":\"https:\\\/\\\/iraurgiberritzen.eus\\\/es\\\/\",\"name\":\"Iraurgi Berritzen\",\"description\":\"Urola Erdiko Garapen Agentzia\",\"publisher\":{\"@id\":\"https:\\\/\\\/iraurgiberritzen.eus\\\/es\\\/#organization\"},\"potentialAction\":[{\"@type\":\"SearchAction\",\"target\":{\"@type\":\"EntryPoint\",\"urlTemplate\":\"https:\\\/\\\/iraurgiberritzen.eus\\\/es\\\/?s={search_term_string}\"},\"query-input\":{\"@type\":\"PropertyValueSpecification\",\"valueRequired\":true,\"valueName\":\"search_term_string\"}}],\"inLanguage\":\"es\"},{\"@type\":\"Organization\",\"@id\":\"https:\\\/\\\/iraurgiberritzen.eus\\\/es\\\/#organization\",\"name\":\"Iraurgi Berritzen\",\"url\":\"https:\\\/\\\/iraurgiberritzen.eus\\\/es\\\/\",\"logo\":{\"@type\":\"ImageObject\",\"inLanguage\":\"es\",\"@id\":\"https:\\\/\\\/iraurgiberritzen.eus\\\/es\\\/#\\\/schema\\\/logo\\\/image\\\/\",\"url\":\"https:\\\/\\\/iraurgiberritzen.eus\\\/wp-content\\\/uploads\\\/2024\\\/02\\\/IRAURGI-BERRITZEN-logotipoa_2.png\",\"contentUrl\":\"https:\\\/\\\/iraurgiberritzen.eus\\\/wp-content\\\/uploads\\\/2024\\\/02\\\/IRAURGI-BERRITZEN-logotipoa_2.png\",\"width\":496,\"height\":190,\"caption\":\"Iraurgi Berritzen\"},\"image\":{\"@id\":\"https:\\\/\\\/iraurgiberritzen.eus\\\/es\\\/#\\\/schema\\\/logo\\\/image\\\/\"}},{\"@type\":\"Person\",\"@id\":\"https:\\\/\\\/iraurgiberritzen.eus\\\/es\\\/#\\\/schema\\\/person\\\/a32c9825b3e2bfcbe757a97f6a15c8a5\",\"name\":\"ainara\"}]}<\/script>\n<!-- \/ Yoast SEO plugin. -->","yoast_head_json":{"title":"An\u00e1lisis de la transformaci\u00f3n de los puestos de trabajo y las tendencias de futuro en el Grupo de Responsables de Personas de las empresas de la red - Iraurgi Berritzen","robots":{"index":"index","follow":"follow","max-snippet":"max-snippet:-1","max-image-preview":"max-image-preview:large","max-video-preview":"max-video-preview:-1"},"canonical":"https:\/\/iraurgiberritzen.eus\/es\/analisis-de-la-transformacion-de-los-puestos-de-trabajo-y-las-tendencias-de-futuro-en-el-grupo-de-responsables-de-personas-de-las-empresas-de-la-red-2\/","og_locale":"es_ES","og_type":"article","og_title":"An\u00e1lisis de la transformaci\u00f3n de los puestos de trabajo y las tendencias de futuro en el Grupo de Responsables de Personas de las empresas de la red - Iraurgi Berritzen","og_description":"Los\/as Responsables de Personas de 10 empresas de lB Sarea se han reunido en el Palacio Basazanbal de Azpeitia para debatir y compartir experiencias en clave general sobre \u00abTransformaci\u00f3n de puestos de trabajo-tendencias de futuro\u00bb bajo la dinamizaci\u00f3n de Nerea Urcola. Se ha puesto en valor la oportunidad que este espacio brinda a este perfil [&hellip;]","og_url":"https:\/\/iraurgiberritzen.eus\/es\/analisis-de-la-transformacion-de-los-puestos-de-trabajo-y-las-tendencias-de-futuro-en-el-grupo-de-responsables-de-personas-de-las-empresas-de-la-red-2\/","og_site_name":"Iraurgi Berritzen","article_published_time":"2024-10-04T13:49:51+00:00","og_image":[{"width":1928,"height":2560,"url":"https:\/\/iraurgiberritzen.eus\/wp-content\/uploads\/2024\/10\/WhatsApp-Image-2024-10-04-at-14.34.18-scaled.jpeg","type":"image\/jpeg"}],"author":"ainara","twitter_card":"summary_large_image","twitter_misc":{"Escrito por":"ainara","Tiempo de lectura":"1 minuto"},"schema":{"@context":"https:\/\/schema.org","@graph":[{"@type":"Article","@id":"https:\/\/iraurgiberritzen.eus\/es\/analisis-de-la-transformacion-de-los-puestos-de-trabajo-y-las-tendencias-de-futuro-en-el-grupo-de-responsables-de-personas-de-las-empresas-de-la-red-2\/#article","isPartOf":{"@id":"https:\/\/iraurgiberritzen.eus\/es\/analisis-de-la-transformacion-de-los-puestos-de-trabajo-y-las-tendencias-de-futuro-en-el-grupo-de-responsables-de-personas-de-las-empresas-de-la-red-2\/"},"author":{"name":"ainara","@id":"https:\/\/iraurgiberritzen.eus\/es\/#\/schema\/person\/a32c9825b3e2bfcbe757a97f6a15c8a5"},"headline":"An\u00e1lisis de la transformaci\u00f3n de los puestos de trabajo y las tendencias de futuro en el Grupo de Responsables de Personas de las empresas de la red","datePublished":"2024-10-04T13:49:51+00:00","mainEntityOfPage":{"@id":"https:\/\/iraurgiberritzen.eus\/es\/analisis-de-la-transformacion-de-los-puestos-de-trabajo-y-las-tendencias-de-futuro-en-el-grupo-de-responsables-de-personas-de-las-empresas-de-la-red-2\/"},"wordCount":137,"publisher":{"@id":"https:\/\/iraurgiberritzen.eus\/es\/#organization"},"image":{"@id":"https:\/\/iraurgiberritzen.eus\/es\/analisis-de-la-transformacion-de-los-puestos-de-trabajo-y-las-tendencias-de-futuro-en-el-grupo-de-responsables-de-personas-de-las-empresas-de-la-red-2\/#primaryimage"},"thumbnailUrl":"https:\/\/iraurgiberritzen.eus\/wp-content\/uploads\/2024\/10\/WhatsApp-Image-2024-10-04-at-14.34.18-scaled.jpeg","articleSection":["Noticias"],"inLanguage":"es"},{"@type":"WebPage","@id":"https:\/\/iraurgiberritzen.eus\/es\/analisis-de-la-transformacion-de-los-puestos-de-trabajo-y-las-tendencias-de-futuro-en-el-grupo-de-responsables-de-personas-de-las-empresas-de-la-red-2\/","url":"https:\/\/iraurgiberritzen.eus\/es\/analisis-de-la-transformacion-de-los-puestos-de-trabajo-y-las-tendencias-de-futuro-en-el-grupo-de-responsables-de-personas-de-las-empresas-de-la-red-2\/","name":"An\u00e1lisis de la transformaci\u00f3n de los puestos de trabajo y las tendencias de futuro en el Grupo de Responsables de Personas de las empresas de la red - Iraurgi Berritzen","isPartOf":{"@id":"https:\/\/iraurgiberritzen.eus\/es\/#website"},"primaryImageOfPage":{"@id":"https:\/\/iraurgiberritzen.eus\/es\/analisis-de-la-transformacion-de-los-puestos-de-trabajo-y-las-tendencias-de-futuro-en-el-grupo-de-responsables-de-personas-de-las-empresas-de-la-red-2\/#primaryimage"},"image":{"@id":"https:\/\/iraurgiberritzen.eus\/es\/analisis-de-la-transformacion-de-los-puestos-de-trabajo-y-las-tendencias-de-futuro-en-el-grupo-de-responsables-de-personas-de-las-empresas-de-la-red-2\/#primaryimage"},"thumbnailUrl":"https:\/\/iraurgiberritzen.eus\/wp-content\/uploads\/2024\/10\/WhatsApp-Image-2024-10-04-at-14.34.18-scaled.jpeg","datePublished":"2024-10-04T13:49:51+00:00","breadcrumb":{"@id":"https:\/\/iraurgiberritzen.eus\/es\/analisis-de-la-transformacion-de-los-puestos-de-trabajo-y-las-tendencias-de-futuro-en-el-grupo-de-responsables-de-personas-de-las-empresas-de-la-red-2\/#breadcrumb"},"inLanguage":"es","potentialAction":[{"@type":"ReadAction","target":["https:\/\/iraurgiberritzen.eus\/es\/analisis-de-la-transformacion-de-los-puestos-de-trabajo-y-las-tendencias-de-futuro-en-el-grupo-de-responsables-de-personas-de-las-empresas-de-la-red-2\/"]}]},{"@type":"ImageObject","inLanguage":"es","@id":"https:\/\/iraurgiberritzen.eus\/es\/analisis-de-la-transformacion-de-los-puestos-de-trabajo-y-las-tendencias-de-futuro-en-el-grupo-de-responsables-de-personas-de-las-empresas-de-la-red-2\/#primaryimage","url":"https:\/\/iraurgiberritzen.eus\/wp-content\/uploads\/2024\/10\/WhatsApp-Image-2024-10-04-at-14.34.18-scaled.jpeg","contentUrl":"https:\/\/iraurgiberritzen.eus\/wp-content\/uploads\/2024\/10\/WhatsApp-Image-2024-10-04-at-14.34.18-scaled.jpeg","width":1928,"height":2560},{"@type":"BreadcrumbList","@id":"https:\/\/iraurgiberritzen.eus\/es\/analisis-de-la-transformacion-de-los-puestos-de-trabajo-y-las-tendencias-de-futuro-en-el-grupo-de-responsables-de-personas-de-las-empresas-de-la-red-2\/#breadcrumb","itemListElement":[{"@type":"ListItem","position":1,"name":"Home","item":"https:\/\/iraurgiberritzen.eus\/es\/"},{"@type":"ListItem","position":2,"name":"An\u00e1lisis de la transformaci\u00f3n de los puestos de trabajo y las tendencias de futuro en el Grupo de Responsables de Personas de las empresas de la red"}]},{"@type":"WebSite","@id":"https:\/\/iraurgiberritzen.eus\/es\/#website","url":"https:\/\/iraurgiberritzen.eus\/es\/","name":"Iraurgi Berritzen","description":"Urola Erdiko Garapen Agentzia","publisher":{"@id":"https:\/\/iraurgiberritzen.eus\/es\/#organization"},"potentialAction":[{"@type":"SearchAction","target":{"@type":"EntryPoint","urlTemplate":"https:\/\/iraurgiberritzen.eus\/es\/?s={search_term_string}"},"query-input":{"@type":"PropertyValueSpecification","valueRequired":true,"valueName":"search_term_string"}}],"inLanguage":"es"},{"@type":"Organization","@id":"https:\/\/iraurgiberritzen.eus\/es\/#organization","name":"Iraurgi Berritzen","url":"https:\/\/iraurgiberritzen.eus\/es\/","logo":{"@type":"ImageObject","inLanguage":"es","@id":"https:\/\/iraurgiberritzen.eus\/es\/#\/schema\/logo\/image\/","url":"https:\/\/iraurgiberritzen.eus\/wp-content\/uploads\/2024\/02\/IRAURGI-BERRITZEN-logotipoa_2.png","contentUrl":"https:\/\/iraurgiberritzen.eus\/wp-content\/uploads\/2024\/02\/IRAURGI-BERRITZEN-logotipoa_2.png","width":496,"height":190,"caption":"Iraurgi Berritzen"},"image":{"@id":"https:\/\/iraurgiberritzen.eus\/es\/#\/schema\/logo\/image\/"}},{"@type":"Person","@id":"https:\/\/iraurgiberritzen.eus\/es\/#\/schema\/person\/a32c9825b3e2bfcbe757a97f6a15c8a5","name":"ainara"}]}},"_links":{"self":[{"href":"https:\/\/iraurgiberritzen.eus\/es\/wp-json\/wp\/v2\/posts\/21527","targetHints":{"allow":["GET"]}}],"collection":[{"href":"https:\/\/iraurgiberritzen.eus\/es\/wp-json\/wp\/v2\/posts"}],"about":[{"href":"https:\/\/iraurgiberritzen.eus\/es\/wp-json\/wp\/v2\/types\/post"}],"author":[{"embeddable":true,"href":"https:\/\/iraurgiberritzen.eus\/es\/wp-json\/wp\/v2\/users\/4"}],"replies":[{"embeddable":true,"href":"https:\/\/iraurgiberritzen.eus\/es\/wp-json\/wp\/v2\/comments?post=21527"}],"version-history":[{"count":1,"href":"https:\/\/iraurgiberritzen.eus\/es\/wp-json\/wp\/v2\/posts\/21527\/revisions"}],"predecessor-version":[{"id":21529,"href":"https:\/\/iraurgiberritzen.eus\/es\/wp-json\/wp\/v2\/posts\/21527\/revisions\/21529"}],"wp:featuredmedia":[{"embeddable":true,"href":"https:\/\/iraurgiberritzen.eus\/es\/wp-json\/wp\/v2\/media\/21517"}],"wp:attachment":[{"href":"https:\/\/iraurgiberritzen.eus\/es\/wp-json\/wp\/v2\/media?parent=21527"}],"wp:term":[{"taxonomy":"category","embeddable":true,"href":"https:\/\/iraurgiberritzen.eus\/es\/wp-json\/wp\/v2\/categories?post=21527"},{"taxonomy":"post_tag","embeddable":true,"href":"https:\/\/iraurgiberritzen.eus\/es\/wp-json\/wp\/v2\/tags?post=21527"}],"curies":[{"name":"wp","href":"https:\/\/api.w.org\/{rel}","templated":true}]}}