{"id":21539,"date":"2024-10-07T11:57:01","date_gmt":"2024-10-07T09:57:01","guid":{"rendered":"https:\/\/iraurgiberritzen.eus\/?p=21539"},"modified":"2024-10-07T11:57:01","modified_gmt":"2024-10-07T09:57:01","slug":"arranca-el-proyecto-izan-ekintzaile-2024-25","status":"publish","type":"post","link":"https:\/\/iraurgiberritzen.eus\/es\/arranca-el-proyecto-izan-ekintzaile-2024-25\/","title":{"rendered":"Arranca el proyecto Izan Ekintzaile! 2024\/25"},"content":{"rendered":"<p>El equipo del proyecto<strong> Izan Ekintzaile!<\/strong> ha llevado a cabo una reuni\u00f3n en la que se han priorizado y planificado las acciones para el presente curso acad\u00e9mico. Esta iniciativa, dirigida al alumnado de 4\u00ba de Educaci\u00f3n Secundaria Obligatoria (ESO) y 2\u00ba de Bachillerato, persigue dos objetivos fundamentales: en primer lugar, fomentar entre los estudiantes los valores y competencias asociados al emprendimiento, y en segundo lugar, dar a conocer las vivencias y actividades de personas emprendedoras reales de la comarca.<\/p>\n<p>Durante la reuni\u00f3n de trabajo, se han consensuado las l\u00edneas de mejora identificadas en el curso anterior. Con el prop\u00f3sito de garantizar una mejora continua en el proceso, se ha presentado una gu\u00eda destinada al profesorado y se implementar\u00e1n diversas acciones para visibilizar los proyectos del alumnado.<\/p>\n<p>La puesta en marcha del proyecto est\u00e1 prevista en breve y se desarrollar\u00e1n dos acciones principales con los estudiantes de la comarca. En primer lugar, se realizar\u00e1 una sesi\u00f3n de trabajo para trabajar la sensibilizaci\u00f3n sobre las actividades de emprendimiento. En segundo lugar, se cerrar\u00e1 el proyecto con una sesi\u00f3n de trabajo que permitir\u00e1 conocer de cerca las experiencias de personas emprendedores de la comarca, estableciendo v\u00ednculos con ellas.<\/p>\n","protected":false},"excerpt":{"rendered":"<p>El equipo del proyecto Izan Ekintzaile! ha llevado a cabo una reuni\u00f3n en la que se han priorizado y planificado las acciones para el presente curso acad\u00e9mico. Esta iniciativa, dirigida al alumnado de 4\u00ba de Educaci\u00f3n Secundaria Obligatoria (ESO) y 2\u00ba de Bachillerato, persigue dos objetivos fundamentales: en primer lugar, fomentar entre los estudiantes los [&hellip;]<\/p>\n","protected":false},"author":4,"featured_media":21537,"comment_status":"closed","ping_status":"closed","sticky":false,"template":"","format":"standard","meta":{"_acf_changed":false,"footnotes":""},"categories":[4],"tags":[],"class_list":["post-21539","post","type-post","status-publish","format-standard","has-post-thumbnail","hentry","category-noticias","arloak-educacion","arloak-se-emprendedor"],"acf":[],"yoast_head":"<!-- This site is optimized with the Yoast SEO plugin v27.4 - https:\/\/yoast.com\/product\/yoast-seo-wordpress\/ -->\n<title>Arranca el proyecto Izan Ekintzaile! 2024\/25 - Iraurgi Berritzen<\/title>\n<meta name=\"robots\" content=\"index, follow, max-snippet:-1, max-image-preview:large, max-video-preview:-1\" \/>\n<link rel=\"canonical\" href=\"https:\/\/iraurgiberritzen.eus\/es\/arranca-el-proyecto-izan-ekintzaile-2024-25\/\" \/>\n<meta property=\"og:locale\" content=\"es_ES\" \/>\n<meta property=\"og:type\" content=\"article\" \/>\n<meta property=\"og:title\" content=\"Arranca el proyecto Izan Ekintzaile! 2024\/25 - Iraurgi Berritzen\" \/>\n<meta property=\"og:description\" content=\"El equipo del proyecto Izan Ekintzaile! ha llevado a cabo una reuni\u00f3n en la que se han priorizado y planificado las acciones para el presente curso acad\u00e9mico. Esta iniciativa, dirigida al alumnado de 4\u00ba de Educaci\u00f3n Secundaria Obligatoria (ESO) y 2\u00ba de Bachillerato, persigue dos objetivos fundamentales: en primer lugar, fomentar entre los estudiantes los [&hellip;]\" \/>\n<meta property=\"og:url\" content=\"https:\/\/iraurgiberritzen.eus\/es\/arranca-el-proyecto-izan-ekintzaile-2024-25\/\" \/>\n<meta property=\"og:site_name\" content=\"Iraurgi Berritzen\" \/>\n<meta property=\"article:published_time\" content=\"2024-10-07T09:57:01+00:00\" \/>\n<meta property=\"og:image\" content=\"https:\/\/iraurgiberritzen.eus\/wp-content\/uploads\/2024\/10\/WhatsApp-Image-2024-10-03-at-13.45.03-1-scaled.jpeg\" \/>\n\t<meta property=\"og:image:width\" content=\"2560\" \/>\n\t<meta property=\"og:image:height\" content=\"1920\" \/>\n\t<meta property=\"og:image:type\" content=\"image\/jpeg\" \/>\n<meta name=\"author\" content=\"ainara\" \/>\n<meta name=\"twitter:card\" content=\"summary_large_image\" \/>\n<meta name=\"twitter:label1\" content=\"Escrito por\" \/>\n\t<meta name=\"twitter:data1\" content=\"ainara\" \/>\n\t<meta name=\"twitter:label2\" content=\"Tiempo de lectura\" \/>\n\t<meta name=\"twitter:data2\" content=\"2 minutos\" \/>\n<script type=\"application\/ld+json\" class=\"yoast-schema-graph\">{\"@context\":\"https:\\\/\\\/schema.org\",\"@graph\":[{\"@type\":\"Article\",\"@id\":\"https:\\\/\\\/iraurgiberritzen.eus\\\/es\\\/arranca-el-proyecto-izan-ekintzaile-2024-25\\\/#article\",\"isPartOf\":{\"@id\":\"https:\\\/\\\/iraurgiberritzen.eus\\\/es\\\/arranca-el-proyecto-izan-ekintzaile-2024-25\\\/\"},\"author\":{\"name\":\"ainara\",\"@id\":\"https:\\\/\\\/iraurgiberritzen.eus\\\/es\\\/#\\\/schema\\\/person\\\/a32c9825b3e2bfcbe757a97f6a15c8a5\"},\"headline\":\"Arranca el proyecto Izan Ekintzaile! 2024\\\/25\",\"datePublished\":\"2024-10-07T09:57:01+00:00\",\"mainEntityOfPage\":{\"@id\":\"https:\\\/\\\/iraurgiberritzen.eus\\\/es\\\/arranca-el-proyecto-izan-ekintzaile-2024-25\\\/\"},\"wordCount\":211,\"publisher\":{\"@id\":\"https:\\\/\\\/iraurgiberritzen.eus\\\/es\\\/#organization\"},\"image\":{\"@id\":\"https:\\\/\\\/iraurgiberritzen.eus\\\/es\\\/arranca-el-proyecto-izan-ekintzaile-2024-25\\\/#primaryimage\"},\"thumbnailUrl\":\"https:\\\/\\\/iraurgiberritzen.eus\\\/wp-content\\\/uploads\\\/2024\\\/10\\\/WhatsApp-Image-2024-10-03-at-13.45.03-1-scaled.jpeg\",\"articleSection\":[\"Noticias\"],\"inLanguage\":\"es\"},{\"@type\":\"WebPage\",\"@id\":\"https:\\\/\\\/iraurgiberritzen.eus\\\/es\\\/arranca-el-proyecto-izan-ekintzaile-2024-25\\\/\",\"url\":\"https:\\\/\\\/iraurgiberritzen.eus\\\/es\\\/arranca-el-proyecto-izan-ekintzaile-2024-25\\\/\",\"name\":\"Arranca el proyecto Izan Ekintzaile! 2024\\\/25 - Iraurgi Berritzen\",\"isPartOf\":{\"@id\":\"https:\\\/\\\/iraurgiberritzen.eus\\\/es\\\/#website\"},\"primaryImageOfPage\":{\"@id\":\"https:\\\/\\\/iraurgiberritzen.eus\\\/es\\\/arranca-el-proyecto-izan-ekintzaile-2024-25\\\/#primaryimage\"},\"image\":{\"@id\":\"https:\\\/\\\/iraurgiberritzen.eus\\\/es\\\/arranca-el-proyecto-izan-ekintzaile-2024-25\\\/#primaryimage\"},\"thumbnailUrl\":\"https:\\\/\\\/iraurgiberritzen.eus\\\/wp-content\\\/uploads\\\/2024\\\/10\\\/WhatsApp-Image-2024-10-03-at-13.45.03-1-scaled.jpeg\",\"datePublished\":\"2024-10-07T09:57:01+00:00\",\"breadcrumb\":{\"@id\":\"https:\\\/\\\/iraurgiberritzen.eus\\\/es\\\/arranca-el-proyecto-izan-ekintzaile-2024-25\\\/#breadcrumb\"},\"inLanguage\":\"es\",\"potentialAction\":[{\"@type\":\"ReadAction\",\"target\":[\"https:\\\/\\\/iraurgiberritzen.eus\\\/es\\\/arranca-el-proyecto-izan-ekintzaile-2024-25\\\/\"]}]},{\"@type\":\"ImageObject\",\"inLanguage\":\"es\",\"@id\":\"https:\\\/\\\/iraurgiberritzen.eus\\\/es\\\/arranca-el-proyecto-izan-ekintzaile-2024-25\\\/#primaryimage\",\"url\":\"https:\\\/\\\/iraurgiberritzen.eus\\\/wp-content\\\/uploads\\\/2024\\\/10\\\/WhatsApp-Image-2024-10-03-at-13.45.03-1-scaled.jpeg\",\"contentUrl\":\"https:\\\/\\\/iraurgiberritzen.eus\\\/wp-content\\\/uploads\\\/2024\\\/10\\\/WhatsApp-Image-2024-10-03-at-13.45.03-1-scaled.jpeg\",\"width\":2560,\"height\":1920},{\"@type\":\"BreadcrumbList\",\"@id\":\"https:\\\/\\\/iraurgiberritzen.eus\\\/es\\\/arranca-el-proyecto-izan-ekintzaile-2024-25\\\/#breadcrumb\",\"itemListElement\":[{\"@type\":\"ListItem\",\"position\":1,\"name\":\"Home\",\"item\":\"https:\\\/\\\/iraurgiberritzen.eus\\\/es\\\/\"},{\"@type\":\"ListItem\",\"position\":2,\"name\":\"Arranca el proyecto Izan Ekintzaile! 2024\\\/25\"}]},{\"@type\":\"WebSite\",\"@id\":\"https:\\\/\\\/iraurgiberritzen.eus\\\/es\\\/#website\",\"url\":\"https:\\\/\\\/iraurgiberritzen.eus\\\/es\\\/\",\"name\":\"Iraurgi Berritzen\",\"description\":\"Urola Erdiko Garapen Agentzia\",\"publisher\":{\"@id\":\"https:\\\/\\\/iraurgiberritzen.eus\\\/es\\\/#organization\"},\"potentialAction\":[{\"@type\":\"SearchAction\",\"target\":{\"@type\":\"EntryPoint\",\"urlTemplate\":\"https:\\\/\\\/iraurgiberritzen.eus\\\/es\\\/?s={search_term_string}\"},\"query-input\":{\"@type\":\"PropertyValueSpecification\",\"valueRequired\":true,\"valueName\":\"search_term_string\"}}],\"inLanguage\":\"es\"},{\"@type\":\"Organization\",\"@id\":\"https:\\\/\\\/iraurgiberritzen.eus\\\/es\\\/#organization\",\"name\":\"Iraurgi Berritzen\",\"url\":\"https:\\\/\\\/iraurgiberritzen.eus\\\/es\\\/\",\"logo\":{\"@type\":\"ImageObject\",\"inLanguage\":\"es\",\"@id\":\"https:\\\/\\\/iraurgiberritzen.eus\\\/es\\\/#\\\/schema\\\/logo\\\/image\\\/\",\"url\":\"https:\\\/\\\/iraurgiberritzen.eus\\\/wp-content\\\/uploads\\\/2024\\\/02\\\/IRAURGI-BERRITZEN-logotipoa_2.png\",\"contentUrl\":\"https:\\\/\\\/iraurgiberritzen.eus\\\/wp-content\\\/uploads\\\/2024\\\/02\\\/IRAURGI-BERRITZEN-logotipoa_2.png\",\"width\":496,\"height\":190,\"caption\":\"Iraurgi Berritzen\"},\"image\":{\"@id\":\"https:\\\/\\\/iraurgiberritzen.eus\\\/es\\\/#\\\/schema\\\/logo\\\/image\\\/\"}},{\"@type\":\"Person\",\"@id\":\"https:\\\/\\\/iraurgiberritzen.eus\\\/es\\\/#\\\/schema\\\/person\\\/a32c9825b3e2bfcbe757a97f6a15c8a5\",\"name\":\"ainara\"}]}<\/script>\n<!-- \/ Yoast SEO plugin. -->","yoast_head_json":{"title":"Arranca el proyecto Izan Ekintzaile! 2024\/25 - Iraurgi Berritzen","robots":{"index":"index","follow":"follow","max-snippet":"max-snippet:-1","max-image-preview":"max-image-preview:large","max-video-preview":"max-video-preview:-1"},"canonical":"https:\/\/iraurgiberritzen.eus\/es\/arranca-el-proyecto-izan-ekintzaile-2024-25\/","og_locale":"es_ES","og_type":"article","og_title":"Arranca el proyecto Izan Ekintzaile! 2024\/25 - Iraurgi Berritzen","og_description":"El equipo del proyecto Izan Ekintzaile! ha llevado a cabo una reuni\u00f3n en la que se han priorizado y planificado las acciones para el presente curso acad\u00e9mico. Esta iniciativa, dirigida al alumnado de 4\u00ba de Educaci\u00f3n Secundaria Obligatoria (ESO) y 2\u00ba de Bachillerato, persigue dos objetivos fundamentales: en primer lugar, fomentar entre los estudiantes los [&hellip;]","og_url":"https:\/\/iraurgiberritzen.eus\/es\/arranca-el-proyecto-izan-ekintzaile-2024-25\/","og_site_name":"Iraurgi Berritzen","article_published_time":"2024-10-07T09:57:01+00:00","og_image":[{"width":2560,"height":1920,"url":"https:\/\/iraurgiberritzen.eus\/wp-content\/uploads\/2024\/10\/WhatsApp-Image-2024-10-03-at-13.45.03-1-scaled.jpeg","type":"image\/jpeg"}],"author":"ainara","twitter_card":"summary_large_image","twitter_misc":{"Escrito por":"ainara","Tiempo de lectura":"2 minutos"},"schema":{"@context":"https:\/\/schema.org","@graph":[{"@type":"Article","@id":"https:\/\/iraurgiberritzen.eus\/es\/arranca-el-proyecto-izan-ekintzaile-2024-25\/#article","isPartOf":{"@id":"https:\/\/iraurgiberritzen.eus\/es\/arranca-el-proyecto-izan-ekintzaile-2024-25\/"},"author":{"name":"ainara","@id":"https:\/\/iraurgiberritzen.eus\/es\/#\/schema\/person\/a32c9825b3e2bfcbe757a97f6a15c8a5"},"headline":"Arranca el proyecto Izan Ekintzaile! 2024\/25","datePublished":"2024-10-07T09:57:01+00:00","mainEntityOfPage":{"@id":"https:\/\/iraurgiberritzen.eus\/es\/arranca-el-proyecto-izan-ekintzaile-2024-25\/"},"wordCount":211,"publisher":{"@id":"https:\/\/iraurgiberritzen.eus\/es\/#organization"},"image":{"@id":"https:\/\/iraurgiberritzen.eus\/es\/arranca-el-proyecto-izan-ekintzaile-2024-25\/#primaryimage"},"thumbnailUrl":"https:\/\/iraurgiberritzen.eus\/wp-content\/uploads\/2024\/10\/WhatsApp-Image-2024-10-03-at-13.45.03-1-scaled.jpeg","articleSection":["Noticias"],"inLanguage":"es"},{"@type":"WebPage","@id":"https:\/\/iraurgiberritzen.eus\/es\/arranca-el-proyecto-izan-ekintzaile-2024-25\/","url":"https:\/\/iraurgiberritzen.eus\/es\/arranca-el-proyecto-izan-ekintzaile-2024-25\/","name":"Arranca el proyecto Izan Ekintzaile! 2024\/25 - Iraurgi Berritzen","isPartOf":{"@id":"https:\/\/iraurgiberritzen.eus\/es\/#website"},"primaryImageOfPage":{"@id":"https:\/\/iraurgiberritzen.eus\/es\/arranca-el-proyecto-izan-ekintzaile-2024-25\/#primaryimage"},"image":{"@id":"https:\/\/iraurgiberritzen.eus\/es\/arranca-el-proyecto-izan-ekintzaile-2024-25\/#primaryimage"},"thumbnailUrl":"https:\/\/iraurgiberritzen.eus\/wp-content\/uploads\/2024\/10\/WhatsApp-Image-2024-10-03-at-13.45.03-1-scaled.jpeg","datePublished":"2024-10-07T09:57:01+00:00","breadcrumb":{"@id":"https:\/\/iraurgiberritzen.eus\/es\/arranca-el-proyecto-izan-ekintzaile-2024-25\/#breadcrumb"},"inLanguage":"es","potentialAction":[{"@type":"ReadAction","target":["https:\/\/iraurgiberritzen.eus\/es\/arranca-el-proyecto-izan-ekintzaile-2024-25\/"]}]},{"@type":"ImageObject","inLanguage":"es","@id":"https:\/\/iraurgiberritzen.eus\/es\/arranca-el-proyecto-izan-ekintzaile-2024-25\/#primaryimage","url":"https:\/\/iraurgiberritzen.eus\/wp-content\/uploads\/2024\/10\/WhatsApp-Image-2024-10-03-at-13.45.03-1-scaled.jpeg","contentUrl":"https:\/\/iraurgiberritzen.eus\/wp-content\/uploads\/2024\/10\/WhatsApp-Image-2024-10-03-at-13.45.03-1-scaled.jpeg","width":2560,"height":1920},{"@type":"BreadcrumbList","@id":"https:\/\/iraurgiberritzen.eus\/es\/arranca-el-proyecto-izan-ekintzaile-2024-25\/#breadcrumb","itemListElement":[{"@type":"ListItem","position":1,"name":"Home","item":"https:\/\/iraurgiberritzen.eus\/es\/"},{"@type":"ListItem","position":2,"name":"Arranca el proyecto Izan Ekintzaile! 2024\/25"}]},{"@type":"WebSite","@id":"https:\/\/iraurgiberritzen.eus\/es\/#website","url":"https:\/\/iraurgiberritzen.eus\/es\/","name":"Iraurgi Berritzen","description":"Urola Erdiko Garapen Agentzia","publisher":{"@id":"https:\/\/iraurgiberritzen.eus\/es\/#organization"},"potentialAction":[{"@type":"SearchAction","target":{"@type":"EntryPoint","urlTemplate":"https:\/\/iraurgiberritzen.eus\/es\/?s={search_term_string}"},"query-input":{"@type":"PropertyValueSpecification","valueRequired":true,"valueName":"search_term_string"}}],"inLanguage":"es"},{"@type":"Organization","@id":"https:\/\/iraurgiberritzen.eus\/es\/#organization","name":"Iraurgi Berritzen","url":"https:\/\/iraurgiberritzen.eus\/es\/","logo":{"@type":"ImageObject","inLanguage":"es","@id":"https:\/\/iraurgiberritzen.eus\/es\/#\/schema\/logo\/image\/","url":"https:\/\/iraurgiberritzen.eus\/wp-content\/uploads\/2024\/02\/IRAURGI-BERRITZEN-logotipoa_2.png","contentUrl":"https:\/\/iraurgiberritzen.eus\/wp-content\/uploads\/2024\/02\/IRAURGI-BERRITZEN-logotipoa_2.png","width":496,"height":190,"caption":"Iraurgi Berritzen"},"image":{"@id":"https:\/\/iraurgiberritzen.eus\/es\/#\/schema\/logo\/image\/"}},{"@type":"Person","@id":"https:\/\/iraurgiberritzen.eus\/es\/#\/schema\/person\/a32c9825b3e2bfcbe757a97f6a15c8a5","name":"ainara"}]}},"_links":{"self":[{"href":"https:\/\/iraurgiberritzen.eus\/es\/wp-json\/wp\/v2\/posts\/21539","targetHints":{"allow":["GET"]}}],"collection":[{"href":"https:\/\/iraurgiberritzen.eus\/es\/wp-json\/wp\/v2\/posts"}],"about":[{"href":"https:\/\/iraurgiberritzen.eus\/es\/wp-json\/wp\/v2\/types\/post"}],"author":[{"embeddable":true,"href":"https:\/\/iraurgiberritzen.eus\/es\/wp-json\/wp\/v2\/users\/4"}],"replies":[{"embeddable":true,"href":"https:\/\/iraurgiberritzen.eus\/es\/wp-json\/wp\/v2\/comments?post=21539"}],"version-history":[{"count":1,"href":"https:\/\/iraurgiberritzen.eus\/es\/wp-json\/wp\/v2\/posts\/21539\/revisions"}],"predecessor-version":[{"id":21540,"href":"https:\/\/iraurgiberritzen.eus\/es\/wp-json\/wp\/v2\/posts\/21539\/revisions\/21540"}],"wp:featuredmedia":[{"embeddable":true,"href":"https:\/\/iraurgiberritzen.eus\/es\/wp-json\/wp\/v2\/media\/21537"}],"wp:attachment":[{"href":"https:\/\/iraurgiberritzen.eus\/es\/wp-json\/wp\/v2\/media?parent=21539"}],"wp:term":[{"taxonomy":"category","embeddable":true,"href":"https:\/\/iraurgiberritzen.eus\/es\/wp-json\/wp\/v2\/categories?post=21539"},{"taxonomy":"post_tag","embeddable":true,"href":"https:\/\/iraurgiberritzen.eus\/es\/wp-json\/wp\/v2\/tags?post=21539"}],"curies":[{"name":"wp","href":"https:\/\/api.w.org\/{rel}","templated":true}]}}