{"id":21547,"date":"2024-10-07T14:22:02","date_gmt":"2024-10-07T12:22:02","guid":{"rendered":"https:\/\/iraurgiberritzen.eus\/?p=21547"},"modified":"2024-10-07T14:27:44","modified_gmt":"2024-10-07T12:27:44","slug":"ciclo-de-jornadas-sobre-la-jubilacion-de-personas-autonomas-y-la-valoracion-de-pequenos-negocios-en-urola-erdia","status":"publish","type":"post","link":"https:\/\/iraurgiberritzen.eus\/es\/ciclo-de-jornadas-sobre-la-jubilacion-de-personas-autonomas-y-la-valoracion-de-pequenos-negocios-en-urola-erdia\/","title":{"rendered":"Ciclo de Jornadas sobre la Jubilaci\u00f3n de personas aut\u00f3nomas y la valoraci\u00f3n de peque\u00f1os negocios en Urola Erdia"},"content":{"rendered":"<p><span data-contrast=\"auto\">La mesa de comercio de Urola Erdia formada por Herrixen, Asociacion de comerciantes de Azkoitia, Bertan, Asociaci\u00f3n de comerciantes de Azpeitia e Iraurgi Berritzen, Agencia de Desarrollo e Innovaci\u00f3n de Urola Erdia, han organizado un ciclo de dos jornadas centradas en temas clave para<\/span><span data-contrast=\"auto\"> las personas aut\u00f3nomas <\/span><span data-contrast=\"auto\">y peque\u00f1os negocios, para los d\u00edas 24 y 31 de octubre en sesi\u00f3n de mediod\u00eda, de 14:00 \u2013 17:00 horas. Estas sesiones est\u00e1n dirigidas a <\/span><span data-contrast=\"auto\">todas aquellas personas propietarias <\/span><span data-contrast=\"auto\">de negocios, <\/span><span data-contrast=\"auto\">personas emprendedoras e\u00a0interesadas en conocer m\u00e1s sobre la jubilaci\u00f3n de<\/span><span data-contrast=\"auto\">\u00a0las personas aut\u00f3nomas y<\/span><span data-contrast=\"auto\"> los factores que determinan la valoraci\u00f3n de peque\u00f1os negocios.<\/span><span data-ccp-props=\"{&quot;201341983&quot;:0,&quot;335551550&quot;:6,&quot;335551620&quot;:6,&quot;335559739&quot;:160,&quot;335559740&quot;:279}\">\u00a0<\/span><\/p>\n<p><span data-contrast=\"auto\">El evento pretende ofrecer informaci\u00f3n \u00fatil a personas titulares de peque\u00f1os negocios\u00a0locales que se encuentran en etapas pr\u00f3ximas a la jubilaci\u00f3n o que desean conocer el valor real de su negocio. Las jornadas est\u00e1n dise\u00f1adas para poner en valor el tejido comercial local, destacando la importancia de los peque\u00f1os negocios como motor de la econom\u00eda en Urola Erdia y su rol esencial en la comunidad.<\/span><span data-ccp-props=\"{&quot;201341983&quot;:0,&quot;335551550&quot;:6,&quot;335551620&quot;:6,&quot;335559739&quot;:160,&quot;335559740&quot;:279}\">\u00a0<\/span><\/p>\n<p><span data-ccp-props=\"{&quot;201341983&quot;:0,&quot;335551550&quot;:6,&quot;335551620&quot;:6,&quot;335559739&quot;:160,&quot;335559740&quot;:279}\">\u00a0<\/span><b><span data-contrast=\"auto\">Programa de las jornadas:<\/span><\/b><span data-ccp-props=\"{&quot;201341983&quot;:0,&quot;335559739&quot;:160,&quot;335559740&quot;:279}\">\u00a0<\/span><\/p>\n<ul>\n<li data-leveltext=\"\uf0b7\" data-font=\"Symbol\" data-listid=\"7\" data-list-defn-props=\"{&quot;335552541&quot;:1,&quot;335559683&quot;:0,&quot;335559684&quot;:-2,&quot;335559685&quot;:720,&quot;335559991&quot;:360,&quot;469769226&quot;:&quot;Symbol&quot;,&quot;469769242&quot;:[8226],&quot;469777803&quot;:&quot;left&quot;,&quot;469777804&quot;:&quot;\uf0b7&quot;,&quot;469777815&quot;:&quot;hybridMultilevel&quot;}\" aria-setsize=\"-1\" data-aria-posinset=\"1\" data-aria-level=\"1\"><span data-contrast=\"auto\">Jornada 1: \u00abLa Jubilaci\u00f3n de las personas aut\u00f3nomas: Qu\u00e9 Tener en Cuenta\u00bb<\/span><span data-ccp-props=\"{&quot;201341983&quot;:0,&quot;335559739&quot;:160,&quot;335559740&quot;:279}\">\u00a0<\/span><\/li>\n<\/ul>\n<p><span data-contrast=\"auto\">Se analizar\u00e1n en este apartado las caracter\u00edsticas b\u00e1sicas de la prestaci\u00f3n por jubilaci\u00f3n en el caso de las personas trabajadoras aut\u00f3nomas, as\u00ed como la cotizaci\u00f3n m\u00e1s conveniente a fin de optimizar la misma.<\/span><span data-ccp-props=\"{&quot;201341983&quot;:0,&quot;335559739&quot;:160,&quot;335559740&quot;:279}\">\u00a0<\/span><\/p>\n<ul>\n<li style=\"list-style-type: none;\">\n<ul>\n<li data-leveltext=\"\uf0b7\" data-font=\"Symbol\" data-listid=\"2\" data-list-defn-props=\"{&quot;335552541&quot;:1,&quot;335559685&quot;:1068,&quot;335559991&quot;:360,&quot;469769226&quot;:&quot;Symbol&quot;,&quot;469769242&quot;:[8226],&quot;469777803&quot;:&quot;left&quot;,&quot;469777804&quot;:&quot;\uf0b7&quot;,&quot;469777815&quot;:&quot;hybridMultilevel&quot;}\" aria-setsize=\"-1\" data-aria-posinset=\"1\" data-aria-level=\"1\"><span data-contrast=\"auto\">\u00a0Fecha: 24 de octubre.<\/span><span data-ccp-props=\"{&quot;201341983&quot;:0,&quot;335559739&quot;:160,&quot;335559740&quot;:279}\">\u00a0<\/span><\/li>\n<li data-leveltext=\"\uf0b7\" data-font=\"Symbol\" data-listid=\"2\" data-list-defn-props=\"{&quot;335552541&quot;:1,&quot;335559685&quot;:1068,&quot;335559991&quot;:360,&quot;469769226&quot;:&quot;Symbol&quot;,&quot;469769242&quot;:[8226],&quot;469777803&quot;:&quot;left&quot;,&quot;469777804&quot;:&quot;\uf0b7&quot;,&quot;469777815&quot;:&quot;hybridMultilevel&quot;}\" aria-setsize=\"-1\" data-aria-posinset=\"1\" data-aria-level=\"1\"><span data-contrast=\"auto\">Hora: 14:00 \u2013 17:00.<\/span><span data-ccp-props=\"{&quot;201341983&quot;:0,&quot;335559739&quot;:160,&quot;335559740&quot;:279}\">\u00a0<\/span><\/li>\n<li data-leveltext=\"\uf0b7\" data-font=\"Symbol\" data-listid=\"2\" data-list-defn-props=\"{&quot;335552541&quot;:1,&quot;335559685&quot;:1068,&quot;335559991&quot;:360,&quot;469769226&quot;:&quot;Symbol&quot;,&quot;469769242&quot;:[8226],&quot;469777803&quot;:&quot;left&quot;,&quot;469777804&quot;:&quot;\uf0b7&quot;,&quot;469777815&quot;:&quot;hybridMultilevel&quot;}\" aria-setsize=\"-1\" data-aria-posinset=\"1\" data-aria-level=\"1\"><span data-contrast=\"auto\">Lugar: Palacio Intsausti 1\u00ba solairua. Azkoitia.<\/span><span data-ccp-props=\"{&quot;201341983&quot;:0,&quot;335559739&quot;:160,&quot;335559740&quot;:279}\">\u00a0<\/span><\/li>\n<\/ul>\n<\/li>\n<\/ul>\n<ul>\n<li data-leveltext=\"\uf0b7\" data-font=\"Symbol\" data-listid=\"6\" data-list-defn-props=\"{&quot;335552541&quot;:1,&quot;335559683&quot;:0,&quot;335559684&quot;:-2,&quot;335559685&quot;:720,&quot;335559991&quot;:360,&quot;469769226&quot;:&quot;Symbol&quot;,&quot;469769242&quot;:[8226],&quot;469777803&quot;:&quot;left&quot;,&quot;469777804&quot;:&quot;\uf0b7&quot;,&quot;469777815&quot;:&quot;hybridMultilevel&quot;}\" aria-setsize=\"-1\" data-aria-posinset=\"1\" data-aria-level=\"1\"><span data-contrast=\"auto\">Jornada 2: \u00abValoraci\u00f3n de Peque\u00f1os Negocios: \u00bfCu\u00e1nto Vale Mi Empresa?\u00bb<\/span><span data-ccp-props=\"{&quot;201341983&quot;:0,&quot;335559739&quot;:160,&quot;335559740&quot;:279}\">\u00a0<\/span><\/li>\n<\/ul>\n<p><span data-contrast=\"auto\">Se analizar\u00e1n los aspectos a tener en cuenta para la correcta valoraci\u00f3n de una empresa, planteando las hip\u00f3tesis a tener en cuenta, as\u00ed como los m\u00e9todos de valoraci\u00f3n que se pueden utilizar, junto con los pros y contras de realizar un traspaso.<\/span><span data-ccp-props=\"{&quot;201341983&quot;:0,&quot;335559739&quot;:160,&quot;335559740&quot;:279}\">\u00a0<\/span><\/p>\n<ul>\n<li style=\"list-style-type: none;\">\n<ul>\n<li data-leveltext=\"\uf0b7\" data-font=\"Symbol\" data-listid=\"1\" data-list-defn-props=\"{&quot;335552541&quot;:1,&quot;335559685&quot;:1068,&quot;335559991&quot;:360,&quot;469769226&quot;:&quot;Symbol&quot;,&quot;469769242&quot;:[8226],&quot;469777803&quot;:&quot;left&quot;,&quot;469777804&quot;:&quot;\uf0b7&quot;,&quot;469777815&quot;:&quot;hybridMultilevel&quot;}\" aria-setsize=\"-1\" data-aria-posinset=\"1\" data-aria-level=\"1\"><span data-contrast=\"auto\">Fecha: 31 de octubre.<\/span><span data-ccp-props=\"{&quot;201341983&quot;:0,&quot;335559739&quot;:160,&quot;335559740&quot;:279}\">\u00a0<\/span><\/li>\n<li data-leveltext=\"\uf0b7\" data-font=\"Symbol\" data-listid=\"1\" data-list-defn-props=\"{&quot;335552541&quot;:1,&quot;335559685&quot;:1068,&quot;335559991&quot;:360,&quot;469769226&quot;:&quot;Symbol&quot;,&quot;469769242&quot;:[8226],&quot;469777803&quot;:&quot;left&quot;,&quot;469777804&quot;:&quot;\uf0b7&quot;,&quot;469777815&quot;:&quot;hybridMultilevel&quot;}\" aria-setsize=\"-1\" data-aria-posinset=\"1\" data-aria-level=\"1\"><span data-contrast=\"auto\">Hora: 14:00 \u2013 17:00.<\/span><span data-ccp-props=\"{&quot;201341983&quot;:0,&quot;335559739&quot;:160,&quot;335559740&quot;:279}\">\u00a0<\/span><\/li>\n<li data-leveltext=\"\uf0b7\" data-font=\"Symbol\" data-listid=\"1\" data-list-defn-props=\"{&quot;335552541&quot;:1,&quot;335559685&quot;:1068,&quot;335559991&quot;:360,&quot;469769226&quot;:&quot;Symbol&quot;,&quot;469769242&quot;:[8226],&quot;469777803&quot;:&quot;left&quot;,&quot;469777804&quot;:&quot;\uf0b7&quot;,&quot;469777815&quot;:&quot;hybridMultilevel&quot;}\" aria-setsize=\"-1\" data-aria-posinset=\"1\" data-aria-level=\"1\"><span data-contrast=\"auto\">Lugar: Palacio Intsausti 1\u00aa planta. Azkoitia.<\/span><\/li>\n<\/ul>\n<\/li>\n<\/ul>\n<p><b><span data-contrast=\"auto\">Inscripci\u00f3n y participaci\u00f3n:<\/span><\/b><span data-ccp-props=\"{&quot;201341983&quot;:0,&quot;335559739&quot;:160,&quot;335559740&quot;:279}\">\u00a0<\/span><\/p>\n<p><span data-contrast=\"auto\">La inscripci\u00f3n es gratuita y est\u00e1 abierta a todas las personas interesadas. Se recomienda a\u00a0<\/span><span data-contrast=\"auto\">aquellas personas<\/span> <span data-contrast=\"auto\">asociadas <\/span><span data-contrast=\"auto\">a Herrixen o a Bertan, se pongan en contacto con el personal t\u00e9cnico correspondiente y aquellas que no est\u00e9n asociadas pueden inscribirse llamando a Iraurgi Berritzen, preguntando por Alazne Larra\u00f1aga en el tel\u00e9fono 688718777 o a trav\u00e9s del siguiente formulario: <\/span><a href=\"https:\/\/forms.office.com\/e\/6JTvkhtWq3\"><span data-contrast=\"none\">https:\/\/forms.office.com\/e\/6JTvkhtWq3<\/span><\/a><span data-ccp-props=\"{&quot;201341983&quot;:0,&quot;335559739&quot;:160,&quot;335559740&quot;:279}\">\u00a0<\/span><\/p>\n","protected":false},"excerpt":{"rendered":"<p>La mesa de comercio de Urola Erdia formada por Herrixen, Asociacion de comerciantes de Azkoitia, Bertan, Asociaci\u00f3n de comerciantes de Azpeitia e Iraurgi Berritzen, Agencia de Desarrollo e Innovaci\u00f3n de Urola Erdia, han organizado un ciclo de dos jornadas centradas en temas clave para las personas aut\u00f3nomas y peque\u00f1os negocios, para los d\u00edas 24 y [&hellip;]<\/p>\n","protected":false},"author":4,"featured_media":21543,"comment_status":"closed","ping_status":"closed","sticky":false,"template":"","format":"standard","meta":{"_acf_changed":false,"footnotes":""},"categories":[4],"tags":[],"class_list":["post-21547","post","type-post","status-publish","format-standard","has-post-thumbnail","hentry","category-noticias","arloak-comercio"],"acf":[],"yoast_head":"<!-- This site is optimized with the Yoast SEO plugin v27.4 - https:\/\/yoast.com\/product\/yoast-seo-wordpress\/ -->\n<title>Ciclo de Jornadas sobre la Jubilaci\u00f3n de personas aut\u00f3nomas y la valoraci\u00f3n de peque\u00f1os negocios en Urola Erdia - Iraurgi Berritzen<\/title>\n<meta name=\"robots\" content=\"index, follow, max-snippet:-1, max-image-preview:large, max-video-preview:-1\" \/>\n<link rel=\"canonical\" href=\"https:\/\/iraurgiberritzen.eus\/es\/ciclo-de-jornadas-sobre-la-jubilacion-de-personas-autonomas-y-la-valoracion-de-pequenos-negocios-en-urola-erdia\/\" \/>\n<meta property=\"og:locale\" content=\"es_ES\" \/>\n<meta property=\"og:type\" content=\"article\" \/>\n<meta property=\"og:title\" content=\"Ciclo de Jornadas sobre la Jubilaci\u00f3n de personas aut\u00f3nomas y la valoraci\u00f3n de peque\u00f1os negocios en Urola Erdia - Iraurgi Berritzen\" \/>\n<meta property=\"og:description\" content=\"La mesa de comercio de Urola Erdia formada por Herrixen, Asociacion de comerciantes de Azkoitia, Bertan, Asociaci\u00f3n de comerciantes de Azpeitia e Iraurgi Berritzen, Agencia de Desarrollo e Innovaci\u00f3n de Urola Erdia, han organizado un ciclo de dos jornadas centradas en temas clave para las personas aut\u00f3nomas y peque\u00f1os negocios, para los d\u00edas 24 y [&hellip;]\" \/>\n<meta property=\"og:url\" content=\"https:\/\/iraurgiberritzen.eus\/es\/ciclo-de-jornadas-sobre-la-jubilacion-de-personas-autonomas-y-la-valoracion-de-pequenos-negocios-en-urola-erdia\/\" \/>\n<meta property=\"og:site_name\" content=\"Iraurgi Berritzen\" \/>\n<meta property=\"article:published_time\" content=\"2024-10-07T12:22:02+00:00\" \/>\n<meta property=\"article:modified_time\" content=\"2024-10-07T12:27:44+00:00\" \/>\n<meta property=\"og:image\" content=\"https:\/\/iraurgiberritzen.eus\/wp-content\/uploads\/2024\/10\/74.png\" \/>\n\t<meta property=\"og:image:width\" content=\"800\" \/>\n\t<meta property=\"og:image:height\" content=\"550\" \/>\n\t<meta property=\"og:image:type\" content=\"image\/png\" \/>\n<meta name=\"author\" content=\"ainara\" \/>\n<meta name=\"twitter:card\" content=\"summary_large_image\" \/>\n<meta name=\"twitter:label1\" content=\"Escrito por\" \/>\n\t<meta name=\"twitter:data1\" content=\"ainara\" \/>\n\t<meta name=\"twitter:label2\" content=\"Tiempo de lectura\" \/>\n\t<meta name=\"twitter:data2\" content=\"3 minutos\" \/>\n<script type=\"application\/ld+json\" class=\"yoast-schema-graph\">{\"@context\":\"https:\\\/\\\/schema.org\",\"@graph\":[{\"@type\":\"Article\",\"@id\":\"https:\\\/\\\/iraurgiberritzen.eus\\\/es\\\/ciclo-de-jornadas-sobre-la-jubilacion-de-personas-autonomas-y-la-valoracion-de-pequenos-negocios-en-urola-erdia\\\/#article\",\"isPartOf\":{\"@id\":\"https:\\\/\\\/iraurgiberritzen.eus\\\/es\\\/ciclo-de-jornadas-sobre-la-jubilacion-de-personas-autonomas-y-la-valoracion-de-pequenos-negocios-en-urola-erdia\\\/\"},\"author\":{\"name\":\"ainara\",\"@id\":\"https:\\\/\\\/iraurgiberritzen.eus\\\/es\\\/#\\\/schema\\\/person\\\/a32c9825b3e2bfcbe757a97f6a15c8a5\"},\"headline\":\"Ciclo de Jornadas sobre la Jubilaci\u00f3n de personas aut\u00f3nomas y la valoraci\u00f3n de peque\u00f1os negocios en Urola Erdia\",\"datePublished\":\"2024-10-07T12:22:02+00:00\",\"dateModified\":\"2024-10-07T12:27:44+00:00\",\"mainEntityOfPage\":{\"@id\":\"https:\\\/\\\/iraurgiberritzen.eus\\\/es\\\/ciclo-de-jornadas-sobre-la-jubilacion-de-personas-autonomas-y-la-valoracion-de-pequenos-negocios-en-urola-erdia\\\/\"},\"wordCount\":415,\"publisher\":{\"@id\":\"https:\\\/\\\/iraurgiberritzen.eus\\\/es\\\/#organization\"},\"image\":{\"@id\":\"https:\\\/\\\/iraurgiberritzen.eus\\\/es\\\/ciclo-de-jornadas-sobre-la-jubilacion-de-personas-autonomas-y-la-valoracion-de-pequenos-negocios-en-urola-erdia\\\/#primaryimage\"},\"thumbnailUrl\":\"https:\\\/\\\/iraurgiberritzen.eus\\\/wp-content\\\/uploads\\\/2024\\\/10\\\/74.png\",\"articleSection\":[\"Noticias\"],\"inLanguage\":\"es\"},{\"@type\":\"WebPage\",\"@id\":\"https:\\\/\\\/iraurgiberritzen.eus\\\/es\\\/ciclo-de-jornadas-sobre-la-jubilacion-de-personas-autonomas-y-la-valoracion-de-pequenos-negocios-en-urola-erdia\\\/\",\"url\":\"https:\\\/\\\/iraurgiberritzen.eus\\\/es\\\/ciclo-de-jornadas-sobre-la-jubilacion-de-personas-autonomas-y-la-valoracion-de-pequenos-negocios-en-urola-erdia\\\/\",\"name\":\"Ciclo de Jornadas sobre la Jubilaci\u00f3n de personas aut\u00f3nomas y la valoraci\u00f3n de peque\u00f1os negocios en Urola Erdia - Iraurgi Berritzen\",\"isPartOf\":{\"@id\":\"https:\\\/\\\/iraurgiberritzen.eus\\\/es\\\/#website\"},\"primaryImageOfPage\":{\"@id\":\"https:\\\/\\\/iraurgiberritzen.eus\\\/es\\\/ciclo-de-jornadas-sobre-la-jubilacion-de-personas-autonomas-y-la-valoracion-de-pequenos-negocios-en-urola-erdia\\\/#primaryimage\"},\"image\":{\"@id\":\"https:\\\/\\\/iraurgiberritzen.eus\\\/es\\\/ciclo-de-jornadas-sobre-la-jubilacion-de-personas-autonomas-y-la-valoracion-de-pequenos-negocios-en-urola-erdia\\\/#primaryimage\"},\"thumbnailUrl\":\"https:\\\/\\\/iraurgiberritzen.eus\\\/wp-content\\\/uploads\\\/2024\\\/10\\\/74.png\",\"datePublished\":\"2024-10-07T12:22:02+00:00\",\"dateModified\":\"2024-10-07T12:27:44+00:00\",\"breadcrumb\":{\"@id\":\"https:\\\/\\\/iraurgiberritzen.eus\\\/es\\\/ciclo-de-jornadas-sobre-la-jubilacion-de-personas-autonomas-y-la-valoracion-de-pequenos-negocios-en-urola-erdia\\\/#breadcrumb\"},\"inLanguage\":\"es\",\"potentialAction\":[{\"@type\":\"ReadAction\",\"target\":[\"https:\\\/\\\/iraurgiberritzen.eus\\\/es\\\/ciclo-de-jornadas-sobre-la-jubilacion-de-personas-autonomas-y-la-valoracion-de-pequenos-negocios-en-urola-erdia\\\/\"]}]},{\"@type\":\"ImageObject\",\"inLanguage\":\"es\",\"@id\":\"https:\\\/\\\/iraurgiberritzen.eus\\\/es\\\/ciclo-de-jornadas-sobre-la-jubilacion-de-personas-autonomas-y-la-valoracion-de-pequenos-negocios-en-urola-erdia\\\/#primaryimage\",\"url\":\"https:\\\/\\\/iraurgiberritzen.eus\\\/wp-content\\\/uploads\\\/2024\\\/10\\\/74.png\",\"contentUrl\":\"https:\\\/\\\/iraurgiberritzen.eus\\\/wp-content\\\/uploads\\\/2024\\\/10\\\/74.png\",\"width\":800,\"height\":550},{\"@type\":\"BreadcrumbList\",\"@id\":\"https:\\\/\\\/iraurgiberritzen.eus\\\/es\\\/ciclo-de-jornadas-sobre-la-jubilacion-de-personas-autonomas-y-la-valoracion-de-pequenos-negocios-en-urola-erdia\\\/#breadcrumb\",\"itemListElement\":[{\"@type\":\"ListItem\",\"position\":1,\"name\":\"Home\",\"item\":\"https:\\\/\\\/iraurgiberritzen.eus\\\/es\\\/\"},{\"@type\":\"ListItem\",\"position\":2,\"name\":\"Ciclo de Jornadas sobre la Jubilaci\u00f3n de personas aut\u00f3nomas y la valoraci\u00f3n de peque\u00f1os negocios en Urola Erdia\"}]},{\"@type\":\"WebSite\",\"@id\":\"https:\\\/\\\/iraurgiberritzen.eus\\\/es\\\/#website\",\"url\":\"https:\\\/\\\/iraurgiberritzen.eus\\\/es\\\/\",\"name\":\"Iraurgi Berritzen\",\"description\":\"Urola Erdiko Garapen Agentzia\",\"publisher\":{\"@id\":\"https:\\\/\\\/iraurgiberritzen.eus\\\/es\\\/#organization\"},\"potentialAction\":[{\"@type\":\"SearchAction\",\"target\":{\"@type\":\"EntryPoint\",\"urlTemplate\":\"https:\\\/\\\/iraurgiberritzen.eus\\\/es\\\/?s={search_term_string}\"},\"query-input\":{\"@type\":\"PropertyValueSpecification\",\"valueRequired\":true,\"valueName\":\"search_term_string\"}}],\"inLanguage\":\"es\"},{\"@type\":\"Organization\",\"@id\":\"https:\\\/\\\/iraurgiberritzen.eus\\\/es\\\/#organization\",\"name\":\"Iraurgi Berritzen\",\"url\":\"https:\\\/\\\/iraurgiberritzen.eus\\\/es\\\/\",\"logo\":{\"@type\":\"ImageObject\",\"inLanguage\":\"es\",\"@id\":\"https:\\\/\\\/iraurgiberritzen.eus\\\/es\\\/#\\\/schema\\\/logo\\\/image\\\/\",\"url\":\"https:\\\/\\\/iraurgiberritzen.eus\\\/wp-content\\\/uploads\\\/2024\\\/02\\\/IRAURGI-BERRITZEN-logotipoa_2.png\",\"contentUrl\":\"https:\\\/\\\/iraurgiberritzen.eus\\\/wp-content\\\/uploads\\\/2024\\\/02\\\/IRAURGI-BERRITZEN-logotipoa_2.png\",\"width\":496,\"height\":190,\"caption\":\"Iraurgi Berritzen\"},\"image\":{\"@id\":\"https:\\\/\\\/iraurgiberritzen.eus\\\/es\\\/#\\\/schema\\\/logo\\\/image\\\/\"}},{\"@type\":\"Person\",\"@id\":\"https:\\\/\\\/iraurgiberritzen.eus\\\/es\\\/#\\\/schema\\\/person\\\/a32c9825b3e2bfcbe757a97f6a15c8a5\",\"name\":\"ainara\"}]}<\/script>\n<!-- \/ Yoast SEO plugin. -->","yoast_head_json":{"title":"Ciclo de Jornadas sobre la Jubilaci\u00f3n de personas aut\u00f3nomas y la valoraci\u00f3n de peque\u00f1os negocios en Urola Erdia - Iraurgi Berritzen","robots":{"index":"index","follow":"follow","max-snippet":"max-snippet:-1","max-image-preview":"max-image-preview:large","max-video-preview":"max-video-preview:-1"},"canonical":"https:\/\/iraurgiberritzen.eus\/es\/ciclo-de-jornadas-sobre-la-jubilacion-de-personas-autonomas-y-la-valoracion-de-pequenos-negocios-en-urola-erdia\/","og_locale":"es_ES","og_type":"article","og_title":"Ciclo de Jornadas sobre la Jubilaci\u00f3n de personas aut\u00f3nomas y la valoraci\u00f3n de peque\u00f1os negocios en Urola Erdia - Iraurgi Berritzen","og_description":"La mesa de comercio de Urola Erdia formada por Herrixen, Asociacion de comerciantes de Azkoitia, Bertan, Asociaci\u00f3n de comerciantes de Azpeitia e Iraurgi Berritzen, Agencia de Desarrollo e Innovaci\u00f3n de Urola Erdia, han organizado un ciclo de dos jornadas centradas en temas clave para las personas aut\u00f3nomas y peque\u00f1os negocios, para los d\u00edas 24 y [&hellip;]","og_url":"https:\/\/iraurgiberritzen.eus\/es\/ciclo-de-jornadas-sobre-la-jubilacion-de-personas-autonomas-y-la-valoracion-de-pequenos-negocios-en-urola-erdia\/","og_site_name":"Iraurgi Berritzen","article_published_time":"2024-10-07T12:22:02+00:00","article_modified_time":"2024-10-07T12:27:44+00:00","og_image":[{"width":800,"height":550,"url":"https:\/\/iraurgiberritzen.eus\/wp-content\/uploads\/2024\/10\/74.png","type":"image\/png"}],"author":"ainara","twitter_card":"summary_large_image","twitter_misc":{"Escrito por":"ainara","Tiempo de lectura":"3 minutos"},"schema":{"@context":"https:\/\/schema.org","@graph":[{"@type":"Article","@id":"https:\/\/iraurgiberritzen.eus\/es\/ciclo-de-jornadas-sobre-la-jubilacion-de-personas-autonomas-y-la-valoracion-de-pequenos-negocios-en-urola-erdia\/#article","isPartOf":{"@id":"https:\/\/iraurgiberritzen.eus\/es\/ciclo-de-jornadas-sobre-la-jubilacion-de-personas-autonomas-y-la-valoracion-de-pequenos-negocios-en-urola-erdia\/"},"author":{"name":"ainara","@id":"https:\/\/iraurgiberritzen.eus\/es\/#\/schema\/person\/a32c9825b3e2bfcbe757a97f6a15c8a5"},"headline":"Ciclo de Jornadas sobre la Jubilaci\u00f3n de personas aut\u00f3nomas y la valoraci\u00f3n de peque\u00f1os negocios en Urola Erdia","datePublished":"2024-10-07T12:22:02+00:00","dateModified":"2024-10-07T12:27:44+00:00","mainEntityOfPage":{"@id":"https:\/\/iraurgiberritzen.eus\/es\/ciclo-de-jornadas-sobre-la-jubilacion-de-personas-autonomas-y-la-valoracion-de-pequenos-negocios-en-urola-erdia\/"},"wordCount":415,"publisher":{"@id":"https:\/\/iraurgiberritzen.eus\/es\/#organization"},"image":{"@id":"https:\/\/iraurgiberritzen.eus\/es\/ciclo-de-jornadas-sobre-la-jubilacion-de-personas-autonomas-y-la-valoracion-de-pequenos-negocios-en-urola-erdia\/#primaryimage"},"thumbnailUrl":"https:\/\/iraurgiberritzen.eus\/wp-content\/uploads\/2024\/10\/74.png","articleSection":["Noticias"],"inLanguage":"es"},{"@type":"WebPage","@id":"https:\/\/iraurgiberritzen.eus\/es\/ciclo-de-jornadas-sobre-la-jubilacion-de-personas-autonomas-y-la-valoracion-de-pequenos-negocios-en-urola-erdia\/","url":"https:\/\/iraurgiberritzen.eus\/es\/ciclo-de-jornadas-sobre-la-jubilacion-de-personas-autonomas-y-la-valoracion-de-pequenos-negocios-en-urola-erdia\/","name":"Ciclo de Jornadas sobre la Jubilaci\u00f3n de personas aut\u00f3nomas y la valoraci\u00f3n de peque\u00f1os negocios en Urola Erdia - Iraurgi Berritzen","isPartOf":{"@id":"https:\/\/iraurgiberritzen.eus\/es\/#website"},"primaryImageOfPage":{"@id":"https:\/\/iraurgiberritzen.eus\/es\/ciclo-de-jornadas-sobre-la-jubilacion-de-personas-autonomas-y-la-valoracion-de-pequenos-negocios-en-urola-erdia\/#primaryimage"},"image":{"@id":"https:\/\/iraurgiberritzen.eus\/es\/ciclo-de-jornadas-sobre-la-jubilacion-de-personas-autonomas-y-la-valoracion-de-pequenos-negocios-en-urola-erdia\/#primaryimage"},"thumbnailUrl":"https:\/\/iraurgiberritzen.eus\/wp-content\/uploads\/2024\/10\/74.png","datePublished":"2024-10-07T12:22:02+00:00","dateModified":"2024-10-07T12:27:44+00:00","breadcrumb":{"@id":"https:\/\/iraurgiberritzen.eus\/es\/ciclo-de-jornadas-sobre-la-jubilacion-de-personas-autonomas-y-la-valoracion-de-pequenos-negocios-en-urola-erdia\/#breadcrumb"},"inLanguage":"es","potentialAction":[{"@type":"ReadAction","target":["https:\/\/iraurgiberritzen.eus\/es\/ciclo-de-jornadas-sobre-la-jubilacion-de-personas-autonomas-y-la-valoracion-de-pequenos-negocios-en-urola-erdia\/"]}]},{"@type":"ImageObject","inLanguage":"es","@id":"https:\/\/iraurgiberritzen.eus\/es\/ciclo-de-jornadas-sobre-la-jubilacion-de-personas-autonomas-y-la-valoracion-de-pequenos-negocios-en-urola-erdia\/#primaryimage","url":"https:\/\/iraurgiberritzen.eus\/wp-content\/uploads\/2024\/10\/74.png","contentUrl":"https:\/\/iraurgiberritzen.eus\/wp-content\/uploads\/2024\/10\/74.png","width":800,"height":550},{"@type":"BreadcrumbList","@id":"https:\/\/iraurgiberritzen.eus\/es\/ciclo-de-jornadas-sobre-la-jubilacion-de-personas-autonomas-y-la-valoracion-de-pequenos-negocios-en-urola-erdia\/#breadcrumb","itemListElement":[{"@type":"ListItem","position":1,"name":"Home","item":"https:\/\/iraurgiberritzen.eus\/es\/"},{"@type":"ListItem","position":2,"name":"Ciclo de Jornadas sobre la Jubilaci\u00f3n de personas aut\u00f3nomas y la valoraci\u00f3n de peque\u00f1os negocios en Urola Erdia"}]},{"@type":"WebSite","@id":"https:\/\/iraurgiberritzen.eus\/es\/#website","url":"https:\/\/iraurgiberritzen.eus\/es\/","name":"Iraurgi Berritzen","description":"Urola Erdiko Garapen Agentzia","publisher":{"@id":"https:\/\/iraurgiberritzen.eus\/es\/#organization"},"potentialAction":[{"@type":"SearchAction","target":{"@type":"EntryPoint","urlTemplate":"https:\/\/iraurgiberritzen.eus\/es\/?s={search_term_string}"},"query-input":{"@type":"PropertyValueSpecification","valueRequired":true,"valueName":"search_term_string"}}],"inLanguage":"es"},{"@type":"Organization","@id":"https:\/\/iraurgiberritzen.eus\/es\/#organization","name":"Iraurgi Berritzen","url":"https:\/\/iraurgiberritzen.eus\/es\/","logo":{"@type":"ImageObject","inLanguage":"es","@id":"https:\/\/iraurgiberritzen.eus\/es\/#\/schema\/logo\/image\/","url":"https:\/\/iraurgiberritzen.eus\/wp-content\/uploads\/2024\/02\/IRAURGI-BERRITZEN-logotipoa_2.png","contentUrl":"https:\/\/iraurgiberritzen.eus\/wp-content\/uploads\/2024\/02\/IRAURGI-BERRITZEN-logotipoa_2.png","width":496,"height":190,"caption":"Iraurgi Berritzen"},"image":{"@id":"https:\/\/iraurgiberritzen.eus\/es\/#\/schema\/logo\/image\/"}},{"@type":"Person","@id":"https:\/\/iraurgiberritzen.eus\/es\/#\/schema\/person\/a32c9825b3e2bfcbe757a97f6a15c8a5","name":"ainara"}]}},"_links":{"self":[{"href":"https:\/\/iraurgiberritzen.eus\/es\/wp-json\/wp\/v2\/posts\/21547","targetHints":{"allow":["GET"]}}],"collection":[{"href":"https:\/\/iraurgiberritzen.eus\/es\/wp-json\/wp\/v2\/posts"}],"about":[{"href":"https:\/\/iraurgiberritzen.eus\/es\/wp-json\/wp\/v2\/types\/post"}],"author":[{"embeddable":true,"href":"https:\/\/iraurgiberritzen.eus\/es\/wp-json\/wp\/v2\/users\/4"}],"replies":[{"embeddable":true,"href":"https:\/\/iraurgiberritzen.eus\/es\/wp-json\/wp\/v2\/comments?post=21547"}],"version-history":[{"count":3,"href":"https:\/\/iraurgiberritzen.eus\/es\/wp-json\/wp\/v2\/posts\/21547\/revisions"}],"predecessor-version":[{"id":21551,"href":"https:\/\/iraurgiberritzen.eus\/es\/wp-json\/wp\/v2\/posts\/21547\/revisions\/21551"}],"wp:featuredmedia":[{"embeddable":true,"href":"https:\/\/iraurgiberritzen.eus\/es\/wp-json\/wp\/v2\/media\/21543"}],"wp:attachment":[{"href":"https:\/\/iraurgiberritzen.eus\/es\/wp-json\/wp\/v2\/media?parent=21547"}],"wp:term":[{"taxonomy":"category","embeddable":true,"href":"https:\/\/iraurgiberritzen.eus\/es\/wp-json\/wp\/v2\/categories?post=21547"},{"taxonomy":"post_tag","embeddable":true,"href":"https:\/\/iraurgiberritzen.eus\/es\/wp-json\/wp\/v2\/tags?post=21547"}],"curies":[{"name":"wp","href":"https:\/\/api.w.org\/{rel}","templated":true}]}}