{"id":21587,"date":"2024-10-10T21:43:32","date_gmt":"2024-10-10T19:43:32","guid":{"rendered":"https:\/\/iraurgiberritzen.eus\/?p=21587"},"modified":"2024-10-10T21:43:32","modified_gmt":"2024-10-10T19:43:32","slug":"el-encuentro-de-la-industria-de-gipuzkoa-se-celebrara-el-30-de-octubre","status":"publish","type":"post","link":"https:\/\/iraurgiberritzen.eus\/es\/el-encuentro-de-la-industria-de-gipuzkoa-se-celebrara-el-30-de-octubre\/","title":{"rendered":"El encuentro de la industria de Gipuzkoa se celebrar\u00e1 el 30 de octubre"},"content":{"rendered":"<h5>Ser\u00e1 una jornada sobre los retos de la Transformaci\u00f3n Digital, la Sostenibilidad, el Relevo Generacional y el Crecimiento en tama\u00f1o de la Empresa.<\/h5>\n<p>Otro a\u00f1o m\u00e1s vuelve el Encuentro de la Industria de Gipuzkoa (Rethink Industry en ediciones anteriores). Ser\u00e1 el pr\u00f3ximo mi\u00e9rcoles, <strong>30 de octubre<\/strong>, en el <strong>Palacio de Congresos Kursaal<\/strong> de Donostia-San Sebasti\u00e1n, de 09:00 a 13:30 horas. La apertura de puertas y la acreditaci\u00f3n se realizar\u00e1 a partir de las 8:15 horas, y tras la jornada se ofrecer\u00e1 un lunch. En este evento, las empresas del territorio compartir\u00e1n los retos a los que se enfrentan, y las empresas participantes tendr\u00e1n la oportunidad de escuchar las experiencias de aquellas que los est\u00e1n abordando con \u00e9xito, consiguiendo as\u00ed crear una industria competitiva en Gipuzkoa.<\/p>\n<p>Adem\u00e1s de <strong>dos charlas inspiradoras<\/strong> desde una perspectiva Internacional, habr\u00e1 cuatro mesas redondas sobre c\u00f3mo afrontar la <strong>transformaci\u00f3n digital<\/strong>, la <strong>econom\u00eda verde<\/strong>, el reto del <strong>crecimiento en la pyme<\/strong>, y, <strong>la continuidad y el relevo generacional<\/strong>, entre otros temas. En cuanto a las empresas de Urola Medio, representantes de Ekintza Mekanizatuak, Domusa y Biele presentar\u00e1n sus experiencias en torno a la transformaci\u00f3n digital &amp; ciberseguridad, la transici\u00f3n energ\u00e9tica y el crecimiento empresarial.<\/p>\n<p>A trav\u00e9s de este programa, conocer de primera mano c\u00f3mo unas empresas est\u00e1n haciendo frente a estos retos permitir\u00e1 a otras con necesidades similares avanzar m\u00e1s r\u00e1pido. No es teor\u00eda; es la experiencia a disposici\u00f3n de la pyme del territorio.<\/p>\n<p>Para m\u00e1s informaci\u00f3n y\/o inter\u00e9s en participar en esta jornada, pinche en el siguiente enlace: <strong><a href=\"https:\/\/www.gipuzkoa.eus\/es\/web\/kongresua\/industria\">https:\/\/www.gipuzkoa.eus\/es\/web\/kongresua\/industria <\/a><\/strong><\/p>\n","protected":false},"excerpt":{"rendered":"<p>Ser\u00e1 una jornada sobre los retos de la Transformaci\u00f3n Digital, la Sostenibilidad, el Relevo Generacional y el Crecimiento en tama\u00f1o de la Empresa. Otro a\u00f1o m\u00e1s vuelve el Encuentro de la Industria de Gipuzkoa (Rethink Industry en ediciones anteriores). Ser\u00e1 el pr\u00f3ximo mi\u00e9rcoles, 30 de octubre, en el Palacio de Congresos Kursaal de Donostia-San Sebasti\u00e1n, [&hellip;]<\/p>\n","protected":false},"author":4,"featured_media":21589,"comment_status":"closed","ping_status":"closed","sticky":false,"template":"","format":"standard","meta":{"_acf_changed":false,"footnotes":""},"categories":[4],"tags":[],"class_list":["post-21587","post","type-post","status-publish","format-standard","has-post-thumbnail","hentry","category-noticias","arloak-enpresa"],"acf":[],"yoast_head":"<!-- This site is optimized with the Yoast SEO plugin v27.4 - https:\/\/yoast.com\/product\/yoast-seo-wordpress\/ -->\n<title>El encuentro de la industria de Gipuzkoa se celebrar\u00e1 el 30 de octubre - Iraurgi Berritzen<\/title>\n<meta name=\"robots\" content=\"index, follow, max-snippet:-1, max-image-preview:large, max-video-preview:-1\" \/>\n<link rel=\"canonical\" href=\"https:\/\/iraurgiberritzen.eus\/es\/el-encuentro-de-la-industria-de-gipuzkoa-se-celebrara-el-30-de-octubre\/\" \/>\n<meta property=\"og:locale\" content=\"es_ES\" \/>\n<meta property=\"og:type\" content=\"article\" \/>\n<meta property=\"og:title\" content=\"El encuentro de la industria de Gipuzkoa se celebrar\u00e1 el 30 de octubre - Iraurgi Berritzen\" \/>\n<meta property=\"og:description\" content=\"Ser\u00e1 una jornada sobre los retos de la Transformaci\u00f3n Digital, la Sostenibilidad, el Relevo Generacional y el Crecimiento en tama\u00f1o de la Empresa. Otro a\u00f1o m\u00e1s vuelve el Encuentro de la Industria de Gipuzkoa (Rethink Industry en ediciones anteriores). Ser\u00e1 el pr\u00f3ximo mi\u00e9rcoles, 30 de octubre, en el Palacio de Congresos Kursaal de Donostia-San Sebasti\u00e1n, [&hellip;]\" \/>\n<meta property=\"og:url\" content=\"https:\/\/iraurgiberritzen.eus\/es\/el-encuentro-de-la-industria-de-gipuzkoa-se-celebrara-el-30-de-octubre\/\" \/>\n<meta property=\"og:site_name\" content=\"Iraurgi Berritzen\" \/>\n<meta property=\"article:published_time\" content=\"2024-10-10T19:43:32+00:00\" \/>\n<meta property=\"og:image\" content=\"https:\/\/iraurgiberritzen.eus\/wp-content\/uploads\/2024\/10\/banner-RRSS_CAST.jpg\" \/>\n\t<meta property=\"og:image:width\" content=\"1080\" \/>\n\t<meta property=\"og:image:height\" content=\"1080\" \/>\n\t<meta property=\"og:image:type\" content=\"image\/jpeg\" \/>\n<meta name=\"author\" content=\"ainara\" \/>\n<meta name=\"twitter:card\" content=\"summary_large_image\" \/>\n<meta name=\"twitter:label1\" content=\"Escrito por\" \/>\n\t<meta name=\"twitter:data1\" content=\"ainara\" \/>\n\t<meta name=\"twitter:label2\" content=\"Tiempo de lectura\" \/>\n\t<meta name=\"twitter:data2\" content=\"2 minutos\" \/>\n<script type=\"application\/ld+json\" class=\"yoast-schema-graph\">{\"@context\":\"https:\\\/\\\/schema.org\",\"@graph\":[{\"@type\":\"Article\",\"@id\":\"https:\\\/\\\/iraurgiberritzen.eus\\\/es\\\/el-encuentro-de-la-industria-de-gipuzkoa-se-celebrara-el-30-de-octubre\\\/#article\",\"isPartOf\":{\"@id\":\"https:\\\/\\\/iraurgiberritzen.eus\\\/es\\\/el-encuentro-de-la-industria-de-gipuzkoa-se-celebrara-el-30-de-octubre\\\/\"},\"author\":{\"name\":\"ainara\",\"@id\":\"https:\\\/\\\/iraurgiberritzen.eus\\\/es\\\/#\\\/schema\\\/person\\\/a32c9825b3e2bfcbe757a97f6a15c8a5\"},\"headline\":\"El encuentro de la industria de Gipuzkoa se celebrar\u00e1 el 30 de octubre\",\"datePublished\":\"2024-10-10T19:43:32+00:00\",\"mainEntityOfPage\":{\"@id\":\"https:\\\/\\\/iraurgiberritzen.eus\\\/es\\\/el-encuentro-de-la-industria-de-gipuzkoa-se-celebrara-el-30-de-octubre\\\/\"},\"wordCount\":298,\"publisher\":{\"@id\":\"https:\\\/\\\/iraurgiberritzen.eus\\\/es\\\/#organization\"},\"image\":{\"@id\":\"https:\\\/\\\/iraurgiberritzen.eus\\\/es\\\/el-encuentro-de-la-industria-de-gipuzkoa-se-celebrara-el-30-de-octubre\\\/#primaryimage\"},\"thumbnailUrl\":\"https:\\\/\\\/iraurgiberritzen.eus\\\/wp-content\\\/uploads\\\/2024\\\/10\\\/banner-RRSS_CAST.jpg\",\"articleSection\":[\"Noticias\"],\"inLanguage\":\"es\"},{\"@type\":\"WebPage\",\"@id\":\"https:\\\/\\\/iraurgiberritzen.eus\\\/es\\\/el-encuentro-de-la-industria-de-gipuzkoa-se-celebrara-el-30-de-octubre\\\/\",\"url\":\"https:\\\/\\\/iraurgiberritzen.eus\\\/es\\\/el-encuentro-de-la-industria-de-gipuzkoa-se-celebrara-el-30-de-octubre\\\/\",\"name\":\"El encuentro de la industria de Gipuzkoa se celebrar\u00e1 el 30 de octubre - Iraurgi Berritzen\",\"isPartOf\":{\"@id\":\"https:\\\/\\\/iraurgiberritzen.eus\\\/es\\\/#website\"},\"primaryImageOfPage\":{\"@id\":\"https:\\\/\\\/iraurgiberritzen.eus\\\/es\\\/el-encuentro-de-la-industria-de-gipuzkoa-se-celebrara-el-30-de-octubre\\\/#primaryimage\"},\"image\":{\"@id\":\"https:\\\/\\\/iraurgiberritzen.eus\\\/es\\\/el-encuentro-de-la-industria-de-gipuzkoa-se-celebrara-el-30-de-octubre\\\/#primaryimage\"},\"thumbnailUrl\":\"https:\\\/\\\/iraurgiberritzen.eus\\\/wp-content\\\/uploads\\\/2024\\\/10\\\/banner-RRSS_CAST.jpg\",\"datePublished\":\"2024-10-10T19:43:32+00:00\",\"breadcrumb\":{\"@id\":\"https:\\\/\\\/iraurgiberritzen.eus\\\/es\\\/el-encuentro-de-la-industria-de-gipuzkoa-se-celebrara-el-30-de-octubre\\\/#breadcrumb\"},\"inLanguage\":\"es\",\"potentialAction\":[{\"@type\":\"ReadAction\",\"target\":[\"https:\\\/\\\/iraurgiberritzen.eus\\\/es\\\/el-encuentro-de-la-industria-de-gipuzkoa-se-celebrara-el-30-de-octubre\\\/\"]}]},{\"@type\":\"ImageObject\",\"inLanguage\":\"es\",\"@id\":\"https:\\\/\\\/iraurgiberritzen.eus\\\/es\\\/el-encuentro-de-la-industria-de-gipuzkoa-se-celebrara-el-30-de-octubre\\\/#primaryimage\",\"url\":\"https:\\\/\\\/iraurgiberritzen.eus\\\/wp-content\\\/uploads\\\/2024\\\/10\\\/banner-RRSS_CAST.jpg\",\"contentUrl\":\"https:\\\/\\\/iraurgiberritzen.eus\\\/wp-content\\\/uploads\\\/2024\\\/10\\\/banner-RRSS_CAST.jpg\",\"width\":1080,\"height\":1080},{\"@type\":\"BreadcrumbList\",\"@id\":\"https:\\\/\\\/iraurgiberritzen.eus\\\/es\\\/el-encuentro-de-la-industria-de-gipuzkoa-se-celebrara-el-30-de-octubre\\\/#breadcrumb\",\"itemListElement\":[{\"@type\":\"ListItem\",\"position\":1,\"name\":\"Home\",\"item\":\"https:\\\/\\\/iraurgiberritzen.eus\\\/es\\\/\"},{\"@type\":\"ListItem\",\"position\":2,\"name\":\"El encuentro de la industria de Gipuzkoa se celebrar\u00e1 el 30 de octubre\"}]},{\"@type\":\"WebSite\",\"@id\":\"https:\\\/\\\/iraurgiberritzen.eus\\\/es\\\/#website\",\"url\":\"https:\\\/\\\/iraurgiberritzen.eus\\\/es\\\/\",\"name\":\"Iraurgi Berritzen\",\"description\":\"Urola Erdiko Garapen Agentzia\",\"publisher\":{\"@id\":\"https:\\\/\\\/iraurgiberritzen.eus\\\/es\\\/#organization\"},\"potentialAction\":[{\"@type\":\"SearchAction\",\"target\":{\"@type\":\"EntryPoint\",\"urlTemplate\":\"https:\\\/\\\/iraurgiberritzen.eus\\\/es\\\/?s={search_term_string}\"},\"query-input\":{\"@type\":\"PropertyValueSpecification\",\"valueRequired\":true,\"valueName\":\"search_term_string\"}}],\"inLanguage\":\"es\"},{\"@type\":\"Organization\",\"@id\":\"https:\\\/\\\/iraurgiberritzen.eus\\\/es\\\/#organization\",\"name\":\"Iraurgi Berritzen\",\"url\":\"https:\\\/\\\/iraurgiberritzen.eus\\\/es\\\/\",\"logo\":{\"@type\":\"ImageObject\",\"inLanguage\":\"es\",\"@id\":\"https:\\\/\\\/iraurgiberritzen.eus\\\/es\\\/#\\\/schema\\\/logo\\\/image\\\/\",\"url\":\"https:\\\/\\\/iraurgiberritzen.eus\\\/wp-content\\\/uploads\\\/2024\\\/02\\\/IRAURGI-BERRITZEN-logotipoa_2.png\",\"contentUrl\":\"https:\\\/\\\/iraurgiberritzen.eus\\\/wp-content\\\/uploads\\\/2024\\\/02\\\/IRAURGI-BERRITZEN-logotipoa_2.png\",\"width\":496,\"height\":190,\"caption\":\"Iraurgi Berritzen\"},\"image\":{\"@id\":\"https:\\\/\\\/iraurgiberritzen.eus\\\/es\\\/#\\\/schema\\\/logo\\\/image\\\/\"}},{\"@type\":\"Person\",\"@id\":\"https:\\\/\\\/iraurgiberritzen.eus\\\/es\\\/#\\\/schema\\\/person\\\/a32c9825b3e2bfcbe757a97f6a15c8a5\",\"name\":\"ainara\"}]}<\/script>\n<!-- \/ Yoast SEO plugin. -->","yoast_head_json":{"title":"El encuentro de la industria de Gipuzkoa se celebrar\u00e1 el 30 de octubre - Iraurgi Berritzen","robots":{"index":"index","follow":"follow","max-snippet":"max-snippet:-1","max-image-preview":"max-image-preview:large","max-video-preview":"max-video-preview:-1"},"canonical":"https:\/\/iraurgiberritzen.eus\/es\/el-encuentro-de-la-industria-de-gipuzkoa-se-celebrara-el-30-de-octubre\/","og_locale":"es_ES","og_type":"article","og_title":"El encuentro de la industria de Gipuzkoa se celebrar\u00e1 el 30 de octubre - Iraurgi Berritzen","og_description":"Ser\u00e1 una jornada sobre los retos de la Transformaci\u00f3n Digital, la Sostenibilidad, el Relevo Generacional y el Crecimiento en tama\u00f1o de la Empresa. Otro a\u00f1o m\u00e1s vuelve el Encuentro de la Industria de Gipuzkoa (Rethink Industry en ediciones anteriores). Ser\u00e1 el pr\u00f3ximo mi\u00e9rcoles, 30 de octubre, en el Palacio de Congresos Kursaal de Donostia-San Sebasti\u00e1n, [&hellip;]","og_url":"https:\/\/iraurgiberritzen.eus\/es\/el-encuentro-de-la-industria-de-gipuzkoa-se-celebrara-el-30-de-octubre\/","og_site_name":"Iraurgi Berritzen","article_published_time":"2024-10-10T19:43:32+00:00","og_image":[{"width":1080,"height":1080,"url":"https:\/\/iraurgiberritzen.eus\/wp-content\/uploads\/2024\/10\/banner-RRSS_CAST.jpg","type":"image\/jpeg"}],"author":"ainara","twitter_card":"summary_large_image","twitter_misc":{"Escrito por":"ainara","Tiempo de lectura":"2 minutos"},"schema":{"@context":"https:\/\/schema.org","@graph":[{"@type":"Article","@id":"https:\/\/iraurgiberritzen.eus\/es\/el-encuentro-de-la-industria-de-gipuzkoa-se-celebrara-el-30-de-octubre\/#article","isPartOf":{"@id":"https:\/\/iraurgiberritzen.eus\/es\/el-encuentro-de-la-industria-de-gipuzkoa-se-celebrara-el-30-de-octubre\/"},"author":{"name":"ainara","@id":"https:\/\/iraurgiberritzen.eus\/es\/#\/schema\/person\/a32c9825b3e2bfcbe757a97f6a15c8a5"},"headline":"El encuentro de la industria de Gipuzkoa se celebrar\u00e1 el 30 de octubre","datePublished":"2024-10-10T19:43:32+00:00","mainEntityOfPage":{"@id":"https:\/\/iraurgiberritzen.eus\/es\/el-encuentro-de-la-industria-de-gipuzkoa-se-celebrara-el-30-de-octubre\/"},"wordCount":298,"publisher":{"@id":"https:\/\/iraurgiberritzen.eus\/es\/#organization"},"image":{"@id":"https:\/\/iraurgiberritzen.eus\/es\/el-encuentro-de-la-industria-de-gipuzkoa-se-celebrara-el-30-de-octubre\/#primaryimage"},"thumbnailUrl":"https:\/\/iraurgiberritzen.eus\/wp-content\/uploads\/2024\/10\/banner-RRSS_CAST.jpg","articleSection":["Noticias"],"inLanguage":"es"},{"@type":"WebPage","@id":"https:\/\/iraurgiberritzen.eus\/es\/el-encuentro-de-la-industria-de-gipuzkoa-se-celebrara-el-30-de-octubre\/","url":"https:\/\/iraurgiberritzen.eus\/es\/el-encuentro-de-la-industria-de-gipuzkoa-se-celebrara-el-30-de-octubre\/","name":"El encuentro de la industria de Gipuzkoa se celebrar\u00e1 el 30 de octubre - Iraurgi Berritzen","isPartOf":{"@id":"https:\/\/iraurgiberritzen.eus\/es\/#website"},"primaryImageOfPage":{"@id":"https:\/\/iraurgiberritzen.eus\/es\/el-encuentro-de-la-industria-de-gipuzkoa-se-celebrara-el-30-de-octubre\/#primaryimage"},"image":{"@id":"https:\/\/iraurgiberritzen.eus\/es\/el-encuentro-de-la-industria-de-gipuzkoa-se-celebrara-el-30-de-octubre\/#primaryimage"},"thumbnailUrl":"https:\/\/iraurgiberritzen.eus\/wp-content\/uploads\/2024\/10\/banner-RRSS_CAST.jpg","datePublished":"2024-10-10T19:43:32+00:00","breadcrumb":{"@id":"https:\/\/iraurgiberritzen.eus\/es\/el-encuentro-de-la-industria-de-gipuzkoa-se-celebrara-el-30-de-octubre\/#breadcrumb"},"inLanguage":"es","potentialAction":[{"@type":"ReadAction","target":["https:\/\/iraurgiberritzen.eus\/es\/el-encuentro-de-la-industria-de-gipuzkoa-se-celebrara-el-30-de-octubre\/"]}]},{"@type":"ImageObject","inLanguage":"es","@id":"https:\/\/iraurgiberritzen.eus\/es\/el-encuentro-de-la-industria-de-gipuzkoa-se-celebrara-el-30-de-octubre\/#primaryimage","url":"https:\/\/iraurgiberritzen.eus\/wp-content\/uploads\/2024\/10\/banner-RRSS_CAST.jpg","contentUrl":"https:\/\/iraurgiberritzen.eus\/wp-content\/uploads\/2024\/10\/banner-RRSS_CAST.jpg","width":1080,"height":1080},{"@type":"BreadcrumbList","@id":"https:\/\/iraurgiberritzen.eus\/es\/el-encuentro-de-la-industria-de-gipuzkoa-se-celebrara-el-30-de-octubre\/#breadcrumb","itemListElement":[{"@type":"ListItem","position":1,"name":"Home","item":"https:\/\/iraurgiberritzen.eus\/es\/"},{"@type":"ListItem","position":2,"name":"El encuentro de la industria de Gipuzkoa se celebrar\u00e1 el 30 de octubre"}]},{"@type":"WebSite","@id":"https:\/\/iraurgiberritzen.eus\/es\/#website","url":"https:\/\/iraurgiberritzen.eus\/es\/","name":"Iraurgi Berritzen","description":"Urola Erdiko Garapen Agentzia","publisher":{"@id":"https:\/\/iraurgiberritzen.eus\/es\/#organization"},"potentialAction":[{"@type":"SearchAction","target":{"@type":"EntryPoint","urlTemplate":"https:\/\/iraurgiberritzen.eus\/es\/?s={search_term_string}"},"query-input":{"@type":"PropertyValueSpecification","valueRequired":true,"valueName":"search_term_string"}}],"inLanguage":"es"},{"@type":"Organization","@id":"https:\/\/iraurgiberritzen.eus\/es\/#organization","name":"Iraurgi Berritzen","url":"https:\/\/iraurgiberritzen.eus\/es\/","logo":{"@type":"ImageObject","inLanguage":"es","@id":"https:\/\/iraurgiberritzen.eus\/es\/#\/schema\/logo\/image\/","url":"https:\/\/iraurgiberritzen.eus\/wp-content\/uploads\/2024\/02\/IRAURGI-BERRITZEN-logotipoa_2.png","contentUrl":"https:\/\/iraurgiberritzen.eus\/wp-content\/uploads\/2024\/02\/IRAURGI-BERRITZEN-logotipoa_2.png","width":496,"height":190,"caption":"Iraurgi Berritzen"},"image":{"@id":"https:\/\/iraurgiberritzen.eus\/es\/#\/schema\/logo\/image\/"}},{"@type":"Person","@id":"https:\/\/iraurgiberritzen.eus\/es\/#\/schema\/person\/a32c9825b3e2bfcbe757a97f6a15c8a5","name":"ainara"}]}},"_links":{"self":[{"href":"https:\/\/iraurgiberritzen.eus\/es\/wp-json\/wp\/v2\/posts\/21587","targetHints":{"allow":["GET"]}}],"collection":[{"href":"https:\/\/iraurgiberritzen.eus\/es\/wp-json\/wp\/v2\/posts"}],"about":[{"href":"https:\/\/iraurgiberritzen.eus\/es\/wp-json\/wp\/v2\/types\/post"}],"author":[{"embeddable":true,"href":"https:\/\/iraurgiberritzen.eus\/es\/wp-json\/wp\/v2\/users\/4"}],"replies":[{"embeddable":true,"href":"https:\/\/iraurgiberritzen.eus\/es\/wp-json\/wp\/v2\/comments?post=21587"}],"version-history":[{"count":1,"href":"https:\/\/iraurgiberritzen.eus\/es\/wp-json\/wp\/v2\/posts\/21587\/revisions"}],"predecessor-version":[{"id":21591,"href":"https:\/\/iraurgiberritzen.eus\/es\/wp-json\/wp\/v2\/posts\/21587\/revisions\/21591"}],"wp:featuredmedia":[{"embeddable":true,"href":"https:\/\/iraurgiberritzen.eus\/es\/wp-json\/wp\/v2\/media\/21589"}],"wp:attachment":[{"href":"https:\/\/iraurgiberritzen.eus\/es\/wp-json\/wp\/v2\/media?parent=21587"}],"wp:term":[{"taxonomy":"category","embeddable":true,"href":"https:\/\/iraurgiberritzen.eus\/es\/wp-json\/wp\/v2\/categories?post=21587"},{"taxonomy":"post_tag","embeddable":true,"href":"https:\/\/iraurgiberritzen.eus\/es\/wp-json\/wp\/v2\/tags?post=21587"}],"curies":[{"name":"wp","href":"https:\/\/api.w.org\/{rel}","templated":true}]}}